{"id":190098,"date":"2022-07-15T09:40:19","date_gmt":"2022-07-15T09:40:19","guid":{"rendered":"https:\/\/www.welovecycling.com\/wide\/?p=190098"},"modified":"2022-07-15T13:20:40","modified_gmt":"2022-07-15T13:20:40","slug":"make-or-break-echelons-and-the-tour","status":"publish","type":"post","link":"https:\/\/www.welovecycling.com\/wide\/2022\/07\/15\/make-or-break-echelons-and-the-tour\/","title":{"rendered":"Make or Break: Echelons and the Tour"},"content":{"rendered":"<p><strong>When the wind bites at the Tour de France, it can cause carnage. Sometimes, when the riders are riding into it, it can stop them in their tracks, giving the race a sedate feel. A tailwind, the opposite. But when the wind goes across the road, and the speed is just right, we get box office racing. But why does this happen and what are the Tour organisers doing to create this dynamic and dramatic racing?<\/strong><\/p>\n<p><!--more--><\/p>\n<p>First up, though, how do crosswinds make such a difference? Simply, the way the wind blows affects how the riders ride and how much power they need to produce to remain in their position. In a headwind formation, the riders at the front have to produce more power to break that wind and remain at the front. The riders behind can shelter and save energy. This is why riders will rotate in groups to give each of them rest further back in the line. For a tailwind, the drag is reduced, meaning the riders have less need for shelter and the speed will go up.<\/p>\n<p>But in a crosswind, this shelter is harder to find and therefore gives opportunities for teams and riders to line the race out, preventing others from finding respite in the gutter, which, in turn, will cause splits and the potential of big time gaps. There is perhaps no better example than the 2016 Tour.<\/p>\n<p>On that day, the race went to Montpellier and seemed set for a sprint. The wind was coming across the road and Fabian Cancellara took it upon himself to light it up, lining out the riders. The rouleurs were now in charge and Matej Bodnar \u2013 a teammate of <a href=\"https:\/\/www.welovecycling.com\/wide\/2022\/06\/20\/will-peter-sagan-race-for-the-tour-de-france-green-jersey\/\" target=\"_blank\" rel=\"noopener\">Peter Sagan<\/a> \u2013 found himself off the front. Sagan seized the opportunity, jumping onto the wheel of Bodnar. Chris Froome, in the leader\u2019s jersey, also spotted the chance and was able to sprint across the gap alongside Geraint Thomas because of his good positioning.<\/p>\n<figure id=\"attachment_190099\" aria-describedby=\"caption-attachment-190099\" style=\"width: 1000px\" class=\"wp-caption alignnone\"><a href=\"https:\/\/d2p6e6u75xmxt8.cloudfront.net\/2\/2022\/07\/Cancellara-Froome-Sagan-profimedia-0294624219.jpg\"><img loading=\"lazy\" decoding=\"async\" class=\"size-full wp-image-190099\" src=\"https:\/\/d2p6e6u75xmxt8.cloudfront.net\/2\/2022\/07\/Cancellara-Froome-Sagan-profimedia-0294624219.jpg\" alt=\"2016 Tour\" width=\"1000\" height=\"666\" \/><\/a><figcaption id=\"caption-attachment-190099\" class=\"wp-caption-text\">Fabian Cancellara, Adam Yates, Chris Froome and Peter Sagan prior to the start of the 17th stage of the 2016 Tour de France. \u00a0\u00a9 Profimedia<\/figcaption><\/figure>\n<p>What ensued was an enthralling final 12 kilometres of the stage caused by the crosswinds. The quartet took time and it gave Froome a bigger advantage in that year\u2019s race, which he would go on to win.<\/p>\n<p>These moments of excitement and intrigue are hard to find because the wind, rather obviously, can\u2019t be controlled. ASO seems to be trying harder and harder each year to find those pockets of France where the wind does blow. In the 2022 edition, the stage from Dunkirk to Calais as well as those in Denmark were set up with crosswinds and echelons in mind. However, they did not materialise and the race had to use the surface rather than the conditions to make the difference. There is still the possibility of wind on stage 15 into Carcassone, which acted as the start of the abovementioned 2016 stage.<\/p>\n<p>Over the past decade, more and more stages are being created with the purpose of finding the wind. But what do the riders make of it, having to ride in hectic echelons where a Tour can be won or, more importantly, lost?<\/p>\n<p>\u201cIt\u2019s one of those rare moments in a bike race,\u201d <a href=\"https:\/\/www.rouleur.cc\/blogs\/the-rouleur-journal\/echelons-putting-it-in-the-gutter\">said Millar.<\/a> \u201cA proper echelon in full flight: everybody\u2019s in the same team, it doesn\u2019t matter what jersey they\u2019re in. If someone starts messing about, that\u2019s going to compromise that \u2018whole team\u2019 effort.<\/p>\n<p>\u201cAll of a sudden, status disappears too,\u201d he adds. \u201cIt doesn\u2019t matter if you\u2019re the yellow jersey, the protected sprinter, you\u2019re all in there together on this kind of horrific team time trial.\u201d<\/p>\n<p>Interestingly, you would imagine the best riders in this environment would be those shaped like Millar \u2013 great on the flats and powerful. That is right to a degree but someone who always seems to be there at the right time is Nairo Quintana.<\/p>\n<p>The lightweight climber is never far from the front on crosswind days and that is in part due to his cycling brain (and some good teammates). Positioning is just as important in this type of racing and Quintana always spots the danger early. Sure, in his first Tours, he did lose time in the wind but now seems to know exactly where to be.<\/p>\n<p>For riders and teams, this is tough and unpredictable racing that can make more difference than a summit finish. It can cost you a Tour de France but for the organisers and fans, it is never dull and creates compelling racing.<\/p>\n","protected":false},"excerpt":{"rendered":"<p>When the wind bites at the Tour de France, it can cause carnage. Sometimes, when the riders are riding into [&hellip;]<\/p>\n","protected":false},"author":99,"featured_media":190100,"comment_status":"open","ping_status":"open","sticky":false,"template":"","format":"standard","meta":{"footnotes":""},"categories":[329],"tags":[5778,425,6516,412,1080,494,433],"global-categories":[3366],"class_list":["post-190098","post","type-post","status-publish","format-standard","has-post-thumbnail","hentry","category-road-cycling","tag-2022-tour","tag-chris-froome","tag-echelons-and-the-tour","tag-fabian-cancellara","tag-geraint-thomas","tag-nairo-quintana","tag-tour-de-france","global-categories-cycling"],"yoast_head":"<!-- This site is optimized with the Yoast SEO Premium plugin v25.3 (Yoast SEO v25.9) - https:\/\/yoast.com\/wordpress\/plugins\/seo\/ -->\n<title>Echelons and the Tour de France: How Does It Work? - We Love Cycling<\/title>\n<meta name=\"description\" content=\"When the wind bites at the Tour de France, it can cause carnage. Sometimes, when the riders are riding into it, it can stop them in their tracks, giving\" \/>\n<meta name=\"robots\" content=\"index, follow, max-snippet:-1, max-image-preview:large, max-video-preview:-1\" \/>\n<link rel=\"canonical\" href=\"https:\/\/www.welovecycling.com\/wide\/2022\/07\/15\/make-or-break-echelons-and-the-tour\/\" \/>\n<meta property=\"og:locale\" content=\"en_US\" \/>\n<meta property=\"og:type\" content=\"article\" \/>\n<meta property=\"og:title\" content=\"Make or Break: Echelons and the Tour\" \/>\n<meta property=\"og:description\" content=\"When the wind bites at the Tour de France, it can cause carnage. Sometimes, when the riders are riding into it, it can stop them in their tracks, giving\" \/>\n<meta property=\"og:url\" content=\"https:\/\/www.welovecycling.com\/wide\/2022\/07\/15\/make-or-break-echelons-and-the-tour\/\" \/>\n<meta property=\"og:site_name\" content=\"\u0160koda We Love Cycling\" \/>\n<meta property=\"article:published_time\" content=\"2022-07-15T09:40:19+00:00\" \/>\n<meta property=\"article:modified_time\" content=\"2022-07-15T13:20:40+00:00\" \/>\n<meta property=\"og:image\" content=\"https:\/\/d2p6e6u75xmxt8.cloudfront.net\/2\/2022\/07\/2022_Tour-Peloton-profimedia-0707321175-CVR.webp\" \/>\n\t<meta property=\"og:image:width\" content=\"990\" \/>\n\t<meta property=\"og:image:height\" content=\"660\" \/>\n\t<meta property=\"og:image:type\" content=\"image\/webp\" \/>\n<meta name=\"author\" content=\"tereza\" \/>\n<meta name=\"twitter:card\" content=\"summary_large_image\" \/>\n<meta name=\"twitter:label1\" content=\"Written by\" \/>\n\t<meta name=\"twitter:data1\" content=\"Joshua Donaldson\" \/>\n\t<meta name=\"twitter:label2\" content=\"Est. reading time\" \/>\n\t<meta name=\"twitter:data2\" content=\"6\" \/>\n<script type=\"application\/ld+json\" class=\"yoast-schema-graph\">{\"@context\":\"https:\/\/schema.org\",\"@graph\":[{\"@type\":\"WebPage\",\"@id\":\"https:\/\/www.welovecycling.com\/wide\/2022\/07\/15\/make-or-break-echelons-and-the-tour\/\",\"url\":\"https:\/\/www.welovecycling.com\/wide\/2022\/07\/15\/make-or-break-echelons-and-the-tour\/\",\"name\":\"Echelons and the Tour de France: How Does It Work? - We Love Cycling\",\"isPartOf\":{\"@id\":\"https:\/\/www.welovecycling.com\/wide\/#website\"},\"primaryImageOfPage\":{\"@id\":\"https:\/\/www.welovecycling.com\/wide\/2022\/07\/15\/make-or-break-echelons-and-the-tour\/#primaryimage\"},\"image\":{\"@id\":\"https:\/\/www.welovecycling.com\/wide\/2022\/07\/15\/make-or-break-echelons-and-the-tour\/#primaryimage\"},\"thumbnailUrl\":\"https:\/\/d2p6e6u75xmxt8.cloudfront.net\/2\/2022\/07\/2022_Tour-Peloton-profimedia-0707321175-CVR.webp\",\"datePublished\":\"2022-07-15T09:40:19+00:00\",\"dateModified\":\"2022-07-15T13:20:40+00:00\",\"author\":{\"@id\":\"https:\/\/www.welovecycling.com\/wide\/#\/schema\/person\/50f01ecd18718d2333cf72e823c4f926\"},\"description\":\"When the wind bites at the Tour de France, it can cause carnage. Sometimes, when the riders are riding into it, it can stop them in their tracks, giving\",\"breadcrumb\":{\"@id\":\"https:\/\/www.welovecycling.com\/wide\/2022\/07\/15\/make-or-break-echelons-and-the-tour\/#breadcrumb\"},\"inLanguage\":\"en-US\",\"potentialAction\":[{\"@type\":\"ReadAction\",\"target\":[\"https:\/\/www.welovecycling.com\/wide\/2022\/07\/15\/make-or-break-echelons-and-the-tour\/\"]}]},{\"@type\":\"ImageObject\",\"inLanguage\":\"en-US\",\"@id\":\"https:\/\/www.welovecycling.com\/wide\/2022\/07\/15\/make-or-break-echelons-and-the-tour\/#primaryimage\",\"url\":\"https:\/\/d2p6e6u75xmxt8.cloudfront.net\/2\/2022\/07\/2022_Tour-Peloton-profimedia-0707321175-CVR.webp\",\"contentUrl\":\"https:\/\/d2p6e6u75xmxt8.cloudfront.net\/2\/2022\/07\/2022_Tour-Peloton-profimedia-0707321175-CVR.webp\",\"width\":990,\"height\":660,\"caption\":\"2022 Tour de France Peloton\"},{\"@type\":\"BreadcrumbList\",\"@id\":\"https:\/\/www.welovecycling.com\/wide\/2022\/07\/15\/make-or-break-echelons-and-the-tour\/#breadcrumb\",\"itemListElement\":[{\"@type\":\"ListItem\",\"position\":1,\"name\":\"Home\",\"item\":\"https:\/\/www.welovecycling.com\/wide\/\"},{\"@type\":\"ListItem\",\"position\":2,\"name\":\"Make or Break: Echelons and the Tour\"}]},{\"@type\":\"WebSite\",\"@id\":\"https:\/\/www.welovecycling.com\/wide\/#website\",\"url\":\"https:\/\/www.welovecycling.com\/wide\/\",\"name\":\"\u0160koda We Love Cycling\",\"description\":\"\u0160koda We Love Cycling magazine\",\"alternateName\":\"\u0160koda WLC\",\"potentialAction\":[{\"@type\":\"SearchAction\",\"target\":{\"@type\":\"EntryPoint\",\"urlTemplate\":\"https:\/\/www.welovecycling.com\/wide\/?s={search_term_string}\"},\"query-input\":{\"@type\":\"PropertyValueSpecification\",\"valueRequired\":true,\"valueName\":\"search_term_string\"}}],\"inLanguage\":\"en-US\"},{\"@type\":\"Person\",\"@id\":\"https:\/\/www.welovecycling.com\/wide\/#\/schema\/person\/50f01ecd18718d2333cf72e823c4f926\",\"name\":\"tereza\",\"image\":{\"@type\":\"ImageObject\",\"inLanguage\":\"en-US\",\"@id\":\"https:\/\/www.welovecycling.com\/wide\/#\/schema\/person\/image\/\",\"url\":\"https:\/\/secure.gravatar.com\/avatar\/1f9eb71be33845f0afabce3791bc1c58ecdb0a25c62964987e5dbcf7a20d2ec7?s=96&d=mm&r=g\",\"contentUrl\":\"https:\/\/secure.gravatar.com\/avatar\/1f9eb71be33845f0afabce3791bc1c58ecdb0a25c62964987e5dbcf7a20d2ec7?s=96&d=mm&r=g\",\"caption\":\"tereza\"},\"url\":\"https:\/\/www.welovecycling.com\/wide\/author\/tereza\/\"}]}<\/script>\n<!-- \/ Yoast SEO Premium plugin. -->","yoast_head_json":{"title":"Echelons and the Tour de France: How Does It Work? - We Love Cycling","description":"When the wind bites at the Tour de France, it can cause carnage. Sometimes, when the riders are riding into it, it can stop them in their tracks, giving","robots":{"index":"index","follow":"follow","max-snippet":"max-snippet:-1","max-image-preview":"max-image-preview:large","max-video-preview":"max-video-preview:-1"},"canonical":"https:\/\/www.welovecycling.com\/wide\/2022\/07\/15\/make-or-break-echelons-and-the-tour\/","og_locale":"en_US","og_type":"article","og_title":"Make or Break: Echelons and the Tour","og_description":"When the wind bites at the Tour de France, it can cause carnage. Sometimes, when the riders are riding into it, it can stop them in their tracks, giving","og_url":"https:\/\/www.welovecycling.com\/wide\/2022\/07\/15\/make-or-break-echelons-and-the-tour\/","og_site_name":"\u0160koda We Love Cycling","article_published_time":"2022-07-15T09:40:19+00:00","article_modified_time":"2022-07-15T13:20:40+00:00","og_image":[{"width":990,"height":660,"url":"https:\/\/d2p6e6u75xmxt8.cloudfront.net\/2\/2022\/07\/2022_Tour-Peloton-profimedia-0707321175-CVR.webp","type":"image\/webp"}],"author":"tereza","twitter_card":"summary_large_image","twitter_misc":{"Written by":"Joshua Donaldson","Est. reading time":"6"},"schema":{"@context":"https:\/\/schema.org","@graph":[{"@type":"WebPage","@id":"https:\/\/www.welovecycling.com\/wide\/2022\/07\/15\/make-or-break-echelons-and-the-tour\/","url":"https:\/\/www.welovecycling.com\/wide\/2022\/07\/15\/make-or-break-echelons-and-the-tour\/","name":"Echelons and the Tour de France: How Does It Work? - We Love Cycling","isPartOf":{"@id":"https:\/\/www.welovecycling.com\/wide\/#website"},"primaryImageOfPage":{"@id":"https:\/\/www.welovecycling.com\/wide\/2022\/07\/15\/make-or-break-echelons-and-the-tour\/#primaryimage"},"image":{"@id":"https:\/\/www.welovecycling.com\/wide\/2022\/07\/15\/make-or-break-echelons-and-the-tour\/#primaryimage"},"thumbnailUrl":"https:\/\/d2p6e6u75xmxt8.cloudfront.net\/2\/2022\/07\/2022_Tour-Peloton-profimedia-0707321175-CVR.webp","datePublished":"2022-07-15T09:40:19+00:00","dateModified":"2022-07-15T13:20:40+00:00","author":{"@id":"https:\/\/www.welovecycling.com\/wide\/#\/schema\/person\/50f01ecd18718d2333cf72e823c4f926"},"description":"When the wind bites at the Tour de France, it can cause carnage. Sometimes, when the riders are riding into it, it can stop them in their tracks, giving","breadcrumb":{"@id":"https:\/\/www.welovecycling.com\/wide\/2022\/07\/15\/make-or-break-echelons-and-the-tour\/#breadcrumb"},"inLanguage":"en-US","potentialAction":[{"@type":"ReadAction","target":["https:\/\/www.welovecycling.com\/wide\/2022\/07\/15\/make-or-break-echelons-and-the-tour\/"]}]},{"@type":"ImageObject","inLanguage":"en-US","@id":"https:\/\/www.welovecycling.com\/wide\/2022\/07\/15\/make-or-break-echelons-and-the-tour\/#primaryimage","url":"https:\/\/d2p6e6u75xmxt8.cloudfront.net\/2\/2022\/07\/2022_Tour-Peloton-profimedia-0707321175-CVR.webp","contentUrl":"https:\/\/d2p6e6u75xmxt8.cloudfront.net\/2\/2022\/07\/2022_Tour-Peloton-profimedia-0707321175-CVR.webp","width":990,"height":660,"caption":"2022 Tour de France Peloton"},{"@type":"BreadcrumbList","@id":"https:\/\/www.welovecycling.com\/wide\/2022\/07\/15\/make-or-break-echelons-and-the-tour\/#breadcrumb","itemListElement":[{"@type":"ListItem","position":1,"name":"Home","item":"https:\/\/www.welovecycling.com\/wide\/"},{"@type":"ListItem","position":2,"name":"Make or Break: Echelons and the Tour"}]},{"@type":"WebSite","@id":"https:\/\/www.welovecycling.com\/wide\/#website","url":"https:\/\/www.welovecycling.com\/wide\/","name":"\u0160koda We Love Cycling","description":"\u0160koda We Love Cycling magazine","alternateName":"\u0160koda WLC","potentialAction":[{"@type":"SearchAction","target":{"@type":"EntryPoint","urlTemplate":"https:\/\/www.welovecycling.com\/wide\/?s={search_term_string}"},"query-input":{"@type":"PropertyValueSpecification","valueRequired":true,"valueName":"search_term_string"}}],"inLanguage":"en-US"},{"@type":"Person","@id":"https:\/\/www.welovecycling.com\/wide\/#\/schema\/person\/50f01ecd18718d2333cf72e823c4f926","name":"tereza","image":{"@type":"ImageObject","inLanguage":"en-US","@id":"https:\/\/www.welovecycling.com\/wide\/#\/schema\/person\/image\/","url":"https:\/\/secure.gravatar.com\/avatar\/1f9eb71be33845f0afabce3791bc1c58ecdb0a25c62964987e5dbcf7a20d2ec7?s=96&d=mm&r=g","contentUrl":"https:\/\/secure.gravatar.com\/avatar\/1f9eb71be33845f0afabce3791bc1c58ecdb0a25c62964987e5dbcf7a20d2ec7?s=96&d=mm&r=g","caption":"tereza"},"url":"https:\/\/www.welovecycling.com\/wide\/author\/tereza\/"}]}},"_links":{"self":[{"href":"https:\/\/www.welovecycling.com\/wide\/wp-json\/wp\/v2\/posts\/190098","targetHints":{"allow":["GET"]}}],"collection":[{"href":"https:\/\/www.welovecycling.com\/wide\/wp-json\/wp\/v2\/posts"}],"about":[{"href":"https:\/\/www.welovecycling.com\/wide\/wp-json\/wp\/v2\/types\/post"}],"author":[{"embeddable":true,"href":"https:\/\/www.welovecycling.com\/wide\/wp-json\/wp\/v2\/users\/99"}],"replies":[{"embeddable":true,"href":"https:\/\/www.welovecycling.com\/wide\/wp-json\/wp\/v2\/comments?post=190098"}],"version-history":[{"count":2,"href":"https:\/\/www.welovecycling.com\/wide\/wp-json\/wp\/v2\/posts\/190098\/revisions"}],"predecessor-version":[{"id":190104,"href":"https:\/\/www.welovecycling.com\/wide\/wp-json\/wp\/v2\/posts\/190098\/revisions\/190104"}],"wp:featuredmedia":[{"embeddable":true,"href":"https:\/\/www.welovecycling.com\/wide\/wp-json\/wp\/v2\/media\/190100"}],"wp:attachment":[{"href":"https:\/\/www.welovecycling.com\/wide\/wp-json\/wp\/v2\/media?parent=190098"}],"wp:term":[{"taxonomy":"category","embeddable":true,"href":"https:\/\/www.welovecycling.com\/wide\/wp-json\/wp\/v2\/categories?post=190098"},{"taxonomy":"post_tag","embeddable":true,"href":"https:\/\/www.welovecycling.com\/wide\/wp-json\/wp\/v2\/tags?post=190098"},{"taxonomy":"global-categories","embeddable":true,"href":"https:\/\/www.welovecycling.com\/wide\/wp-json\/wp\/v2\/global-categories?post=190098"}],"curies":[{"name":"wp","href":"https:\/\/api.w.org\/{rel}","templated":true}]}}