{"id":190047,"date":"2022-07-10T09:13:31","date_gmt":"2022-07-10T09:13:31","guid":{"rendered":"https:\/\/www.welovecycling.com\/wide\/?p=190047"},"modified":"2022-08-15T07:59:22","modified_gmt":"2022-08-15T07:59:22","slug":"hell-on-the-hautacam-what-letape-du-tour-is-like-for-an-average-rider","status":"publish","type":"post","link":"https:\/\/www.welovecycling.com\/wide\/2022\/07\/10\/hell-on-the-hautacam-what-letape-du-tour-is-like-for-an-average-rider\/","title":{"rendered":"Hell on the Hautacam: What L\u2019\u00c9tape du Tour Is Like For An Average Rider"},"content":{"rendered":"<p><strong>The cold has set into my bones. I can\u2019t feel my hands or feet. I have all of my cycling clothes on but nothing is working. The rain has been steadily falling and I am huddled in a cafe in the Pyrenees, surrounded by other riders. We all hold hot drinks that we can barely feel and the weary, vacant looks exchanged suggest we are all thinking the same thing. Why are we doing this?<\/strong><\/p>\n<p><!--more--><\/p>\n<p>The L\u2019Etape du Tour is one of the ultimate challenges for amateur cyclists. Taking place during the Tour de France in July each year, it gives amateurs a taste of professional cycling. It is an opportunity to take on one of the hardest mountain stages of that year\u2019s race with the same organisation as the pros, on closed roads and with full support. More than 10,000 people take part and they come from all over the world, all in search of ticking off a great achievement and, for most, to live one day like their heroes.<\/p>\n<p>For me, that day came back in 2014. Alongside my father, we were attempting to take on stage 18 of that year\u2019s tour. Starting in Pau \u2013 one of the most visited cities by the race \u2013 and finishing on top of Hautacam \u2013 the same finishing spot used this year. It was a stage of 140 km, which wasn\u2019t our biggest concern. That came in the elevation gain. Not only did we have to climb Hautacam (13.6 km at an average of 7.8%) but before that came the fearsome <a href=\"https:\/\/www.welovecycling.com\/wide\/ride-tested\/col-du-tourmalet-lourdes-vorland-tourmalet-lourdes\/\" target=\"_blank\" rel=\"noopener\">Col du Tourmalet,<\/a> a climb steeped in myth and legend. In total, we had more than 4,400 metres in elevation gain on that day, halfway to the top of Mount Everest. It\u2019s a tough enough task just to finish but there is added jeopardy in the form of the broom wagon. The time cut looms over most average riders as you will be pushed to your limit during the day.<\/p>\n<figure id=\"attachment_190049\" aria-describedby=\"caption-attachment-190049\" style=\"width: 1250px\" class=\"wp-caption alignnone\"><a href=\"https:\/\/d2p6e6u75xmxt8.cloudfront.net\/2\/2022\/07\/Hautacam-LEtape-profimedia-0233624714.jpg\"><img loading=\"lazy\" decoding=\"async\" class=\"size-full wp-image-190049\" src=\"https:\/\/d2p6e6u75xmxt8.cloudfront.net\/2\/2022\/07\/Hautacam-LEtape-profimedia-0233624714.jpg\" alt=\"L'Etape 2014\" width=\"1250\" height=\"762\" \/><\/a><figcaption id=\"caption-attachment-190049\" class=\"wp-caption-text\">The pack racing for the finish in 2014.<\/figcaption><\/figure>\n<p>Training for an event like this is tough if you\u2019re from the South of England. Across six months of training, I did my best to replicate the distance with as many hills as I could find in Hampshire. I slowly built up through the spring; I was riding well and I felt ready for the day. So did my dad. Spoiler: we weren\u2019t.<\/p>\n<p>On the day of the race, July 20<sup>th<\/sup>, it started dry and sunny. For each of the 13,000 riders, sleep had been difficult the night before, with thoughts of the race flooding minds across Pau. So, it was a relief to get going just after 8 a.m. as each wave rolled away in groups of 500. The early progress was smooth. We managed to get into some groups and keep our average speed up, trying to give ourselves an advantage over the time cut.<\/p>\n<p>After 28 kilometres and in some nice summer weather, we came across C\u00f4te de B\u00e9n\u00e9jacq. On the road map, it looked like a speed bump compared to the HC climbs we would be tackling later in the day. We had fresh legs and were surrounded by thousands of like-minded souls \u2013 all loving the feeling of closed roads on the same tarmac the pros would roll through in just four days\u2019 time. That moment was fleeting. I had \u2018dropped\u2019 my father during the climb and, as he rolled over the top of the category-three climb, he gave me a foreboding look.<\/p>\n<p>\u201cThat\u2019s the biggest climb we have ever done.\u201d<\/p>\n<p>https:\/\/www.instagram.com\/p\/qt644GNMYk\/?hl=en<\/p>\n<p>Another category-three climb came soon after without drama. We now had our sights firmly set on the Tourmalet. It was the first \u2018col\u2019 used in the <a href=\"https:\/\/www.letour.fr\/en\/\">Tour de France<\/a> back in 1910 and the winner of that stage, Octave Lapize, reportedly shouted \u201cyou\u2019re assassins\u201d at the race organisers for sending them over this mountain. And as we snaked our way up the climb, I couldn\u2019t agree more. The atmosphere, once jovial, had turned \u2013 as had the weather. We ascended silently in the rain, akin to a funeral procession rather than a celebration of the best race in the world. As we continued up and up, riders started passing us but in the opposite direction as they abandoned the race. The sense of fear was now rising inside of me as my father and I exchanged worried looks.<\/p>\n<p>As we reached the summit, the temperature had dropped from 18\u00b0C to just three. We were both freezing and were just wearing summer kits to keep us warm. This was doing nothing for us as it was soaked through from the mist-like rain that had been falling throughout the climb. I had been grinding for more than two hours up the 21-kilometre ascent before reaching the top. I was so proud to have made it, having seen so many turn back but worse was yet to come.<\/p>\n<p>Ahead of us was a descent back down the mountain that would have tested my bike handling skills on a dry day. As we tentatively made our way down, I realised that I could not feel anything on my body, my legs shaking from the cold and my frigid hands barely able to control the brakes. We tiptoed our way down, flanked by rows and rows of abandoned bikes, where riders in a similar situation to us had stepped off unable to bear the extreme conditions <a href=\"https:\/\/www.welovecycling.com\/wide\/ride-tested\/pyrenees-route\/\" target=\"_blank\" rel=\"noopener\">in the Pyrenees.<\/a><\/p>\n<p>Why are we doing this?<\/p>\n<p>As we entered that small caf\u00e9 crammed with other riders, we were both empty. The ascent had drained us physically, the descent mentally. We both questioned whether we should get back on our bikes and continue. The answer was always obvious. Yes.<\/p>\n<p>We clambered back on, \u2018flying\u2019 down the valley with its false flat descent and our persistence paid off as we were greeted by big crowds of riders who had already finished at the base of Hautacam encouraging us up this final climb. To this day, those final 13.8 kilometres were some of the slowest I have ever done on a bike, agonisingly turning the pedals over, my hamstrings complaining mercilessly and my father having to stop three times to get rid of cramps in his calves. We were still worried about the time cut as we ticked into our eighth hour on the bike but we needn\u2019t worry.<\/p>\n<p>With two kilometres to go, we could savour the achievement and the beauty of this incredible race. The Etape du Tour is special, undoubtedly. It gave me an opportunity to feel the same as a professional rider, and experience the highs and lows of a horrific day in the mountains. On that day, more than 25% of the field dropped out before the end. It is not for the faint hearted but then nor is the Tour. And as I crossed the line atop Hautacam, I was struck by the same feeling the pros must feel crossing the line on the Champs Elysees. Elation, joy and relief. My dad was the same, filled with emotion that he had completed what he described as a \u2018bloody tough day\u2019.<\/p>\n<p>Eight years on, we share a tattoo of that day \u2013 an outline of the stage &#8211; and much like that tattoo, that day will always stay with me. It was savage but it was also an incredible experience. I have a profound respect for the pros who I then watched on Hautacam four days later going considerably faster than myself. I also applaud anyone who takes on this challenge whether in France or at another one of the Etape rides around the world. I recently took on L\u2019Etape Czech Republic and found that same sense of achievement crossing the line in Prague as I had on Hautacam, even if the route contained fewer mountains.<\/p>\n<p>For an average cyclist, L\u2019Etape du Tour is one of the most challenging things you can do in this sport. So, why should you do it? Well, you\u2019ll only know that intangible feeling once you have completed it.<\/p>\n<p>This year\u2019s L\u2019Etape du Tour takes place on July 10th, replicating stage 12 of the race, which finishes on Alpe D\u2019Huez and climbs Col du Galibier and Col du la Croix de Fer before that. For more information on the 30th edition of the race, head <a href=\"https:\/\/www.letapedutourdefrance.com\/en\">here<\/a>.<\/p>\n","protected":false},"excerpt":{"rendered":"<p>The cold has set into my bones. I can\u2019t feel my hands or feet. I have all of my cycling [&hellip;]<\/p>\n","protected":false},"author":99,"featured_media":190048,"comment_status":"open","ping_status":"open","sticky":false,"template":"","format":"standard","meta":{"footnotes":""},"categories":[329],"tags":[5778,6506,6507,410,433],"global-categories":[3366],"class_list":["post-190047","post","type-post","status-publish","format-standard","has-post-thumbnail","hentry","category-road-cycling","tag-2022-tour","tag-amateur-cycling","tag-hutacam","tag-letape-du-tour","tag-tour-de-france","global-categories-cycling"],"yoast_head":"<!-- This site is optimized with the Yoast SEO Premium plugin v25.3 (Yoast SEO v25.9) - https:\/\/yoast.com\/wordpress\/plugins\/seo\/ -->\n<title>Hell on the Hautacam: What L\u2019\u00c9tape du Tour Is Like For An Average Rider<\/title>\n<meta name=\"description\" content=\"The cold has set into my bones. I can\u2019t feel my hands or feet. I have all of my cycling clothes on but nothing is working. The rain has been steadily\" \/>\n<meta name=\"robots\" content=\"index, follow, max-snippet:-1, max-image-preview:large, max-video-preview:-1\" \/>\n<link rel=\"canonical\" href=\"https:\/\/www.welovecycling.com\/wide\/2022\/07\/10\/hell-on-the-hautacam-what-letape-du-tour-is-like-for-an-average-rider\/\" \/>\n<meta property=\"og:locale\" content=\"en_US\" \/>\n<meta property=\"og:type\" content=\"article\" \/>\n<meta property=\"og:title\" content=\"Hell on the Hautacam: What L\u2019\u00c9tape du Tour Is Like For An Average Rider\" \/>\n<meta property=\"og:description\" content=\"The cold has set into my bones. I can\u2019t feel my hands or feet. I have all of my cycling clothes on but nothing is working. The rain has been steadily\" \/>\n<meta property=\"og:url\" content=\"https:\/\/www.welovecycling.com\/wide\/2022\/07\/10\/hell-on-the-hautacam-what-letape-du-tour-is-like-for-an-average-rider\/\" \/>\n<meta property=\"og:site_name\" content=\"\u0160koda We Love Cycling\" \/>\n<meta property=\"article:published_time\" content=\"2022-07-10T09:13:31+00:00\" \/>\n<meta property=\"article:modified_time\" content=\"2022-08-15T07:59:22+00:00\" \/>\n<meta property=\"og:image\" content=\"https:\/\/d2p6e6u75xmxt8.cloudfront.net\/2\/2022\/07\/LEtape-2014-profimedia-0233624708-CVR.webp\" \/>\n\t<meta property=\"og:image:width\" content=\"990\" \/>\n\t<meta property=\"og:image:height\" content=\"660\" \/>\n\t<meta property=\"og:image:type\" content=\"image\/webp\" \/>\n<meta name=\"author\" content=\"tereza\" \/>\n<meta name=\"twitter:card\" content=\"summary_large_image\" \/>\n<meta name=\"twitter:label1\" content=\"Written by\" \/>\n\t<meta name=\"twitter:data1\" content=\"Joshua Donaldson\" \/>\n\t<meta name=\"twitter:label2\" content=\"Est. reading time\" \/>\n\t<meta name=\"twitter:data2\" content=\"6\" \/>\n<script type=\"application\/ld+json\" class=\"yoast-schema-graph\">{\"@context\":\"https:\/\/schema.org\",\"@graph\":[{\"@type\":\"WebPage\",\"@id\":\"https:\/\/www.welovecycling.com\/wide\/2022\/07\/10\/hell-on-the-hautacam-what-letape-du-tour-is-like-for-an-average-rider\/\",\"url\":\"https:\/\/www.welovecycling.com\/wide\/2022\/07\/10\/hell-on-the-hautacam-what-letape-du-tour-is-like-for-an-average-rider\/\",\"name\":\"Hell on the Hautacam: What L\u2019\u00c9tape du Tour Is Like For An Average Rider\",\"isPartOf\":{\"@id\":\"https:\/\/www.welovecycling.com\/wide\/#website\"},\"primaryImageOfPage\":{\"@id\":\"https:\/\/www.welovecycling.com\/wide\/2022\/07\/10\/hell-on-the-hautacam-what-letape-du-tour-is-like-for-an-average-rider\/#primaryimage\"},\"image\":{\"@id\":\"https:\/\/www.welovecycling.com\/wide\/2022\/07\/10\/hell-on-the-hautacam-what-letape-du-tour-is-like-for-an-average-rider\/#primaryimage\"},\"thumbnailUrl\":\"https:\/\/d2p6e6u75xmxt8.cloudfront.net\/2\/2022\/07\/LEtape-2014-profimedia-0233624708-CVR.webp\",\"datePublished\":\"2022-07-10T09:13:31+00:00\",\"dateModified\":\"2022-08-15T07:59:22+00:00\",\"author\":{\"@id\":\"https:\/\/www.welovecycling.com\/wide\/#\/schema\/person\/50f01ecd18718d2333cf72e823c4f926\"},\"description\":\"The cold has set into my bones. I can\u2019t feel my hands or feet. I have all of my cycling clothes on but nothing is working. The rain has been steadily\",\"breadcrumb\":{\"@id\":\"https:\/\/www.welovecycling.com\/wide\/2022\/07\/10\/hell-on-the-hautacam-what-letape-du-tour-is-like-for-an-average-rider\/#breadcrumb\"},\"inLanguage\":\"en-US\",\"potentialAction\":[{\"@type\":\"ReadAction\",\"target\":[\"https:\/\/www.welovecycling.com\/wide\/2022\/07\/10\/hell-on-the-hautacam-what-letape-du-tour-is-like-for-an-average-rider\/\"]}]},{\"@type\":\"ImageObject\",\"inLanguage\":\"en-US\",\"@id\":\"https:\/\/www.welovecycling.com\/wide\/2022\/07\/10\/hell-on-the-hautacam-what-letape-du-tour-is-like-for-an-average-rider\/#primaryimage\",\"url\":\"https:\/\/d2p6e6u75xmxt8.cloudfront.net\/2\/2022\/07\/LEtape-2014-profimedia-0233624708-CVR.webp\",\"contentUrl\":\"https:\/\/d2p6e6u75xmxt8.cloudfront.net\/2\/2022\/07\/LEtape-2014-profimedia-0233624708-CVR.webp\",\"width\":990,\"height\":660,\"caption\":\"Hautcam race\"},{\"@type\":\"BreadcrumbList\",\"@id\":\"https:\/\/www.welovecycling.com\/wide\/2022\/07\/10\/hell-on-the-hautacam-what-letape-du-tour-is-like-for-an-average-rider\/#breadcrumb\",\"itemListElement\":[{\"@type\":\"ListItem\",\"position\":1,\"name\":\"Home\",\"item\":\"https:\/\/www.welovecycling.com\/wide\/\"},{\"@type\":\"ListItem\",\"position\":2,\"name\":\"Hell on the Hautacam: What L\u2019\u00c9tape du Tour Is Like For An Average Rider\"}]},{\"@type\":\"WebSite\",\"@id\":\"https:\/\/www.welovecycling.com\/wide\/#website\",\"url\":\"https:\/\/www.welovecycling.com\/wide\/\",\"name\":\"\u0160koda We Love Cycling\",\"description\":\"\u0160koda We Love Cycling magazine\",\"alternateName\":\"\u0160koda WLC\",\"potentialAction\":[{\"@type\":\"SearchAction\",\"target\":{\"@type\":\"EntryPoint\",\"urlTemplate\":\"https:\/\/www.welovecycling.com\/wide\/?s={search_term_string}\"},\"query-input\":{\"@type\":\"PropertyValueSpecification\",\"valueRequired\":true,\"valueName\":\"search_term_string\"}}],\"inLanguage\":\"en-US\"},{\"@type\":\"Person\",\"@id\":\"https:\/\/www.welovecycling.com\/wide\/#\/schema\/person\/50f01ecd18718d2333cf72e823c4f926\",\"name\":\"tereza\",\"image\":{\"@type\":\"ImageObject\",\"inLanguage\":\"en-US\",\"@id\":\"https:\/\/www.welovecycling.com\/wide\/#\/schema\/person\/image\/\",\"url\":\"https:\/\/secure.gravatar.com\/avatar\/1f9eb71be33845f0afabce3791bc1c58ecdb0a25c62964987e5dbcf7a20d2ec7?s=96&d=mm&r=g\",\"contentUrl\":\"https:\/\/secure.gravatar.com\/avatar\/1f9eb71be33845f0afabce3791bc1c58ecdb0a25c62964987e5dbcf7a20d2ec7?s=96&d=mm&r=g\",\"caption\":\"tereza\"},\"url\":\"https:\/\/www.welovecycling.com\/wide\/author\/tereza\/\"}]}<\/script>\n<!-- \/ Yoast SEO Premium plugin. -->","yoast_head_json":{"title":"Hell on the Hautacam: What L\u2019\u00c9tape du Tour Is Like For An Average Rider","description":"The cold has set into my bones. I can\u2019t feel my hands or feet. I have all of my cycling clothes on but nothing is working. The rain has been steadily","robots":{"index":"index","follow":"follow","max-snippet":"max-snippet:-1","max-image-preview":"max-image-preview:large","max-video-preview":"max-video-preview:-1"},"canonical":"https:\/\/www.welovecycling.com\/wide\/2022\/07\/10\/hell-on-the-hautacam-what-letape-du-tour-is-like-for-an-average-rider\/","og_locale":"en_US","og_type":"article","og_title":"Hell on the Hautacam: What L\u2019\u00c9tape du Tour Is Like For An Average Rider","og_description":"The cold has set into my bones. I can\u2019t feel my hands or feet. I have all of my cycling clothes on but nothing is working. The rain has been steadily","og_url":"https:\/\/www.welovecycling.com\/wide\/2022\/07\/10\/hell-on-the-hautacam-what-letape-du-tour-is-like-for-an-average-rider\/","og_site_name":"\u0160koda We Love Cycling","article_published_time":"2022-07-10T09:13:31+00:00","article_modified_time":"2022-08-15T07:59:22+00:00","og_image":[{"width":990,"height":660,"url":"https:\/\/d2p6e6u75xmxt8.cloudfront.net\/2\/2022\/07\/LEtape-2014-profimedia-0233624708-CVR.webp","type":"image\/webp"}],"author":"tereza","twitter_card":"summary_large_image","twitter_misc":{"Written by":"Joshua Donaldson","Est. reading time":"6"},"schema":{"@context":"https:\/\/schema.org","@graph":[{"@type":"WebPage","@id":"https:\/\/www.welovecycling.com\/wide\/2022\/07\/10\/hell-on-the-hautacam-what-letape-du-tour-is-like-for-an-average-rider\/","url":"https:\/\/www.welovecycling.com\/wide\/2022\/07\/10\/hell-on-the-hautacam-what-letape-du-tour-is-like-for-an-average-rider\/","name":"Hell on the Hautacam: What L\u2019\u00c9tape du Tour Is Like For An Average Rider","isPartOf":{"@id":"https:\/\/www.welovecycling.com\/wide\/#website"},"primaryImageOfPage":{"@id":"https:\/\/www.welovecycling.com\/wide\/2022\/07\/10\/hell-on-the-hautacam-what-letape-du-tour-is-like-for-an-average-rider\/#primaryimage"},"image":{"@id":"https:\/\/www.welovecycling.com\/wide\/2022\/07\/10\/hell-on-the-hautacam-what-letape-du-tour-is-like-for-an-average-rider\/#primaryimage"},"thumbnailUrl":"https:\/\/d2p6e6u75xmxt8.cloudfront.net\/2\/2022\/07\/LEtape-2014-profimedia-0233624708-CVR.webp","datePublished":"2022-07-10T09:13:31+00:00","dateModified":"2022-08-15T07:59:22+00:00","author":{"@id":"https:\/\/www.welovecycling.com\/wide\/#\/schema\/person\/50f01ecd18718d2333cf72e823c4f926"},"description":"The cold has set into my bones. I can\u2019t feel my hands or feet. I have all of my cycling clothes on but nothing is working. The rain has been steadily","breadcrumb":{"@id":"https:\/\/www.welovecycling.com\/wide\/2022\/07\/10\/hell-on-the-hautacam-what-letape-du-tour-is-like-for-an-average-rider\/#breadcrumb"},"inLanguage":"en-US","potentialAction":[{"@type":"ReadAction","target":["https:\/\/www.welovecycling.com\/wide\/2022\/07\/10\/hell-on-the-hautacam-what-letape-du-tour-is-like-for-an-average-rider\/"]}]},{"@type":"ImageObject","inLanguage":"en-US","@id":"https:\/\/www.welovecycling.com\/wide\/2022\/07\/10\/hell-on-the-hautacam-what-letape-du-tour-is-like-for-an-average-rider\/#primaryimage","url":"https:\/\/d2p6e6u75xmxt8.cloudfront.net\/2\/2022\/07\/LEtape-2014-profimedia-0233624708-CVR.webp","contentUrl":"https:\/\/d2p6e6u75xmxt8.cloudfront.net\/2\/2022\/07\/LEtape-2014-profimedia-0233624708-CVR.webp","width":990,"height":660,"caption":"Hautcam race"},{"@type":"BreadcrumbList","@id":"https:\/\/www.welovecycling.com\/wide\/2022\/07\/10\/hell-on-the-hautacam-what-letape-du-tour-is-like-for-an-average-rider\/#breadcrumb","itemListElement":[{"@type":"ListItem","position":1,"name":"Home","item":"https:\/\/www.welovecycling.com\/wide\/"},{"@type":"ListItem","position":2,"name":"Hell on the Hautacam: What L\u2019\u00c9tape du Tour Is Like For An Average Rider"}]},{"@type":"WebSite","@id":"https:\/\/www.welovecycling.com\/wide\/#website","url":"https:\/\/www.welovecycling.com\/wide\/","name":"\u0160koda We Love Cycling","description":"\u0160koda We Love Cycling magazine","alternateName":"\u0160koda WLC","potentialAction":[{"@type":"SearchAction","target":{"@type":"EntryPoint","urlTemplate":"https:\/\/www.welovecycling.com\/wide\/?s={search_term_string}"},"query-input":{"@type":"PropertyValueSpecification","valueRequired":true,"valueName":"search_term_string"}}],"inLanguage":"en-US"},{"@type":"Person","@id":"https:\/\/www.welovecycling.com\/wide\/#\/schema\/person\/50f01ecd18718d2333cf72e823c4f926","name":"tereza","image":{"@type":"ImageObject","inLanguage":"en-US","@id":"https:\/\/www.welovecycling.com\/wide\/#\/schema\/person\/image\/","url":"https:\/\/secure.gravatar.com\/avatar\/1f9eb71be33845f0afabce3791bc1c58ecdb0a25c62964987e5dbcf7a20d2ec7?s=96&d=mm&r=g","contentUrl":"https:\/\/secure.gravatar.com\/avatar\/1f9eb71be33845f0afabce3791bc1c58ecdb0a25c62964987e5dbcf7a20d2ec7?s=96&d=mm&r=g","caption":"tereza"},"url":"https:\/\/www.welovecycling.com\/wide\/author\/tereza\/"}]}},"_links":{"self":[{"href":"https:\/\/www.welovecycling.com\/wide\/wp-json\/wp\/v2\/posts\/190047","targetHints":{"allow":["GET"]}}],"collection":[{"href":"https:\/\/www.welovecycling.com\/wide\/wp-json\/wp\/v2\/posts"}],"about":[{"href":"https:\/\/www.welovecycling.com\/wide\/wp-json\/wp\/v2\/types\/post"}],"author":[{"embeddable":true,"href":"https:\/\/www.welovecycling.com\/wide\/wp-json\/wp\/v2\/users\/99"}],"replies":[{"embeddable":true,"href":"https:\/\/www.welovecycling.com\/wide\/wp-json\/wp\/v2\/comments?post=190047"}],"version-history":[{"count":2,"href":"https:\/\/www.welovecycling.com\/wide\/wp-json\/wp\/v2\/posts\/190047\/revisions"}],"predecessor-version":[{"id":190357,"href":"https:\/\/www.welovecycling.com\/wide\/wp-json\/wp\/v2\/posts\/190047\/revisions\/190357"}],"wp:featuredmedia":[{"embeddable":true,"href":"https:\/\/www.welovecycling.com\/wide\/wp-json\/wp\/v2\/media\/190048"}],"wp:attachment":[{"href":"https:\/\/www.welovecycling.com\/wide\/wp-json\/wp\/v2\/media?parent=190047"}],"wp:term":[{"taxonomy":"category","embeddable":true,"href":"https:\/\/www.welovecycling.com\/wide\/wp-json\/wp\/v2\/categories?post=190047"},{"taxonomy":"post_tag","embeddable":true,"href":"https:\/\/www.welovecycling.com\/wide\/wp-json\/wp\/v2\/tags?post=190047"},{"taxonomy":"global-categories","embeddable":true,"href":"https:\/\/www.welovecycling.com\/wide\/wp-json\/wp\/v2\/global-categories?post=190047"}],"curies":[{"name":"wp","href":"https:\/\/api.w.org\/{rel}","templated":true}]}}