{"id":190038,"date":"2022-07-08T13:33:46","date_gmt":"2022-07-08T13:33:46","guid":{"rendered":"https:\/\/www.welovecycling.com\/wide\/?p=190038"},"modified":"2022-07-08T13:33:46","modified_gmt":"2022-07-08T13:33:46","slug":"the-origin-story-of-the-tour-de-france","status":"publish","type":"post","link":"https:\/\/www.welovecycling.com\/wide\/2022\/07\/08\/the-origin-story-of-the-tour-de-france\/","title":{"rendered":"The Origin Story of the Tour de France"},"content":{"rendered":"<p><strong>The first Tour de France took place over 100 years ago, back in 1903. Do you know why the race was held and who had the idea for cyclists to go around the whole of France?<\/strong><\/p>\n<p><!--more--><\/p>\n<p>The story begins at the turn of the 20th century with two French newspapers competing for readers. The editor-in-chief of the cycling newspaper Le V\u00e9lo, Pierre Giffard, held different political views from one of the newspaper\u2019s major patrons, Jules-Albert Dion. They stood on opposing sides of the Dreyfus case. Alfred Dreyfus was an Alsatian Jew who was framed with manufactured evidence and given a life sentence for supposedly passing secrets to the Germans. This issue divided France, the conservative part wanted him sentenced, while progressives wanted him exonerated. Jules-Albert Dion decided to halt his support of Le V\u00e9lo and establish a new newspaper called L&#8217;Auto-V\u00e9lo to drive Pierre Giffard\u2019s Le V\u00e9lo out of business.<\/p>\n<p>Henri Desgrange was chosen as the editor for the new L&#8217;Auto-V\u00e9lo newspaper. Henri Desgrange was a man of many talents, he was a lawyer, cycling promoter, and former competitor himself. He set the first World Hour Record with 35,325 kilometres in 1893. He wrote a successful book about racing, <em>Head and Legs<\/em>. And he also managed a velodrome that got little mention from Giffard, which was further motivation for him to succeed with L&#8217;Auto-V\u00e9lo.<\/p>\n<figure id=\"attachment_190040\" aria-describedby=\"caption-attachment-190040\" style=\"width: 1000px\" class=\"wp-caption alignnone\"><a href=\"https:\/\/d2p6e6u75xmxt8.cloudfront.net\/2\/2022\/07\/Henri-Desgrange-profimedia-0287458553.jpg\"><img loading=\"lazy\" decoding=\"async\" class=\"size-full wp-image-190040\" src=\"https:\/\/d2p6e6u75xmxt8.cloudfront.net\/2\/2022\/07\/Henri-Desgrange-profimedia-0287458553.jpg\" alt=\"Henri Desgrange\" width=\"1000\" height=\"715\" \/><\/a><figcaption id=\"caption-attachment-190040\" class=\"wp-caption-text\">Henri Desgrange with Gin Bartali in 1930s. \u00a9 Profimedia<\/figcaption><\/figure>\n<p>In 1900, the first issue of L&#8217;Auto-V\u00e9lo came out printed on yellow paper to differentiate itself from the green paper of Le V\u00e9lo. Le V\u00e9lo was quick to sue the new magazine for plagiarism, claiming that they chose a name that was too similar. Le V\u00e9lo won the lawsuit and L&#8217;Auto-V\u00e9lo was forced to rename to L&#8217;Auto, the first blow to the new newspaper. As time went on, L&#8217;Auto kept losing the battle for sports readership with the more established Le V\u00e9lo. They needed something big to attract cycling fans.<\/p>\n<p>In November of 1902, Desgrange called his core staff for an emergency lunch to brainstorm ideas that could reinvigorate the newspaper and give it an edge. G\u00e9orges Lef\u00e8vre, a writer who was covering cycling and rugby, came prepared.<\/p>\n<p>G\u00e9orges Lef\u00e8vre: \u201cLet&#8217;s organize a race that lasts several days longer than anything else. Like the six-day ones on the track, but on the road. Our big towns will welcome the riders.\u201d<\/p>\n<p>Henri Desgrange: \u201cIf I understand you correctly, petit G\u00e9o, you&#8217;re proposing a Tour de France?&#8221;<\/p>\n<p>G\u00e9orges Lef\u00e8vre: \u201cYes, why not?\u201d<\/p>\n<p>Henri Desgrange: \u201cI will ask Victor.\u201d<\/p>\n<p>Desgrange apparently took credit for the idea when he proposed the race to the financial controller of L&#8217;Auto, Victor Goddet. Goddet, to the surprise of Desgrange, approved the idea, despite the massive costs that would come with it. He understood the promotional value of this epic proposal.<\/p>\n<p>The loss of the plagiarism suit and declining readership gave L&#8217;Auto reasons to proceed with speed with the race in order to promote the magazine to cycling fans. The other sports magazines had their own races, but Lef\u00e8vre&#8217;s idea would completely leapfrog these other races in scope and appeal.<\/p>\n<p>They moved fast and on the 19<sup>th<\/sup> of January 1903 L\u2019Auto announced the biggest cycling race that would span 2,428 km over 6 stages from 31<sup>st<\/sup> May to 5<sup>th<\/sup> July. No assistance, no pacers, no coaches, no masseuses so that all riders have the same conditions.<\/p>\n<p>There were only 15 signups for this monstrous race about a week before the start. Henri acted quick. He moved the start date to the 19<sup>th<\/sup> of July and promised 5 francs per day for the top 50 riders and increased the prize pool to 20,000 francs. Soon, he has a peloton of 60 competitors ready to put on a show, 49 French, 4 Belgian, 4 Swiss, 2 German, and 1 Italian cyclist. Only 21 of these are professional cyclists and many of them aren\u2019t even full-time competitors. Most of the participants are simply adventurers or unemployed.<\/p>\n<p>Henri Desgrange remains sceptical of this whole risky endeavour and stays hidden in the newspaper office on the first day of the race. G\u00e9o Lef\u00e8vre is the true hero of L&#8217;Auto. He follows the whole race, sometimes on a bike himself, other times in a car or catching trains so he doesn\u2019t miss a single checkpoint. He becomes the race director, commissaire, and reporter in one.<\/p>\n<p>The race turns into a sensation. Hundreds of thousands of fans come to the streets to cheer the riders on their gruelling route and over 20,000 are waiting at the velodrome in Paris at the finish line. L&#8217;Auto rides the success and nearly triples its readership during the race.<\/p>\n<p>It only takes another year for L&#8217;Auto to completely dominate the cycling world with Tour de France\u2019s success and bankrupt its competitor Le V\u00e9lo. Pierre Giffard loses the battle of cycling newspapers and his job along with it. It doesn\u2019t take long and Henri Desgrange offers him a position as a cycling reporter in his growing magazine L&#8217;Auto.<\/p>\n","protected":false},"excerpt":{"rendered":"<p>The first Tour de France took place over 100 years ago, back in 1903. Do you know why the race [&hellip;]<\/p>\n","protected":false},"author":99,"featured_media":190039,"comment_status":"open","ping_status":"open","sticky":false,"template":"","format":"standard","meta":{"footnotes":""},"categories":[329],"tags":[6505,4383,6504,5394,433,5459],"global-categories":[3366],"class_list":["post-190038","post","type-post","status-publish","format-standard","has-post-thumbnail","hentry","category-road-cycling","tag-georges-lefevre","tag-henri-desgrange","tag-history-of-the-tour-de-france","tag-lauto-velo","tag-tour-de-france","tag-tour-de-france-history","global-categories-cycling"],"yoast_head":"<!-- This site is optimized with the Yoast SEO Premium plugin v25.3 (Yoast SEO v25.9) - https:\/\/yoast.com\/wordpress\/plugins\/seo\/ -->\n<title>The Origin Story of the Tour de France - \u0160koda We Love Cycling<\/title>\n<meta name=\"description\" content=\"The first Tour de France took place over 100 years ago, back in 1903. So what is the history of La Grande Boucle?\" \/>\n<meta name=\"robots\" content=\"index, follow, max-snippet:-1, max-image-preview:large, max-video-preview:-1\" \/>\n<link rel=\"canonical\" href=\"https:\/\/www.welovecycling.com\/wide\/2022\/07\/08\/the-origin-story-of-the-tour-de-france\/\" \/>\n<meta property=\"og:locale\" content=\"en_US\" \/>\n<meta property=\"og:type\" content=\"article\" \/>\n<meta property=\"og:title\" content=\"The Origin Story of the Tour de France\" \/>\n<meta property=\"og:description\" content=\"The first Tour de France took place over 100 years ago, back in 1903. So what is the history of La Grande Boucle?\" \/>\n<meta property=\"og:url\" content=\"https:\/\/www.welovecycling.com\/wide\/2022\/07\/08\/the-origin-story-of-the-tour-de-france\/\" \/>\n<meta property=\"og:site_name\" content=\"\u0160koda We Love Cycling\" \/>\n<meta property=\"article:published_time\" content=\"2022-07-08T13:33:46+00:00\" \/>\n<meta property=\"og:image\" content=\"https:\/\/d2p6e6u75xmxt8.cloudfront.net\/2\/2022\/07\/1905-Tour-profimedia-0067934122-CVR.webp\" \/>\n\t<meta property=\"og:image:width\" content=\"990\" \/>\n\t<meta property=\"og:image:height\" content=\"660\" \/>\n\t<meta property=\"og:image:type\" content=\"image\/webp\" \/>\n<meta name=\"author\" content=\"tereza\" \/>\n<meta name=\"twitter:card\" content=\"summary_large_image\" \/>\n<meta name=\"twitter:label1\" content=\"Written by\" \/>\n\t<meta name=\"twitter:data1\" content=\"Jiri Kaloc\" \/>\n\t<meta name=\"twitter:label2\" content=\"Est. reading time\" \/>\n\t<meta name=\"twitter:data2\" content=\"5\" \/>\n<script type=\"application\/ld+json\" class=\"yoast-schema-graph\">{\"@context\":\"https:\/\/schema.org\",\"@graph\":[{\"@type\":\"WebPage\",\"@id\":\"https:\/\/www.welovecycling.com\/wide\/2022\/07\/08\/the-origin-story-of-the-tour-de-france\/\",\"url\":\"https:\/\/www.welovecycling.com\/wide\/2022\/07\/08\/the-origin-story-of-the-tour-de-france\/\",\"name\":\"The Origin Story of the Tour de France - \u0160koda We Love Cycling\",\"isPartOf\":{\"@id\":\"https:\/\/www.welovecycling.com\/wide\/#website\"},\"primaryImageOfPage\":{\"@id\":\"https:\/\/www.welovecycling.com\/wide\/2022\/07\/08\/the-origin-story-of-the-tour-de-france\/#primaryimage\"},\"image\":{\"@id\":\"https:\/\/www.welovecycling.com\/wide\/2022\/07\/08\/the-origin-story-of-the-tour-de-france\/#primaryimage\"},\"thumbnailUrl\":\"https:\/\/d2p6e6u75xmxt8.cloudfront.net\/2\/2022\/07\/1905-Tour-profimedia-0067934122-CVR.webp\",\"datePublished\":\"2022-07-08T13:33:46+00:00\",\"author\":{\"@id\":\"https:\/\/www.welovecycling.com\/wide\/#\/schema\/person\/50f01ecd18718d2333cf72e823c4f926\"},\"description\":\"The first Tour de France took place over 100 years ago, back in 1903. So what is the history of La Grande Boucle?\",\"breadcrumb\":{\"@id\":\"https:\/\/www.welovecycling.com\/wide\/2022\/07\/08\/the-origin-story-of-the-tour-de-france\/#breadcrumb\"},\"inLanguage\":\"en-US\",\"potentialAction\":[{\"@type\":\"ReadAction\",\"target\":[\"https:\/\/www.welovecycling.com\/wide\/2022\/07\/08\/the-origin-story-of-the-tour-de-france\/\"]}]},{\"@type\":\"ImageObject\",\"inLanguage\":\"en-US\",\"@id\":\"https:\/\/www.welovecycling.com\/wide\/2022\/07\/08\/the-origin-story-of-the-tour-de-france\/#primaryimage\",\"url\":\"https:\/\/d2p6e6u75xmxt8.cloudfront.net\/2\/2022\/07\/1905-Tour-profimedia-0067934122-CVR.webp\",\"contentUrl\":\"https:\/\/d2p6e6u75xmxt8.cloudfront.net\/2\/2022\/07\/1905-Tour-profimedia-0067934122-CVR.webp\",\"width\":990,\"height\":660,\"caption\":\"1905 Tour\"},{\"@type\":\"BreadcrumbList\",\"@id\":\"https:\/\/www.welovecycling.com\/wide\/2022\/07\/08\/the-origin-story-of-the-tour-de-france\/#breadcrumb\",\"itemListElement\":[{\"@type\":\"ListItem\",\"position\":1,\"name\":\"Home\",\"item\":\"https:\/\/www.welovecycling.com\/wide\/\"},{\"@type\":\"ListItem\",\"position\":2,\"name\":\"The Origin Story of the Tour de France\"}]},{\"@type\":\"WebSite\",\"@id\":\"https:\/\/www.welovecycling.com\/wide\/#website\",\"url\":\"https:\/\/www.welovecycling.com\/wide\/\",\"name\":\"\u0160koda We Love Cycling\",\"description\":\"\u0160koda We Love Cycling magazine\",\"alternateName\":\"\u0160koda WLC\",\"potentialAction\":[{\"@type\":\"SearchAction\",\"target\":{\"@type\":\"EntryPoint\",\"urlTemplate\":\"https:\/\/www.welovecycling.com\/wide\/?s={search_term_string}\"},\"query-input\":{\"@type\":\"PropertyValueSpecification\",\"valueRequired\":true,\"valueName\":\"search_term_string\"}}],\"inLanguage\":\"en-US\"},{\"@type\":\"Person\",\"@id\":\"https:\/\/www.welovecycling.com\/wide\/#\/schema\/person\/50f01ecd18718d2333cf72e823c4f926\",\"name\":\"tereza\",\"image\":{\"@type\":\"ImageObject\",\"inLanguage\":\"en-US\",\"@id\":\"https:\/\/www.welovecycling.com\/wide\/#\/schema\/person\/image\/\",\"url\":\"https:\/\/secure.gravatar.com\/avatar\/1f9eb71be33845f0afabce3791bc1c58ecdb0a25c62964987e5dbcf7a20d2ec7?s=96&d=mm&r=g\",\"contentUrl\":\"https:\/\/secure.gravatar.com\/avatar\/1f9eb71be33845f0afabce3791bc1c58ecdb0a25c62964987e5dbcf7a20d2ec7?s=96&d=mm&r=g\",\"caption\":\"tereza\"},\"url\":\"https:\/\/www.welovecycling.com\/wide\/author\/tereza\/\"}]}<\/script>\n<!-- \/ Yoast SEO Premium plugin. -->","yoast_head_json":{"title":"The Origin Story of the Tour de France - \u0160koda We Love Cycling","description":"The first Tour de France took place over 100 years ago, back in 1903. So what is the history of La Grande Boucle?","robots":{"index":"index","follow":"follow","max-snippet":"max-snippet:-1","max-image-preview":"max-image-preview:large","max-video-preview":"max-video-preview:-1"},"canonical":"https:\/\/www.welovecycling.com\/wide\/2022\/07\/08\/the-origin-story-of-the-tour-de-france\/","og_locale":"en_US","og_type":"article","og_title":"The Origin Story of the Tour de France","og_description":"The first Tour de France took place over 100 years ago, back in 1903. So what is the history of La Grande Boucle?","og_url":"https:\/\/www.welovecycling.com\/wide\/2022\/07\/08\/the-origin-story-of-the-tour-de-france\/","og_site_name":"\u0160koda We Love Cycling","article_published_time":"2022-07-08T13:33:46+00:00","og_image":[{"width":990,"height":660,"url":"https:\/\/d2p6e6u75xmxt8.cloudfront.net\/2\/2022\/07\/1905-Tour-profimedia-0067934122-CVR.webp","type":"image\/webp"}],"author":"tereza","twitter_card":"summary_large_image","twitter_misc":{"Written by":"Jiri Kaloc","Est. reading time":"5"},"schema":{"@context":"https:\/\/schema.org","@graph":[{"@type":"WebPage","@id":"https:\/\/www.welovecycling.com\/wide\/2022\/07\/08\/the-origin-story-of-the-tour-de-france\/","url":"https:\/\/www.welovecycling.com\/wide\/2022\/07\/08\/the-origin-story-of-the-tour-de-france\/","name":"The Origin Story of the Tour de France - \u0160koda We Love Cycling","isPartOf":{"@id":"https:\/\/www.welovecycling.com\/wide\/#website"},"primaryImageOfPage":{"@id":"https:\/\/www.welovecycling.com\/wide\/2022\/07\/08\/the-origin-story-of-the-tour-de-france\/#primaryimage"},"image":{"@id":"https:\/\/www.welovecycling.com\/wide\/2022\/07\/08\/the-origin-story-of-the-tour-de-france\/#primaryimage"},"thumbnailUrl":"https:\/\/d2p6e6u75xmxt8.cloudfront.net\/2\/2022\/07\/1905-Tour-profimedia-0067934122-CVR.webp","datePublished":"2022-07-08T13:33:46+00:00","author":{"@id":"https:\/\/www.welovecycling.com\/wide\/#\/schema\/person\/50f01ecd18718d2333cf72e823c4f926"},"description":"The first Tour de France took place over 100 years ago, back in 1903. So what is the history of La Grande Boucle?","breadcrumb":{"@id":"https:\/\/www.welovecycling.com\/wide\/2022\/07\/08\/the-origin-story-of-the-tour-de-france\/#breadcrumb"},"inLanguage":"en-US","potentialAction":[{"@type":"ReadAction","target":["https:\/\/www.welovecycling.com\/wide\/2022\/07\/08\/the-origin-story-of-the-tour-de-france\/"]}]},{"@type":"ImageObject","inLanguage":"en-US","@id":"https:\/\/www.welovecycling.com\/wide\/2022\/07\/08\/the-origin-story-of-the-tour-de-france\/#primaryimage","url":"https:\/\/d2p6e6u75xmxt8.cloudfront.net\/2\/2022\/07\/1905-Tour-profimedia-0067934122-CVR.webp","contentUrl":"https:\/\/d2p6e6u75xmxt8.cloudfront.net\/2\/2022\/07\/1905-Tour-profimedia-0067934122-CVR.webp","width":990,"height":660,"caption":"1905 Tour"},{"@type":"BreadcrumbList","@id":"https:\/\/www.welovecycling.com\/wide\/2022\/07\/08\/the-origin-story-of-the-tour-de-france\/#breadcrumb","itemListElement":[{"@type":"ListItem","position":1,"name":"Home","item":"https:\/\/www.welovecycling.com\/wide\/"},{"@type":"ListItem","position":2,"name":"The Origin Story of the Tour de France"}]},{"@type":"WebSite","@id":"https:\/\/www.welovecycling.com\/wide\/#website","url":"https:\/\/www.welovecycling.com\/wide\/","name":"\u0160koda We Love Cycling","description":"\u0160koda We Love Cycling magazine","alternateName":"\u0160koda WLC","potentialAction":[{"@type":"SearchAction","target":{"@type":"EntryPoint","urlTemplate":"https:\/\/www.welovecycling.com\/wide\/?s={search_term_string}"},"query-input":{"@type":"PropertyValueSpecification","valueRequired":true,"valueName":"search_term_string"}}],"inLanguage":"en-US"},{"@type":"Person","@id":"https:\/\/www.welovecycling.com\/wide\/#\/schema\/person\/50f01ecd18718d2333cf72e823c4f926","name":"tereza","image":{"@type":"ImageObject","inLanguage":"en-US","@id":"https:\/\/www.welovecycling.com\/wide\/#\/schema\/person\/image\/","url":"https:\/\/secure.gravatar.com\/avatar\/1f9eb71be33845f0afabce3791bc1c58ecdb0a25c62964987e5dbcf7a20d2ec7?s=96&d=mm&r=g","contentUrl":"https:\/\/secure.gravatar.com\/avatar\/1f9eb71be33845f0afabce3791bc1c58ecdb0a25c62964987e5dbcf7a20d2ec7?s=96&d=mm&r=g","caption":"tereza"},"url":"https:\/\/www.welovecycling.com\/wide\/author\/tereza\/"}]}},"_links":{"self":[{"href":"https:\/\/www.welovecycling.com\/wide\/wp-json\/wp\/v2\/posts\/190038","targetHints":{"allow":["GET"]}}],"collection":[{"href":"https:\/\/www.welovecycling.com\/wide\/wp-json\/wp\/v2\/posts"}],"about":[{"href":"https:\/\/www.welovecycling.com\/wide\/wp-json\/wp\/v2\/types\/post"}],"author":[{"embeddable":true,"href":"https:\/\/www.welovecycling.com\/wide\/wp-json\/wp\/v2\/users\/99"}],"replies":[{"embeddable":true,"href":"https:\/\/www.welovecycling.com\/wide\/wp-json\/wp\/v2\/comments?post=190038"}],"version-history":[{"count":1,"href":"https:\/\/www.welovecycling.com\/wide\/wp-json\/wp\/v2\/posts\/190038\/revisions"}],"predecessor-version":[{"id":190041,"href":"https:\/\/www.welovecycling.com\/wide\/wp-json\/wp\/v2\/posts\/190038\/revisions\/190041"}],"wp:featuredmedia":[{"embeddable":true,"href":"https:\/\/www.welovecycling.com\/wide\/wp-json\/wp\/v2\/media\/190039"}],"wp:attachment":[{"href":"https:\/\/www.welovecycling.com\/wide\/wp-json\/wp\/v2\/media?parent=190038"}],"wp:term":[{"taxonomy":"category","embeddable":true,"href":"https:\/\/www.welovecycling.com\/wide\/wp-json\/wp\/v2\/categories?post=190038"},{"taxonomy":"post_tag","embeddable":true,"href":"https:\/\/www.welovecycling.com\/wide\/wp-json\/wp\/v2\/tags?post=190038"},{"taxonomy":"global-categories","embeddable":true,"href":"https:\/\/www.welovecycling.com\/wide\/wp-json\/wp\/v2\/global-categories?post=190038"}],"curies":[{"name":"wp","href":"https:\/\/api.w.org\/{rel}","templated":true}]}}