{"id":190022,"date":"2022-07-12T09:42:23","date_gmt":"2022-07-12T09:42:23","guid":{"rendered":"https:\/\/www.welovecycling.com\/wide\/?p=190022"},"modified":"2022-07-12T09:42:23","modified_gmt":"2022-07-12T09:42:23","slug":"inside-tour-de-france-team-cars-with-canyon-sram-racings-ronny-lauke","status":"publish","type":"post","link":"https:\/\/www.welovecycling.com\/wide\/2022\/07\/12\/inside-tour-de-france-team-cars-with-canyon-sram-racings-ronny-lauke\/","title":{"rendered":"Inside Tour de France Team Cars with CANYON\/\/SRAM Racing\u2019s Ronny Lauke"},"content":{"rendered":"<p><strong>During the La Grande Boucle, many TV and social media sports channels are eager to get the riders\u2019 and mainly the winners\u2019 points of view, but let\u2019s focus on every team\u2019s backbone for a change \u2013 the team cars and their crew. This year, the fleet will be joined by even more \u0160koda vehicles to support the highly anticipated addition of the Tour de France Femmes.<\/strong><!--more--><\/p>\n<p>The cabin of a Tour de France team car becomes a tightly packed world of its own during the race, containing a repair workshop, an assistance headquarters, a first-aid station, a refreshment point, and more. To get a proper grasp of the importance of it all, you have to go to the source. Ronny Lauke, Co-Founder and Team Manager of CANYON\/\/SRAM Racing and Sports Director for Tour de France Femmes avec Zwift, was kind enough to sit down with We Love Cycling and offer his insider view on what takes place in a team car.<\/p>\n<figure id=\"attachment_190026\" aria-describedby=\"caption-attachment-190026\" style=\"width: 1078px\" class=\"wp-caption alignnone\"><a href=\"https:\/\/d2p6e6u75xmxt8.cloudfront.net\/2\/2022\/07\/CANYON__SRAM-car-1.jpg\"><img loading=\"lazy\" decoding=\"async\" class=\"wp-image-190026 size-full\" src=\"https:\/\/d2p6e6u75xmxt8.cloudfront.net\/2\/2022\/07\/CANYON__SRAM-car-1.jpg\" alt=\"\u0160koda Team Car\" width=\"1078\" height=\"718\" \/><\/a><figcaption id=\"caption-attachment-190026\" class=\"wp-caption-text\">Being a team car\u2019s driver is a hard drill \u2013 but one fuelled by love for the sport and full of thrill. \u00a9 Thomas Maheux<\/figcaption><\/figure>\n<p>Starting with the team\u2019s setup, he described it: \u201cAt the moment, we have eight team cars for various reasons. We use the race cars to carry spare bikes and equipment, the mechanic, sports director and sometimes a coach. Depending on the number of athletes, each vehicle in the race is usually loaded with six complete spare bikes, five sets of wheels, a cooler box with the bidons, raincoats, a toolbox, and other equipment.\u201d Regarding the cars, the team uses <a href=\"https:\/\/www.skoda-auto.com\/models\/range\/superb-iv\">\u0160koda SUPERBs<\/a> and <a href=\"https:\/\/www.skoda-auto.com\/models\/range\/octavia\">OCTAVIAs,<\/a> either iV, hybrids or diesel. They\u2019ve been satisfied with all of them.<\/p>\n<p>When a rider is in trouble during a race, the team car gets permission from the race organisers to break the assigned rank and speed ahead. That\u2019s easier said than done. \u201cIt all depends on the traffic and road width and conditions. We have radio communication with the riders, and they notify us when they have a problem. If the comm is not 100% reliable, they give a sign to a race marshal who calls us, and we immediately try to find our way up to the peloton to help the rider.\u201d When asked about the driver\u2019s necessary qualities, he noted: \u201cIt\u2019s extremely important that the person driving the car is extremely careful, observant, and has a 360-degree view during the race. You are responsible for the athletes\u2019 health and wellbeing \u2013 they are the most vulnerable link in our traffic chain.\u201d<\/p>\n<div id='gallery-1' class='gallery galleryid-190022 gallery-columns-2 gallery-size-large'><figure class='gallery-item'>\n\t\t\t<div class='gallery-icon landscape'>\n\t\t\t\t<a href='https:\/\/d2p6e6u75xmxt8.cloudfront.net\/2\/2022\/07\/CANYON_SRAM-Car_2.webp'><img loading=\"lazy\" decoding=\"async\" width=\"1024\" height=\"683\" src=\"https:\/\/d2p6e6u75xmxt8.cloudfront.net\/2\/2022\/07\/CANYON_SRAM-Car_2-1024x683.webp\" class=\"attachment-large size-large\" alt=\"\" srcset=\"https:\/\/d2p6e6u75xmxt8.cloudfront.net\/2\/2022\/07\/CANYON_SRAM-Car_2-1024x683.webp 1024w, https:\/\/d2p6e6u75xmxt8.cloudfront.net\/2\/2022\/07\/CANYON_SRAM-Car_2-300x200.webp 300w, https:\/\/d2p6e6u75xmxt8.cloudfront.net\/2\/2022\/07\/CANYON_SRAM-Car_2-768x512.webp 768w, https:\/\/d2p6e6u75xmxt8.cloudfront.net\/2\/2022\/07\/CANYON_SRAM-Car_2-272x182.webp 272w, https:\/\/d2p6e6u75xmxt8.cloudfront.net\/2\/2022\/07\/CANYON_SRAM-Car_2.webp 1087w\" sizes=\"auto, (max-width: 1024px) 100vw, 1024px\" \/><\/a>\n\t\t\t<\/div><\/figure><figure class='gallery-item'>\n\t\t\t<div class='gallery-icon landscape'>\n\t\t\t\t<a href='https:\/\/d2p6e6u75xmxt8.cloudfront.net\/2\/2022\/07\/ThomasMaheux_Gandia_Team_Skoda_111617.webp'><img loading=\"lazy\" decoding=\"async\" width=\"1024\" height=\"682\" src=\"https:\/\/d2p6e6u75xmxt8.cloudfront.net\/2\/2022\/07\/ThomasMaheux_Gandia_Team_Skoda_111617-1024x682.webp\" class=\"attachment-large size-large\" alt=\"\" srcset=\"https:\/\/d2p6e6u75xmxt8.cloudfront.net\/2\/2022\/07\/ThomasMaheux_Gandia_Team_Skoda_111617-1024x682.webp 1024w, https:\/\/d2p6e6u75xmxt8.cloudfront.net\/2\/2022\/07\/ThomasMaheux_Gandia_Team_Skoda_111617-300x200.webp 300w, https:\/\/d2p6e6u75xmxt8.cloudfront.net\/2\/2022\/07\/ThomasMaheux_Gandia_Team_Skoda_111617-768x512.webp 768w, https:\/\/d2p6e6u75xmxt8.cloudfront.net\/2\/2022\/07\/ThomasMaheux_Gandia_Team_Skoda_111617-272x182.webp 272w, https:\/\/d2p6e6u75xmxt8.cloudfront.net\/2\/2022\/07\/ThomasMaheux_Gandia_Team_Skoda_111617.webp 1097w\" sizes=\"auto, (max-width: 1024px) 100vw, 1024px\" \/><\/a>\n\t\t\t<\/div><\/figure>\n\t\t<\/div>\n\n<div class=\"mceTemp\"><\/div>\n<p>Not many people realise how instrumental the cars and their crew are for the individual success of the riders. A crash, a puncture, cold weather, and thirst or hunger addressed too late cost the team the precious seconds needed for the podium. \u201cYou need to have reliable vehicles with a crew who will follow the team for the whole season and will know what each rider needs regarding equipment and nutrition. It all needs to be packed effectively and ready to use in case someone crashes, for example,\u201d Mr. Lauke explains.<\/p>\n<p>When talking about driving amongst all the chaotic race traffic, Mr. Lauke understands how essential it is to be familiar with the inner workings of the peloton, since he was a pro cyclist between 1997 and 2004. \u201cIn my opinion, it\u2019s important for the drivers to be former cyclists. Because it\u2019s difficult to anticipate the movements of a peloton of several hundred riders, which reacts differently in certain situations.\u201d<\/p>\n<p>\u201cFirst of all, I believe you shouldn\u2019t be stressed while sitting in the team car. You are responsible for the athletes on the bicycles who don\u2019t have all the safety measures the car offers. So stress is not a good part of being in the car. But the tensest situations are probably when you want to follow a breakaway group, so you need to pass hundreds of riders in pretty narrow conditions. You need to pay extra attention,\u201d he observed.<\/p>\n<figure id=\"attachment_190027\" aria-describedby=\"caption-attachment-190027\" style=\"width: 1029px\" class=\"wp-caption alignnone\"><a href=\"https:\/\/d2p6e6u75xmxt8.cloudfront.net\/2\/2022\/07\/CANYON__SRAM_Cars-3.jpg\"><img loading=\"lazy\" decoding=\"async\" class=\"wp-image-190027 size-full\" src=\"https:\/\/d2p6e6u75xmxt8.cloudfront.net\/2\/2022\/07\/CANYON__SRAM_Cars-3.jpg\" alt=\"\u0160koda Team Car\" width=\"1029\" height=\"686\" \/><\/a><figcaption id=\"caption-attachment-190027\" class=\"wp-caption-text\">With each passing year, the Tour preparations get more rigorous for the crews of the team cars but the riders can always put their full confidence in them and focus on their performance. \u00a9 Thomas Maheux<\/figcaption><\/figure>\n<p>CANYON\/\/SRAM Racing is a professional, diverse, and trailblazing group of women, with star riders such as <a href=\"https:\/\/www.welovecycling.com\/wide\/2022\/06\/29\/tdff-the-evolution-of-womens-cycling-by-kasia-niewiadoma\/\" target=\"_blank\" rel=\"noopener\">Katarzyna Niewiadoma<\/a> and Tiffany Cromwell, created as a platform for those striving for their personal best with full support from experienced and educated staff and experts on and off the bike. Each year, the team also scouts for new talent by adding the winner of the Zwift Academy to their\u00a0squad. Since Mr. Lauke has been instrumental in these efforts and is a long-time advocate for women\u2019s cycling, he is naturally excited about Le Tour Femmes.<\/p>\n<p>\u201cIt\u2019s a new milestone. I believe the riders have invested a lot of hours, days, and months on the bike; also sweat, suffering and pain. It\u2019s nice to finally see them compete on the biggest platform possible. [The whole team is] very happy it\u2019s happening. It\u2019s amazing we can show present and future fans of the sport how emotional the sport is. It\u2019s a big season highlight,\u201d Mr. Lauke concluded.<\/p>\n<p>Don\u2019t miss the Tour de France and Tour de France Femmes starting on 1<sup>st<\/sup> July and 24<sup>th<\/sup> July, respectively.<\/p>\n","protected":false},"excerpt":{"rendered":"<p>During the La Grande Boucle, many TV and social media sports channels are eager to get the riders\u2019 and mainly [&hellip;]<\/p>\n","protected":false},"author":99,"featured_media":190024,"comment_status":"open","ping_status":"open","sticky":false,"template":"","format":"standard","meta":{"footnotes":""},"categories":[329],"tags":[5778,5860,5862,433,5523],"global-categories":[3366,4529],"class_list":["post-190022","post","type-post","status-publish","format-standard","has-post-thumbnail","hentry","category-road-cycling","tag-2022-tour","tag-canyon-sram-racing","tag-ronny-lauke","tag-tour-de-france","tag-tour-de-france-femmes-avec-zwift","global-categories-cycling","global-categories-enyaq-iv"],"yoast_head":"<!-- This site is optimized with the Yoast SEO Premium plugin v25.3 (Yoast SEO v25.9) - https:\/\/yoast.com\/wordpress\/plugins\/seo\/ -->\n<title>Inside Tour de France \u0160koda Team Cars - We Love Cycling Magazine<\/title>\n<meta name=\"description\" content=\"During the La Grande Boucle, many TV and social media sports channels are eager to get the riders\u2019 and mainly the winners\u2019 points of view, but let\u2019s focus\" \/>\n<meta name=\"robots\" content=\"index, follow, max-snippet:-1, max-image-preview:large, max-video-preview:-1\" \/>\n<link rel=\"canonical\" href=\"https:\/\/www.welovecycling.com\/wide\/2022\/07\/12\/inside-tour-de-france-team-cars-with-canyon-sram-racings-ronny-lauke\/\" \/>\n<meta property=\"og:locale\" content=\"en_US\" \/>\n<meta property=\"og:type\" content=\"article\" \/>\n<meta property=\"og:title\" content=\"Inside Tour de France Team Cars with CANYON\/\/SRAM Racing\u2019s Ronny Lauke\" \/>\n<meta property=\"og:description\" content=\"During the La Grande Boucle, many TV and social media sports channels are eager to get the riders\u2019 and mainly the winners\u2019 points of view, but let\u2019s focus\" \/>\n<meta property=\"og:url\" content=\"https:\/\/www.welovecycling.com\/wide\/2022\/07\/12\/inside-tour-de-france-team-cars-with-canyon-sram-racings-ronny-lauke\/\" \/>\n<meta property=\"og:site_name\" content=\"\u0160koda We Love Cycling\" \/>\n<meta property=\"article:published_time\" content=\"2022-07-12T09:42:23+00:00\" \/>\n<meta property=\"og:image\" content=\"https:\/\/d2p6e6u75xmxt8.cloudfront.net\/2\/2022\/07\/SKODA-CANYON_SRAM-CVR.webp\" \/>\n\t<meta property=\"og:image:width\" content=\"990\" \/>\n\t<meta property=\"og:image:height\" content=\"660\" \/>\n\t<meta property=\"og:image:type\" content=\"image\/webp\" \/>\n<meta name=\"author\" content=\"tereza\" \/>\n<meta name=\"twitter:card\" content=\"summary_large_image\" \/>\n<meta name=\"twitter:label1\" content=\"Written by\" \/>\n\t<meta name=\"twitter:data1\" content=\"We Love Cycling\" \/>\n\t<meta name=\"twitter:label2\" content=\"Est. reading time\" \/>\n\t<meta name=\"twitter:data2\" content=\"6\" \/>\n<script type=\"application\/ld+json\" class=\"yoast-schema-graph\">{\"@context\":\"https:\/\/schema.org\",\"@graph\":[{\"@type\":\"WebPage\",\"@id\":\"https:\/\/www.welovecycling.com\/wide\/2022\/07\/12\/inside-tour-de-france-team-cars-with-canyon-sram-racings-ronny-lauke\/\",\"url\":\"https:\/\/www.welovecycling.com\/wide\/2022\/07\/12\/inside-tour-de-france-team-cars-with-canyon-sram-racings-ronny-lauke\/\",\"name\":\"Inside Tour de France \u0160koda Team Cars - We Love Cycling Magazine\",\"isPartOf\":{\"@id\":\"https:\/\/www.welovecycling.com\/wide\/#website\"},\"primaryImageOfPage\":{\"@id\":\"https:\/\/www.welovecycling.com\/wide\/2022\/07\/12\/inside-tour-de-france-team-cars-with-canyon-sram-racings-ronny-lauke\/#primaryimage\"},\"image\":{\"@id\":\"https:\/\/www.welovecycling.com\/wide\/2022\/07\/12\/inside-tour-de-france-team-cars-with-canyon-sram-racings-ronny-lauke\/#primaryimage\"},\"thumbnailUrl\":\"https:\/\/d2p6e6u75xmxt8.cloudfront.net\/2\/2022\/07\/SKODA-CANYON_SRAM-CVR.webp\",\"datePublished\":\"2022-07-12T09:42:23+00:00\",\"author\":{\"@id\":\"https:\/\/www.welovecycling.com\/wide\/#\/schema\/person\/50f01ecd18718d2333cf72e823c4f926\"},\"description\":\"During the La Grande Boucle, many TV and social media sports channels are eager to get the riders\u2019 and mainly the winners\u2019 points of view, but let\u2019s focus\",\"breadcrumb\":{\"@id\":\"https:\/\/www.welovecycling.com\/wide\/2022\/07\/12\/inside-tour-de-france-team-cars-with-canyon-sram-racings-ronny-lauke\/#breadcrumb\"},\"inLanguage\":\"en-US\",\"potentialAction\":[{\"@type\":\"ReadAction\",\"target\":[\"https:\/\/www.welovecycling.com\/wide\/2022\/07\/12\/inside-tour-de-france-team-cars-with-canyon-sram-racings-ronny-lauke\/\"]}]},{\"@type\":\"ImageObject\",\"inLanguage\":\"en-US\",\"@id\":\"https:\/\/www.welovecycling.com\/wide\/2022\/07\/12\/inside-tour-de-france-team-cars-with-canyon-sram-racings-ronny-lauke\/#primaryimage\",\"url\":\"https:\/\/d2p6e6u75xmxt8.cloudfront.net\/2\/2022\/07\/SKODA-CANYON_SRAM-CVR.webp\",\"contentUrl\":\"https:\/\/d2p6e6u75xmxt8.cloudfront.net\/2\/2022\/07\/SKODA-CANYON_SRAM-CVR.webp\",\"width\":990,\"height\":660,\"caption\":\"\u0160koda SUPERB iV\"},{\"@type\":\"BreadcrumbList\",\"@id\":\"https:\/\/www.welovecycling.com\/wide\/2022\/07\/12\/inside-tour-de-france-team-cars-with-canyon-sram-racings-ronny-lauke\/#breadcrumb\",\"itemListElement\":[{\"@type\":\"ListItem\",\"position\":1,\"name\":\"Home\",\"item\":\"https:\/\/www.welovecycling.com\/wide\/\"},{\"@type\":\"ListItem\",\"position\":2,\"name\":\"Inside Tour de France Team Cars with CANYON\/\/SRAM Racing\u2019s Ronny Lauke\"}]},{\"@type\":\"WebSite\",\"@id\":\"https:\/\/www.welovecycling.com\/wide\/#website\",\"url\":\"https:\/\/www.welovecycling.com\/wide\/\",\"name\":\"\u0160koda We Love Cycling\",\"description\":\"\u0160koda We Love Cycling magazine\",\"alternateName\":\"\u0160koda WLC\",\"potentialAction\":[{\"@type\":\"SearchAction\",\"target\":{\"@type\":\"EntryPoint\",\"urlTemplate\":\"https:\/\/www.welovecycling.com\/wide\/?s={search_term_string}\"},\"query-input\":{\"@type\":\"PropertyValueSpecification\",\"valueRequired\":true,\"valueName\":\"search_term_string\"}}],\"inLanguage\":\"en-US\"},{\"@type\":\"Person\",\"@id\":\"https:\/\/www.welovecycling.com\/wide\/#\/schema\/person\/50f01ecd18718d2333cf72e823c4f926\",\"name\":\"tereza\",\"image\":{\"@type\":\"ImageObject\",\"inLanguage\":\"en-US\",\"@id\":\"https:\/\/www.welovecycling.com\/wide\/#\/schema\/person\/image\/\",\"url\":\"https:\/\/secure.gravatar.com\/avatar\/1f9eb71be33845f0afabce3791bc1c58ecdb0a25c62964987e5dbcf7a20d2ec7?s=96&d=mm&r=g\",\"contentUrl\":\"https:\/\/secure.gravatar.com\/avatar\/1f9eb71be33845f0afabce3791bc1c58ecdb0a25c62964987e5dbcf7a20d2ec7?s=96&d=mm&r=g\",\"caption\":\"tereza\"},\"url\":\"https:\/\/www.welovecycling.com\/wide\/author\/tereza\/\"}]}<\/script>\n<!-- \/ Yoast SEO Premium plugin. -->","yoast_head_json":{"title":"Inside Tour de France \u0160koda Team Cars - We Love Cycling Magazine","description":"During the La Grande Boucle, many TV and social media sports channels are eager to get the riders\u2019 and mainly the winners\u2019 points of view, but let\u2019s focus","robots":{"index":"index","follow":"follow","max-snippet":"max-snippet:-1","max-image-preview":"max-image-preview:large","max-video-preview":"max-video-preview:-1"},"canonical":"https:\/\/www.welovecycling.com\/wide\/2022\/07\/12\/inside-tour-de-france-team-cars-with-canyon-sram-racings-ronny-lauke\/","og_locale":"en_US","og_type":"article","og_title":"Inside Tour de France Team Cars with CANYON\/\/SRAM Racing\u2019s Ronny Lauke","og_description":"During the La Grande Boucle, many TV and social media sports channels are eager to get the riders\u2019 and mainly the winners\u2019 points of view, but let\u2019s focus","og_url":"https:\/\/www.welovecycling.com\/wide\/2022\/07\/12\/inside-tour-de-france-team-cars-with-canyon-sram-racings-ronny-lauke\/","og_site_name":"\u0160koda We Love Cycling","article_published_time":"2022-07-12T09:42:23+00:00","og_image":[{"width":990,"height":660,"url":"https:\/\/d2p6e6u75xmxt8.cloudfront.net\/2\/2022\/07\/SKODA-CANYON_SRAM-CVR.webp","type":"image\/webp"}],"author":"tereza","twitter_card":"summary_large_image","twitter_misc":{"Written by":"We Love Cycling","Est. reading time":"6"},"schema":{"@context":"https:\/\/schema.org","@graph":[{"@type":"WebPage","@id":"https:\/\/www.welovecycling.com\/wide\/2022\/07\/12\/inside-tour-de-france-team-cars-with-canyon-sram-racings-ronny-lauke\/","url":"https:\/\/www.welovecycling.com\/wide\/2022\/07\/12\/inside-tour-de-france-team-cars-with-canyon-sram-racings-ronny-lauke\/","name":"Inside Tour de France \u0160koda Team Cars - We Love Cycling Magazine","isPartOf":{"@id":"https:\/\/www.welovecycling.com\/wide\/#website"},"primaryImageOfPage":{"@id":"https:\/\/www.welovecycling.com\/wide\/2022\/07\/12\/inside-tour-de-france-team-cars-with-canyon-sram-racings-ronny-lauke\/#primaryimage"},"image":{"@id":"https:\/\/www.welovecycling.com\/wide\/2022\/07\/12\/inside-tour-de-france-team-cars-with-canyon-sram-racings-ronny-lauke\/#primaryimage"},"thumbnailUrl":"https:\/\/d2p6e6u75xmxt8.cloudfront.net\/2\/2022\/07\/SKODA-CANYON_SRAM-CVR.webp","datePublished":"2022-07-12T09:42:23+00:00","author":{"@id":"https:\/\/www.welovecycling.com\/wide\/#\/schema\/person\/50f01ecd18718d2333cf72e823c4f926"},"description":"During the La Grande Boucle, many TV and social media sports channels are eager to get the riders\u2019 and mainly the winners\u2019 points of view, but let\u2019s focus","breadcrumb":{"@id":"https:\/\/www.welovecycling.com\/wide\/2022\/07\/12\/inside-tour-de-france-team-cars-with-canyon-sram-racings-ronny-lauke\/#breadcrumb"},"inLanguage":"en-US","potentialAction":[{"@type":"ReadAction","target":["https:\/\/www.welovecycling.com\/wide\/2022\/07\/12\/inside-tour-de-france-team-cars-with-canyon-sram-racings-ronny-lauke\/"]}]},{"@type":"ImageObject","inLanguage":"en-US","@id":"https:\/\/www.welovecycling.com\/wide\/2022\/07\/12\/inside-tour-de-france-team-cars-with-canyon-sram-racings-ronny-lauke\/#primaryimage","url":"https:\/\/d2p6e6u75xmxt8.cloudfront.net\/2\/2022\/07\/SKODA-CANYON_SRAM-CVR.webp","contentUrl":"https:\/\/d2p6e6u75xmxt8.cloudfront.net\/2\/2022\/07\/SKODA-CANYON_SRAM-CVR.webp","width":990,"height":660,"caption":"\u0160koda SUPERB iV"},{"@type":"BreadcrumbList","@id":"https:\/\/www.welovecycling.com\/wide\/2022\/07\/12\/inside-tour-de-france-team-cars-with-canyon-sram-racings-ronny-lauke\/#breadcrumb","itemListElement":[{"@type":"ListItem","position":1,"name":"Home","item":"https:\/\/www.welovecycling.com\/wide\/"},{"@type":"ListItem","position":2,"name":"Inside Tour de France Team Cars with CANYON\/\/SRAM Racing\u2019s Ronny Lauke"}]},{"@type":"WebSite","@id":"https:\/\/www.welovecycling.com\/wide\/#website","url":"https:\/\/www.welovecycling.com\/wide\/","name":"\u0160koda We Love Cycling","description":"\u0160koda We Love Cycling magazine","alternateName":"\u0160koda WLC","potentialAction":[{"@type":"SearchAction","target":{"@type":"EntryPoint","urlTemplate":"https:\/\/www.welovecycling.com\/wide\/?s={search_term_string}"},"query-input":{"@type":"PropertyValueSpecification","valueRequired":true,"valueName":"search_term_string"}}],"inLanguage":"en-US"},{"@type":"Person","@id":"https:\/\/www.welovecycling.com\/wide\/#\/schema\/person\/50f01ecd18718d2333cf72e823c4f926","name":"tereza","image":{"@type":"ImageObject","inLanguage":"en-US","@id":"https:\/\/www.welovecycling.com\/wide\/#\/schema\/person\/image\/","url":"https:\/\/secure.gravatar.com\/avatar\/1f9eb71be33845f0afabce3791bc1c58ecdb0a25c62964987e5dbcf7a20d2ec7?s=96&d=mm&r=g","contentUrl":"https:\/\/secure.gravatar.com\/avatar\/1f9eb71be33845f0afabce3791bc1c58ecdb0a25c62964987e5dbcf7a20d2ec7?s=96&d=mm&r=g","caption":"tereza"},"url":"https:\/\/www.welovecycling.com\/wide\/author\/tereza\/"}]}},"_links":{"self":[{"href":"https:\/\/www.welovecycling.com\/wide\/wp-json\/wp\/v2\/posts\/190022","targetHints":{"allow":["GET"]}}],"collection":[{"href":"https:\/\/www.welovecycling.com\/wide\/wp-json\/wp\/v2\/posts"}],"about":[{"href":"https:\/\/www.welovecycling.com\/wide\/wp-json\/wp\/v2\/types\/post"}],"author":[{"embeddable":true,"href":"https:\/\/www.welovecycling.com\/wide\/wp-json\/wp\/v2\/users\/99"}],"replies":[{"embeddable":true,"href":"https:\/\/www.welovecycling.com\/wide\/wp-json\/wp\/v2\/comments?post=190022"}],"version-history":[{"count":2,"href":"https:\/\/www.welovecycling.com\/wide\/wp-json\/wp\/v2\/posts\/190022\/revisions"}],"predecessor-version":[{"id":190033,"href":"https:\/\/www.welovecycling.com\/wide\/wp-json\/wp\/v2\/posts\/190022\/revisions\/190033"}],"wp:featuredmedia":[{"embeddable":true,"href":"https:\/\/www.welovecycling.com\/wide\/wp-json\/wp\/v2\/media\/190024"}],"wp:attachment":[{"href":"https:\/\/www.welovecycling.com\/wide\/wp-json\/wp\/v2\/media?parent=190022"}],"wp:term":[{"taxonomy":"category","embeddable":true,"href":"https:\/\/www.welovecycling.com\/wide\/wp-json\/wp\/v2\/categories?post=190022"},{"taxonomy":"post_tag","embeddable":true,"href":"https:\/\/www.welovecycling.com\/wide\/wp-json\/wp\/v2\/tags?post=190022"},{"taxonomy":"global-categories","embeddable":true,"href":"https:\/\/www.welovecycling.com\/wide\/wp-json\/wp\/v2\/global-categories?post=190022"}],"curies":[{"name":"wp","href":"https:\/\/api.w.org\/{rel}","templated":true}]}}