{"id":189978,"date":"2022-06-30T12:07:39","date_gmt":"2022-06-30T12:07:39","guid":{"rendered":"https:\/\/www.welovecycling.com\/wide\/?p=189978"},"modified":"2022-06-30T12:07:39","modified_gmt":"2022-06-30T12:07:39","slug":"who-are-the-favorites-for-the-tour-de-france-skoda-green-jersey","status":"publish","type":"post","link":"https:\/\/www.welovecycling.com\/wide\/2022\/06\/30\/who-are-the-favorites-for-the-tour-de-france-skoda-green-jersey\/","title":{"rendered":"Who Are the Favorites for the Tour de France \u0160koda Green Jersey?"},"content":{"rendered":"<p><strong>Fans of the \u0160koda Green Jersey competition at the Tour de France are no doubt greatly relieved that seven-time winner Peter Sagan (Team TotalEnergies) and the multitalented Belgian Jumbo-Visma rider Wout van Aert will be at the <em>Grand D\u00e9part<\/em>\u00a0in Copenhagen when the three-week race kicks off on July 1.<\/strong><\/p>\n<p><!--more--><\/p>\n<p>Sagan came down with Covid for the third time during this year\u2019s Tour de Suisse, and his start in the Tour had been in doubt. But his press officer <a href=\"https:\/\/www.velonews.com\/events\/tour-de-france\/peter-sagan-confirmed-to-start-tour-de-france-after-recovering-from-third-bout-of-covid\/\">told VeloNews<\/a> this week that the 32-year-old Slovakian was good to go after his eighth \u0160koda Green Jersey win. \u201cPeter is very good, he\u2019s really good,\u201d the press officer said. \u201cHe tested positive but he had zero symptoms, and then he was negative. Luckily, he was asymptomatic, with zero problems. So it\u2019s all good.\u201d<\/p>\n<div class=\"embed-controller-wrapper\">\n<blockquote class=\"twitter-tweet\" data-width=\"500\" data-dnt=\"true\">\n<p lang=\"da\" dir=\"ltr\">Thank you Copenhagen, thank you Denmark! \ud83c\udde9\ud83c\uddf0\ud83c\udde9\ud83c\uddf0 That was a fantastic team presentation! See you on Friday at the start of the <a href=\"https:\/\/twitter.com\/LeTour?ref_src=twsrc%5Etfw\">@LeTour<\/a>\ud83d\udeb2\ud83d\udeb2\ud83d\udcaa<\/p>\n<p>Stor tak til K\u00f8benhavn, tak Danmark! \ud83c\udde9\ud83c\uddf0\ud83c\udde9\ud83c\uddf0 I har et helt enest\u00e5ende publikum!<\/p>\n<p>(Photos James Startt &amp; <a href=\"https:\/\/twitter.com\/SprintCycling?ref_src=twsrc%5Etfw\">@SprintCycling<\/a>) <a href=\"https:\/\/t.co\/vziDXxxxzZ\">pic.twitter.com\/vziDXxxxzZ<\/a><\/p>\n<p>&mdash; Peter Sagan (@petosagan) <a href=\"https:\/\/twitter.com\/petosagan\/status\/1542221826297942018?ref_src=twsrc%5Etfw\">June 29, 2022<\/a><\/p><\/blockquote>\n<p><script async data-src=\"https:\/\/platform.twitter.com\/widgets.js\" charset=\"utf-8\"><\/script><\/div>\n<p>Van Aert\u2019s start in the Tour was briefly called into question after he hit his knee on his handlebars during a training ride but the painful knock only kept him out of his home championships, which he skipped to ensure that he would be ready for the Tour. Van Aert <a href=\"https:\/\/www.welovecycling.com\/wide\/2021\/12\/13\/can-wout-van-aert-win-the-skoda-green-jersey\/\">has made it clear<\/a> that this year his primary goal in the Tour will not be to help teammates Primo\u017e Rogli\u010d and Jonas Vingegaard in the mountains, as he has in the past, but that he will go all out for the green. His victory in the mass sprint on the Champs-\u00c9lys\u00e9es in last year\u2019s Tour when he beat \u0160koda Green Jersey winner Mark Cavendish, preventing him from winning a record 35th Tour stage, sent a big message. And he has done little this spring to suggest that he will not be the favourite to take the points classification race, with green jersey victories in both the <a href=\"https:\/\/en.wikipedia.org\/wiki\/2022_Crit%C3%A9rium_du_Dauphin%C3%A9\">Crit\u00e9rium du Dauphin\u00e9<\/a> and Paris-Nice.<\/p>\n<p>But questions remain about Sagan\u2019s form, as a series of illnesses greatly reduced his preparations for the Tour. Still, this year\u2019s sprint stages seem tailor-made for a <em>puncheur<\/em> like Sagan who can win stages with long powerful sprints. Unfortunately for him, so can van Aert. Australian Caleb Ewan had a disastrous Giro d\u2019Italia, failing to win a single stage and dropping out of the race halfway through. But he is confident, <a href=\"https:\/\/www.velonews.com\/events\/tour-de-france\/caleb-ewan-im-on-track-to-be-really-good-at-the-tour-de-france\/\">telling VeloNews<\/a>, \u201cIf you know that you\u2019ve done everything right and you know your numbers are good, that also gives you confidence. It doesn\u2019t solely rely on results. I\u2019m on track to be really good at the Tour.\u201d And his Lotto Soudal team has beefed up its Tour de France squad to support Ewan in his quest for the green, putting new signing Reinardt Janse van Rensburg, Frederik Frison, Florian Vermeersch, and Brent Van More at his disposal to boost the Australian to the finish lines.<\/p>\n<p>Sagan\u2019s former team Bora-Hansgrohe is again counting on 31-year-old Irish rider Sam Bennett to end the Tour in green, as he did in 2020 for Deceuninck\u2013Quick-Step. However, Bennett has had a difficult 2022, not finding his best form until winning Eschborn-Frankfurt at the beginning of May. It\u2019s tough to bet against him but he may just be too short of fitness for this year\u2019s Tour de France<\/p>\n<p>Finally, Mark Cavendish who<a href=\"https:\/\/www.welovecycling.com\/wide\/2021\/07\/16\/skoda-green-jersey-overview-green-cavendish-on-the-verge-of-becoming-a-legend\/\" target=\"_blank\" rel=\"noopener\"> easily won the \u0160koda Green Jersey in last year\u2019s Tour<\/a> will not be lining up in Copenhagen. Instead, his Quick-Step Alpha Vinyl team is putting all its Green Jersey eggs in the basket of Fabio Jakobsen. And for good reasons. The 25-year-old Dutch rider has won three green jerseys this spring, in the <a href=\"https:\/\/en.wikipedia.org\/wiki\/2022_Volta_a_la_Comunitat_Valenciana\">Volta a la Comunitat Valenciana<\/a>, the <a href=\"https:\/\/en.wikipedia.org\/wiki\/2022_Volta_ao_Algarve\">Volta ao Algarve<\/a> and the Tour of Hungary. If van Aert falters, Jakobsen will certainly be the man to beat.<\/p>\n","protected":false},"excerpt":{"rendered":"<p>Fans of the \u0160koda Green Jersey competition at the Tour de France are no doubt greatly relieved that seven-time winner [&hellip;]<\/p>\n","protected":false},"author":99,"featured_media":189979,"comment_status":"open","ping_status":"open","sticky":false,"template":"","format":"standard","meta":{"footnotes":""},"categories":[329],"tags":[5778,5875,3891,461,381,1221,3453,845,831],"global-categories":[3366],"class_list":["post-189978","post","type-post","status-publish","format-standard","has-post-thumbnail","hentry","category-road-cycling","tag-2022-tour","tag-2022-tour-de-france","tag-fabio-jakobsen","tag-mark-cavendish","tag-peter-sagan","tag-primoz-roglic","tag-skoda-green-jersey","tag-tdf","tag-wout-van-aert","global-categories-cycling"],"yoast_head":"<!-- This site is optimized with the Yoast SEO Premium plugin v25.3 (Yoast SEO v25.9) - https:\/\/yoast.com\/wordpress\/plugins\/seo\/ -->\n<title>Who Are the Favorites for the Tour de France \u0160koda Green Jersey?<\/title>\n<meta name=\"description\" content=\"Fans of the \u0160koda Green Jersey competition at the Tour de France are no doubt greatly relieved that seven-time winner Peter Sagan (Team TotalEnergies) and\" \/>\n<meta name=\"robots\" content=\"index, follow, max-snippet:-1, max-image-preview:large, max-video-preview:-1\" \/>\n<link rel=\"canonical\" href=\"https:\/\/www.welovecycling.com\/wide\/2022\/06\/30\/who-are-the-favorites-for-the-tour-de-france-skoda-green-jersey\/\" \/>\n<meta property=\"og:locale\" content=\"en_US\" \/>\n<meta property=\"og:type\" content=\"article\" \/>\n<meta property=\"og:title\" content=\"Who Are the Favorites for the Tour de France \u0160koda Green Jersey?\" \/>\n<meta property=\"og:description\" content=\"Fans of the \u0160koda Green Jersey competition at the Tour de France are no doubt greatly relieved that seven-time winner Peter Sagan (Team TotalEnergies) and\" \/>\n<meta property=\"og:url\" content=\"https:\/\/www.welovecycling.com\/wide\/2022\/06\/30\/who-are-the-favorites-for-the-tour-de-france-skoda-green-jersey\/\" \/>\n<meta property=\"og:site_name\" content=\"\u0160koda We Love Cycling\" \/>\n<meta property=\"article:published_time\" content=\"2022-06-30T12:07:39+00:00\" \/>\n<meta property=\"og:image\" content=\"https:\/\/d2p6e6u75xmxt8.cloudfront.net\/2\/2022\/06\/Mark-Cavendish-profimedia-0621855073-CVR.webp\" \/>\n\t<meta property=\"og:image:width\" content=\"990\" \/>\n\t<meta property=\"og:image:height\" content=\"660\" \/>\n\t<meta property=\"og:image:type\" content=\"image\/webp\" \/>\n<meta name=\"author\" content=\"tereza\" \/>\n<meta name=\"twitter:card\" content=\"summary_large_image\" \/>\n<meta name=\"twitter:label1\" content=\"Written by\" \/>\n\t<meta name=\"twitter:data1\" content=\"Siegfried Mortkowitz\" \/>\n\t<meta name=\"twitter:label2\" content=\"Est. reading time\" \/>\n\t<meta name=\"twitter:data2\" content=\"5\" \/>\n<script type=\"application\/ld+json\" class=\"yoast-schema-graph\">{\"@context\":\"https:\/\/schema.org\",\"@graph\":[{\"@type\":\"WebPage\",\"@id\":\"https:\/\/www.welovecycling.com\/wide\/2022\/06\/30\/who-are-the-favorites-for-the-tour-de-france-skoda-green-jersey\/\",\"url\":\"https:\/\/www.welovecycling.com\/wide\/2022\/06\/30\/who-are-the-favorites-for-the-tour-de-france-skoda-green-jersey\/\",\"name\":\"Who Are the Favorites for the Tour de France \u0160koda Green Jersey?\",\"isPartOf\":{\"@id\":\"https:\/\/www.welovecycling.com\/wide\/#website\"},\"primaryImageOfPage\":{\"@id\":\"https:\/\/www.welovecycling.com\/wide\/2022\/06\/30\/who-are-the-favorites-for-the-tour-de-france-skoda-green-jersey\/#primaryimage\"},\"image\":{\"@id\":\"https:\/\/www.welovecycling.com\/wide\/2022\/06\/30\/who-are-the-favorites-for-the-tour-de-france-skoda-green-jersey\/#primaryimage\"},\"thumbnailUrl\":\"https:\/\/d2p6e6u75xmxt8.cloudfront.net\/2\/2022\/06\/Mark-Cavendish-profimedia-0621855073-CVR.webp\",\"datePublished\":\"2022-06-30T12:07:39+00:00\",\"author\":{\"@id\":\"https:\/\/www.welovecycling.com\/wide\/#\/schema\/person\/50f01ecd18718d2333cf72e823c4f926\"},\"description\":\"Fans of the \u0160koda Green Jersey competition at the Tour de France are no doubt greatly relieved that seven-time winner Peter Sagan (Team TotalEnergies) and\",\"breadcrumb\":{\"@id\":\"https:\/\/www.welovecycling.com\/wide\/2022\/06\/30\/who-are-the-favorites-for-the-tour-de-france-skoda-green-jersey\/#breadcrumb\"},\"inLanguage\":\"en-US\",\"potentialAction\":[{\"@type\":\"ReadAction\",\"target\":[\"https:\/\/www.welovecycling.com\/wide\/2022\/06\/30\/who-are-the-favorites-for-the-tour-de-france-skoda-green-jersey\/\"]}]},{\"@type\":\"ImageObject\",\"inLanguage\":\"en-US\",\"@id\":\"https:\/\/www.welovecycling.com\/wide\/2022\/06\/30\/who-are-the-favorites-for-the-tour-de-france-skoda-green-jersey\/#primaryimage\",\"url\":\"https:\/\/d2p6e6u75xmxt8.cloudfront.net\/2\/2022\/06\/Mark-Cavendish-profimedia-0621855073-CVR.webp\",\"contentUrl\":\"https:\/\/d2p6e6u75xmxt8.cloudfront.net\/2\/2022\/06\/Mark-Cavendish-profimedia-0621855073-CVR.webp\",\"width\":990,\"height\":660,\"caption\":\"Mark Cavendish\"},{\"@type\":\"BreadcrumbList\",\"@id\":\"https:\/\/www.welovecycling.com\/wide\/2022\/06\/30\/who-are-the-favorites-for-the-tour-de-france-skoda-green-jersey\/#breadcrumb\",\"itemListElement\":[{\"@type\":\"ListItem\",\"position\":1,\"name\":\"Home\",\"item\":\"https:\/\/www.welovecycling.com\/wide\/\"},{\"@type\":\"ListItem\",\"position\":2,\"name\":\"Who Are the Favorites for the Tour de France \u0160koda Green Jersey?\"}]},{\"@type\":\"WebSite\",\"@id\":\"https:\/\/www.welovecycling.com\/wide\/#website\",\"url\":\"https:\/\/www.welovecycling.com\/wide\/\",\"name\":\"\u0160koda We Love Cycling\",\"description\":\"\u0160koda We Love Cycling magazine\",\"alternateName\":\"\u0160koda WLC\",\"potentialAction\":[{\"@type\":\"SearchAction\",\"target\":{\"@type\":\"EntryPoint\",\"urlTemplate\":\"https:\/\/www.welovecycling.com\/wide\/?s={search_term_string}\"},\"query-input\":{\"@type\":\"PropertyValueSpecification\",\"valueRequired\":true,\"valueName\":\"search_term_string\"}}],\"inLanguage\":\"en-US\"},{\"@type\":\"Person\",\"@id\":\"https:\/\/www.welovecycling.com\/wide\/#\/schema\/person\/50f01ecd18718d2333cf72e823c4f926\",\"name\":\"tereza\",\"image\":{\"@type\":\"ImageObject\",\"inLanguage\":\"en-US\",\"@id\":\"https:\/\/www.welovecycling.com\/wide\/#\/schema\/person\/image\/\",\"url\":\"https:\/\/secure.gravatar.com\/avatar\/1f9eb71be33845f0afabce3791bc1c58ecdb0a25c62964987e5dbcf7a20d2ec7?s=96&d=mm&r=g\",\"contentUrl\":\"https:\/\/secure.gravatar.com\/avatar\/1f9eb71be33845f0afabce3791bc1c58ecdb0a25c62964987e5dbcf7a20d2ec7?s=96&d=mm&r=g\",\"caption\":\"tereza\"},\"url\":\"https:\/\/www.welovecycling.com\/wide\/author\/tereza\/\"}]}<\/script>\n<!-- \/ Yoast SEO Premium plugin. -->","yoast_head_json":{"title":"Who Are the Favorites for the Tour de France \u0160koda Green Jersey?","description":"Fans of the \u0160koda Green Jersey competition at the Tour de France are no doubt greatly relieved that seven-time winner Peter Sagan (Team TotalEnergies) and","robots":{"index":"index","follow":"follow","max-snippet":"max-snippet:-1","max-image-preview":"max-image-preview:large","max-video-preview":"max-video-preview:-1"},"canonical":"https:\/\/www.welovecycling.com\/wide\/2022\/06\/30\/who-are-the-favorites-for-the-tour-de-france-skoda-green-jersey\/","og_locale":"en_US","og_type":"article","og_title":"Who Are the Favorites for the Tour de France \u0160koda Green Jersey?","og_description":"Fans of the \u0160koda Green Jersey competition at the Tour de France are no doubt greatly relieved that seven-time winner Peter Sagan (Team TotalEnergies) and","og_url":"https:\/\/www.welovecycling.com\/wide\/2022\/06\/30\/who-are-the-favorites-for-the-tour-de-france-skoda-green-jersey\/","og_site_name":"\u0160koda We Love Cycling","article_published_time":"2022-06-30T12:07:39+00:00","og_image":[{"width":990,"height":660,"url":"https:\/\/d2p6e6u75xmxt8.cloudfront.net\/2\/2022\/06\/Mark-Cavendish-profimedia-0621855073-CVR.webp","type":"image\/webp"}],"author":"tereza","twitter_card":"summary_large_image","twitter_misc":{"Written by":"Siegfried Mortkowitz","Est. reading time":"5"},"schema":{"@context":"https:\/\/schema.org","@graph":[{"@type":"WebPage","@id":"https:\/\/www.welovecycling.com\/wide\/2022\/06\/30\/who-are-the-favorites-for-the-tour-de-france-skoda-green-jersey\/","url":"https:\/\/www.welovecycling.com\/wide\/2022\/06\/30\/who-are-the-favorites-for-the-tour-de-france-skoda-green-jersey\/","name":"Who Are the Favorites for the Tour de France \u0160koda Green Jersey?","isPartOf":{"@id":"https:\/\/www.welovecycling.com\/wide\/#website"},"primaryImageOfPage":{"@id":"https:\/\/www.welovecycling.com\/wide\/2022\/06\/30\/who-are-the-favorites-for-the-tour-de-france-skoda-green-jersey\/#primaryimage"},"image":{"@id":"https:\/\/www.welovecycling.com\/wide\/2022\/06\/30\/who-are-the-favorites-for-the-tour-de-france-skoda-green-jersey\/#primaryimage"},"thumbnailUrl":"https:\/\/d2p6e6u75xmxt8.cloudfront.net\/2\/2022\/06\/Mark-Cavendish-profimedia-0621855073-CVR.webp","datePublished":"2022-06-30T12:07:39+00:00","author":{"@id":"https:\/\/www.welovecycling.com\/wide\/#\/schema\/person\/50f01ecd18718d2333cf72e823c4f926"},"description":"Fans of the \u0160koda Green Jersey competition at the Tour de France are no doubt greatly relieved that seven-time winner Peter Sagan (Team TotalEnergies) and","breadcrumb":{"@id":"https:\/\/www.welovecycling.com\/wide\/2022\/06\/30\/who-are-the-favorites-for-the-tour-de-france-skoda-green-jersey\/#breadcrumb"},"inLanguage":"en-US","potentialAction":[{"@type":"ReadAction","target":["https:\/\/www.welovecycling.com\/wide\/2022\/06\/30\/who-are-the-favorites-for-the-tour-de-france-skoda-green-jersey\/"]}]},{"@type":"ImageObject","inLanguage":"en-US","@id":"https:\/\/www.welovecycling.com\/wide\/2022\/06\/30\/who-are-the-favorites-for-the-tour-de-france-skoda-green-jersey\/#primaryimage","url":"https:\/\/d2p6e6u75xmxt8.cloudfront.net\/2\/2022\/06\/Mark-Cavendish-profimedia-0621855073-CVR.webp","contentUrl":"https:\/\/d2p6e6u75xmxt8.cloudfront.net\/2\/2022\/06\/Mark-Cavendish-profimedia-0621855073-CVR.webp","width":990,"height":660,"caption":"Mark Cavendish"},{"@type":"BreadcrumbList","@id":"https:\/\/www.welovecycling.com\/wide\/2022\/06\/30\/who-are-the-favorites-for-the-tour-de-france-skoda-green-jersey\/#breadcrumb","itemListElement":[{"@type":"ListItem","position":1,"name":"Home","item":"https:\/\/www.welovecycling.com\/wide\/"},{"@type":"ListItem","position":2,"name":"Who Are the Favorites for the Tour de France \u0160koda Green Jersey?"}]},{"@type":"WebSite","@id":"https:\/\/www.welovecycling.com\/wide\/#website","url":"https:\/\/www.welovecycling.com\/wide\/","name":"\u0160koda We Love Cycling","description":"\u0160koda We Love Cycling magazine","alternateName":"\u0160koda WLC","potentialAction":[{"@type":"SearchAction","target":{"@type":"EntryPoint","urlTemplate":"https:\/\/www.welovecycling.com\/wide\/?s={search_term_string}"},"query-input":{"@type":"PropertyValueSpecification","valueRequired":true,"valueName":"search_term_string"}}],"inLanguage":"en-US"},{"@type":"Person","@id":"https:\/\/www.welovecycling.com\/wide\/#\/schema\/person\/50f01ecd18718d2333cf72e823c4f926","name":"tereza","image":{"@type":"ImageObject","inLanguage":"en-US","@id":"https:\/\/www.welovecycling.com\/wide\/#\/schema\/person\/image\/","url":"https:\/\/secure.gravatar.com\/avatar\/1f9eb71be33845f0afabce3791bc1c58ecdb0a25c62964987e5dbcf7a20d2ec7?s=96&d=mm&r=g","contentUrl":"https:\/\/secure.gravatar.com\/avatar\/1f9eb71be33845f0afabce3791bc1c58ecdb0a25c62964987e5dbcf7a20d2ec7?s=96&d=mm&r=g","caption":"tereza"},"url":"https:\/\/www.welovecycling.com\/wide\/author\/tereza\/"}]}},"_links":{"self":[{"href":"https:\/\/www.welovecycling.com\/wide\/wp-json\/wp\/v2\/posts\/189978","targetHints":{"allow":["GET"]}}],"collection":[{"href":"https:\/\/www.welovecycling.com\/wide\/wp-json\/wp\/v2\/posts"}],"about":[{"href":"https:\/\/www.welovecycling.com\/wide\/wp-json\/wp\/v2\/types\/post"}],"author":[{"embeddable":true,"href":"https:\/\/www.welovecycling.com\/wide\/wp-json\/wp\/v2\/users\/99"}],"replies":[{"embeddable":true,"href":"https:\/\/www.welovecycling.com\/wide\/wp-json\/wp\/v2\/comments?post=189978"}],"version-history":[{"count":1,"href":"https:\/\/www.welovecycling.com\/wide\/wp-json\/wp\/v2\/posts\/189978\/revisions"}],"predecessor-version":[{"id":189981,"href":"https:\/\/www.welovecycling.com\/wide\/wp-json\/wp\/v2\/posts\/189978\/revisions\/189981"}],"wp:featuredmedia":[{"embeddable":true,"href":"https:\/\/www.welovecycling.com\/wide\/wp-json\/wp\/v2\/media\/189979"}],"wp:attachment":[{"href":"https:\/\/www.welovecycling.com\/wide\/wp-json\/wp\/v2\/media?parent=189978"}],"wp:term":[{"taxonomy":"category","embeddable":true,"href":"https:\/\/www.welovecycling.com\/wide\/wp-json\/wp\/v2\/categories?post=189978"},{"taxonomy":"post_tag","embeddable":true,"href":"https:\/\/www.welovecycling.com\/wide\/wp-json\/wp\/v2\/tags?post=189978"},{"taxonomy":"global-categories","embeddable":true,"href":"https:\/\/www.welovecycling.com\/wide\/wp-json\/wp\/v2\/global-categories?post=189978"}],"curies":[{"name":"wp","href":"https:\/\/api.w.org\/{rel}","templated":true}]}}