{"id":189830,"date":"2022-06-20T12:02:42","date_gmt":"2022-06-20T12:02:42","guid":{"rendered":"https:\/\/www.welovecycling.com\/wide\/?p=189830"},"modified":"2022-06-20T12:02:42","modified_gmt":"2022-06-20T12:02:42","slug":"will-peter-sagan-race-for-the-tour-de-france-green-jersey","status":"publish","type":"post","link":"https:\/\/www.welovecycling.com\/wide\/2022\/06\/20\/will-peter-sagan-race-for-the-tour-de-france-green-jersey\/","title":{"rendered":"Will Peter Sagan Race for the Tour de France Green Jersey?"},"content":{"rendered":"<p>This has been a terrible year for Peter Sagan, which was made even worse on Saturday when the seven-time winner of the Tour de France green jersey announced on Twitter that he had come down with Covid for the third time and was dropping out of the Tour de Suisse.<\/p>\n<p><!--more--><\/p>\n<p>Sagan was one of more than 40 riders forced to abandon the race because of the coronavirus, in what one <a href=\"https:\/\/www.ouest-france.fr\/sport\/cyclisme\/le-covid-explose-sur-le-tour-de-suisse-tout-le-monde-a-les-chocottes-avant-le-tour-de-france-d71e6482-ee19-11ec-8a3d-5fe123df4f36\">French newspaper described<\/a> as \u201ca carnage.\u201d It is unclear if this mass outbreak will have consequences for the Tour, which kicks off in Copenhagen in less than two weeks. But for Sagan, this latest setback may just be the proverbial last straw in his quest to be ready for the Grand D\u00e9part\u00a0in Copenhagen.<\/p>\n<p>Sagan had previously been sidelined by Covid in February 2021 and at the beginning of this year, an illness that provoked a series of setbacks, which caused him to miss three months of racing. Ironically, his victory in a mass sprint in stage 3 of the Tour de Suisse seemed to signal a return to form for the 32-year-old Slovak. It remains to be seen how much this latest misfortune will set him back.<\/p>\n<div class=\"embed-controller-wrapper\">\n<blockquote class=\"twitter-tweet\" data-width=\"500\" data-dnt=\"true\">\n<p lang=\"en\" dir=\"ltr\">Yesterday, Saturday, after the finish of <a href=\"https:\/\/twitter.com\/tds?ref_src=twsrc%5Etfw\">@tds<\/a> stage 7, I was given a COVID-19 test by the <a href=\"https:\/\/twitter.com\/TeamTotalEnrg?ref_src=twsrc%5Etfw\">@TeamTotalEnrg<\/a>  doctor. Unfortunately, it came out positive. I have no symptoms, and I feel well but I have to abandon the race. I thank you for your support and I will keep you posted. <a href=\"https:\/\/t.co\/5fIiTW3jQd\">pic.twitter.com\/5fIiTW3jQd<\/a><\/p>\n<p>&mdash; Peter Sagan (@petosagan) <a href=\"https:\/\/twitter.com\/petosagan\/status\/1538461702831865857?ref_src=twsrc%5Etfw\">June 19, 2022<\/a><\/p><\/blockquote>\n<p><script async data-src=\"https:\/\/platform.twitter.com\/widgets.js\" charset=\"utf-8\"><\/script><\/div>\n<p>The Tour de Suisse stage victory was his first win in more than nine months and came after a series of personal reverses. First, in January, came Covid.<\/p>\n<p>In early March he dropped out of Tirreno-Adriatico, complaining of fever and stomach problems. He then skipped the Tour of Flanders and tried to come back in the Circuit de la Sarthe, only to drop out before the end of the second stage. That event forced him to pass on Paris-Roubaix. It also created headlines around the cycling world, with Sagan and his new team, Team TotalEnergies, unable to provide details about his state of health. \u201cI don&#8217;t feel well, I often feel tired and I\u2019ve got to find out why,\u201d Sagan told\u00a0<a href=\"https:\/\/www.gazzetta.it\/Ciclismo\/08-04-2022\/crisi-sagan-mi-sento-sempre-stanco-devo-capire-perche-4302211385445_preview.shtml?reason=unauthenticated&amp;origin=http%3A%2F%2Fwww.gazzetta.it%2FCiclismo%2F08-04-2022%2Fcrisi-sagan-mi-sento-sempre-stanco-devo-capi\">La Gazzetta dello Sport <\/a>at the time.<\/p>\n<p>His press officer Gabriele Ubaldi <a href=\"https:\/\/www.tuttobiciweb.it\/article\/2022\/04\/08\/1649359547\/sagan-esami-problemi-stagione-2022\">told Tuttobiciweb<\/a>, \u201cHis legs hurt far more than normally and he finds it difficult to make big efforts. He sometimes feels light-headed and is often really tired.\u201d He then went to France for tests and was eventually allowed to join his team\u2019s high-altitude training camp in Utah at the end of April. The Tour de Suisse victory was meant to signal his comeback, though the undemonstrative Sagan seemed to take it in stride. \u201cIt\u2019s nice to be back,\u201d he <a href=\"https:\/\/www.youtube.com\/watch?v=UnPAs4tiGmc\">told an interviewer<\/a> after the stage win. \u201cIt\u2019s just a stage win. I\u2019m happy for that and I\u2019m happy for my team.\u201d<\/p>\n<p>He told another journalist, \u201cI hope [that I\u2019m back]. It was not easy, the last months, and it\u2019s not easy to come back after a long break without racing\u2026 It\u2019s nice to win but I hope I\u2019m going to grow still for the Tour de France.\u201d<\/p>\n<p>All cycling fans were hoping that Sagan would be ready for the Tour, for a mano a mano with Jumbo-Visma\u2019s Wout van Aert who <a href=\"https:\/\/www.welovecycling.com\/wide\/2021\/12\/13\/can-wout-van-aert-win-the-skoda-green-jersey\/\">has declared<\/a> that he is going for the green jersey this year. With last year\u2019s green jersey winner Mark Cavendish not riding in the Tour this year, and this year\u2019s sprint stages tailored to favour the punchy sprinters, such as van Aert and Sagan as well as the indomitable Mathieu van der Poel (Alpecin-Fenix), it looked set to be a mouth-watering points classification competition.<\/p>\n<p>But Sagan\u2019s third struggle with Covid may be a bridge too far to cross even for the man who was once considered the best cyclist in the world. In his tweet, he said he was asymptomatic and feels well, so the illness may not cause him to lose much training time. It\u2019s finger-crossing time for green-jersey aficionados.<\/p>\n","protected":false},"excerpt":{"rendered":"<p>This has been a terrible year for Peter Sagan, which was made even worse on Saturday when the seven-time winner [&hellip;]<\/p>\n","protected":false},"author":99,"featured_media":189832,"comment_status":"open","ping_status":"open","sticky":false,"template":"","format":"standard","meta":{"footnotes":""},"categories":[329],"tags":[6457,381,583,5027,831],"global-categories":[3366],"class_list":["post-189830","post","type-post","status-publish","format-standard","has-post-thumbnail","hentry","category-road-cycling","tag-2022-tour-de-suisse","tag-peter-sagan","tag-road-cycling","tag-tirreno-adriatico","tag-wout-van-aert","global-categories-cycling"],"yoast_head":"<!-- This site is optimized with the Yoast SEO Premium plugin v25.3 (Yoast SEO v25.9) - https:\/\/yoast.com\/wordpress\/plugins\/seo\/ -->\n<title>Will Peter Sagan Race for the Tour de France Green Jersey?<\/title>\n<meta name=\"description\" content=\"This has been a terrible year for Peter Sagan, which was made even worse on Saturday when the seven-time winner of the Tour de France green jersey\" \/>\n<meta name=\"robots\" content=\"index, follow, max-snippet:-1, max-image-preview:large, max-video-preview:-1\" \/>\n<link rel=\"canonical\" href=\"https:\/\/www.welovecycling.com\/wide\/2022\/06\/20\/will-peter-sagan-race-for-the-tour-de-france-green-jersey\/\" \/>\n<meta property=\"og:locale\" content=\"en_US\" \/>\n<meta property=\"og:type\" content=\"article\" \/>\n<meta property=\"og:title\" content=\"Will Peter Sagan Race for the Tour de France Green Jersey?\" \/>\n<meta property=\"og:description\" content=\"This has been a terrible year for Peter Sagan, which was made even worse on Saturday when the seven-time winner of the Tour de France green jersey\" \/>\n<meta property=\"og:url\" content=\"https:\/\/www.welovecycling.com\/wide\/2022\/06\/20\/will-peter-sagan-race-for-the-tour-de-france-green-jersey\/\" \/>\n<meta property=\"og:site_name\" content=\"\u0160koda We Love Cycling\" \/>\n<meta property=\"article:published_time\" content=\"2022-06-20T12:02:42+00:00\" \/>\n<meta property=\"og:image\" content=\"https:\/\/d2p6e6u75xmxt8.cloudfront.net\/2\/2022\/06\/Peter-Sagan-profimedia-0671914584-CVR.webp\" \/>\n\t<meta property=\"og:image:width\" content=\"990\" \/>\n\t<meta property=\"og:image:height\" content=\"660\" \/>\n\t<meta property=\"og:image:type\" content=\"image\/webp\" \/>\n<meta name=\"author\" content=\"tereza\" \/>\n<meta name=\"twitter:card\" content=\"summary_large_image\" \/>\n<meta name=\"twitter:label1\" content=\"Written by\" \/>\n\t<meta name=\"twitter:data1\" content=\"Siegfried Mortkowitz\" \/>\n\t<meta name=\"twitter:label2\" content=\"Est. reading time\" \/>\n\t<meta name=\"twitter:data2\" content=\"6\" \/>\n<script type=\"application\/ld+json\" class=\"yoast-schema-graph\">{\"@context\":\"https:\/\/schema.org\",\"@graph\":[{\"@type\":\"WebPage\",\"@id\":\"https:\/\/www.welovecycling.com\/wide\/2022\/06\/20\/will-peter-sagan-race-for-the-tour-de-france-green-jersey\/\",\"url\":\"https:\/\/www.welovecycling.com\/wide\/2022\/06\/20\/will-peter-sagan-race-for-the-tour-de-france-green-jersey\/\",\"name\":\"Will Peter Sagan Race for the Tour de France Green Jersey?\",\"isPartOf\":{\"@id\":\"https:\/\/www.welovecycling.com\/wide\/#website\"},\"primaryImageOfPage\":{\"@id\":\"https:\/\/www.welovecycling.com\/wide\/2022\/06\/20\/will-peter-sagan-race-for-the-tour-de-france-green-jersey\/#primaryimage\"},\"image\":{\"@id\":\"https:\/\/www.welovecycling.com\/wide\/2022\/06\/20\/will-peter-sagan-race-for-the-tour-de-france-green-jersey\/#primaryimage\"},\"thumbnailUrl\":\"https:\/\/d2p6e6u75xmxt8.cloudfront.net\/2\/2022\/06\/Peter-Sagan-profimedia-0671914584-CVR.webp\",\"datePublished\":\"2022-06-20T12:02:42+00:00\",\"author\":{\"@id\":\"https:\/\/www.welovecycling.com\/wide\/#\/schema\/person\/50f01ecd18718d2333cf72e823c4f926\"},\"description\":\"This has been a terrible year for Peter Sagan, which was made even worse on Saturday when the seven-time winner of the Tour de France green jersey\",\"breadcrumb\":{\"@id\":\"https:\/\/www.welovecycling.com\/wide\/2022\/06\/20\/will-peter-sagan-race-for-the-tour-de-france-green-jersey\/#breadcrumb\"},\"inLanguage\":\"en-US\",\"potentialAction\":[{\"@type\":\"ReadAction\",\"target\":[\"https:\/\/www.welovecycling.com\/wide\/2022\/06\/20\/will-peter-sagan-race-for-the-tour-de-france-green-jersey\/\"]}]},{\"@type\":\"ImageObject\",\"inLanguage\":\"en-US\",\"@id\":\"https:\/\/www.welovecycling.com\/wide\/2022\/06\/20\/will-peter-sagan-race-for-the-tour-de-france-green-jersey\/#primaryimage\",\"url\":\"https:\/\/d2p6e6u75xmxt8.cloudfront.net\/2\/2022\/06\/Peter-Sagan-profimedia-0671914584-CVR.webp\",\"contentUrl\":\"https:\/\/d2p6e6u75xmxt8.cloudfront.net\/2\/2022\/06\/Peter-Sagan-profimedia-0671914584-CVR.webp\",\"width\":990,\"height\":660,\"caption\":\"Peter Sagan\"},{\"@type\":\"BreadcrumbList\",\"@id\":\"https:\/\/www.welovecycling.com\/wide\/2022\/06\/20\/will-peter-sagan-race-for-the-tour-de-france-green-jersey\/#breadcrumb\",\"itemListElement\":[{\"@type\":\"ListItem\",\"position\":1,\"name\":\"Home\",\"item\":\"https:\/\/www.welovecycling.com\/wide\/\"},{\"@type\":\"ListItem\",\"position\":2,\"name\":\"Will Peter Sagan Race for the Tour de France Green Jersey?\"}]},{\"@type\":\"WebSite\",\"@id\":\"https:\/\/www.welovecycling.com\/wide\/#website\",\"url\":\"https:\/\/www.welovecycling.com\/wide\/\",\"name\":\"\u0160koda We Love Cycling\",\"description\":\"\u0160koda We Love Cycling magazine\",\"alternateName\":\"\u0160koda WLC\",\"potentialAction\":[{\"@type\":\"SearchAction\",\"target\":{\"@type\":\"EntryPoint\",\"urlTemplate\":\"https:\/\/www.welovecycling.com\/wide\/?s={search_term_string}\"},\"query-input\":{\"@type\":\"PropertyValueSpecification\",\"valueRequired\":true,\"valueName\":\"search_term_string\"}}],\"inLanguage\":\"en-US\"},{\"@type\":\"Person\",\"@id\":\"https:\/\/www.welovecycling.com\/wide\/#\/schema\/person\/50f01ecd18718d2333cf72e823c4f926\",\"name\":\"tereza\",\"image\":{\"@type\":\"ImageObject\",\"inLanguage\":\"en-US\",\"@id\":\"https:\/\/www.welovecycling.com\/wide\/#\/schema\/person\/image\/\",\"url\":\"https:\/\/secure.gravatar.com\/avatar\/1f9eb71be33845f0afabce3791bc1c58ecdb0a25c62964987e5dbcf7a20d2ec7?s=96&d=mm&r=g\",\"contentUrl\":\"https:\/\/secure.gravatar.com\/avatar\/1f9eb71be33845f0afabce3791bc1c58ecdb0a25c62964987e5dbcf7a20d2ec7?s=96&d=mm&r=g\",\"caption\":\"tereza\"},\"url\":\"https:\/\/www.welovecycling.com\/wide\/author\/tereza\/\"}]}<\/script>\n<!-- \/ Yoast SEO Premium plugin. -->","yoast_head_json":{"title":"Will Peter Sagan Race for the Tour de France Green Jersey?","description":"This has been a terrible year for Peter Sagan, which was made even worse on Saturday when the seven-time winner of the Tour de France green jersey","robots":{"index":"index","follow":"follow","max-snippet":"max-snippet:-1","max-image-preview":"max-image-preview:large","max-video-preview":"max-video-preview:-1"},"canonical":"https:\/\/www.welovecycling.com\/wide\/2022\/06\/20\/will-peter-sagan-race-for-the-tour-de-france-green-jersey\/","og_locale":"en_US","og_type":"article","og_title":"Will Peter Sagan Race for the Tour de France Green Jersey?","og_description":"This has been a terrible year for Peter Sagan, which was made even worse on Saturday when the seven-time winner of the Tour de France green jersey","og_url":"https:\/\/www.welovecycling.com\/wide\/2022\/06\/20\/will-peter-sagan-race-for-the-tour-de-france-green-jersey\/","og_site_name":"\u0160koda We Love Cycling","article_published_time":"2022-06-20T12:02:42+00:00","og_image":[{"width":990,"height":660,"url":"https:\/\/d2p6e6u75xmxt8.cloudfront.net\/2\/2022\/06\/Peter-Sagan-profimedia-0671914584-CVR.webp","type":"image\/webp"}],"author":"tereza","twitter_card":"summary_large_image","twitter_misc":{"Written by":"Siegfried Mortkowitz","Est. reading time":"6"},"schema":{"@context":"https:\/\/schema.org","@graph":[{"@type":"WebPage","@id":"https:\/\/www.welovecycling.com\/wide\/2022\/06\/20\/will-peter-sagan-race-for-the-tour-de-france-green-jersey\/","url":"https:\/\/www.welovecycling.com\/wide\/2022\/06\/20\/will-peter-sagan-race-for-the-tour-de-france-green-jersey\/","name":"Will Peter Sagan Race for the Tour de France Green Jersey?","isPartOf":{"@id":"https:\/\/www.welovecycling.com\/wide\/#website"},"primaryImageOfPage":{"@id":"https:\/\/www.welovecycling.com\/wide\/2022\/06\/20\/will-peter-sagan-race-for-the-tour-de-france-green-jersey\/#primaryimage"},"image":{"@id":"https:\/\/www.welovecycling.com\/wide\/2022\/06\/20\/will-peter-sagan-race-for-the-tour-de-france-green-jersey\/#primaryimage"},"thumbnailUrl":"https:\/\/d2p6e6u75xmxt8.cloudfront.net\/2\/2022\/06\/Peter-Sagan-profimedia-0671914584-CVR.webp","datePublished":"2022-06-20T12:02:42+00:00","author":{"@id":"https:\/\/www.welovecycling.com\/wide\/#\/schema\/person\/50f01ecd18718d2333cf72e823c4f926"},"description":"This has been a terrible year for Peter Sagan, which was made even worse on Saturday when the seven-time winner of the Tour de France green jersey","breadcrumb":{"@id":"https:\/\/www.welovecycling.com\/wide\/2022\/06\/20\/will-peter-sagan-race-for-the-tour-de-france-green-jersey\/#breadcrumb"},"inLanguage":"en-US","potentialAction":[{"@type":"ReadAction","target":["https:\/\/www.welovecycling.com\/wide\/2022\/06\/20\/will-peter-sagan-race-for-the-tour-de-france-green-jersey\/"]}]},{"@type":"ImageObject","inLanguage":"en-US","@id":"https:\/\/www.welovecycling.com\/wide\/2022\/06\/20\/will-peter-sagan-race-for-the-tour-de-france-green-jersey\/#primaryimage","url":"https:\/\/d2p6e6u75xmxt8.cloudfront.net\/2\/2022\/06\/Peter-Sagan-profimedia-0671914584-CVR.webp","contentUrl":"https:\/\/d2p6e6u75xmxt8.cloudfront.net\/2\/2022\/06\/Peter-Sagan-profimedia-0671914584-CVR.webp","width":990,"height":660,"caption":"Peter Sagan"},{"@type":"BreadcrumbList","@id":"https:\/\/www.welovecycling.com\/wide\/2022\/06\/20\/will-peter-sagan-race-for-the-tour-de-france-green-jersey\/#breadcrumb","itemListElement":[{"@type":"ListItem","position":1,"name":"Home","item":"https:\/\/www.welovecycling.com\/wide\/"},{"@type":"ListItem","position":2,"name":"Will Peter Sagan Race for the Tour de France Green Jersey?"}]},{"@type":"WebSite","@id":"https:\/\/www.welovecycling.com\/wide\/#website","url":"https:\/\/www.welovecycling.com\/wide\/","name":"\u0160koda We Love Cycling","description":"\u0160koda We Love Cycling magazine","alternateName":"\u0160koda WLC","potentialAction":[{"@type":"SearchAction","target":{"@type":"EntryPoint","urlTemplate":"https:\/\/www.welovecycling.com\/wide\/?s={search_term_string}"},"query-input":{"@type":"PropertyValueSpecification","valueRequired":true,"valueName":"search_term_string"}}],"inLanguage":"en-US"},{"@type":"Person","@id":"https:\/\/www.welovecycling.com\/wide\/#\/schema\/person\/50f01ecd18718d2333cf72e823c4f926","name":"tereza","image":{"@type":"ImageObject","inLanguage":"en-US","@id":"https:\/\/www.welovecycling.com\/wide\/#\/schema\/person\/image\/","url":"https:\/\/secure.gravatar.com\/avatar\/1f9eb71be33845f0afabce3791bc1c58ecdb0a25c62964987e5dbcf7a20d2ec7?s=96&d=mm&r=g","contentUrl":"https:\/\/secure.gravatar.com\/avatar\/1f9eb71be33845f0afabce3791bc1c58ecdb0a25c62964987e5dbcf7a20d2ec7?s=96&d=mm&r=g","caption":"tereza"},"url":"https:\/\/www.welovecycling.com\/wide\/author\/tereza\/"}]}},"_links":{"self":[{"href":"https:\/\/www.welovecycling.com\/wide\/wp-json\/wp\/v2\/posts\/189830","targetHints":{"allow":["GET"]}}],"collection":[{"href":"https:\/\/www.welovecycling.com\/wide\/wp-json\/wp\/v2\/posts"}],"about":[{"href":"https:\/\/www.welovecycling.com\/wide\/wp-json\/wp\/v2\/types\/post"}],"author":[{"embeddable":true,"href":"https:\/\/www.welovecycling.com\/wide\/wp-json\/wp\/v2\/users\/99"}],"replies":[{"embeddable":true,"href":"https:\/\/www.welovecycling.com\/wide\/wp-json\/wp\/v2\/comments?post=189830"}],"version-history":[{"count":1,"href":"https:\/\/www.welovecycling.com\/wide\/wp-json\/wp\/v2\/posts\/189830\/revisions"}],"predecessor-version":[{"id":189833,"href":"https:\/\/www.welovecycling.com\/wide\/wp-json\/wp\/v2\/posts\/189830\/revisions\/189833"}],"wp:featuredmedia":[{"embeddable":true,"href":"https:\/\/www.welovecycling.com\/wide\/wp-json\/wp\/v2\/media\/189832"}],"wp:attachment":[{"href":"https:\/\/www.welovecycling.com\/wide\/wp-json\/wp\/v2\/media?parent=189830"}],"wp:term":[{"taxonomy":"category","embeddable":true,"href":"https:\/\/www.welovecycling.com\/wide\/wp-json\/wp\/v2\/categories?post=189830"},{"taxonomy":"post_tag","embeddable":true,"href":"https:\/\/www.welovecycling.com\/wide\/wp-json\/wp\/v2\/tags?post=189830"},{"taxonomy":"global-categories","embeddable":true,"href":"https:\/\/www.welovecycling.com\/wide\/wp-json\/wp\/v2\/global-categories?post=189830"}],"curies":[{"name":"wp","href":"https:\/\/api.w.org\/{rel}","templated":true}]}}