{"id":189698,"date":"2022-06-07T07:47:24","date_gmt":"2022-06-07T07:47:24","guid":{"rendered":"https:\/\/www.welovecycling.com\/wide\/?p=189698"},"modified":"2022-06-07T07:47:24","modified_gmt":"2022-06-07T07:47:24","slug":"collecting-the-sounds-of-copenhagen-on-an-e-cargo-bike","status":"publish","type":"post","link":"https:\/\/www.welovecycling.com\/wide\/2022\/06\/07\/collecting-the-sounds-of-copenhagen-on-an-e-cargo-bike\/","title":{"rendered":"Collecting the Sounds of Copenhagen on an E-Cargo Bike"},"content":{"rendered":"<p><strong>Listen. Sea waves crash against the pier, straws on the dunes rustle in the wind, raindrops splash into puddles on the road. In the middle of all this stands Sofie Birch with her furry microphone. The music producer and DJ from Copenhagen is interested in one thing above all: the sound of her surroundings. Between the silence of nature and the noise of her hometown, she records every sound and transforms it into artistic compositions. The result is delicate, melodic, and unique.<\/strong><\/p>\n<p><!--more--><\/p>\n<p><a href=\"https:\/\/www.instagram.com\/sofiebirchxix\/\">Sofie Birch<\/a> travels to her soundscapes on an e-cargo bike, which is the most sustainable and fastest mode of transport she could have acquired. Since 2005, Copenhagen has invested around 135 million euros in <a href=\"https:\/\/www.welovecycling.com\/wide\/2022\/04\/28\/are-european-cities-keeping-their-cycling-infrastructure-promises\/\" target=\"_blank\" rel=\"noopener\">cycling infrastructure,<\/a> making the city one of the most progressive and cycling-friendly in the world.<\/p>\n<figure id=\"attachment_189700\" aria-describedby=\"caption-attachment-189700\" style=\"width: 1005px\" class=\"wp-caption alignnone\"><a href=\"https:\/\/d2p6e6u75xmxt8.cloudfront.net\/2\/2022\/06\/sofie_birch4-1.jpg\"><img loading=\"lazy\" decoding=\"async\" class=\"wp-image-189700 size-full\" src=\"https:\/\/d2p6e6u75xmxt8.cloudfront.net\/2\/2022\/06\/sofie_birch4-1.jpg\" alt=\"Sofie Birch\" width=\"1005\" height=\"670\" \/><\/a><figcaption id=\"caption-attachment-189700\" class=\"wp-caption-text\">\u00a9 Sofie Birch<\/figcaption><\/figure>\n<p>There is growing interest in e-cargo bikes in cities other than Copenhagen, which is considered a cycling mecca even beyond its borders. The German market, for example, is setting new records. Of the two million electric bikes sold in 2021, 120,000 were e-cargo bikes, which means cargo bikes with electric drive.<\/p>\n<p>The Cargo Line bike equipped with a drive from <a href=\"https:\/\/www.bosch-ebike.com\/en\/\">Bosch eBike Systems<\/a> offers Sofie plenty of small pleasures. In addition to accommodating the entire audio equipment, the display on the handlebars shows how fast she is going, how far she has travelled or what is the range in relation to the current battery capacity, which makes Sofie confident not to run out of power on her long journeys around the sea coast.<\/p>\n<figure id=\"attachment_189701\" aria-describedby=\"caption-attachment-189701\" style=\"width: 1094px\" class=\"wp-caption alignnone\"><a href=\"https:\/\/d2p6e6u75xmxt8.cloudfront.net\/2\/2022\/06\/sofie_birch6-1.jpg\"><img loading=\"lazy\" decoding=\"async\" class=\"wp-image-189701 size-full\" src=\"https:\/\/d2p6e6u75xmxt8.cloudfront.net\/2\/2022\/06\/sofie_birch6-1.jpg\" alt=\"Sofie Birch\" width=\"1094\" height=\"616\" \/><\/a><figcaption id=\"caption-attachment-189701\" class=\"wp-caption-text\">\u00a9 Sofie Birch<\/figcaption><\/figure>\n<p>Digital navigation has helped her many times. Sofie likes to use offline maps to get to her destination easily and safely, even if she runs out of the GSM network. The <a href=\"https:\/\/www.welovecycling.com\/wide\/2020\/10\/16\/cargo-bike-popularity-on-the-rise-in-europe\/\" target=\"_blank\" rel=\"noopener\">cargo electric bike<\/a> allows her to cruise through the sounds of the city while doing creative work or enjoying the tranquillity of nature. At the same time, it allows her to complete all daily tasks in a clean, environmentally friendly and sustainable way. Regardless of the rush-hour traffic or bus schedules, Sofie picks up her daughter or rides to do some shopping. At the end of the day, the display shows her how much money and CO2 emissions she has saved by using an electric bike.<\/p>\n<p>&#8220;My wish for the future is to live in greener cities. Moreover, the e-bike lets me discover beautiful places almost every other day,&#8221; Sofie says. She admits she can no longer imagine life without her e-cargo bike. &#8220;It offers me the exact freedom I need for my creative life,&#8221; she says.<\/p>\n","protected":false},"excerpt":{"rendered":"<p>Listen. Sea waves crash against the pier, straws on the dunes rustle in the wind, raindrops splash into puddles on [&hellip;]<\/p>\n","protected":false},"author":99,"featured_media":189699,"comment_status":"open","ping_status":"open","sticky":false,"template":"","format":"standard","meta":{"footnotes":""},"categories":[334],"tags":[4928,4853,563,6430,6431],"global-categories":[3366],"class_list":["post-189698","post","type-post","status-publish","format-standard","has-post-thumbnail","hentry","category-socialising-and-culture","tag-bosch","tag-cargo-bikes","tag-copenhagen","tag-e-cargo-bikes","tag-sofie-birch","global-categories-cycling"],"yoast_head":"<!-- This site is optimized with the Yoast SEO Premium plugin v25.3 (Yoast SEO v25.9) - https:\/\/yoast.com\/wordpress\/plugins\/seo\/ -->\n<title>Collecting the Sounds of Copenhagen on an E-Cargo Bike<\/title>\n<meta name=\"description\" content=\"Sofie Birch travels to her soundscapes on an e-cargo bike, which is the most sustainable mode of transport she could have acquired.\" \/>\n<meta name=\"robots\" content=\"index, follow, max-snippet:-1, max-image-preview:large, max-video-preview:-1\" \/>\n<link rel=\"canonical\" href=\"https:\/\/www.welovecycling.com\/wide\/2022\/06\/07\/collecting-the-sounds-of-copenhagen-on-an-e-cargo-bike\/\" \/>\n<meta property=\"og:locale\" content=\"en_US\" \/>\n<meta property=\"og:type\" content=\"article\" \/>\n<meta property=\"og:title\" content=\"Collecting the Sounds of Copenhagen on an E-Cargo Bike\" \/>\n<meta property=\"og:description\" content=\"Sofie Birch travels to her soundscapes on an e-cargo bike, which is the most sustainable mode of transport she could have acquired.\" \/>\n<meta property=\"og:url\" content=\"https:\/\/www.welovecycling.com\/wide\/2022\/06\/07\/collecting-the-sounds-of-copenhagen-on-an-e-cargo-bike\/\" \/>\n<meta property=\"og:site_name\" content=\"\u0160koda We Love Cycling\" \/>\n<meta property=\"article:published_time\" content=\"2022-06-07T07:47:24+00:00\" \/>\n<meta property=\"og:image\" content=\"https:\/\/d2p6e6u75xmxt8.cloudfront.net\/2\/2022\/06\/Sofie-Birch_CVR.webp\" \/>\n\t<meta property=\"og:image:width\" content=\"990\" \/>\n\t<meta property=\"og:image:height\" content=\"660\" \/>\n\t<meta property=\"og:image:type\" content=\"image\/webp\" \/>\n<meta name=\"author\" content=\"tereza\" \/>\n<meta name=\"twitter:card\" content=\"summary_large_image\" \/>\n<meta name=\"twitter:label1\" content=\"Written by\" \/>\n\t<meta name=\"twitter:data1\" content=\"Adam Marsal\" \/>\n\t<meta name=\"twitter:label2\" content=\"Est. reading time\" \/>\n\t<meta name=\"twitter:data2\" content=\"5\" \/>\n<script type=\"application\/ld+json\" class=\"yoast-schema-graph\">{\"@context\":\"https:\/\/schema.org\",\"@graph\":[{\"@type\":\"WebPage\",\"@id\":\"https:\/\/www.welovecycling.com\/wide\/2022\/06\/07\/collecting-the-sounds-of-copenhagen-on-an-e-cargo-bike\/\",\"url\":\"https:\/\/www.welovecycling.com\/wide\/2022\/06\/07\/collecting-the-sounds-of-copenhagen-on-an-e-cargo-bike\/\",\"name\":\"Collecting the Sounds of Copenhagen on an E-Cargo Bike\",\"isPartOf\":{\"@id\":\"https:\/\/www.welovecycling.com\/wide\/#website\"},\"primaryImageOfPage\":{\"@id\":\"https:\/\/www.welovecycling.com\/wide\/2022\/06\/07\/collecting-the-sounds-of-copenhagen-on-an-e-cargo-bike\/#primaryimage\"},\"image\":{\"@id\":\"https:\/\/www.welovecycling.com\/wide\/2022\/06\/07\/collecting-the-sounds-of-copenhagen-on-an-e-cargo-bike\/#primaryimage\"},\"thumbnailUrl\":\"https:\/\/d2p6e6u75xmxt8.cloudfront.net\/2\/2022\/06\/Sofie-Birch_CVR.webp\",\"datePublished\":\"2022-06-07T07:47:24+00:00\",\"author\":{\"@id\":\"https:\/\/www.welovecycling.com\/wide\/#\/schema\/person\/50f01ecd18718d2333cf72e823c4f926\"},\"description\":\"Sofie Birch travels to her soundscapes on an e-cargo bike, which is the most sustainable mode of transport she could have acquired.\",\"breadcrumb\":{\"@id\":\"https:\/\/www.welovecycling.com\/wide\/2022\/06\/07\/collecting-the-sounds-of-copenhagen-on-an-e-cargo-bike\/#breadcrumb\"},\"inLanguage\":\"en-US\",\"potentialAction\":[{\"@type\":\"ReadAction\",\"target\":[\"https:\/\/www.welovecycling.com\/wide\/2022\/06\/07\/collecting-the-sounds-of-copenhagen-on-an-e-cargo-bike\/\"]}]},{\"@type\":\"ImageObject\",\"inLanguage\":\"en-US\",\"@id\":\"https:\/\/www.welovecycling.com\/wide\/2022\/06\/07\/collecting-the-sounds-of-copenhagen-on-an-e-cargo-bike\/#primaryimage\",\"url\":\"https:\/\/d2p6e6u75xmxt8.cloudfront.net\/2\/2022\/06\/Sofie-Birch_CVR.webp\",\"contentUrl\":\"https:\/\/d2p6e6u75xmxt8.cloudfront.net\/2\/2022\/06\/Sofie-Birch_CVR.webp\",\"width\":990,\"height\":660,\"caption\":\"Sofie Birch\"},{\"@type\":\"BreadcrumbList\",\"@id\":\"https:\/\/www.welovecycling.com\/wide\/2022\/06\/07\/collecting-the-sounds-of-copenhagen-on-an-e-cargo-bike\/#breadcrumb\",\"itemListElement\":[{\"@type\":\"ListItem\",\"position\":1,\"name\":\"Home\",\"item\":\"https:\/\/www.welovecycling.com\/wide\/\"},{\"@type\":\"ListItem\",\"position\":2,\"name\":\"Collecting the Sounds of Copenhagen on an E-Cargo Bike\"}]},{\"@type\":\"WebSite\",\"@id\":\"https:\/\/www.welovecycling.com\/wide\/#website\",\"url\":\"https:\/\/www.welovecycling.com\/wide\/\",\"name\":\"\u0160koda We Love Cycling\",\"description\":\"\u0160koda We Love Cycling magazine\",\"alternateName\":\"\u0160koda WLC\",\"potentialAction\":[{\"@type\":\"SearchAction\",\"target\":{\"@type\":\"EntryPoint\",\"urlTemplate\":\"https:\/\/www.welovecycling.com\/wide\/?s={search_term_string}\"},\"query-input\":{\"@type\":\"PropertyValueSpecification\",\"valueRequired\":true,\"valueName\":\"search_term_string\"}}],\"inLanguage\":\"en-US\"},{\"@type\":\"Person\",\"@id\":\"https:\/\/www.welovecycling.com\/wide\/#\/schema\/person\/50f01ecd18718d2333cf72e823c4f926\",\"name\":\"tereza\",\"image\":{\"@type\":\"ImageObject\",\"inLanguage\":\"en-US\",\"@id\":\"https:\/\/www.welovecycling.com\/wide\/#\/schema\/person\/image\/\",\"url\":\"https:\/\/secure.gravatar.com\/avatar\/1f9eb71be33845f0afabce3791bc1c58ecdb0a25c62964987e5dbcf7a20d2ec7?s=96&d=mm&r=g\",\"contentUrl\":\"https:\/\/secure.gravatar.com\/avatar\/1f9eb71be33845f0afabce3791bc1c58ecdb0a25c62964987e5dbcf7a20d2ec7?s=96&d=mm&r=g\",\"caption\":\"tereza\"},\"url\":\"https:\/\/www.welovecycling.com\/wide\/author\/tereza\/\"}]}<\/script>\n<!-- \/ Yoast SEO Premium plugin. -->","yoast_head_json":{"title":"Collecting the Sounds of Copenhagen on an E-Cargo Bike","description":"Sofie Birch travels to her soundscapes on an e-cargo bike, which is the most sustainable mode of transport she could have acquired.","robots":{"index":"index","follow":"follow","max-snippet":"max-snippet:-1","max-image-preview":"max-image-preview:large","max-video-preview":"max-video-preview:-1"},"canonical":"https:\/\/www.welovecycling.com\/wide\/2022\/06\/07\/collecting-the-sounds-of-copenhagen-on-an-e-cargo-bike\/","og_locale":"en_US","og_type":"article","og_title":"Collecting the Sounds of Copenhagen on an E-Cargo Bike","og_description":"Sofie Birch travels to her soundscapes on an e-cargo bike, which is the most sustainable mode of transport she could have acquired.","og_url":"https:\/\/www.welovecycling.com\/wide\/2022\/06\/07\/collecting-the-sounds-of-copenhagen-on-an-e-cargo-bike\/","og_site_name":"\u0160koda We Love Cycling","article_published_time":"2022-06-07T07:47:24+00:00","og_image":[{"width":990,"height":660,"url":"https:\/\/d2p6e6u75xmxt8.cloudfront.net\/2\/2022\/06\/Sofie-Birch_CVR.webp","type":"image\/webp"}],"author":"tereza","twitter_card":"summary_large_image","twitter_misc":{"Written by":"Adam Marsal","Est. reading time":"5"},"schema":{"@context":"https:\/\/schema.org","@graph":[{"@type":"WebPage","@id":"https:\/\/www.welovecycling.com\/wide\/2022\/06\/07\/collecting-the-sounds-of-copenhagen-on-an-e-cargo-bike\/","url":"https:\/\/www.welovecycling.com\/wide\/2022\/06\/07\/collecting-the-sounds-of-copenhagen-on-an-e-cargo-bike\/","name":"Collecting the Sounds of Copenhagen on an E-Cargo Bike","isPartOf":{"@id":"https:\/\/www.welovecycling.com\/wide\/#website"},"primaryImageOfPage":{"@id":"https:\/\/www.welovecycling.com\/wide\/2022\/06\/07\/collecting-the-sounds-of-copenhagen-on-an-e-cargo-bike\/#primaryimage"},"image":{"@id":"https:\/\/www.welovecycling.com\/wide\/2022\/06\/07\/collecting-the-sounds-of-copenhagen-on-an-e-cargo-bike\/#primaryimage"},"thumbnailUrl":"https:\/\/d2p6e6u75xmxt8.cloudfront.net\/2\/2022\/06\/Sofie-Birch_CVR.webp","datePublished":"2022-06-07T07:47:24+00:00","author":{"@id":"https:\/\/www.welovecycling.com\/wide\/#\/schema\/person\/50f01ecd18718d2333cf72e823c4f926"},"description":"Sofie Birch travels to her soundscapes on an e-cargo bike, which is the most sustainable mode of transport she could have acquired.","breadcrumb":{"@id":"https:\/\/www.welovecycling.com\/wide\/2022\/06\/07\/collecting-the-sounds-of-copenhagen-on-an-e-cargo-bike\/#breadcrumb"},"inLanguage":"en-US","potentialAction":[{"@type":"ReadAction","target":["https:\/\/www.welovecycling.com\/wide\/2022\/06\/07\/collecting-the-sounds-of-copenhagen-on-an-e-cargo-bike\/"]}]},{"@type":"ImageObject","inLanguage":"en-US","@id":"https:\/\/www.welovecycling.com\/wide\/2022\/06\/07\/collecting-the-sounds-of-copenhagen-on-an-e-cargo-bike\/#primaryimage","url":"https:\/\/d2p6e6u75xmxt8.cloudfront.net\/2\/2022\/06\/Sofie-Birch_CVR.webp","contentUrl":"https:\/\/d2p6e6u75xmxt8.cloudfront.net\/2\/2022\/06\/Sofie-Birch_CVR.webp","width":990,"height":660,"caption":"Sofie Birch"},{"@type":"BreadcrumbList","@id":"https:\/\/www.welovecycling.com\/wide\/2022\/06\/07\/collecting-the-sounds-of-copenhagen-on-an-e-cargo-bike\/#breadcrumb","itemListElement":[{"@type":"ListItem","position":1,"name":"Home","item":"https:\/\/www.welovecycling.com\/wide\/"},{"@type":"ListItem","position":2,"name":"Collecting the Sounds of Copenhagen on an E-Cargo Bike"}]},{"@type":"WebSite","@id":"https:\/\/www.welovecycling.com\/wide\/#website","url":"https:\/\/www.welovecycling.com\/wide\/","name":"\u0160koda We Love Cycling","description":"\u0160koda We Love Cycling magazine","alternateName":"\u0160koda WLC","potentialAction":[{"@type":"SearchAction","target":{"@type":"EntryPoint","urlTemplate":"https:\/\/www.welovecycling.com\/wide\/?s={search_term_string}"},"query-input":{"@type":"PropertyValueSpecification","valueRequired":true,"valueName":"search_term_string"}}],"inLanguage":"en-US"},{"@type":"Person","@id":"https:\/\/www.welovecycling.com\/wide\/#\/schema\/person\/50f01ecd18718d2333cf72e823c4f926","name":"tereza","image":{"@type":"ImageObject","inLanguage":"en-US","@id":"https:\/\/www.welovecycling.com\/wide\/#\/schema\/person\/image\/","url":"https:\/\/secure.gravatar.com\/avatar\/1f9eb71be33845f0afabce3791bc1c58ecdb0a25c62964987e5dbcf7a20d2ec7?s=96&d=mm&r=g","contentUrl":"https:\/\/secure.gravatar.com\/avatar\/1f9eb71be33845f0afabce3791bc1c58ecdb0a25c62964987e5dbcf7a20d2ec7?s=96&d=mm&r=g","caption":"tereza"},"url":"https:\/\/www.welovecycling.com\/wide\/author\/tereza\/"}]}},"_links":{"self":[{"href":"https:\/\/www.welovecycling.com\/wide\/wp-json\/wp\/v2\/posts\/189698","targetHints":{"allow":["GET"]}}],"collection":[{"href":"https:\/\/www.welovecycling.com\/wide\/wp-json\/wp\/v2\/posts"}],"about":[{"href":"https:\/\/www.welovecycling.com\/wide\/wp-json\/wp\/v2\/types\/post"}],"author":[{"embeddable":true,"href":"https:\/\/www.welovecycling.com\/wide\/wp-json\/wp\/v2\/users\/99"}],"replies":[{"embeddable":true,"href":"https:\/\/www.welovecycling.com\/wide\/wp-json\/wp\/v2\/comments?post=189698"}],"version-history":[{"count":1,"href":"https:\/\/www.welovecycling.com\/wide\/wp-json\/wp\/v2\/posts\/189698\/revisions"}],"predecessor-version":[{"id":189702,"href":"https:\/\/www.welovecycling.com\/wide\/wp-json\/wp\/v2\/posts\/189698\/revisions\/189702"}],"wp:featuredmedia":[{"embeddable":true,"href":"https:\/\/www.welovecycling.com\/wide\/wp-json\/wp\/v2\/media\/189699"}],"wp:attachment":[{"href":"https:\/\/www.welovecycling.com\/wide\/wp-json\/wp\/v2\/media?parent=189698"}],"wp:term":[{"taxonomy":"category","embeddable":true,"href":"https:\/\/www.welovecycling.com\/wide\/wp-json\/wp\/v2\/categories?post=189698"},{"taxonomy":"post_tag","embeddable":true,"href":"https:\/\/www.welovecycling.com\/wide\/wp-json\/wp\/v2\/tags?post=189698"},{"taxonomy":"global-categories","embeddable":true,"href":"https:\/\/www.welovecycling.com\/wide\/wp-json\/wp\/v2\/global-categories?post=189698"}],"curies":[{"name":"wp","href":"https:\/\/api.w.org\/{rel}","templated":true}]}}