{"id":189641,"date":"2022-05-30T06:18:20","date_gmt":"2022-05-30T06:18:20","guid":{"rendered":"https:\/\/www.welovecycling.com\/wide\/?p=189641"},"modified":"2022-06-06T07:38:22","modified_gmt":"2022-06-06T07:38:22","slug":"creating-the-first-british-winner-of-the-tour-de-france-within-five-years","status":"publish","type":"post","link":"https:\/\/www.welovecycling.com\/wide\/2022\/05\/30\/creating-the-first-british-winner-of-the-tour-de-france-within-five-years\/","title":{"rendered":"Creating the First British Winner of the Tour de France, Within Five Years"},"content":{"rendered":"<p><strong>When Sir Dave Brailsford and Team Sky made this claim back in 2009, they were, fair to say, being ambitious. Setting such a lofty goal in a sport full of tradition was asking for trouble. But the then Team Sky boss was, to his credit, bang on the money. Just three years later, he had won the Tour de France with Bradley Wiggins, which was quickly followed up by four titles for fellow Brit Chris Froome in five years. <\/strong><\/p>\n<p><!--more--><br \/>\nCycling in the 2010s belonged to Team Sky. They were the poster team for a sport making its mark on the mainstream for the first time since Lance Armstrong. Especially in the UK with events like Sky Ride, a closed-city mass event for everyone, their name was everywhere. And they could barely stop winning, with only mishaps like Chris Froome\u2019s crash at the 2014 Tour de France where he broke his hand getting in the way.<\/p>\n<p>These years were the zenith for a team that has risen \u2013 with the help of great financial backing \u2013 to the top in no time and looked destined to stay there. The landscape in the 2020s has changed for the team. Now backed by Sir Jim Ratcliffe, the Ineos Grenadiers are a shell of their former selves. They haven\u2019t won a grand tour since Tao Geohegan Hart\u2019s thrilling, yet surprising, Giro D\u2019Italia victory in 2020. They have also struggled to assert their dominance in week-long stages compared to their headier days a decade ago.<\/p>\n<p>So, what has changed for the outfit and can we expect them to return to their former glories? Is their billionaire owner getting the results he desires? More importantly, does it really matter if they are capable of unpredictability and, dare we say it, fun?<\/p>\n<p>Let\u2019s start with what has changed. The core of the team, which used to be largely British, has shifted to a more cosmopolitan and international outlook. Gone are the days of Wiggins, Froome and Geraint Thomas leading the line. Now we have Bernal, Richard Carapaz and Filippo Ganna, just some of their star names. This is not to say the team doesn\u2019t focus on British riders. Tom Pidcock is perhaps one of the biggest names in all of cycling currently and Adam Yates has proven himself as one of the sport\u2019s top climbers, but names like Thomas and Luke Rowe\u2019s powers are on the wane. Even Geohegan Hart has struggled to match his Giro form from 18 months ago.<\/p>\n<p>This has left the team without a clear plan. 10 years ago, Project Yellow Jersey seemed almost inevitable with Brailsford at the helm but now, in 2022, their plans seem disjointed and already pretty forlorn. This is no small part down to the incredibly unfortunate <a href=\"https:\/\/www.welovecycling.com\/wide\/2022\/02\/09\/egan-bernal-released-from-hospital-its-like-being-born-again\/\" target=\"_blank\" rel=\"noopener\">crash suffered by Bernal<\/a> earlier this year. Thankfully, the Colombian climber is on the mend and his overall health should absolutely come first but it has left the team in limbo ahead of the Grand D\u00e9part in July.<\/p>\n<p>This frailty in grand tour racing \u2013 their bread and butter for so long \u2013 is only exacerbated when the likes of <a href=\"https:\/\/www.welovecycling.com\/wide\/2021\/06\/29\/ride2unite-podcast-with-primoz-roglic-i-had-to-learn-how-to-suffer\/\" target=\"_blank\" rel=\"noopener\">Primo\u017e Rogli\u010d<\/a> and Tadej Poga\u010dar are viewed next to the likes of Carapaz and Yates. Only once has either Ineos rider finished above the two Slovenians over three weeks \u2013 that was Carapaz when he won the Giro at Movistar in 2018 \u2013 and that is likely to stay the same in 2022.<\/p>\n<p>But cycling is not all about the three grand tours. There are plenty of other ways to win races and gain glory. The ever-present Achilles\u2019 heel of Ineos Grenadiers, since their inception in 2010, has been one-day races and monuments. Heading into this year\u2019s classics season, only Wout Poels and Michal Kwiatkowski have won a monument for the team \u2013 the last one back in 2017 \u2013 a pitiful return for a team with their economic clout.<\/p>\n<div class=\"embed-controller-wrapper\">\n<blockquote class=\"twitter-tweet\" data-width=\"500\" data-dnt=\"true\">\n<p lang=\"en\" dir=\"ltr\"><a href=\"https:\/\/twitter.com\/hashtag\/Giro?src=hash&amp;ref_src=twsrc%5Etfw\">#Giro<\/a> 2022 \u2705<a href=\"https:\/\/twitter.com\/hashtag\/LeTour?src=hash&amp;ref_src=twsrc%5Etfw\">#LeTour<\/a> 2021 \u2705<a href=\"https:\/\/twitter.com\/hashtag\/LaVuelta?src=hash&amp;ref_src=twsrc%5Etfw\">#LaVuelta<\/a> 2020 \u2705<a href=\"https:\/\/twitter.com\/RichardCarapazM?ref_src=twsrc%5Etfw\">@RichardCarapazM<\/a> continues his consistent Grand Tour podium record for the Grenadiers \ud83d\udc4f\ud83d\udc4f\ud83d\udc4f <a href=\"https:\/\/t.co\/6Qeca8w0fw\">pic.twitter.com\/6Qeca8w0fw<\/a><\/p>\n<p>&mdash; INEOS Grenadiers (@INEOSGrenadiers) <a href=\"https:\/\/twitter.com\/INEOSGrenadiers\/status\/1530942418387869696?ref_src=twsrc%5Etfw\">May 29, 2022<\/a><\/p><\/blockquote>\n<p><script async data-src=\"https:\/\/platform.twitter.com\/widgets.js\" charset=\"utf-8\"><\/script><\/div>\n<p>In 2022, Ineos had built a squad capable of having fun in the Classics and getting results. And boy, did they deliver. The Amstel Gold Race was won by Kwiatkowski in a two-up sprint with Benoit Cosnefroy and then a week later, they took home the big prize. Dylan van Baarle won a crazy edition of Paris-Roubaix and took home the team\u2019s first victory in this race and capped off a super successful spring for the squad.<\/p>\n<p>Ineos are finally getting the results they have craved for so long and they are doing it with a smile. Ineos are fun. Say it again for those in the back, Ineos are fun. The Sky train is not on the tracks anymore. <a href=\"https:\/\/www.velonews.com\/events\/classics\/dylan-van-baarle-and-his-journey-from-worst-to-first-at-paris-roubaix\/\">Van Baarle echoes<\/a> that the team are different now, they are adapting to situations and \u201cfreestyling\u201d when they need to. It\u2019s hard to imagine the riders from a decade ago doing that.<\/p>\n<p>He explained: \u201cFirst, we wanted to be focused straight from the start because with the crosswinds, you can find yourself at the back like van der Poel and van Aert. Then it\u2019s about surviving until Arenberg and then seeing who\u2019s there. We had some bad luck but we came back. Our plan was to make the race hard on the\u00a0<em>pav\u00e9<\/em>\u00a0sector just before the second feed zone. \u2018Kwiato\u2019 told me I was super strong and he would help me with whatever it takes and that\u2019s what he did.<\/p>\n<p>\u201cWe managed to bring down the number in the group. From there, it was a bit of freestyling. You know, everybody is going to encounter bad luck. You have to deal with that, switch the button and move on. The strongest guys were in the group and then it was about finding the right moment.\u201d<\/p>\n<p>Ineos Grenadiers may not be as stacked anymore when you compare them with the likes of UAE Team Emirates, Team Jumbo-Visma or even Quick-Step Alpha Vinyl but they have enough riders to cause havoc in a crosswind, on the cobbles or up a climb. This is more exciting for fans to watch, and perhaps even Ratcliffe himself. For years, Team Sky and then Ineos looked to nullify races with tactics that saw them sit at the front, not for allowing that dynamic racing they have been trying for the last year or so.<\/p>\n<p>There is no doubt that due to their \u2018negative\u2019 racing and controversies over the past 10 years, many cycling fans have no love loss for the team but with a new outlook and a semi-underdog nature for 2022, it\u2019s time for them to continue the party they have already started.<\/p>\n","protected":false},"excerpt":{"rendered":"<p>When Sir Dave Brailsford and Team Sky made this claim back in 2009, they were, fair to say, being ambitious. [&hellip;]<\/p>\n","protected":false},"author":99,"featured_media":189643,"comment_status":"open","ping_status":"open","sticky":false,"template":"","format":"standard","meta":{"footnotes":""},"categories":[329],"tags":[4293,4367,911,3065,3415,4515],"global-categories":[3366],"class_list":["post-189641","post","type-post","status-publish","format-standard","has-post-thumbnail","hentry","category-road-cycling","tag-filippo-ganna","tag-ineos-grenadiers","tag-michal-kwiatkowski","tag-richard-carapaz","tag-tadej-pogacar","tag-tao-geoghegan-hart","global-categories-cycling"],"yoast_head":"<!-- This site is optimized with the Yoast SEO Premium plugin v25.3 (Yoast SEO v25.9) - https:\/\/yoast.com\/wordpress\/plugins\/seo\/ -->\n<title>Creating the First British Winner of the Tour de France, Within Five Years<\/title>\n<meta name=\"description\" content=\"When Sir Dave Brailsford and Team Sky made this claim back in 2009, they were, fair to say, being ambitious.\" \/>\n<meta name=\"robots\" content=\"index, follow, max-snippet:-1, max-image-preview:large, max-video-preview:-1\" \/>\n<link rel=\"canonical\" href=\"https:\/\/www.welovecycling.com\/wide\/2022\/05\/30\/creating-the-first-british-winner-of-the-tour-de-france-within-five-years\/\" \/>\n<meta property=\"og:locale\" content=\"en_US\" \/>\n<meta property=\"og:type\" content=\"article\" \/>\n<meta property=\"og:title\" content=\"Creating the First British Winner of the Tour de France, Within Five Years\" \/>\n<meta property=\"og:description\" content=\"When Sir Dave Brailsford and Team Sky made this claim back in 2009, they were, fair to say, being ambitious.\" \/>\n<meta property=\"og:url\" content=\"https:\/\/www.welovecycling.com\/wide\/2022\/05\/30\/creating-the-first-british-winner-of-the-tour-de-france-within-five-years\/\" \/>\n<meta property=\"og:site_name\" content=\"\u0160koda We Love Cycling\" \/>\n<meta property=\"article:published_time\" content=\"2022-05-30T06:18:20+00:00\" \/>\n<meta property=\"article:modified_time\" content=\"2022-06-06T07:38:22+00:00\" \/>\n<meta property=\"og:image\" content=\"https:\/\/d2p6e6u75xmxt8.cloudfront.net\/2\/2022\/05\/Ineos-Grenadiers-profimedia-0667091671-CVR.webp\" \/>\n\t<meta property=\"og:image:width\" content=\"990\" \/>\n\t<meta property=\"og:image:height\" content=\"660\" \/>\n\t<meta property=\"og:image:type\" content=\"image\/webp\" \/>\n<meta name=\"author\" content=\"tereza\" \/>\n<meta name=\"twitter:card\" content=\"summary_large_image\" \/>\n<meta name=\"twitter:label1\" content=\"Written by\" \/>\n\t<meta name=\"twitter:data1\" content=\"Joshua Donaldson\" \/>\n\t<meta name=\"twitter:label2\" content=\"Est. reading time\" \/>\n\t<meta name=\"twitter:data2\" content=\"5\" \/>\n<script type=\"application\/ld+json\" class=\"yoast-schema-graph\">{\"@context\":\"https:\/\/schema.org\",\"@graph\":[{\"@type\":\"WebPage\",\"@id\":\"https:\/\/www.welovecycling.com\/wide\/2022\/05\/30\/creating-the-first-british-winner-of-the-tour-de-france-within-five-years\/\",\"url\":\"https:\/\/www.welovecycling.com\/wide\/2022\/05\/30\/creating-the-first-british-winner-of-the-tour-de-france-within-five-years\/\",\"name\":\"Creating the First British Winner of the Tour de France, Within Five Years\",\"isPartOf\":{\"@id\":\"https:\/\/www.welovecycling.com\/wide\/#website\"},\"primaryImageOfPage\":{\"@id\":\"https:\/\/www.welovecycling.com\/wide\/2022\/05\/30\/creating-the-first-british-winner-of-the-tour-de-france-within-five-years\/#primaryimage\"},\"image\":{\"@id\":\"https:\/\/www.welovecycling.com\/wide\/2022\/05\/30\/creating-the-first-british-winner-of-the-tour-de-france-within-five-years\/#primaryimage\"},\"thumbnailUrl\":\"https:\/\/d2p6e6u75xmxt8.cloudfront.net\/2\/2022\/05\/Ineos-Grenadiers-profimedia-0667091671-CVR.webp\",\"datePublished\":\"2022-05-30T06:18:20+00:00\",\"dateModified\":\"2022-06-06T07:38:22+00:00\",\"author\":{\"@id\":\"https:\/\/www.welovecycling.com\/wide\/#\/schema\/person\/50f01ecd18718d2333cf72e823c4f926\"},\"description\":\"When Sir Dave Brailsford and Team Sky made this claim back in 2009, they were, fair to say, being ambitious.\",\"breadcrumb\":{\"@id\":\"https:\/\/www.welovecycling.com\/wide\/2022\/05\/30\/creating-the-first-british-winner-of-the-tour-de-france-within-five-years\/#breadcrumb\"},\"inLanguage\":\"en-US\",\"potentialAction\":[{\"@type\":\"ReadAction\",\"target\":[\"https:\/\/www.welovecycling.com\/wide\/2022\/05\/30\/creating-the-first-british-winner-of-the-tour-de-france-within-five-years\/\"]}]},{\"@type\":\"ImageObject\",\"inLanguage\":\"en-US\",\"@id\":\"https:\/\/www.welovecycling.com\/wide\/2022\/05\/30\/creating-the-first-british-winner-of-the-tour-de-france-within-five-years\/#primaryimage\",\"url\":\"https:\/\/d2p6e6u75xmxt8.cloudfront.net\/2\/2022\/05\/Ineos-Grenadiers-profimedia-0667091671-CVR.webp\",\"contentUrl\":\"https:\/\/d2p6e6u75xmxt8.cloudfront.net\/2\/2022\/05\/Ineos-Grenadiers-profimedia-0667091671-CVR.webp\",\"width\":990,\"height\":660,\"caption\":\"Team Ineos Grenadiers\"},{\"@type\":\"BreadcrumbList\",\"@id\":\"https:\/\/www.welovecycling.com\/wide\/2022\/05\/30\/creating-the-first-british-winner-of-the-tour-de-france-within-five-years\/#breadcrumb\",\"itemListElement\":[{\"@type\":\"ListItem\",\"position\":1,\"name\":\"Home\",\"item\":\"https:\/\/www.welovecycling.com\/wide\/\"},{\"@type\":\"ListItem\",\"position\":2,\"name\":\"Creating the First British Winner of the Tour de France, Within Five Years\"}]},{\"@type\":\"WebSite\",\"@id\":\"https:\/\/www.welovecycling.com\/wide\/#website\",\"url\":\"https:\/\/www.welovecycling.com\/wide\/\",\"name\":\"\u0160koda We Love Cycling\",\"description\":\"\u0160koda We Love Cycling magazine\",\"alternateName\":\"\u0160koda WLC\",\"potentialAction\":[{\"@type\":\"SearchAction\",\"target\":{\"@type\":\"EntryPoint\",\"urlTemplate\":\"https:\/\/www.welovecycling.com\/wide\/?s={search_term_string}\"},\"query-input\":{\"@type\":\"PropertyValueSpecification\",\"valueRequired\":true,\"valueName\":\"search_term_string\"}}],\"inLanguage\":\"en-US\"},{\"@type\":\"Person\",\"@id\":\"https:\/\/www.welovecycling.com\/wide\/#\/schema\/person\/50f01ecd18718d2333cf72e823c4f926\",\"name\":\"tereza\",\"image\":{\"@type\":\"ImageObject\",\"inLanguage\":\"en-US\",\"@id\":\"https:\/\/www.welovecycling.com\/wide\/#\/schema\/person\/image\/\",\"url\":\"https:\/\/secure.gravatar.com\/avatar\/1f9eb71be33845f0afabce3791bc1c58ecdb0a25c62964987e5dbcf7a20d2ec7?s=96&d=mm&r=g\",\"contentUrl\":\"https:\/\/secure.gravatar.com\/avatar\/1f9eb71be33845f0afabce3791bc1c58ecdb0a25c62964987e5dbcf7a20d2ec7?s=96&d=mm&r=g\",\"caption\":\"tereza\"},\"url\":\"https:\/\/www.welovecycling.com\/wide\/author\/tereza\/\"}]}<\/script>\n<!-- \/ Yoast SEO Premium plugin. -->","yoast_head_json":{"title":"Creating the First British Winner of the Tour de France, Within Five Years","description":"When Sir Dave Brailsford and Team Sky made this claim back in 2009, they were, fair to say, being ambitious.","robots":{"index":"index","follow":"follow","max-snippet":"max-snippet:-1","max-image-preview":"max-image-preview:large","max-video-preview":"max-video-preview:-1"},"canonical":"https:\/\/www.welovecycling.com\/wide\/2022\/05\/30\/creating-the-first-british-winner-of-the-tour-de-france-within-five-years\/","og_locale":"en_US","og_type":"article","og_title":"Creating the First British Winner of the Tour de France, Within Five Years","og_description":"When Sir Dave Brailsford and Team Sky made this claim back in 2009, they were, fair to say, being ambitious.","og_url":"https:\/\/www.welovecycling.com\/wide\/2022\/05\/30\/creating-the-first-british-winner-of-the-tour-de-france-within-five-years\/","og_site_name":"\u0160koda We Love Cycling","article_published_time":"2022-05-30T06:18:20+00:00","article_modified_time":"2022-06-06T07:38:22+00:00","og_image":[{"width":990,"height":660,"url":"https:\/\/d2p6e6u75xmxt8.cloudfront.net\/2\/2022\/05\/Ineos-Grenadiers-profimedia-0667091671-CVR.webp","type":"image\/webp"}],"author":"tereza","twitter_card":"summary_large_image","twitter_misc":{"Written by":"Joshua Donaldson","Est. reading time":"5"},"schema":{"@context":"https:\/\/schema.org","@graph":[{"@type":"WebPage","@id":"https:\/\/www.welovecycling.com\/wide\/2022\/05\/30\/creating-the-first-british-winner-of-the-tour-de-france-within-five-years\/","url":"https:\/\/www.welovecycling.com\/wide\/2022\/05\/30\/creating-the-first-british-winner-of-the-tour-de-france-within-five-years\/","name":"Creating the First British Winner of the Tour de France, Within Five Years","isPartOf":{"@id":"https:\/\/www.welovecycling.com\/wide\/#website"},"primaryImageOfPage":{"@id":"https:\/\/www.welovecycling.com\/wide\/2022\/05\/30\/creating-the-first-british-winner-of-the-tour-de-france-within-five-years\/#primaryimage"},"image":{"@id":"https:\/\/www.welovecycling.com\/wide\/2022\/05\/30\/creating-the-first-british-winner-of-the-tour-de-france-within-five-years\/#primaryimage"},"thumbnailUrl":"https:\/\/d2p6e6u75xmxt8.cloudfront.net\/2\/2022\/05\/Ineos-Grenadiers-profimedia-0667091671-CVR.webp","datePublished":"2022-05-30T06:18:20+00:00","dateModified":"2022-06-06T07:38:22+00:00","author":{"@id":"https:\/\/www.welovecycling.com\/wide\/#\/schema\/person\/50f01ecd18718d2333cf72e823c4f926"},"description":"When Sir Dave Brailsford and Team Sky made this claim back in 2009, they were, fair to say, being ambitious.","breadcrumb":{"@id":"https:\/\/www.welovecycling.com\/wide\/2022\/05\/30\/creating-the-first-british-winner-of-the-tour-de-france-within-five-years\/#breadcrumb"},"inLanguage":"en-US","potentialAction":[{"@type":"ReadAction","target":["https:\/\/www.welovecycling.com\/wide\/2022\/05\/30\/creating-the-first-british-winner-of-the-tour-de-france-within-five-years\/"]}]},{"@type":"ImageObject","inLanguage":"en-US","@id":"https:\/\/www.welovecycling.com\/wide\/2022\/05\/30\/creating-the-first-british-winner-of-the-tour-de-france-within-five-years\/#primaryimage","url":"https:\/\/d2p6e6u75xmxt8.cloudfront.net\/2\/2022\/05\/Ineos-Grenadiers-profimedia-0667091671-CVR.webp","contentUrl":"https:\/\/d2p6e6u75xmxt8.cloudfront.net\/2\/2022\/05\/Ineos-Grenadiers-profimedia-0667091671-CVR.webp","width":990,"height":660,"caption":"Team Ineos Grenadiers"},{"@type":"BreadcrumbList","@id":"https:\/\/www.welovecycling.com\/wide\/2022\/05\/30\/creating-the-first-british-winner-of-the-tour-de-france-within-five-years\/#breadcrumb","itemListElement":[{"@type":"ListItem","position":1,"name":"Home","item":"https:\/\/www.welovecycling.com\/wide\/"},{"@type":"ListItem","position":2,"name":"Creating the First British Winner of the Tour de France, Within Five Years"}]},{"@type":"WebSite","@id":"https:\/\/www.welovecycling.com\/wide\/#website","url":"https:\/\/www.welovecycling.com\/wide\/","name":"\u0160koda We Love Cycling","description":"\u0160koda We Love Cycling magazine","alternateName":"\u0160koda WLC","potentialAction":[{"@type":"SearchAction","target":{"@type":"EntryPoint","urlTemplate":"https:\/\/www.welovecycling.com\/wide\/?s={search_term_string}"},"query-input":{"@type":"PropertyValueSpecification","valueRequired":true,"valueName":"search_term_string"}}],"inLanguage":"en-US"},{"@type":"Person","@id":"https:\/\/www.welovecycling.com\/wide\/#\/schema\/person\/50f01ecd18718d2333cf72e823c4f926","name":"tereza","image":{"@type":"ImageObject","inLanguage":"en-US","@id":"https:\/\/www.welovecycling.com\/wide\/#\/schema\/person\/image\/","url":"https:\/\/secure.gravatar.com\/avatar\/1f9eb71be33845f0afabce3791bc1c58ecdb0a25c62964987e5dbcf7a20d2ec7?s=96&d=mm&r=g","contentUrl":"https:\/\/secure.gravatar.com\/avatar\/1f9eb71be33845f0afabce3791bc1c58ecdb0a25c62964987e5dbcf7a20d2ec7?s=96&d=mm&r=g","caption":"tereza"},"url":"https:\/\/www.welovecycling.com\/wide\/author\/tereza\/"}]}},"_links":{"self":[{"href":"https:\/\/www.welovecycling.com\/wide\/wp-json\/wp\/v2\/posts\/189641","targetHints":{"allow":["GET"]}}],"collection":[{"href":"https:\/\/www.welovecycling.com\/wide\/wp-json\/wp\/v2\/posts"}],"about":[{"href":"https:\/\/www.welovecycling.com\/wide\/wp-json\/wp\/v2\/types\/post"}],"author":[{"embeddable":true,"href":"https:\/\/www.welovecycling.com\/wide\/wp-json\/wp\/v2\/users\/99"}],"replies":[{"embeddable":true,"href":"https:\/\/www.welovecycling.com\/wide\/wp-json\/wp\/v2\/comments?post=189641"}],"version-history":[{"count":2,"href":"https:\/\/www.welovecycling.com\/wide\/wp-json\/wp\/v2\/posts\/189641\/revisions"}],"predecessor-version":[{"id":189645,"href":"https:\/\/www.welovecycling.com\/wide\/wp-json\/wp\/v2\/posts\/189641\/revisions\/189645"}],"wp:featuredmedia":[{"embeddable":true,"href":"https:\/\/www.welovecycling.com\/wide\/wp-json\/wp\/v2\/media\/189643"}],"wp:attachment":[{"href":"https:\/\/www.welovecycling.com\/wide\/wp-json\/wp\/v2\/media?parent=189641"}],"wp:term":[{"taxonomy":"category","embeddable":true,"href":"https:\/\/www.welovecycling.com\/wide\/wp-json\/wp\/v2\/categories?post=189641"},{"taxonomy":"post_tag","embeddable":true,"href":"https:\/\/www.welovecycling.com\/wide\/wp-json\/wp\/v2\/tags?post=189641"},{"taxonomy":"global-categories","embeddable":true,"href":"https:\/\/www.welovecycling.com\/wide\/wp-json\/wp\/v2\/global-categories?post=189641"}],"curies":[{"name":"wp","href":"https:\/\/api.w.org\/{rel}","templated":true}]}}