{"id":189211,"date":"2022-05-04T11:49:31","date_gmt":"2022-05-04T11:49:31","guid":{"rendered":"https:\/\/www.welovecycling.com\/wide\/?p=189211"},"modified":"2022-05-04T11:49:31","modified_gmt":"2022-05-04T11:49:31","slug":"who-looks-good-in-the-giro-ditalia","status":"publish","type":"post","link":"https:\/\/www.welovecycling.com\/wide\/2022\/05\/04\/who-looks-good-in-the-giro-ditalia\/","title":{"rendered":"Who Looks Good in the Giro d\u2019Italia"},"content":{"rendered":"<p><strong>The Giro d\u2019Italia is starting on May 6 from the Hungarian capital Budapest two years late because of the Covid pandemic. But what explains the race having only 26.3 km of time trialling, the lowest amount since the early 1960s, but a whopping 51 km of altitude gain? The belief that there\u2019s more excitement in a gruelling climb than in a gruelling time trial? Or just a hankering on the part of the organizers to show off some of the country\u2019s magnificent mountains?<\/strong><\/p>\n<p><!--more--><\/p>\n<p>Whatever the motivation, that discrepancy will be a big help to accomplished climbers who usually falter in the ITT, such as Richard Carapaz of Ineos Grenadiers. The 28-year-old Ecuadorian won the Giro in 2019 when he still rode for Movistar. Riding for Ineos makes him the automatic favourite for many reasons: his previous success, the fact that Ineos has won three of the past four Giros (including as Team Sky in 2018), the aforementioned lack of long time trialling and, last but not least, the absence of Tadej Poga\u010dar and <a href=\"https:\/\/www.welovecycling.com\/wide\/2021\/06\/29\/ride2unite-podcast-with-primoz-roglic-i-had-to-learn-how-to-suffer\/\" target=\"_blank\" rel=\"noopener\">Primo\u017e Rogli\u010d.<\/a><\/p>\n<figure id=\"attachment_183494\" aria-describedby=\"caption-attachment-183494\" style=\"width: 1250px\" class=\"wp-caption alignnone\"><a href=\"https:\/\/d2p6e6u75xmxt8.cloudfront.net\/2\/2021\/05\/2021-Giro-profimedia-0610338937.jpg\"><img loading=\"lazy\" decoding=\"async\" class=\"size-full wp-image-183494\" src=\"https:\/\/d2p6e6u75xmxt8.cloudfront.net\/2\/2021\/05\/2021-Giro-profimedia-0610338937.jpg\" alt=\"GIro d'Italia\" width=\"1250\" height=\"833\" \/><\/a><figcaption id=\"caption-attachment-183494\" class=\"wp-caption-text\">Who&#8217;s gonna make it this year? \u00a9 Profimedia<\/figcaption><\/figure>\n<p>Add to that the significant support presence on the team of riders of the ability of Richie Porte and Pavel Sivakov, and you have a very strong contender for the win. And Carapaz will turn 29 on May 29, which means that he is in his prime and, more importantly, will celebrate his birthday on the final day of the race. That is plenty of motivation for both the rider and his team to score a smashing success.<\/p>\n<p>As is often the case, Ineos\u2019s primary competition should come from its biggest rivals, Jumbo\u2013Visma. The Dutch team also has plenty of motivation to win since it is being led by <a href=\"https:\/\/www.welovecycling.com\/wide\/2021\/10\/25\/tom-dumoulins-topsy-turvy-year\/\" target=\"_blank\" rel=\"noopener\">Tom Dumoulin who has returned to Grand Tour racing<\/a> after an absence of two years, in part because of a sabbatical he took in early 2021. 31-year-old Dumoulin is an excellent time trial rider and so will be handicapped by the absence of time trial kilometres. He has also raced sparsely this spring but he says he is back at his best and loves the Giro.<\/p>\n<p>\u201cThe reason I am going to the Giro is because of my feelings toward the race, toward the country, and I have very good memories of the Giro,\u201d <a href=\"https:\/\/www.velonews.com\/news\/road\/why-tom-dumoulin-put-the-giro-ditalia-at-center-of-2022-plans\/\">he told journalists<\/a> earlier this year. If he falls short, his 24-year-old Norwegian teammate Tobias Foss could take up the chase for the victory. Foss finished an excellent ninth in last year\u2019s Giro and will also be celebrating a birthday during the race, on May 25, so he will be motivated.<\/p>\n<p>French Team DSM rider Romain Bardet finished seventh in his Giro debut last year and may feel more relaxed in riding a Grand Tour outside of his homeland. His victory in the recent Tour of the Alps suggests he\u2019s got the legs to win. Spaniard Mikel Landa of Bahrain Victorious has often disappointed his many supporters in the Grand Tours, having only a single podium finish, 3rd in the 2015 Giro, from 16 Grand Tour races run but he is always a threat. His 32-year-old teammate and countryman Pello Bilbao came fourth in the Tour of the Alps and may be ready for a marquee success.<\/p>\n<p>UAE Team Emirates \u2013 Poga\u010dar\u2019s team! \u2013 have a good chance with the young Portuguese rider Jo\u00e3o Almeida who finished 4th and 6th in his previous two Giro rides. He won the Tour of Poland and the Tour of Luxembourg last year, so you know he has the chops.<\/p>\n<p>The Giro is always good for surprises \u2013 remember Tao Geoghegan Hart\u2019s shocking win in 2020? That victory was for Ineos Grenadiers who are just emerging from a rare period of racing futility and certainly want to be dominant again. My money is on them and Carapaz.<\/p>\n","protected":false},"excerpt":{"rendered":"<p>The Giro d\u2019Italia is starting on May 6 from the Hungarian capital Budapest two years late because of the Covid [&hellip;]<\/p>\n","protected":false},"author":99,"featured_media":189215,"comment_status":"open","ping_status":"open","sticky":false,"template":"","format":"standard","meta":{"footnotes":""},"categories":[329],"tags":[6324,402,1221,3065,473,3415,4515,829],"global-categories":[3366],"class_list":["post-189211","post","type-post","status-publish","format-standard","has-post-thumbnail","hentry","category-road-cycling","tag-2022-giro-ditalia","tag-giro-ditalia","tag-primoz-roglic","tag-richard-carapaz","tag-romain-bardet","tag-tadej-pogacar","tag-tao-geoghegan-hart","tag-tom-dumoulin","global-categories-cycling"],"yoast_head":"<!-- This site is optimized with the Yoast SEO Premium plugin v25.3 (Yoast SEO v25.9) - https:\/\/yoast.com\/wordpress\/plugins\/seo\/ -->\n<title>Who Looks Good in the Giro d\u2019Italia - \u0160koda We Love Cycling<\/title>\n<meta name=\"description\" content=\"The Giro d\u2019Italia is starting on May 6 from the Hungarian capital Budapest two years late because of the Covid pandemic. But what explains the race having\" \/>\n<meta name=\"robots\" content=\"index, follow, max-snippet:-1, max-image-preview:large, max-video-preview:-1\" \/>\n<link rel=\"canonical\" href=\"https:\/\/www.welovecycling.com\/wide\/2022\/05\/04\/who-looks-good-in-the-giro-ditalia\/\" \/>\n<meta property=\"og:locale\" content=\"en_US\" \/>\n<meta property=\"og:type\" content=\"article\" \/>\n<meta property=\"og:title\" content=\"Who Looks Good in the Giro d\u2019Italia\" \/>\n<meta property=\"og:description\" content=\"The Giro d\u2019Italia is starting on May 6 from the Hungarian capital Budapest two years late because of the Covid pandemic. But what explains the race having\" \/>\n<meta property=\"og:url\" content=\"https:\/\/www.welovecycling.com\/wide\/2022\/05\/04\/who-looks-good-in-the-giro-ditalia\/\" \/>\n<meta property=\"og:site_name\" content=\"\u0160koda We Love Cycling\" \/>\n<meta property=\"article:published_time\" content=\"2022-05-04T11:49:31+00:00\" \/>\n<meta property=\"og:image\" content=\"https:\/\/d2p6e6u75xmxt8.cloudfront.net\/2\/2022\/05\/2021-Giro-profimedia-0613216029-CVR.webp\" \/>\n\t<meta property=\"og:image:width\" content=\"990\" \/>\n\t<meta property=\"og:image:height\" content=\"660\" \/>\n\t<meta property=\"og:image:type\" content=\"image\/webp\" \/>\n<meta name=\"author\" content=\"tereza\" \/>\n<meta name=\"twitter:card\" content=\"summary_large_image\" \/>\n<meta name=\"twitter:label1\" content=\"Written by\" \/>\n\t<meta name=\"twitter:data1\" content=\"Siegfried Mortkowitz\" \/>\n\t<meta name=\"twitter:label2\" content=\"Est. reading time\" \/>\n\t<meta name=\"twitter:data2\" content=\"5\" \/>\n<script type=\"application\/ld+json\" class=\"yoast-schema-graph\">{\"@context\":\"https:\/\/schema.org\",\"@graph\":[{\"@type\":\"WebPage\",\"@id\":\"https:\/\/www.welovecycling.com\/wide\/2022\/05\/04\/who-looks-good-in-the-giro-ditalia\/\",\"url\":\"https:\/\/www.welovecycling.com\/wide\/2022\/05\/04\/who-looks-good-in-the-giro-ditalia\/\",\"name\":\"Who Looks Good in the Giro d\u2019Italia - \u0160koda We Love Cycling\",\"isPartOf\":{\"@id\":\"https:\/\/www.welovecycling.com\/wide\/#website\"},\"primaryImageOfPage\":{\"@id\":\"https:\/\/www.welovecycling.com\/wide\/2022\/05\/04\/who-looks-good-in-the-giro-ditalia\/#primaryimage\"},\"image\":{\"@id\":\"https:\/\/www.welovecycling.com\/wide\/2022\/05\/04\/who-looks-good-in-the-giro-ditalia\/#primaryimage\"},\"thumbnailUrl\":\"https:\/\/d2p6e6u75xmxt8.cloudfront.net\/2\/2022\/05\/2021-Giro-profimedia-0613216029-CVR.webp\",\"datePublished\":\"2022-05-04T11:49:31+00:00\",\"author\":{\"@id\":\"https:\/\/www.welovecycling.com\/wide\/#\/schema\/person\/50f01ecd18718d2333cf72e823c4f926\"},\"description\":\"The Giro d\u2019Italia is starting on May 6 from the Hungarian capital Budapest two years late because of the Covid pandemic. But what explains the race having\",\"breadcrumb\":{\"@id\":\"https:\/\/www.welovecycling.com\/wide\/2022\/05\/04\/who-looks-good-in-the-giro-ditalia\/#breadcrumb\"},\"inLanguage\":\"en-US\",\"potentialAction\":[{\"@type\":\"ReadAction\",\"target\":[\"https:\/\/www.welovecycling.com\/wide\/2022\/05\/04\/who-looks-good-in-the-giro-ditalia\/\"]}]},{\"@type\":\"ImageObject\",\"inLanguage\":\"en-US\",\"@id\":\"https:\/\/www.welovecycling.com\/wide\/2022\/05\/04\/who-looks-good-in-the-giro-ditalia\/#primaryimage\",\"url\":\"https:\/\/d2p6e6u75xmxt8.cloudfront.net\/2\/2022\/05\/2021-Giro-profimedia-0613216029-CVR.webp\",\"contentUrl\":\"https:\/\/d2p6e6u75xmxt8.cloudfront.net\/2\/2022\/05\/2021-Giro-profimedia-0613216029-CVR.webp\",\"width\":990,\"height\":660,\"caption\":\"2021 Giro\"},{\"@type\":\"BreadcrumbList\",\"@id\":\"https:\/\/www.welovecycling.com\/wide\/2022\/05\/04\/who-looks-good-in-the-giro-ditalia\/#breadcrumb\",\"itemListElement\":[{\"@type\":\"ListItem\",\"position\":1,\"name\":\"Home\",\"item\":\"https:\/\/www.welovecycling.com\/wide\/\"},{\"@type\":\"ListItem\",\"position\":2,\"name\":\"Who Looks Good in the Giro d\u2019Italia\"}]},{\"@type\":\"WebSite\",\"@id\":\"https:\/\/www.welovecycling.com\/wide\/#website\",\"url\":\"https:\/\/www.welovecycling.com\/wide\/\",\"name\":\"\u0160koda We Love Cycling\",\"description\":\"\u0160koda We Love Cycling magazine\",\"alternateName\":\"\u0160koda WLC\",\"potentialAction\":[{\"@type\":\"SearchAction\",\"target\":{\"@type\":\"EntryPoint\",\"urlTemplate\":\"https:\/\/www.welovecycling.com\/wide\/?s={search_term_string}\"},\"query-input\":{\"@type\":\"PropertyValueSpecification\",\"valueRequired\":true,\"valueName\":\"search_term_string\"}}],\"inLanguage\":\"en-US\"},{\"@type\":\"Person\",\"@id\":\"https:\/\/www.welovecycling.com\/wide\/#\/schema\/person\/50f01ecd18718d2333cf72e823c4f926\",\"name\":\"tereza\",\"image\":{\"@type\":\"ImageObject\",\"inLanguage\":\"en-US\",\"@id\":\"https:\/\/www.welovecycling.com\/wide\/#\/schema\/person\/image\/\",\"url\":\"https:\/\/secure.gravatar.com\/avatar\/1f9eb71be33845f0afabce3791bc1c58ecdb0a25c62964987e5dbcf7a20d2ec7?s=96&d=mm&r=g\",\"contentUrl\":\"https:\/\/secure.gravatar.com\/avatar\/1f9eb71be33845f0afabce3791bc1c58ecdb0a25c62964987e5dbcf7a20d2ec7?s=96&d=mm&r=g\",\"caption\":\"tereza\"},\"url\":\"https:\/\/www.welovecycling.com\/wide\/author\/tereza\/\"}]}<\/script>\n<!-- \/ Yoast SEO Premium plugin. -->","yoast_head_json":{"title":"Who Looks Good in the Giro d\u2019Italia - \u0160koda We Love Cycling","description":"The Giro d\u2019Italia is starting on May 6 from the Hungarian capital Budapest two years late because of the Covid pandemic. But what explains the race having","robots":{"index":"index","follow":"follow","max-snippet":"max-snippet:-1","max-image-preview":"max-image-preview:large","max-video-preview":"max-video-preview:-1"},"canonical":"https:\/\/www.welovecycling.com\/wide\/2022\/05\/04\/who-looks-good-in-the-giro-ditalia\/","og_locale":"en_US","og_type":"article","og_title":"Who Looks Good in the Giro d\u2019Italia","og_description":"The Giro d\u2019Italia is starting on May 6 from the Hungarian capital Budapest two years late because of the Covid pandemic. But what explains the race having","og_url":"https:\/\/www.welovecycling.com\/wide\/2022\/05\/04\/who-looks-good-in-the-giro-ditalia\/","og_site_name":"\u0160koda We Love Cycling","article_published_time":"2022-05-04T11:49:31+00:00","og_image":[{"width":990,"height":660,"url":"https:\/\/d2p6e6u75xmxt8.cloudfront.net\/2\/2022\/05\/2021-Giro-profimedia-0613216029-CVR.webp","type":"image\/webp"}],"author":"tereza","twitter_card":"summary_large_image","twitter_misc":{"Written by":"Siegfried Mortkowitz","Est. reading time":"5"},"schema":{"@context":"https:\/\/schema.org","@graph":[{"@type":"WebPage","@id":"https:\/\/www.welovecycling.com\/wide\/2022\/05\/04\/who-looks-good-in-the-giro-ditalia\/","url":"https:\/\/www.welovecycling.com\/wide\/2022\/05\/04\/who-looks-good-in-the-giro-ditalia\/","name":"Who Looks Good in the Giro d\u2019Italia - \u0160koda We Love Cycling","isPartOf":{"@id":"https:\/\/www.welovecycling.com\/wide\/#website"},"primaryImageOfPage":{"@id":"https:\/\/www.welovecycling.com\/wide\/2022\/05\/04\/who-looks-good-in-the-giro-ditalia\/#primaryimage"},"image":{"@id":"https:\/\/www.welovecycling.com\/wide\/2022\/05\/04\/who-looks-good-in-the-giro-ditalia\/#primaryimage"},"thumbnailUrl":"https:\/\/d2p6e6u75xmxt8.cloudfront.net\/2\/2022\/05\/2021-Giro-profimedia-0613216029-CVR.webp","datePublished":"2022-05-04T11:49:31+00:00","author":{"@id":"https:\/\/www.welovecycling.com\/wide\/#\/schema\/person\/50f01ecd18718d2333cf72e823c4f926"},"description":"The Giro d\u2019Italia is starting on May 6 from the Hungarian capital Budapest two years late because of the Covid pandemic. But what explains the race having","breadcrumb":{"@id":"https:\/\/www.welovecycling.com\/wide\/2022\/05\/04\/who-looks-good-in-the-giro-ditalia\/#breadcrumb"},"inLanguage":"en-US","potentialAction":[{"@type":"ReadAction","target":["https:\/\/www.welovecycling.com\/wide\/2022\/05\/04\/who-looks-good-in-the-giro-ditalia\/"]}]},{"@type":"ImageObject","inLanguage":"en-US","@id":"https:\/\/www.welovecycling.com\/wide\/2022\/05\/04\/who-looks-good-in-the-giro-ditalia\/#primaryimage","url":"https:\/\/d2p6e6u75xmxt8.cloudfront.net\/2\/2022\/05\/2021-Giro-profimedia-0613216029-CVR.webp","contentUrl":"https:\/\/d2p6e6u75xmxt8.cloudfront.net\/2\/2022\/05\/2021-Giro-profimedia-0613216029-CVR.webp","width":990,"height":660,"caption":"2021 Giro"},{"@type":"BreadcrumbList","@id":"https:\/\/www.welovecycling.com\/wide\/2022\/05\/04\/who-looks-good-in-the-giro-ditalia\/#breadcrumb","itemListElement":[{"@type":"ListItem","position":1,"name":"Home","item":"https:\/\/www.welovecycling.com\/wide\/"},{"@type":"ListItem","position":2,"name":"Who Looks Good in the Giro d\u2019Italia"}]},{"@type":"WebSite","@id":"https:\/\/www.welovecycling.com\/wide\/#website","url":"https:\/\/www.welovecycling.com\/wide\/","name":"\u0160koda We Love Cycling","description":"\u0160koda We Love Cycling magazine","alternateName":"\u0160koda WLC","potentialAction":[{"@type":"SearchAction","target":{"@type":"EntryPoint","urlTemplate":"https:\/\/www.welovecycling.com\/wide\/?s={search_term_string}"},"query-input":{"@type":"PropertyValueSpecification","valueRequired":true,"valueName":"search_term_string"}}],"inLanguage":"en-US"},{"@type":"Person","@id":"https:\/\/www.welovecycling.com\/wide\/#\/schema\/person\/50f01ecd18718d2333cf72e823c4f926","name":"tereza","image":{"@type":"ImageObject","inLanguage":"en-US","@id":"https:\/\/www.welovecycling.com\/wide\/#\/schema\/person\/image\/","url":"https:\/\/secure.gravatar.com\/avatar\/1f9eb71be33845f0afabce3791bc1c58ecdb0a25c62964987e5dbcf7a20d2ec7?s=96&d=mm&r=g","contentUrl":"https:\/\/secure.gravatar.com\/avatar\/1f9eb71be33845f0afabce3791bc1c58ecdb0a25c62964987e5dbcf7a20d2ec7?s=96&d=mm&r=g","caption":"tereza"},"url":"https:\/\/www.welovecycling.com\/wide\/author\/tereza\/"}]}},"_links":{"self":[{"href":"https:\/\/www.welovecycling.com\/wide\/wp-json\/wp\/v2\/posts\/189211","targetHints":{"allow":["GET"]}}],"collection":[{"href":"https:\/\/www.welovecycling.com\/wide\/wp-json\/wp\/v2\/posts"}],"about":[{"href":"https:\/\/www.welovecycling.com\/wide\/wp-json\/wp\/v2\/types\/post"}],"author":[{"embeddable":true,"href":"https:\/\/www.welovecycling.com\/wide\/wp-json\/wp\/v2\/users\/99"}],"replies":[{"embeddable":true,"href":"https:\/\/www.welovecycling.com\/wide\/wp-json\/wp\/v2\/comments?post=189211"}],"version-history":[{"count":2,"href":"https:\/\/www.welovecycling.com\/wide\/wp-json\/wp\/v2\/posts\/189211\/revisions"}],"predecessor-version":[{"id":189217,"href":"https:\/\/www.welovecycling.com\/wide\/wp-json\/wp\/v2\/posts\/189211\/revisions\/189217"}],"wp:featuredmedia":[{"embeddable":true,"href":"https:\/\/www.welovecycling.com\/wide\/wp-json\/wp\/v2\/media\/189215"}],"wp:attachment":[{"href":"https:\/\/www.welovecycling.com\/wide\/wp-json\/wp\/v2\/media?parent=189211"}],"wp:term":[{"taxonomy":"category","embeddable":true,"href":"https:\/\/www.welovecycling.com\/wide\/wp-json\/wp\/v2\/categories?post=189211"},{"taxonomy":"post_tag","embeddable":true,"href":"https:\/\/www.welovecycling.com\/wide\/wp-json\/wp\/v2\/tags?post=189211"},{"taxonomy":"global-categories","embeddable":true,"href":"https:\/\/www.welovecycling.com\/wide\/wp-json\/wp\/v2\/global-categories?post=189211"}],"curies":[{"name":"wp","href":"https:\/\/api.w.org\/{rel}","templated":true}]}}