{"id":189171,"date":"2022-05-02T11:08:24","date_gmt":"2022-05-02T11:08:24","guid":{"rendered":"https:\/\/www.welovecycling.com\/wide\/?p=189171"},"modified":"2022-05-02T11:08:24","modified_gmt":"2022-05-02T11:08:24","slug":"vlasov-wins-tour-de-romandie-and-other-cool-news-from-the-world-of-cycling","status":"publish","type":"post","link":"https:\/\/www.welovecycling.com\/wide\/2022\/05\/02\/vlasov-wins-tour-de-romandie-and-other-cool-news-from-the-world-of-cycling\/","title":{"rendered":"Vlasov Wins Tour de Romandie and Other Cool News from the World of Cycling"},"content":{"rendered":"<p><strong>Another Monday is here, and so is our news from the world of cycling. So, what did you miss?<\/strong><\/p>\n<p><!--more--><\/p>\n<h2><strong>Vlasov did it<\/strong><\/h2>\n<p>The BORA-Hansgrohe rider put in a dominant time-trial performance, winning stage five of the Tour de Romandie by 31 seconds and securing the overall victory in the process. The 26-year-old ended up beating Gino M\u00e4der (Bahrain Victorious) by 50 seconds overall. Simon Geschke (Cofidis) put out a stunning performance as well. He surprised everyone by finishing second in the time trial and secured the final spot on the podium. Rohan Dennis, who was in the lead at the start of the day, struggled with the steep course and lost two minutes and 12 seconds on Vlasov and dropped to eighth place overall.<\/p>\n<p>https:\/\/www.instagram.com\/p\/CdDIb20udDa\/<\/p>\n<h4><strong>Tour de Romandie: Final General Classification<\/strong><\/h4>\n<ol>\n<li>Aleksandr Vlasov (BORA-Hansgrohe) \u2013 18:00:59<\/li>\n<li>Gino M\u00e4der (Bahrain Victorious) + 50 seconds<\/li>\n<li>Simon Geschke (Cofidis) + 55 seconds<\/li>\n<li>Juan Ayuso (UAE Team Emirates) + 1:22<\/li>\n<li>Ben O&#8217;Connor (AG2R Citro\u00ebn Team) + 1:47<\/li>\n<li>Damian Caruso (Bahrain-Victorious) + 1:51<\/li>\n<li>Steven Kruijswijk (Jumbo-Visma) + 1:52<\/li>\n<li>Rohan Dennis (Jumbo-Visma) + 1:54<\/li>\n<li>Luke Plapp (Ineos Grenadiers) + 2:08<\/li>\n<li>Einer Rubio (Movistar Team) + 2:13<\/li>\n<\/ol>\n<h2><strong>Cool bridge!<\/strong><\/h2>\n<div class=\"embed-controller-wrapper\">\n<blockquote class=\"twitter-tweet\" data-width=\"500\" data-dnt=\"true\">\n<p lang=\"en\" dir=\"ltr\">Yehudit Bridge: for pedestrians and cyclists<\/p>\n<p>18.04.2022 10:22 <a href=\"https:\/\/twitter.com\/hashtag\/TelAviv?src=hash&amp;ref_src=twsrc%5Etfw\">#TelAviv<\/a> <a href=\"https:\/\/twitter.com\/hashtag\/bikeTLV?src=hash&amp;ref_src=twsrc%5Etfw\">#bikeTLV<\/a> <a href=\"https:\/\/twitter.com\/hashtag\/cycling?src=hash&amp;ref_src=twsrc%5Etfw\">#cycling<\/a> <a href=\"https:\/\/twitter.com\/hashtag\/streetsforpeople?src=hash&amp;ref_src=twsrc%5Etfw\">#streetsforpeople<\/a> <a href=\"https:\/\/twitter.com\/hashtag\/%D7%A4%D7%99%D7%93%D7%AA%D7%97%D7%91%D7%95%D7%A8%D7%94?src=hash&amp;ref_src=twsrc%5Etfw\">#\u05e4\u05d9\u05d3\u05ea\u05d7\u05d1\u05d5\u05e8\u05d4<\/a> <a href=\"https:\/\/t.co\/nsSfZoFMxr\">pic.twitter.com\/nsSfZoFMxr<\/a><\/p>\n<p>&mdash; Thomas Schlijper \u05ea\u05d5\u05de\u05d0\u05e1 \u05e1\u05dc\u05d9\u05d9\u05e4\u05e8\ud83c\udf97\ufe0f (@schlijperisrael) <a href=\"https:\/\/twitter.com\/schlijperisrael\/status\/1520511646548041728?ref_src=twsrc%5Etfw\">April 30, 2022<\/a><\/p><\/blockquote>\n<p><script async data-src=\"https:\/\/platform.twitter.com\/widgets.js\" charset=\"utf-8\"><\/script><\/div>\n<h2><strong>What about the ride home?<\/strong><\/h2>\n<div class=\"embed-controller-wrapper\">\n<blockquote class=\"twitter-tweet\" data-width=\"500\" data-dnt=\"true\">\n<p lang=\"en\" dir=\"ltr\">Best commute to work ever! \ud83d\ude09<\/p>\n<p>I know from personal experience that <a href=\"https:\/\/twitter.com\/hashtag\/Chile?src=hash&amp;ref_src=twsrc%5Etfw\">#Chile<\/a> is making enormous strides in <a href=\"https:\/\/twitter.com\/hashtag\/cycling?src=hash&amp;ref_src=twsrc%5Etfw\">#cycling<\/a> culture, but this is next level stuff! \ud83c\udfd4\ud83d\udeb4\ud83c\udffb\u200d\u2642\ufe0f\ud83c\udfe1<a href=\"https:\/\/twitter.com\/hashtag\/Valparaiso?src=hash&amp;ref_src=twsrc%5Etfw\">#Valparaiso<\/a> | <a href=\"https:\/\/twitter.com\/bicicultura?ref_src=twsrc%5Etfw\">@bicicultura<\/a> \ud83c\udde8\ud83c\uddf1<a href=\"https:\/\/t.co\/ZUaRZZ09Be\">pic.twitter.com\/ZUaRZZ09Be<\/a><\/p>\n<p>&mdash; Anders Adamsen (@anderspreben) <a href=\"https:\/\/twitter.com\/anderspreben\/status\/1518928136599130112?ref_src=twsrc%5Etfw\">April 26, 2022<\/a><\/p><\/blockquote>\n<p><script async data-src=\"https:\/\/platform.twitter.com\/widgets.js\" charset=\"utf-8\"><\/script><\/div>\n<h2><strong>Out of context<\/strong><\/h2>\n<div class=\"embed-controller-wrapper\">\n<blockquote class=\"twitter-tweet\" data-width=\"500\" data-dnt=\"true\">\n<p lang=\"en\" dir=\"ltr\">My favourite video of all time. <a href=\"https:\/\/t.co\/nwZzBV4ziE\">pic.twitter.com\/nwZzBV4ziE<\/a><\/p>\n<p>&mdash; Cycling out of context (@OutOfCycling) <a href=\"https:\/\/twitter.com\/OutOfCycling\/status\/1519584861232803840?ref_src=twsrc%5Etfw\">April 28, 2022<\/a><\/p><\/blockquote>\n<p><script async data-src=\"https:\/\/platform.twitter.com\/widgets.js\" charset=\"utf-8\"><\/script><\/div>\n<h2><strong>Watch this space!<\/strong><\/h2>\n<p>https:\/\/www.instagram.com\/p\/CdBeazWI_4W\/<\/p>\n<p>&nbsp;<\/p>\n","protected":false},"excerpt":{"rendered":"<p>Another Monday is here, and so is our news from the world of cycling. So, what did you miss?<\/p>\n","protected":false},"author":99,"featured_media":189176,"comment_status":"open","ping_status":"open","sticky":false,"template":"","format":"standard","meta":{"footnotes":""},"categories":[329],"tags":[6316,4598,5643,363],"global-categories":[3366],"class_list":["post-189171","post","type-post","status-publish","format-standard","has-post-thumbnail","hentry","category-road-cycling","tag-2022-tour-de-romandie","tag-aleksandr-vlasov","tag-gino-mader","tag-tour-de-romandie","global-categories-cycling"],"yoast_head":"<!-- This site is optimized with the Yoast SEO Premium plugin v25.3 (Yoast SEO v25.9) - https:\/\/yoast.com\/wordpress\/plugins\/seo\/ -->\n<title>Vlasov Wins Tour de Romandie - We Love Cycling Magazine<\/title>\n<meta name=\"description\" content=\"Another Monday is here, and so is our news from the world of cycling. So, what did you miss? Vlasov did it The BORA-Hansgrohe rider put in a dominant\" \/>\n<meta name=\"robots\" content=\"index, follow, max-snippet:-1, max-image-preview:large, max-video-preview:-1\" \/>\n<link rel=\"canonical\" href=\"https:\/\/www.welovecycling.com\/wide\/2022\/05\/02\/vlasov-wins-tour-de-romandie-and-other-cool-news-from-the-world-of-cycling\/\" \/>\n<meta property=\"og:locale\" content=\"en_US\" \/>\n<meta property=\"og:type\" content=\"article\" \/>\n<meta property=\"og:title\" content=\"Vlasov Wins Tour de Romandie and Other Cool News from the World of Cycling\" \/>\n<meta property=\"og:description\" content=\"Another Monday is here, and so is our news from the world of cycling. So, what did you miss? Vlasov did it The BORA-Hansgrohe rider put in a dominant\" \/>\n<meta property=\"og:url\" content=\"https:\/\/www.welovecycling.com\/wide\/2022\/05\/02\/vlasov-wins-tour-de-romandie-and-other-cool-news-from-the-world-of-cycling\/\" \/>\n<meta property=\"og:site_name\" content=\"\u0160koda We Love Cycling\" \/>\n<meta property=\"article:published_time\" content=\"2022-05-02T11:08:24+00:00\" \/>\n<meta property=\"og:image\" content=\"https:\/\/d2p6e6u75xmxt8.cloudfront.net\/2\/2022\/05\/Aleksandr-Vlasov-Tour-de-Romandie-profimedia-0687703217-CVR.webp\" \/>\n\t<meta property=\"og:image:width\" content=\"902\" \/>\n\t<meta property=\"og:image:height\" content=\"601\" \/>\n\t<meta property=\"og:image:type\" content=\"image\/webp\" \/>\n<meta name=\"author\" content=\"tereza\" \/>\n<meta name=\"twitter:card\" content=\"summary_large_image\" \/>\n<meta name=\"twitter:label1\" content=\"Written by\" \/>\n\t<meta name=\"twitter:data1\" content=\"Monica Buck\" \/>\n\t<meta name=\"twitter:label2\" content=\"Est. reading time\" \/>\n\t<meta name=\"twitter:data2\" content=\"4\" \/>\n<script type=\"application\/ld+json\" class=\"yoast-schema-graph\">{\"@context\":\"https:\/\/schema.org\",\"@graph\":[{\"@type\":\"WebPage\",\"@id\":\"https:\/\/www.welovecycling.com\/wide\/2022\/05\/02\/vlasov-wins-tour-de-romandie-and-other-cool-news-from-the-world-of-cycling\/\",\"url\":\"https:\/\/www.welovecycling.com\/wide\/2022\/05\/02\/vlasov-wins-tour-de-romandie-and-other-cool-news-from-the-world-of-cycling\/\",\"name\":\"Vlasov Wins Tour de Romandie - We Love Cycling Magazine\",\"isPartOf\":{\"@id\":\"https:\/\/www.welovecycling.com\/wide\/#website\"},\"primaryImageOfPage\":{\"@id\":\"https:\/\/www.welovecycling.com\/wide\/2022\/05\/02\/vlasov-wins-tour-de-romandie-and-other-cool-news-from-the-world-of-cycling\/#primaryimage\"},\"image\":{\"@id\":\"https:\/\/www.welovecycling.com\/wide\/2022\/05\/02\/vlasov-wins-tour-de-romandie-and-other-cool-news-from-the-world-of-cycling\/#primaryimage\"},\"thumbnailUrl\":\"https:\/\/d2p6e6u75xmxt8.cloudfront.net\/2\/2022\/05\/Aleksandr-Vlasov-Tour-de-Romandie-profimedia-0687703217-CVR.webp\",\"datePublished\":\"2022-05-02T11:08:24+00:00\",\"author\":{\"@id\":\"https:\/\/www.welovecycling.com\/wide\/#\/schema\/person\/50f01ecd18718d2333cf72e823c4f926\"},\"description\":\"Another Monday is here, and so is our news from the world of cycling. So, what did you miss? Vlasov did it The BORA-Hansgrohe rider put in a dominant\",\"breadcrumb\":{\"@id\":\"https:\/\/www.welovecycling.com\/wide\/2022\/05\/02\/vlasov-wins-tour-de-romandie-and-other-cool-news-from-the-world-of-cycling\/#breadcrumb\"},\"inLanguage\":\"en-US\",\"potentialAction\":[{\"@type\":\"ReadAction\",\"target\":[\"https:\/\/www.welovecycling.com\/wide\/2022\/05\/02\/vlasov-wins-tour-de-romandie-and-other-cool-news-from-the-world-of-cycling\/\"]}]},{\"@type\":\"ImageObject\",\"inLanguage\":\"en-US\",\"@id\":\"https:\/\/www.welovecycling.com\/wide\/2022\/05\/02\/vlasov-wins-tour-de-romandie-and-other-cool-news-from-the-world-of-cycling\/#primaryimage\",\"url\":\"https:\/\/d2p6e6u75xmxt8.cloudfront.net\/2\/2022\/05\/Aleksandr-Vlasov-Tour-de-Romandie-profimedia-0687703217-CVR.webp\",\"contentUrl\":\"https:\/\/d2p6e6u75xmxt8.cloudfront.net\/2\/2022\/05\/Aleksandr-Vlasov-Tour-de-Romandie-profimedia-0687703217-CVR.webp\",\"width\":902,\"height\":601,\"caption\":\"Aleksandr Vlasov\"},{\"@type\":\"BreadcrumbList\",\"@id\":\"https:\/\/www.welovecycling.com\/wide\/2022\/05\/02\/vlasov-wins-tour-de-romandie-and-other-cool-news-from-the-world-of-cycling\/#breadcrumb\",\"itemListElement\":[{\"@type\":\"ListItem\",\"position\":1,\"name\":\"Home\",\"item\":\"https:\/\/www.welovecycling.com\/wide\/\"},{\"@type\":\"ListItem\",\"position\":2,\"name\":\"Vlasov Wins Tour de Romandie and Other Cool News from the World of Cycling\"}]},{\"@type\":\"WebSite\",\"@id\":\"https:\/\/www.welovecycling.com\/wide\/#website\",\"url\":\"https:\/\/www.welovecycling.com\/wide\/\",\"name\":\"\u0160koda We Love Cycling\",\"description\":\"\u0160koda We Love Cycling magazine\",\"alternateName\":\"\u0160koda WLC\",\"potentialAction\":[{\"@type\":\"SearchAction\",\"target\":{\"@type\":\"EntryPoint\",\"urlTemplate\":\"https:\/\/www.welovecycling.com\/wide\/?s={search_term_string}\"},\"query-input\":{\"@type\":\"PropertyValueSpecification\",\"valueRequired\":true,\"valueName\":\"search_term_string\"}}],\"inLanguage\":\"en-US\"},{\"@type\":\"Person\",\"@id\":\"https:\/\/www.welovecycling.com\/wide\/#\/schema\/person\/50f01ecd18718d2333cf72e823c4f926\",\"name\":\"tereza\",\"image\":{\"@type\":\"ImageObject\",\"inLanguage\":\"en-US\",\"@id\":\"https:\/\/www.welovecycling.com\/wide\/#\/schema\/person\/image\/\",\"url\":\"https:\/\/secure.gravatar.com\/avatar\/1f9eb71be33845f0afabce3791bc1c58ecdb0a25c62964987e5dbcf7a20d2ec7?s=96&d=mm&r=g\",\"contentUrl\":\"https:\/\/secure.gravatar.com\/avatar\/1f9eb71be33845f0afabce3791bc1c58ecdb0a25c62964987e5dbcf7a20d2ec7?s=96&d=mm&r=g\",\"caption\":\"tereza\"},\"url\":\"https:\/\/www.welovecycling.com\/wide\/author\/tereza\/\"}]}<\/script>\n<!-- \/ Yoast SEO Premium plugin. -->","yoast_head_json":{"title":"Vlasov Wins Tour de Romandie - We Love Cycling Magazine","description":"Another Monday is here, and so is our news from the world of cycling. So, what did you miss? Vlasov did it The BORA-Hansgrohe rider put in a dominant","robots":{"index":"index","follow":"follow","max-snippet":"max-snippet:-1","max-image-preview":"max-image-preview:large","max-video-preview":"max-video-preview:-1"},"canonical":"https:\/\/www.welovecycling.com\/wide\/2022\/05\/02\/vlasov-wins-tour-de-romandie-and-other-cool-news-from-the-world-of-cycling\/","og_locale":"en_US","og_type":"article","og_title":"Vlasov Wins Tour de Romandie and Other Cool News from the World of Cycling","og_description":"Another Monday is here, and so is our news from the world of cycling. So, what did you miss? Vlasov did it The BORA-Hansgrohe rider put in a dominant","og_url":"https:\/\/www.welovecycling.com\/wide\/2022\/05\/02\/vlasov-wins-tour-de-romandie-and-other-cool-news-from-the-world-of-cycling\/","og_site_name":"\u0160koda We Love Cycling","article_published_time":"2022-05-02T11:08:24+00:00","og_image":[{"width":902,"height":601,"url":"https:\/\/d2p6e6u75xmxt8.cloudfront.net\/2\/2022\/05\/Aleksandr-Vlasov-Tour-de-Romandie-profimedia-0687703217-CVR.webp","type":"image\/webp"}],"author":"tereza","twitter_card":"summary_large_image","twitter_misc":{"Written by":"Monica Buck","Est. reading time":"4"},"schema":{"@context":"https:\/\/schema.org","@graph":[{"@type":"WebPage","@id":"https:\/\/www.welovecycling.com\/wide\/2022\/05\/02\/vlasov-wins-tour-de-romandie-and-other-cool-news-from-the-world-of-cycling\/","url":"https:\/\/www.welovecycling.com\/wide\/2022\/05\/02\/vlasov-wins-tour-de-romandie-and-other-cool-news-from-the-world-of-cycling\/","name":"Vlasov Wins Tour de Romandie - We Love Cycling Magazine","isPartOf":{"@id":"https:\/\/www.welovecycling.com\/wide\/#website"},"primaryImageOfPage":{"@id":"https:\/\/www.welovecycling.com\/wide\/2022\/05\/02\/vlasov-wins-tour-de-romandie-and-other-cool-news-from-the-world-of-cycling\/#primaryimage"},"image":{"@id":"https:\/\/www.welovecycling.com\/wide\/2022\/05\/02\/vlasov-wins-tour-de-romandie-and-other-cool-news-from-the-world-of-cycling\/#primaryimage"},"thumbnailUrl":"https:\/\/d2p6e6u75xmxt8.cloudfront.net\/2\/2022\/05\/Aleksandr-Vlasov-Tour-de-Romandie-profimedia-0687703217-CVR.webp","datePublished":"2022-05-02T11:08:24+00:00","author":{"@id":"https:\/\/www.welovecycling.com\/wide\/#\/schema\/person\/50f01ecd18718d2333cf72e823c4f926"},"description":"Another Monday is here, and so is our news from the world of cycling. So, what did you miss? Vlasov did it The BORA-Hansgrohe rider put in a dominant","breadcrumb":{"@id":"https:\/\/www.welovecycling.com\/wide\/2022\/05\/02\/vlasov-wins-tour-de-romandie-and-other-cool-news-from-the-world-of-cycling\/#breadcrumb"},"inLanguage":"en-US","potentialAction":[{"@type":"ReadAction","target":["https:\/\/www.welovecycling.com\/wide\/2022\/05\/02\/vlasov-wins-tour-de-romandie-and-other-cool-news-from-the-world-of-cycling\/"]}]},{"@type":"ImageObject","inLanguage":"en-US","@id":"https:\/\/www.welovecycling.com\/wide\/2022\/05\/02\/vlasov-wins-tour-de-romandie-and-other-cool-news-from-the-world-of-cycling\/#primaryimage","url":"https:\/\/d2p6e6u75xmxt8.cloudfront.net\/2\/2022\/05\/Aleksandr-Vlasov-Tour-de-Romandie-profimedia-0687703217-CVR.webp","contentUrl":"https:\/\/d2p6e6u75xmxt8.cloudfront.net\/2\/2022\/05\/Aleksandr-Vlasov-Tour-de-Romandie-profimedia-0687703217-CVR.webp","width":902,"height":601,"caption":"Aleksandr Vlasov"},{"@type":"BreadcrumbList","@id":"https:\/\/www.welovecycling.com\/wide\/2022\/05\/02\/vlasov-wins-tour-de-romandie-and-other-cool-news-from-the-world-of-cycling\/#breadcrumb","itemListElement":[{"@type":"ListItem","position":1,"name":"Home","item":"https:\/\/www.welovecycling.com\/wide\/"},{"@type":"ListItem","position":2,"name":"Vlasov Wins Tour de Romandie and Other Cool News from the World of Cycling"}]},{"@type":"WebSite","@id":"https:\/\/www.welovecycling.com\/wide\/#website","url":"https:\/\/www.welovecycling.com\/wide\/","name":"\u0160koda We Love Cycling","description":"\u0160koda We Love Cycling magazine","alternateName":"\u0160koda WLC","potentialAction":[{"@type":"SearchAction","target":{"@type":"EntryPoint","urlTemplate":"https:\/\/www.welovecycling.com\/wide\/?s={search_term_string}"},"query-input":{"@type":"PropertyValueSpecification","valueRequired":true,"valueName":"search_term_string"}}],"inLanguage":"en-US"},{"@type":"Person","@id":"https:\/\/www.welovecycling.com\/wide\/#\/schema\/person\/50f01ecd18718d2333cf72e823c4f926","name":"tereza","image":{"@type":"ImageObject","inLanguage":"en-US","@id":"https:\/\/www.welovecycling.com\/wide\/#\/schema\/person\/image\/","url":"https:\/\/secure.gravatar.com\/avatar\/1f9eb71be33845f0afabce3791bc1c58ecdb0a25c62964987e5dbcf7a20d2ec7?s=96&d=mm&r=g","contentUrl":"https:\/\/secure.gravatar.com\/avatar\/1f9eb71be33845f0afabce3791bc1c58ecdb0a25c62964987e5dbcf7a20d2ec7?s=96&d=mm&r=g","caption":"tereza"},"url":"https:\/\/www.welovecycling.com\/wide\/author\/tereza\/"}]}},"_links":{"self":[{"href":"https:\/\/www.welovecycling.com\/wide\/wp-json\/wp\/v2\/posts\/189171","targetHints":{"allow":["GET"]}}],"collection":[{"href":"https:\/\/www.welovecycling.com\/wide\/wp-json\/wp\/v2\/posts"}],"about":[{"href":"https:\/\/www.welovecycling.com\/wide\/wp-json\/wp\/v2\/types\/post"}],"author":[{"embeddable":true,"href":"https:\/\/www.welovecycling.com\/wide\/wp-json\/wp\/v2\/users\/99"}],"replies":[{"embeddable":true,"href":"https:\/\/www.welovecycling.com\/wide\/wp-json\/wp\/v2\/comments?post=189171"}],"version-history":[{"count":1,"href":"https:\/\/www.welovecycling.com\/wide\/wp-json\/wp\/v2\/posts\/189171\/revisions"}],"predecessor-version":[{"id":189177,"href":"https:\/\/www.welovecycling.com\/wide\/wp-json\/wp\/v2\/posts\/189171\/revisions\/189177"}],"wp:featuredmedia":[{"embeddable":true,"href":"https:\/\/www.welovecycling.com\/wide\/wp-json\/wp\/v2\/media\/189176"}],"wp:attachment":[{"href":"https:\/\/www.welovecycling.com\/wide\/wp-json\/wp\/v2\/media?parent=189171"}],"wp:term":[{"taxonomy":"category","embeddable":true,"href":"https:\/\/www.welovecycling.com\/wide\/wp-json\/wp\/v2\/categories?post=189171"},{"taxonomy":"post_tag","embeddable":true,"href":"https:\/\/www.welovecycling.com\/wide\/wp-json\/wp\/v2\/tags?post=189171"},{"taxonomy":"global-categories","embeddable":true,"href":"https:\/\/www.welovecycling.com\/wide\/wp-json\/wp\/v2\/global-categories?post=189171"}],"curies":[{"name":"wp","href":"https:\/\/api.w.org\/{rel}","templated":true}]}}