{"id":189148,"date":"2022-04-29T05:32:58","date_gmt":"2022-04-29T05:32:58","guid":{"rendered":"https:\/\/www.welovecycling.com\/wide\/?p=189148"},"modified":"2022-04-29T05:32:58","modified_gmt":"2022-04-29T05:32:58","slug":"tomas-slavik-about-the-red-bull-valparaiso-cerro-abajo","status":"publish","type":"post","link":"https:\/\/www.welovecycling.com\/wide\/2022\/04\/29\/tomas-slavik-about-the-red-bull-valparaiso-cerro-abajo\/","title":{"rendered":"Tomas Slavik About The Red Bull Valpara\u00edso Cerro Abajo"},"content":{"rendered":"<p><strong>Three-time Fourcross World Champion and legendary Valpara\u00edso downhill double winner Tomas Slavik came back to Chile to give it another try. Eager to win one more time, he spent the whole winter preparing for the longest and most fabulous of urban downhills.<\/strong><\/p>\n<p><!--more--><\/p>\n<p>Even though Tomas eventually did not succeed this year, he missed the gold medal just by four-hundredths of a second. Winner Pedro Ferreira was the only one who reached the finish line faster than the thirty-four-year-old rider from the Czech republic.<\/p>\n<p>&#8220;That was a pretty hard day at work. It was an amazing race, and I was only 0.04 seconds off the pace at the end. I enjoyed every metre, though,&#8221; the Czech biker nicknamed Datel (&#8220;The Woodpecker&#8221;) commented on his second place.<\/p>\n<p>Slavik won in Valparaiso back in 2017 and 2018 but a year later in 2019, he suffered a nasty crash during the ride after which he was left unconscious for five minutes. A GoPro camera broke off of his helmet after the crash and flew over a big wall.<\/p>\n<p>&#8220;The front wheel slid in a tight turn and an invisible force catapulted me head-first towards a set of steep stairs,&#8221; Tomas says.<\/p>\n<p><a href=\"https:\/\/d2p6e6u75xmxt8.cloudfront.net\/2\/2022\/04\/Slavik-Valparaiso-4.jpg\"><img loading=\"lazy\" decoding=\"async\" class=\"alignnone size-full wp-image-189153\" src=\"https:\/\/d2p6e6u75xmxt8.cloudfront.net\/2\/2022\/04\/Slavik-Valparaiso-4.jpg\" alt=\"Tom\u00e1\u0161 Slav\u00edk\" width=\"1120\" height=\"747\" \/><\/a><\/p>\n<div id='gallery-1' class='gallery galleryid-189148 gallery-columns-3 gallery-size-large'><figure class='gallery-item'>\n\t\t\t<div class='gallery-icon landscape'>\n\t\t\t\t<a href='https:\/\/d2p6e6u75xmxt8.cloudfront.net\/2\/2022\/04\/Slavik-Valparaiso-3.webp'><img loading=\"lazy\" decoding=\"async\" width=\"1024\" height=\"683\" src=\"https:\/\/d2p6e6u75xmxt8.cloudfront.net\/2\/2022\/04\/Slavik-Valparaiso-3-1024x683.webp\" class=\"attachment-large size-large\" alt=\"\" srcset=\"https:\/\/d2p6e6u75xmxt8.cloudfront.net\/2\/2022\/04\/Slavik-Valparaiso-3-1024x683.webp 1024w, https:\/\/d2p6e6u75xmxt8.cloudfront.net\/2\/2022\/04\/Slavik-Valparaiso-3-300x200.webp 300w, https:\/\/d2p6e6u75xmxt8.cloudfront.net\/2\/2022\/04\/Slavik-Valparaiso-3-768x512.webp 768w, https:\/\/d2p6e6u75xmxt8.cloudfront.net\/2\/2022\/04\/Slavik-Valparaiso-3-272x182.webp 272w, https:\/\/d2p6e6u75xmxt8.cloudfront.net\/2\/2022\/04\/Slavik-Valparaiso-3.webp 1280w\" sizes=\"auto, (max-width: 1024px) 100vw, 1024px\" \/><\/a>\n\t\t\t<\/div><\/figure><figure class='gallery-item'>\n\t\t\t<div class='gallery-icon landscape'>\n\t\t\t\t<a href='https:\/\/d2p6e6u75xmxt8.cloudfront.net\/2\/2022\/04\/Slavik-Valparaiso-1.webp'><img loading=\"lazy\" decoding=\"async\" width=\"1020\" height=\"680\" src=\"https:\/\/d2p6e6u75xmxt8.cloudfront.net\/2\/2022\/04\/Slavik-Valparaiso-1.webp\" class=\"attachment-large size-large\" alt=\"Tom\u00e1\u0161 Slav\u00edk\" srcset=\"https:\/\/d2p6e6u75xmxt8.cloudfront.net\/2\/2022\/04\/Slavik-Valparaiso-1.webp 1020w, https:\/\/d2p6e6u75xmxt8.cloudfront.net\/2\/2022\/04\/Slavik-Valparaiso-1-300x200.webp 300w, https:\/\/d2p6e6u75xmxt8.cloudfront.net\/2\/2022\/04\/Slavik-Valparaiso-1-768x512.webp 768w, https:\/\/d2p6e6u75xmxt8.cloudfront.net\/2\/2022\/04\/Slavik-Valparaiso-1-272x182.webp 272w\" sizes=\"auto, (max-width: 1020px) 100vw, 1020px\" \/><\/a>\n\t\t\t<\/div><\/figure><figure class='gallery-item'>\n\t\t\t<div class='gallery-icon landscape'>\n\t\t\t\t<a href='https:\/\/d2p6e6u75xmxt8.cloudfront.net\/2\/2022\/04\/Slavik-Valparaiso-2.webp'><img loading=\"lazy\" decoding=\"async\" width=\"1000\" height=\"667\" src=\"https:\/\/d2p6e6u75xmxt8.cloudfront.net\/2\/2022\/04\/Slavik-Valparaiso-2.webp\" class=\"attachment-large size-large\" alt=\"Valparaiso Abajo\" srcset=\"https:\/\/d2p6e6u75xmxt8.cloudfront.net\/2\/2022\/04\/Slavik-Valparaiso-2.webp 1000w, https:\/\/d2p6e6u75xmxt8.cloudfront.net\/2\/2022\/04\/Slavik-Valparaiso-2-300x200.webp 300w, https:\/\/d2p6e6u75xmxt8.cloudfront.net\/2\/2022\/04\/Slavik-Valparaiso-2-768x512.webp 768w, https:\/\/d2p6e6u75xmxt8.cloudfront.net\/2\/2022\/04\/Slavik-Valparaiso-2-272x182.webp 272w\" sizes=\"auto, (max-width: 1000px) 100vw, 1000px\" \/><\/a>\n\t\t\t<\/div><\/figure>\n\t\t<\/div>\n\n<p>The race was cancelled the following two years, meaning Tomas could not compete. Once because of Chilean protests, known in Chile as the Estallido Social, and after that due to the measures following the Covid-19 pandemic.<\/p>\n<p><a href=\"https:\/\/www.redbull.com\/cz-cs\/events\/red-bull-valparaiso-cerro-abajo-valparaiso-chile\">The Red Bull Valpara\u00edso Cerro Abajo,<\/a> as the race is officially called, runs through the centre of the UNESCO-protected City on Chile&#8217;s west coast. Among bikers, it is considered the largest and toughest urban downhill in the world.<\/p>\n<p>This year&#8217;s course was more than 2,400 metres long and the bikers descended over more than 1,600 steps and many artificial obstacles set up by the organisers. Riders reached speeds up to 70 kilometres per hour on the track.<\/p>\n<p>With more than 5 million people watching the shows live on TV, all City Downhills gain a higher activation in South America than many global events, making mountain biking more and more popular in the entire South American region.<\/p>\n<p>\u201cJust in Chile, mountain biking is growing remarkably and sometimes it seems to me that every second truck in Santiago carries an enduro or DH bike to the trails. I witnessed immense progress among the community within the last few years,\u201d Slavik says.<\/p>\n<p>\u201dValpara\u00edso is a special place. If you ride through the town, you can see stray dogs running around, walls covered with graffiti, and cool music clubs on every other corner. The entire city seems like a cultural paradise to me. The locals are kind and some of them even recognize me in the streets. The people of Valpara\u00edso made me start learning Spanish and I promised them to come back next time and speak with them in their language,\u201d Slavik promises.<\/p>\n","protected":false},"excerpt":{"rendered":"<p>Three-time Fourcross World Champion and legendary Valpara\u00edso downhill double winner Tomas Slavik came back to Chile to give it another [&hellip;]<\/p>\n","protected":false},"author":99,"featured_media":189149,"comment_status":"open","ping_status":"open","sticky":false,"template":"","format":"standard","meta":{"footnotes":""},"categories":[330],"tags":[6312,400,6314,6311,883,6313],"global-categories":[3366],"class_list":["post-189148","post","type-post","status-publish","format-standard","has-post-thumbnail","hentry","category-urban-cycling","tag-city-downhill","tag-downhill","tag-pedro-ferreira","tag-red-bull-valparaiso-cerro-abajo","tag-tomas-slavik","tag-urban-downhill","global-categories-cycling"],"yoast_head":"<!-- This site is optimized with the Yoast SEO Premium plugin v25.3 (Yoast SEO v25.9) - https:\/\/yoast.com\/wordpress\/plugins\/seo\/ -->\n<title>Tomas Slavik About The Red Bull Valpara\u00edso Cerro Abajo<\/title>\n<meta name=\"description\" content=\"Three-time Fourcross World Champion and legendary Valpara\u00edso downhill double winner Tomas Slavik came back to Chile to give it another try. Eager to win\" \/>\n<meta name=\"robots\" content=\"index, follow, max-snippet:-1, max-image-preview:large, max-video-preview:-1\" \/>\n<link rel=\"canonical\" href=\"https:\/\/www.welovecycling.com\/wide\/2022\/04\/29\/tomas-slavik-about-the-red-bull-valparaiso-cerro-abajo\/\" \/>\n<meta property=\"og:locale\" content=\"en_US\" \/>\n<meta property=\"og:type\" content=\"article\" \/>\n<meta property=\"og:title\" content=\"Tomas Slavik About The Red Bull Valpara\u00edso Cerro Abajo\" \/>\n<meta property=\"og:description\" content=\"Three-time Fourcross World Champion and legendary Valpara\u00edso downhill double winner Tomas Slavik came back to Chile to give it another try. Eager to win\" \/>\n<meta property=\"og:url\" content=\"https:\/\/www.welovecycling.com\/wide\/2022\/04\/29\/tomas-slavik-about-the-red-bull-valparaiso-cerro-abajo\/\" \/>\n<meta property=\"og:site_name\" content=\"\u0160koda We Love Cycling\" \/>\n<meta property=\"article:published_time\" content=\"2022-04-29T05:32:58+00:00\" \/>\n<meta property=\"og:image\" content=\"https:\/\/d2p6e6u75xmxt8.cloudfront.net\/2\/2022\/04\/red-bull-valparaiso-cerro-abajo-CVR.webp\" \/>\n\t<meta property=\"og:image:width\" content=\"900\" \/>\n\t<meta property=\"og:image:height\" content=\"600\" \/>\n\t<meta property=\"og:image:type\" content=\"image\/webp\" \/>\n<meta name=\"author\" content=\"tereza\" \/>\n<meta name=\"twitter:card\" content=\"summary_large_image\" \/>\n<meta name=\"twitter:label1\" content=\"Written by\" \/>\n\t<meta name=\"twitter:data1\" content=\"Adam Marsal\" \/>\n\t<meta name=\"twitter:label2\" content=\"Est. reading time\" \/>\n\t<meta name=\"twitter:data2\" content=\"5\" \/>\n<script type=\"application\/ld+json\" class=\"yoast-schema-graph\">{\"@context\":\"https:\/\/schema.org\",\"@graph\":[{\"@type\":\"WebPage\",\"@id\":\"https:\/\/www.welovecycling.com\/wide\/2022\/04\/29\/tomas-slavik-about-the-red-bull-valparaiso-cerro-abajo\/\",\"url\":\"https:\/\/www.welovecycling.com\/wide\/2022\/04\/29\/tomas-slavik-about-the-red-bull-valparaiso-cerro-abajo\/\",\"name\":\"Tomas Slavik About The Red Bull Valpara\u00edso Cerro Abajo\",\"isPartOf\":{\"@id\":\"https:\/\/www.welovecycling.com\/wide\/#website\"},\"primaryImageOfPage\":{\"@id\":\"https:\/\/www.welovecycling.com\/wide\/2022\/04\/29\/tomas-slavik-about-the-red-bull-valparaiso-cerro-abajo\/#primaryimage\"},\"image\":{\"@id\":\"https:\/\/www.welovecycling.com\/wide\/2022\/04\/29\/tomas-slavik-about-the-red-bull-valparaiso-cerro-abajo\/#primaryimage\"},\"thumbnailUrl\":\"https:\/\/d2p6e6u75xmxt8.cloudfront.net\/2\/2022\/04\/red-bull-valparaiso-cerro-abajo-CVR.webp\",\"datePublished\":\"2022-04-29T05:32:58+00:00\",\"author\":{\"@id\":\"https:\/\/www.welovecycling.com\/wide\/#\/schema\/person\/50f01ecd18718d2333cf72e823c4f926\"},\"description\":\"Three-time Fourcross World Champion and legendary Valpara\u00edso downhill double winner Tomas Slavik came back to Chile to give it another try. Eager to win\",\"breadcrumb\":{\"@id\":\"https:\/\/www.welovecycling.com\/wide\/2022\/04\/29\/tomas-slavik-about-the-red-bull-valparaiso-cerro-abajo\/#breadcrumb\"},\"inLanguage\":\"en-US\",\"potentialAction\":[{\"@type\":\"ReadAction\",\"target\":[\"https:\/\/www.welovecycling.com\/wide\/2022\/04\/29\/tomas-slavik-about-the-red-bull-valparaiso-cerro-abajo\/\"]}]},{\"@type\":\"ImageObject\",\"inLanguage\":\"en-US\",\"@id\":\"https:\/\/www.welovecycling.com\/wide\/2022\/04\/29\/tomas-slavik-about-the-red-bull-valparaiso-cerro-abajo\/#primaryimage\",\"url\":\"https:\/\/d2p6e6u75xmxt8.cloudfront.net\/2\/2022\/04\/red-bull-valparaiso-cerro-abajo-CVR.webp\",\"contentUrl\":\"https:\/\/d2p6e6u75xmxt8.cloudfront.net\/2\/2022\/04\/red-bull-valparaiso-cerro-abajo-CVR.webp\",\"width\":900,\"height\":600,\"caption\":\"Red Bull\"},{\"@type\":\"BreadcrumbList\",\"@id\":\"https:\/\/www.welovecycling.com\/wide\/2022\/04\/29\/tomas-slavik-about-the-red-bull-valparaiso-cerro-abajo\/#breadcrumb\",\"itemListElement\":[{\"@type\":\"ListItem\",\"position\":1,\"name\":\"Home\",\"item\":\"https:\/\/www.welovecycling.com\/wide\/\"},{\"@type\":\"ListItem\",\"position\":2,\"name\":\"Tomas Slavik About The Red Bull Valpara\u00edso Cerro Abajo\"}]},{\"@type\":\"WebSite\",\"@id\":\"https:\/\/www.welovecycling.com\/wide\/#website\",\"url\":\"https:\/\/www.welovecycling.com\/wide\/\",\"name\":\"\u0160koda We Love Cycling\",\"description\":\"\u0160koda We Love Cycling magazine\",\"alternateName\":\"\u0160koda WLC\",\"potentialAction\":[{\"@type\":\"SearchAction\",\"target\":{\"@type\":\"EntryPoint\",\"urlTemplate\":\"https:\/\/www.welovecycling.com\/wide\/?s={search_term_string}\"},\"query-input\":{\"@type\":\"PropertyValueSpecification\",\"valueRequired\":true,\"valueName\":\"search_term_string\"}}],\"inLanguage\":\"en-US\"},{\"@type\":\"Person\",\"@id\":\"https:\/\/www.welovecycling.com\/wide\/#\/schema\/person\/50f01ecd18718d2333cf72e823c4f926\",\"name\":\"tereza\",\"image\":{\"@type\":\"ImageObject\",\"inLanguage\":\"en-US\",\"@id\":\"https:\/\/www.welovecycling.com\/wide\/#\/schema\/person\/image\/\",\"url\":\"https:\/\/secure.gravatar.com\/avatar\/1f9eb71be33845f0afabce3791bc1c58ecdb0a25c62964987e5dbcf7a20d2ec7?s=96&d=mm&r=g\",\"contentUrl\":\"https:\/\/secure.gravatar.com\/avatar\/1f9eb71be33845f0afabce3791bc1c58ecdb0a25c62964987e5dbcf7a20d2ec7?s=96&d=mm&r=g\",\"caption\":\"tereza\"},\"url\":\"https:\/\/www.welovecycling.com\/wide\/author\/tereza\/\"}]}<\/script>\n<!-- \/ Yoast SEO Premium plugin. -->","yoast_head_json":{"title":"Tomas Slavik About The Red Bull Valpara\u00edso Cerro Abajo","description":"Three-time Fourcross World Champion and legendary Valpara\u00edso downhill double winner Tomas Slavik came back to Chile to give it another try. Eager to win","robots":{"index":"index","follow":"follow","max-snippet":"max-snippet:-1","max-image-preview":"max-image-preview:large","max-video-preview":"max-video-preview:-1"},"canonical":"https:\/\/www.welovecycling.com\/wide\/2022\/04\/29\/tomas-slavik-about-the-red-bull-valparaiso-cerro-abajo\/","og_locale":"en_US","og_type":"article","og_title":"Tomas Slavik About The Red Bull Valpara\u00edso Cerro Abajo","og_description":"Three-time Fourcross World Champion and legendary Valpara\u00edso downhill double winner Tomas Slavik came back to Chile to give it another try. Eager to win","og_url":"https:\/\/www.welovecycling.com\/wide\/2022\/04\/29\/tomas-slavik-about-the-red-bull-valparaiso-cerro-abajo\/","og_site_name":"\u0160koda We Love Cycling","article_published_time":"2022-04-29T05:32:58+00:00","og_image":[{"width":900,"height":600,"url":"https:\/\/d2p6e6u75xmxt8.cloudfront.net\/2\/2022\/04\/red-bull-valparaiso-cerro-abajo-CVR.webp","type":"image\/webp"}],"author":"tereza","twitter_card":"summary_large_image","twitter_misc":{"Written by":"Adam Marsal","Est. reading time":"5"},"schema":{"@context":"https:\/\/schema.org","@graph":[{"@type":"WebPage","@id":"https:\/\/www.welovecycling.com\/wide\/2022\/04\/29\/tomas-slavik-about-the-red-bull-valparaiso-cerro-abajo\/","url":"https:\/\/www.welovecycling.com\/wide\/2022\/04\/29\/tomas-slavik-about-the-red-bull-valparaiso-cerro-abajo\/","name":"Tomas Slavik About The Red Bull Valpara\u00edso Cerro Abajo","isPartOf":{"@id":"https:\/\/www.welovecycling.com\/wide\/#website"},"primaryImageOfPage":{"@id":"https:\/\/www.welovecycling.com\/wide\/2022\/04\/29\/tomas-slavik-about-the-red-bull-valparaiso-cerro-abajo\/#primaryimage"},"image":{"@id":"https:\/\/www.welovecycling.com\/wide\/2022\/04\/29\/tomas-slavik-about-the-red-bull-valparaiso-cerro-abajo\/#primaryimage"},"thumbnailUrl":"https:\/\/d2p6e6u75xmxt8.cloudfront.net\/2\/2022\/04\/red-bull-valparaiso-cerro-abajo-CVR.webp","datePublished":"2022-04-29T05:32:58+00:00","author":{"@id":"https:\/\/www.welovecycling.com\/wide\/#\/schema\/person\/50f01ecd18718d2333cf72e823c4f926"},"description":"Three-time Fourcross World Champion and legendary Valpara\u00edso downhill double winner Tomas Slavik came back to Chile to give it another try. Eager to win","breadcrumb":{"@id":"https:\/\/www.welovecycling.com\/wide\/2022\/04\/29\/tomas-slavik-about-the-red-bull-valparaiso-cerro-abajo\/#breadcrumb"},"inLanguage":"en-US","potentialAction":[{"@type":"ReadAction","target":["https:\/\/www.welovecycling.com\/wide\/2022\/04\/29\/tomas-slavik-about-the-red-bull-valparaiso-cerro-abajo\/"]}]},{"@type":"ImageObject","inLanguage":"en-US","@id":"https:\/\/www.welovecycling.com\/wide\/2022\/04\/29\/tomas-slavik-about-the-red-bull-valparaiso-cerro-abajo\/#primaryimage","url":"https:\/\/d2p6e6u75xmxt8.cloudfront.net\/2\/2022\/04\/red-bull-valparaiso-cerro-abajo-CVR.webp","contentUrl":"https:\/\/d2p6e6u75xmxt8.cloudfront.net\/2\/2022\/04\/red-bull-valparaiso-cerro-abajo-CVR.webp","width":900,"height":600,"caption":"Red Bull"},{"@type":"BreadcrumbList","@id":"https:\/\/www.welovecycling.com\/wide\/2022\/04\/29\/tomas-slavik-about-the-red-bull-valparaiso-cerro-abajo\/#breadcrumb","itemListElement":[{"@type":"ListItem","position":1,"name":"Home","item":"https:\/\/www.welovecycling.com\/wide\/"},{"@type":"ListItem","position":2,"name":"Tomas Slavik About The Red Bull Valpara\u00edso Cerro Abajo"}]},{"@type":"WebSite","@id":"https:\/\/www.welovecycling.com\/wide\/#website","url":"https:\/\/www.welovecycling.com\/wide\/","name":"\u0160koda We Love Cycling","description":"\u0160koda We Love Cycling magazine","alternateName":"\u0160koda WLC","potentialAction":[{"@type":"SearchAction","target":{"@type":"EntryPoint","urlTemplate":"https:\/\/www.welovecycling.com\/wide\/?s={search_term_string}"},"query-input":{"@type":"PropertyValueSpecification","valueRequired":true,"valueName":"search_term_string"}}],"inLanguage":"en-US"},{"@type":"Person","@id":"https:\/\/www.welovecycling.com\/wide\/#\/schema\/person\/50f01ecd18718d2333cf72e823c4f926","name":"tereza","image":{"@type":"ImageObject","inLanguage":"en-US","@id":"https:\/\/www.welovecycling.com\/wide\/#\/schema\/person\/image\/","url":"https:\/\/secure.gravatar.com\/avatar\/1f9eb71be33845f0afabce3791bc1c58ecdb0a25c62964987e5dbcf7a20d2ec7?s=96&d=mm&r=g","contentUrl":"https:\/\/secure.gravatar.com\/avatar\/1f9eb71be33845f0afabce3791bc1c58ecdb0a25c62964987e5dbcf7a20d2ec7?s=96&d=mm&r=g","caption":"tereza"},"url":"https:\/\/www.welovecycling.com\/wide\/author\/tereza\/"}]}},"_links":{"self":[{"href":"https:\/\/www.welovecycling.com\/wide\/wp-json\/wp\/v2\/posts\/189148","targetHints":{"allow":["GET"]}}],"collection":[{"href":"https:\/\/www.welovecycling.com\/wide\/wp-json\/wp\/v2\/posts"}],"about":[{"href":"https:\/\/www.welovecycling.com\/wide\/wp-json\/wp\/v2\/types\/post"}],"author":[{"embeddable":true,"href":"https:\/\/www.welovecycling.com\/wide\/wp-json\/wp\/v2\/users\/99"}],"replies":[{"embeddable":true,"href":"https:\/\/www.welovecycling.com\/wide\/wp-json\/wp\/v2\/comments?post=189148"}],"version-history":[{"count":1,"href":"https:\/\/www.welovecycling.com\/wide\/wp-json\/wp\/v2\/posts\/189148\/revisions"}],"predecessor-version":[{"id":189154,"href":"https:\/\/www.welovecycling.com\/wide\/wp-json\/wp\/v2\/posts\/189148\/revisions\/189154"}],"wp:featuredmedia":[{"embeddable":true,"href":"https:\/\/www.welovecycling.com\/wide\/wp-json\/wp\/v2\/media\/189149"}],"wp:attachment":[{"href":"https:\/\/www.welovecycling.com\/wide\/wp-json\/wp\/v2\/media?parent=189148"}],"wp:term":[{"taxonomy":"category","embeddable":true,"href":"https:\/\/www.welovecycling.com\/wide\/wp-json\/wp\/v2\/categories?post=189148"},{"taxonomy":"post_tag","embeddable":true,"href":"https:\/\/www.welovecycling.com\/wide\/wp-json\/wp\/v2\/tags?post=189148"},{"taxonomy":"global-categories","embeddable":true,"href":"https:\/\/www.welovecycling.com\/wide\/wp-json\/wp\/v2\/global-categories?post=189148"}],"curies":[{"name":"wp","href":"https:\/\/api.w.org\/{rel}","templated":true}]}}