{"id":189125,"date":"2022-04-27T10:56:43","date_gmt":"2022-04-27T10:56:43","guid":{"rendered":"https:\/\/www.welovecycling.com\/wide\/?p=189125"},"modified":"2022-04-27T10:56:43","modified_gmt":"2022-04-27T10:56:43","slug":"fabian-cancellara-launches-a-new-swiss-proteam-for-the-2023-season","status":"publish","type":"post","link":"https:\/\/www.welovecycling.com\/wide\/2022\/04\/27\/fabian-cancellara-launches-a-new-swiss-proteam-for-the-2023-season\/","title":{"rendered":"Fabian Cancellara Launches a New Swiss ProTeam for the 2023 Season"},"content":{"rendered":"<p><strong>The 41-year-old former world champ will launch the Tudor Pro Cycling Team after taking ownership of the Continental level team Swiss Racing Academy. Cancellara intends to register them as a ProTeam next season. That would make Tudor Pro Cycling Team the first professional Swiss cycling team since 2016 when UCI WorldTeam IAM Cycling folded.<\/strong><\/p>\n<p><!--more--><\/p>\n<p>\u201cA great day to be able to announce this new adventure of the Tudor Pro Cycling Team,\u201d Cancellara said at a press conference before the start of the Tour de Romandie. \u201cWe start from the Swiss Racing Academy, which already competes in many races but from today, everything changes. Today is a great day with great motivation for the future. It is a project focused on and born from Swiss cycling even if we will not only have Swiss riders.\u201d<\/p>\n<div class=\"embed-controller-wrapper\">\n<blockquote class=\"twitter-tweet\" data-width=\"500\" data-dnt=\"true\">\n<p lang=\"en\" dir=\"ltr\">It\u2019s time to dare. It\u2019s time to lead. It\u2019s time to win.<a href=\"https:\/\/twitter.com\/hashtag\/TudorProCycling?src=hash&amp;ref_src=twsrc%5Etfw\">#TudorProCycling<\/a> <a href=\"https:\/\/twitter.com\/hashtag\/BornToDare?src=hash&amp;ref_src=twsrc%5Etfw\">#BornToDare<\/a> <a href=\"https:\/\/twitter.com\/hashtag\/TudorWatch?src=hash&amp;ref_src=twsrc%5Etfw\">#TudorWatch<\/a> <a href=\"https:\/\/t.co\/EPFTLvcrZA\">pic.twitter.com\/EPFTLvcrZA<\/a><\/p>\n<p>&mdash; Tudor Pro Cycling Team (@TudorProCycling) <a href=\"https:\/\/twitter.com\/TudorProCycling\/status\/1518913648571432961?ref_src=twsrc%5Etfw\">April 26, 2022<\/a><\/p><\/blockquote>\n<p><script async data-src=\"https:\/\/platform.twitter.com\/widgets.js\" charset=\"utf-8\"><\/script><\/div>\n<p>&nbsp;<\/p>\n<p>Cancellara has supported the Swiss Racing Academy for years as a mentor and will now move into the role of the owner. One might presume he would take an active role as a manager as well. However, that will not be the case.<\/p>\n<p>\u201cI&#8217;m not the trainer, I&#8217;m not the sports director, definitely. So, my role will be as the owner. I think my experience over the last few years, with my company and also with this mentoring with <a href=\"https:\/\/www.swissracingacademy.ch\/\">Swiss Racing Academy<\/a>, show me that this is a role that I fit into.\u201d<\/p>\n<p>Sounds promising. Excited to see the Swiss squad on the World Tour circuit?<\/p>\n","protected":false},"excerpt":{"rendered":"<p>The 41-year-old former world champ will launch the Tudor Pro Cycling Team after taking ownership of the Continental level team [&hellip;]<\/p>\n","protected":false},"author":99,"featured_media":189127,"comment_status":"open","ping_status":"open","sticky":false,"template":"","format":"standard","meta":{"footnotes":""},"categories":[329],"tags":[4619,412,583,6302,6301],"global-categories":[3366],"class_list":["post-189125","post","type-post","status-publish","format-standard","has-post-thumbnail","hentry","category-road-cycling","tag-cycling-news","tag-fabian-cancellara","tag-road-cycling","tag-tour-de-normandie","tag-tudor-pro-cycling-team","global-categories-cycling"],"yoast_head":"<!-- This site is optimized with the Yoast SEO Premium plugin v25.3 (Yoast SEO v25.9) - https:\/\/yoast.com\/wordpress\/plugins\/seo\/ -->\n<title>Fabian Cancellara Launches a New Swiss ProTeam for the 2023 Season<\/title>\n<meta name=\"description\" content=\"The 41-year-old former world champ will launch the Tudor Pro Cycling Team after taking ownership of the Continental level team Swiss Racing Academy.\" \/>\n<meta name=\"robots\" content=\"index, follow, max-snippet:-1, max-image-preview:large, max-video-preview:-1\" \/>\n<link rel=\"canonical\" href=\"https:\/\/www.welovecycling.com\/wide\/2022\/04\/27\/fabian-cancellara-launches-a-new-swiss-proteam-for-the-2023-season\/\" \/>\n<meta property=\"og:locale\" content=\"en_US\" \/>\n<meta property=\"og:type\" content=\"article\" \/>\n<meta property=\"og:title\" content=\"Fabian Cancellara Launches a New Swiss ProTeam for the 2023 Season\" \/>\n<meta property=\"og:description\" content=\"The 41-year-old former world champ will launch the Tudor Pro Cycling Team after taking ownership of the Continental level team Swiss Racing Academy.\" \/>\n<meta property=\"og:url\" content=\"https:\/\/www.welovecycling.com\/wide\/2022\/04\/27\/fabian-cancellara-launches-a-new-swiss-proteam-for-the-2023-season\/\" \/>\n<meta property=\"og:site_name\" content=\"\u0160koda We Love Cycling\" \/>\n<meta property=\"article:published_time\" content=\"2022-04-27T10:56:43+00:00\" \/>\n<meta property=\"og:image\" content=\"https:\/\/d2p6e6u75xmxt8.cloudfront.net\/2\/2022\/04\/Fabian-Cancellara-profimedia-0686171484-CVR.webp\" \/>\n\t<meta property=\"og:image:width\" content=\"900\" \/>\n\t<meta property=\"og:image:height\" content=\"600\" \/>\n\t<meta property=\"og:image:type\" content=\"image\/webp\" \/>\n<meta name=\"author\" content=\"tereza\" \/>\n<meta name=\"twitter:card\" content=\"summary_large_image\" \/>\n<meta name=\"twitter:label1\" content=\"Written by\" \/>\n\t<meta name=\"twitter:data1\" content=\"Monica Buck\" \/>\n\t<meta name=\"twitter:label2\" content=\"Est. reading time\" \/>\n\t<meta name=\"twitter:data2\" content=\"4\" \/>\n<script type=\"application\/ld+json\" class=\"yoast-schema-graph\">{\"@context\":\"https:\/\/schema.org\",\"@graph\":[{\"@type\":\"WebPage\",\"@id\":\"https:\/\/www.welovecycling.com\/wide\/2022\/04\/27\/fabian-cancellara-launches-a-new-swiss-proteam-for-the-2023-season\/\",\"url\":\"https:\/\/www.welovecycling.com\/wide\/2022\/04\/27\/fabian-cancellara-launches-a-new-swiss-proteam-for-the-2023-season\/\",\"name\":\"Fabian Cancellara Launches a New Swiss ProTeam for the 2023 Season\",\"isPartOf\":{\"@id\":\"https:\/\/www.welovecycling.com\/wide\/#website\"},\"primaryImageOfPage\":{\"@id\":\"https:\/\/www.welovecycling.com\/wide\/2022\/04\/27\/fabian-cancellara-launches-a-new-swiss-proteam-for-the-2023-season\/#primaryimage\"},\"image\":{\"@id\":\"https:\/\/www.welovecycling.com\/wide\/2022\/04\/27\/fabian-cancellara-launches-a-new-swiss-proteam-for-the-2023-season\/#primaryimage\"},\"thumbnailUrl\":\"https:\/\/d2p6e6u75xmxt8.cloudfront.net\/2\/2022\/04\/Fabian-Cancellara-profimedia-0686171484-CVR.webp\",\"datePublished\":\"2022-04-27T10:56:43+00:00\",\"author\":{\"@id\":\"https:\/\/www.welovecycling.com\/wide\/#\/schema\/person\/50f01ecd18718d2333cf72e823c4f926\"},\"description\":\"The 41-year-old former world champ will launch the Tudor Pro Cycling Team after taking ownership of the Continental level team Swiss Racing Academy.\",\"breadcrumb\":{\"@id\":\"https:\/\/www.welovecycling.com\/wide\/2022\/04\/27\/fabian-cancellara-launches-a-new-swiss-proteam-for-the-2023-season\/#breadcrumb\"},\"inLanguage\":\"en-US\",\"potentialAction\":[{\"@type\":\"ReadAction\",\"target\":[\"https:\/\/www.welovecycling.com\/wide\/2022\/04\/27\/fabian-cancellara-launches-a-new-swiss-proteam-for-the-2023-season\/\"]}]},{\"@type\":\"ImageObject\",\"inLanguage\":\"en-US\",\"@id\":\"https:\/\/www.welovecycling.com\/wide\/2022\/04\/27\/fabian-cancellara-launches-a-new-swiss-proteam-for-the-2023-season\/#primaryimage\",\"url\":\"https:\/\/d2p6e6u75xmxt8.cloudfront.net\/2\/2022\/04\/Fabian-Cancellara-profimedia-0686171484-CVR.webp\",\"contentUrl\":\"https:\/\/d2p6e6u75xmxt8.cloudfront.net\/2\/2022\/04\/Fabian-Cancellara-profimedia-0686171484-CVR.webp\",\"width\":900,\"height\":600,\"caption\":\"Fabian Cancellara\"},{\"@type\":\"BreadcrumbList\",\"@id\":\"https:\/\/www.welovecycling.com\/wide\/2022\/04\/27\/fabian-cancellara-launches-a-new-swiss-proteam-for-the-2023-season\/#breadcrumb\",\"itemListElement\":[{\"@type\":\"ListItem\",\"position\":1,\"name\":\"Home\",\"item\":\"https:\/\/www.welovecycling.com\/wide\/\"},{\"@type\":\"ListItem\",\"position\":2,\"name\":\"Fabian Cancellara Launches a New Swiss ProTeam for the 2023 Season\"}]},{\"@type\":\"WebSite\",\"@id\":\"https:\/\/www.welovecycling.com\/wide\/#website\",\"url\":\"https:\/\/www.welovecycling.com\/wide\/\",\"name\":\"\u0160koda We Love Cycling\",\"description\":\"\u0160koda We Love Cycling magazine\",\"alternateName\":\"\u0160koda WLC\",\"potentialAction\":[{\"@type\":\"SearchAction\",\"target\":{\"@type\":\"EntryPoint\",\"urlTemplate\":\"https:\/\/www.welovecycling.com\/wide\/?s={search_term_string}\"},\"query-input\":{\"@type\":\"PropertyValueSpecification\",\"valueRequired\":true,\"valueName\":\"search_term_string\"}}],\"inLanguage\":\"en-US\"},{\"@type\":\"Person\",\"@id\":\"https:\/\/www.welovecycling.com\/wide\/#\/schema\/person\/50f01ecd18718d2333cf72e823c4f926\",\"name\":\"tereza\",\"image\":{\"@type\":\"ImageObject\",\"inLanguage\":\"en-US\",\"@id\":\"https:\/\/www.welovecycling.com\/wide\/#\/schema\/person\/image\/\",\"url\":\"https:\/\/secure.gravatar.com\/avatar\/1f9eb71be33845f0afabce3791bc1c58ecdb0a25c62964987e5dbcf7a20d2ec7?s=96&d=mm&r=g\",\"contentUrl\":\"https:\/\/secure.gravatar.com\/avatar\/1f9eb71be33845f0afabce3791bc1c58ecdb0a25c62964987e5dbcf7a20d2ec7?s=96&d=mm&r=g\",\"caption\":\"tereza\"},\"url\":\"https:\/\/www.welovecycling.com\/wide\/author\/tereza\/\"}]}<\/script>\n<!-- \/ Yoast SEO Premium plugin. -->","yoast_head_json":{"title":"Fabian Cancellara Launches a New Swiss ProTeam for the 2023 Season","description":"The 41-year-old former world champ will launch the Tudor Pro Cycling Team after taking ownership of the Continental level team Swiss Racing Academy.","robots":{"index":"index","follow":"follow","max-snippet":"max-snippet:-1","max-image-preview":"max-image-preview:large","max-video-preview":"max-video-preview:-1"},"canonical":"https:\/\/www.welovecycling.com\/wide\/2022\/04\/27\/fabian-cancellara-launches-a-new-swiss-proteam-for-the-2023-season\/","og_locale":"en_US","og_type":"article","og_title":"Fabian Cancellara Launches a New Swiss ProTeam for the 2023 Season","og_description":"The 41-year-old former world champ will launch the Tudor Pro Cycling Team after taking ownership of the Continental level team Swiss Racing Academy.","og_url":"https:\/\/www.welovecycling.com\/wide\/2022\/04\/27\/fabian-cancellara-launches-a-new-swiss-proteam-for-the-2023-season\/","og_site_name":"\u0160koda We Love Cycling","article_published_time":"2022-04-27T10:56:43+00:00","og_image":[{"width":900,"height":600,"url":"https:\/\/d2p6e6u75xmxt8.cloudfront.net\/2\/2022\/04\/Fabian-Cancellara-profimedia-0686171484-CVR.webp","type":"image\/webp"}],"author":"tereza","twitter_card":"summary_large_image","twitter_misc":{"Written by":"Monica Buck","Est. reading time":"4"},"schema":{"@context":"https:\/\/schema.org","@graph":[{"@type":"WebPage","@id":"https:\/\/www.welovecycling.com\/wide\/2022\/04\/27\/fabian-cancellara-launches-a-new-swiss-proteam-for-the-2023-season\/","url":"https:\/\/www.welovecycling.com\/wide\/2022\/04\/27\/fabian-cancellara-launches-a-new-swiss-proteam-for-the-2023-season\/","name":"Fabian Cancellara Launches a New Swiss ProTeam for the 2023 Season","isPartOf":{"@id":"https:\/\/www.welovecycling.com\/wide\/#website"},"primaryImageOfPage":{"@id":"https:\/\/www.welovecycling.com\/wide\/2022\/04\/27\/fabian-cancellara-launches-a-new-swiss-proteam-for-the-2023-season\/#primaryimage"},"image":{"@id":"https:\/\/www.welovecycling.com\/wide\/2022\/04\/27\/fabian-cancellara-launches-a-new-swiss-proteam-for-the-2023-season\/#primaryimage"},"thumbnailUrl":"https:\/\/d2p6e6u75xmxt8.cloudfront.net\/2\/2022\/04\/Fabian-Cancellara-profimedia-0686171484-CVR.webp","datePublished":"2022-04-27T10:56:43+00:00","author":{"@id":"https:\/\/www.welovecycling.com\/wide\/#\/schema\/person\/50f01ecd18718d2333cf72e823c4f926"},"description":"The 41-year-old former world champ will launch the Tudor Pro Cycling Team after taking ownership of the Continental level team Swiss Racing Academy.","breadcrumb":{"@id":"https:\/\/www.welovecycling.com\/wide\/2022\/04\/27\/fabian-cancellara-launches-a-new-swiss-proteam-for-the-2023-season\/#breadcrumb"},"inLanguage":"en-US","potentialAction":[{"@type":"ReadAction","target":["https:\/\/www.welovecycling.com\/wide\/2022\/04\/27\/fabian-cancellara-launches-a-new-swiss-proteam-for-the-2023-season\/"]}]},{"@type":"ImageObject","inLanguage":"en-US","@id":"https:\/\/www.welovecycling.com\/wide\/2022\/04\/27\/fabian-cancellara-launches-a-new-swiss-proteam-for-the-2023-season\/#primaryimage","url":"https:\/\/d2p6e6u75xmxt8.cloudfront.net\/2\/2022\/04\/Fabian-Cancellara-profimedia-0686171484-CVR.webp","contentUrl":"https:\/\/d2p6e6u75xmxt8.cloudfront.net\/2\/2022\/04\/Fabian-Cancellara-profimedia-0686171484-CVR.webp","width":900,"height":600,"caption":"Fabian Cancellara"},{"@type":"BreadcrumbList","@id":"https:\/\/www.welovecycling.com\/wide\/2022\/04\/27\/fabian-cancellara-launches-a-new-swiss-proteam-for-the-2023-season\/#breadcrumb","itemListElement":[{"@type":"ListItem","position":1,"name":"Home","item":"https:\/\/www.welovecycling.com\/wide\/"},{"@type":"ListItem","position":2,"name":"Fabian Cancellara Launches a New Swiss ProTeam for the 2023 Season"}]},{"@type":"WebSite","@id":"https:\/\/www.welovecycling.com\/wide\/#website","url":"https:\/\/www.welovecycling.com\/wide\/","name":"\u0160koda We Love Cycling","description":"\u0160koda We Love Cycling magazine","alternateName":"\u0160koda WLC","potentialAction":[{"@type":"SearchAction","target":{"@type":"EntryPoint","urlTemplate":"https:\/\/www.welovecycling.com\/wide\/?s={search_term_string}"},"query-input":{"@type":"PropertyValueSpecification","valueRequired":true,"valueName":"search_term_string"}}],"inLanguage":"en-US"},{"@type":"Person","@id":"https:\/\/www.welovecycling.com\/wide\/#\/schema\/person\/50f01ecd18718d2333cf72e823c4f926","name":"tereza","image":{"@type":"ImageObject","inLanguage":"en-US","@id":"https:\/\/www.welovecycling.com\/wide\/#\/schema\/person\/image\/","url":"https:\/\/secure.gravatar.com\/avatar\/1f9eb71be33845f0afabce3791bc1c58ecdb0a25c62964987e5dbcf7a20d2ec7?s=96&d=mm&r=g","contentUrl":"https:\/\/secure.gravatar.com\/avatar\/1f9eb71be33845f0afabce3791bc1c58ecdb0a25c62964987e5dbcf7a20d2ec7?s=96&d=mm&r=g","caption":"tereza"},"url":"https:\/\/www.welovecycling.com\/wide\/author\/tereza\/"}]}},"_links":{"self":[{"href":"https:\/\/www.welovecycling.com\/wide\/wp-json\/wp\/v2\/posts\/189125","targetHints":{"allow":["GET"]}}],"collection":[{"href":"https:\/\/www.welovecycling.com\/wide\/wp-json\/wp\/v2\/posts"}],"about":[{"href":"https:\/\/www.welovecycling.com\/wide\/wp-json\/wp\/v2\/types\/post"}],"author":[{"embeddable":true,"href":"https:\/\/www.welovecycling.com\/wide\/wp-json\/wp\/v2\/users\/99"}],"replies":[{"embeddable":true,"href":"https:\/\/www.welovecycling.com\/wide\/wp-json\/wp\/v2\/comments?post=189125"}],"version-history":[{"count":1,"href":"https:\/\/www.welovecycling.com\/wide\/wp-json\/wp\/v2\/posts\/189125\/revisions"}],"predecessor-version":[{"id":189128,"href":"https:\/\/www.welovecycling.com\/wide\/wp-json\/wp\/v2\/posts\/189125\/revisions\/189128"}],"wp:featuredmedia":[{"embeddable":true,"href":"https:\/\/www.welovecycling.com\/wide\/wp-json\/wp\/v2\/media\/189127"}],"wp:attachment":[{"href":"https:\/\/www.welovecycling.com\/wide\/wp-json\/wp\/v2\/media?parent=189125"}],"wp:term":[{"taxonomy":"category","embeddable":true,"href":"https:\/\/www.welovecycling.com\/wide\/wp-json\/wp\/v2\/categories?post=189125"},{"taxonomy":"post_tag","embeddable":true,"href":"https:\/\/www.welovecycling.com\/wide\/wp-json\/wp\/v2\/tags?post=189125"},{"taxonomy":"global-categories","embeddable":true,"href":"https:\/\/www.welovecycling.com\/wide\/wp-json\/wp\/v2\/global-categories?post=189125"}],"curies":[{"name":"wp","href":"https:\/\/api.w.org\/{rel}","templated":true}]}}