{"id":189069,"date":"2022-04-18T08:54:36","date_gmt":"2022-04-18T08:54:36","guid":{"rendered":"https:\/\/www.welovecycling.com\/wide\/?p=189069"},"modified":"2022-04-18T08:55:36","modified_gmt":"2022-04-18T08:55:36","slug":"longo-borghini-and-van-baarle-win-paris-roubaix-and-other-cool-news-from-the-world-of-cycling","status":"publish","type":"post","link":"https:\/\/www.welovecycling.com\/wide\/2022\/04\/18\/longo-borghini-and-van-baarle-win-paris-roubaix-and-other-cool-news-from-the-world-of-cycling\/","title":{"rendered":"Longo Borghini and van Baarle win Paris-Roubaix and Other Cool News from the World of Cycling"},"content":{"rendered":"<p><strong>Another Monday is here, and so is our news from the world of cycling. So, what did you miss?<\/strong><\/p>\n<p><!--more--><\/p>\n<h2><strong>Solos for the win<\/strong><\/h2>\n<p>Both <a href=\"https:\/\/www.welovecycling.com\/wide\/2022\/04\/17\/paris-roubaix-femmes-2022-another-title-for-trek-segafredo\/\" target=\"_blank\" rel=\"noopener\">Elisa Longo Borghini<\/a> and Dylan van Baarle used a solo effort to win the famed Hell of the North. The Italian champion went clear with 32km to go and never looked back. The Dutchman in Ineos Grenadiers jersey attacked 19km from the line and secured the win in the fastest ever edition of Paris-Roubaix.<\/p>\n<h2><strong>Paris-Roubaix Femmes: Denain &#8211; Roubaix (125KM)<\/strong><\/h2>\n<lite-youtube videoid=WErdDGErLZI params=\"enablejsapi=1\" style=\"background-image: url('https:\/\/i.ytimg.com\/vi_webp\/WErdDGErLZI\/maxresdefault.webp');\"><\/lite-youtube>\n<ol>\n<li>Elisa Longo Borghini (Trek-Segafredo) \u2013 3:10:54<\/li>\n<li>Lotte Kopecky (SDWorx) + 23 seconds<\/li>\n<li>Lucinda Brand (Trek-Segafredo)<\/li>\n<li>Elise Chabbey (Canyon-SRAM)<\/li>\n<li>Marta Cavalli (FDJ-Nouvelle Aquitaine Futuroscope)<\/li>\n<li>Floortje Mackaij (DSM)<\/li>\n<li>Ellen van Dijk (Trek-Seagfredo)<\/li>\n<li>Chantal van den Broek-Blaak (SDWorx) + 32 seconds<\/li>\n<li>Pfeiffer Georgi (DSM) + 2:22<\/li>\n<li>Sandra Alonso (Movistar)<\/li>\n<\/ol>\n<h2><strong>Paris-Roubaix Men\u2018s 2021: Compi\u00e9gne &#8211; Roubaix (257KM)<\/strong><\/h2>\n<lite-youtube videoid=DAvdou3K8FQ params=\"enablejsapi=1\" style=\"background-image: url('https:\/\/i.ytimg.com\/vi_webp\/DAvdou3K8FQ\/maxresdefault.webp');\"><\/lite-youtube>\n<ol>\n<li>Dylan van Baarle (Ineos Grenadiers) \u2013 5:37:00<\/li>\n<li>Wout van Aert (Jumbo-Visma) + 1:47<\/li>\n<li>Stefan K\u00fcng (Groupama-FDJ)<\/li>\n<li>Tom Devriendt (Intermach\u00e9-Wanty-Gobert Mat\u00e9riaux)<\/li>\n<li>Matej Mohori\u010d (Bahrain-Victorious)<\/li>\n<li>Adrien Petit (Intermach\u00e9-Wanty-Gobert Mat\u00e9riaux) + 2:27<\/li>\n<li>Jasper Stuyven (Trek-Segafredo)<\/li>\n<li>Laurent Pichon (Ark\u00e9a Samsic)<\/li>\n<li>Mathieu van der Poel (Alpecin-Fenix)<\/li>\n<li>Yves Lampaert (Quick-Step Alpha Vinyl)<\/li>\n<\/ol>\n<h2><strong>Beautiful<\/strong><\/h2>\n<div class=\"embed-controller-wrapper\">\n<blockquote class=\"twitter-tweet\" data-width=\"500\" data-dnt=\"true\">\n<p lang=\"cs\" dir=\"ltr\">Sportfotografie \u00eds kunst\u2026<br \/>(Foto <a href=\"https:\/\/twitter.com\/ChrisAuldPhoto?ref_src=twsrc%5Etfw\">@ChrisAuldPhoto<\/a>) <a href=\"https:\/\/twitter.com\/hashtag\/wielrennen?src=hash&amp;ref_src=twsrc%5Etfw\">#wielrennen<\/a> <a href=\"https:\/\/twitter.com\/hashtag\/ParisRoubaixFemmes?src=hash&amp;ref_src=twsrc%5Etfw\">#ParisRoubaixFemmes<\/a> <a href=\"https:\/\/twitter.com\/hashtag\/cycling?src=hash&amp;ref_src=twsrc%5Etfw\">#cycling<\/a> <a href=\"https:\/\/t.co\/UIO9xh4Iya\">pic.twitter.com\/UIO9xh4Iya<\/a><\/p>\n<p>&mdash; Hans V\u2b55\ufe0fS (@voshans) <a href=\"https:\/\/twitter.com\/voshans\/status\/1515440600568549380?ref_src=twsrc%5Etfw\">April 16, 2022<\/a><\/p><\/blockquote>\n<p><script async data-src=\"https:\/\/platform.twitter.com\/widgets.js\" charset=\"utf-8\"><\/script><\/div>\n<h2><strong>Oh yes<\/strong><\/h2>\n<p><a href=\"https:\/\/twitter.com\/OutOfCycling\/status\/1515777456547975174\">https:\/\/twitter.com\/OutOfCycling\/status\/1515777456547975174<\/a><\/p>\n<h2><strong>Dedication<\/strong><\/h2>\n<div class=\"embed-controller-wrapper\">\n<blockquote class=\"twitter-tweet\" data-width=\"500\" data-dnt=\"true\">\n<p lang=\"zxx\" dir=\"ltr\"><a href=\"https:\/\/t.co\/FazwIhJVkp\">pic.twitter.com\/FazwIhJVkp<\/a><\/p>\n<p>&mdash; Cycling out of context (@OutOfCycling) <a href=\"https:\/\/twitter.com\/OutOfCycling\/status\/1515751597380456448?ref_src=twsrc%5Etfw\">April 17, 2022<\/a><\/p><\/blockquote>\n<p><script async data-src=\"https:\/\/platform.twitter.com\/widgets.js\" charset=\"utf-8\"><\/script><\/div>\n<h2><strong>Don\u2019t forget!<\/strong><\/h2>\n<p><a href=\"https:\/\/www.instagram.com\/p\/CcNQ1z3oHU1\/\">https:\/\/www.instagram.com\/p\/CcNQ1z3oHU1\/<\/a><\/p>\n<h2><strong>Fatherhood<\/strong><\/h2>\n<p><a href=\"https:\/\/twitter.com\/GeraintThomas86\/status\/1515377396773535744\">https:\/\/twitter.com\/GeraintThomas86\/status\/1515377396773535744<\/a><\/p>\n<h2><strong>Oh well<\/strong><\/h2>\n<p>https:\/\/twitter.com\/donttrusttohope\/status\/1515961243684724741<\/p>\n","protected":false},"excerpt":{"rendered":"<p>Another Monday is here, and so is our news from the world of cycling. So, what did you miss?<\/p>\n","protected":false},"author":99,"featured_media":189076,"comment_status":"open","ping_status":"open","sticky":false,"template":"","format":"standard","meta":{"footnotes":""},"categories":[329],"tags":[6263,3140,2711,893,5723],"global-categories":[3366],"class_list":["post-189069","post","type-post","status-publish","format-standard","has-post-thumbnail","hentry","category-road-cycling","tag-2022-paris-roubaix","tag-dylan-van-baarle","tag-elisa-longo-borghini","tag-paris-roubaix","tag-paris-roubaix-femmes","global-categories-cycling"],"yoast_head":"<!-- This site is optimized with the Yoast SEO Premium plugin v25.3 (Yoast SEO v25.9) - https:\/\/yoast.com\/wordpress\/plugins\/seo\/ -->\n<title>Longo Borghini and van Baarle win Paris-Roubaix - We Love Cycling<\/title>\n<meta name=\"description\" content=\"Another Monday is here, and so is our news from the world of cycling. So, what did you miss? Solos for the win Both Elisa Longo Borghini and Dylan van\" \/>\n<meta name=\"robots\" content=\"index, follow, max-snippet:-1, max-image-preview:large, max-video-preview:-1\" \/>\n<link rel=\"canonical\" href=\"https:\/\/www.welovecycling.com\/wide\/2022\/04\/18\/longo-borghini-and-van-baarle-win-paris-roubaix-and-other-cool-news-from-the-world-of-cycling\/\" \/>\n<meta property=\"og:locale\" content=\"en_US\" \/>\n<meta property=\"og:type\" content=\"article\" \/>\n<meta property=\"og:title\" content=\"Longo Borghini and van Baarle win Paris-Roubaix and Other Cool News from the World of Cycling\" \/>\n<meta property=\"og:description\" content=\"Another Monday is here, and so is our news from the world of cycling. So, what did you miss? Solos for the win Both Elisa Longo Borghini and Dylan van\" \/>\n<meta property=\"og:url\" content=\"https:\/\/www.welovecycling.com\/wide\/2022\/04\/18\/longo-borghini-and-van-baarle-win-paris-roubaix-and-other-cool-news-from-the-world-of-cycling\/\" \/>\n<meta property=\"og:site_name\" content=\"\u0160koda We Love Cycling\" \/>\n<meta property=\"article:published_time\" content=\"2022-04-18T08:54:36+00:00\" \/>\n<meta property=\"article:modified_time\" content=\"2022-04-18T08:55:36+00:00\" \/>\n<meta property=\"og:image\" content=\"https:\/\/d2p6e6u75xmxt8.cloudfront.net\/2\/2022\/04\/Dylan-van-Baarle-profimedia-0683804692-CVR.webp\" \/>\n\t<meta property=\"og:image:width\" content=\"900\" \/>\n\t<meta property=\"og:image:height\" content=\"600\" \/>\n\t<meta property=\"og:image:type\" content=\"image\/webp\" \/>\n<meta name=\"author\" content=\"tereza\" \/>\n<meta name=\"twitter:card\" content=\"summary_large_image\" \/>\n<meta name=\"twitter:label1\" content=\"Written by\" \/>\n\t<meta name=\"twitter:data1\" content=\"Monica Buck\" \/>\n\t<meta name=\"twitter:label2\" content=\"Est. reading time\" \/>\n\t<meta name=\"twitter:data2\" content=\"4\" \/>\n<script type=\"application\/ld+json\" class=\"yoast-schema-graph\">{\"@context\":\"https:\/\/schema.org\",\"@graph\":[{\"@type\":\"WebPage\",\"@id\":\"https:\/\/www.welovecycling.com\/wide\/2022\/04\/18\/longo-borghini-and-van-baarle-win-paris-roubaix-and-other-cool-news-from-the-world-of-cycling\/\",\"url\":\"https:\/\/www.welovecycling.com\/wide\/2022\/04\/18\/longo-borghini-and-van-baarle-win-paris-roubaix-and-other-cool-news-from-the-world-of-cycling\/\",\"name\":\"Longo Borghini and van Baarle win Paris-Roubaix - We Love Cycling\",\"isPartOf\":{\"@id\":\"https:\/\/www.welovecycling.com\/wide\/#website\"},\"primaryImageOfPage\":{\"@id\":\"https:\/\/www.welovecycling.com\/wide\/2022\/04\/18\/longo-borghini-and-van-baarle-win-paris-roubaix-and-other-cool-news-from-the-world-of-cycling\/#primaryimage\"},\"image\":{\"@id\":\"https:\/\/www.welovecycling.com\/wide\/2022\/04\/18\/longo-borghini-and-van-baarle-win-paris-roubaix-and-other-cool-news-from-the-world-of-cycling\/#primaryimage\"},\"thumbnailUrl\":\"https:\/\/d2p6e6u75xmxt8.cloudfront.net\/2\/2022\/04\/Dylan-van-Baarle-profimedia-0683804692-CVR.webp\",\"datePublished\":\"2022-04-18T08:54:36+00:00\",\"dateModified\":\"2022-04-18T08:55:36+00:00\",\"author\":{\"@id\":\"https:\/\/www.welovecycling.com\/wide\/#\/schema\/person\/50f01ecd18718d2333cf72e823c4f926\"},\"description\":\"Another Monday is here, and so is our news from the world of cycling. So, what did you miss? Solos for the win Both Elisa Longo Borghini and Dylan van\",\"breadcrumb\":{\"@id\":\"https:\/\/www.welovecycling.com\/wide\/2022\/04\/18\/longo-borghini-and-van-baarle-win-paris-roubaix-and-other-cool-news-from-the-world-of-cycling\/#breadcrumb\"},\"inLanguage\":\"en-US\",\"potentialAction\":[{\"@type\":\"ReadAction\",\"target\":[\"https:\/\/www.welovecycling.com\/wide\/2022\/04\/18\/longo-borghini-and-van-baarle-win-paris-roubaix-and-other-cool-news-from-the-world-of-cycling\/\"]}]},{\"@type\":\"ImageObject\",\"inLanguage\":\"en-US\",\"@id\":\"https:\/\/www.welovecycling.com\/wide\/2022\/04\/18\/longo-borghini-and-van-baarle-win-paris-roubaix-and-other-cool-news-from-the-world-of-cycling\/#primaryimage\",\"url\":\"https:\/\/d2p6e6u75xmxt8.cloudfront.net\/2\/2022\/04\/Dylan-van-Baarle-profimedia-0683804692-CVR.webp\",\"contentUrl\":\"https:\/\/d2p6e6u75xmxt8.cloudfront.net\/2\/2022\/04\/Dylan-van-Baarle-profimedia-0683804692-CVR.webp\",\"width\":900,\"height\":600,\"caption\":\"Dylan van Baarle\"},{\"@type\":\"BreadcrumbList\",\"@id\":\"https:\/\/www.welovecycling.com\/wide\/2022\/04\/18\/longo-borghini-and-van-baarle-win-paris-roubaix-and-other-cool-news-from-the-world-of-cycling\/#breadcrumb\",\"itemListElement\":[{\"@type\":\"ListItem\",\"position\":1,\"name\":\"Home\",\"item\":\"https:\/\/www.welovecycling.com\/wide\/\"},{\"@type\":\"ListItem\",\"position\":2,\"name\":\"Longo Borghini and van Baarle win Paris-Roubaix and Other Cool News from the World of Cycling\"}]},{\"@type\":\"WebSite\",\"@id\":\"https:\/\/www.welovecycling.com\/wide\/#website\",\"url\":\"https:\/\/www.welovecycling.com\/wide\/\",\"name\":\"\u0160koda We Love Cycling\",\"description\":\"\u0160koda We Love Cycling magazine\",\"alternateName\":\"\u0160koda WLC\",\"potentialAction\":[{\"@type\":\"SearchAction\",\"target\":{\"@type\":\"EntryPoint\",\"urlTemplate\":\"https:\/\/www.welovecycling.com\/wide\/?s={search_term_string}\"},\"query-input\":{\"@type\":\"PropertyValueSpecification\",\"valueRequired\":true,\"valueName\":\"search_term_string\"}}],\"inLanguage\":\"en-US\"},{\"@type\":\"Person\",\"@id\":\"https:\/\/www.welovecycling.com\/wide\/#\/schema\/person\/50f01ecd18718d2333cf72e823c4f926\",\"name\":\"tereza\",\"image\":{\"@type\":\"ImageObject\",\"inLanguage\":\"en-US\",\"@id\":\"https:\/\/www.welovecycling.com\/wide\/#\/schema\/person\/image\/\",\"url\":\"https:\/\/secure.gravatar.com\/avatar\/1f9eb71be33845f0afabce3791bc1c58ecdb0a25c62964987e5dbcf7a20d2ec7?s=96&d=mm&r=g\",\"contentUrl\":\"https:\/\/secure.gravatar.com\/avatar\/1f9eb71be33845f0afabce3791bc1c58ecdb0a25c62964987e5dbcf7a20d2ec7?s=96&d=mm&r=g\",\"caption\":\"tereza\"},\"url\":\"https:\/\/www.welovecycling.com\/wide\/author\/tereza\/\"}]}<\/script>\n<!-- \/ Yoast SEO Premium plugin. -->","yoast_head_json":{"title":"Longo Borghini and van Baarle win Paris-Roubaix - We Love Cycling","description":"Another Monday is here, and so is our news from the world of cycling. So, what did you miss? Solos for the win Both Elisa Longo Borghini and Dylan van","robots":{"index":"index","follow":"follow","max-snippet":"max-snippet:-1","max-image-preview":"max-image-preview:large","max-video-preview":"max-video-preview:-1"},"canonical":"https:\/\/www.welovecycling.com\/wide\/2022\/04\/18\/longo-borghini-and-van-baarle-win-paris-roubaix-and-other-cool-news-from-the-world-of-cycling\/","og_locale":"en_US","og_type":"article","og_title":"Longo Borghini and van Baarle win Paris-Roubaix and Other Cool News from the World of Cycling","og_description":"Another Monday is here, and so is our news from the world of cycling. So, what did you miss? Solos for the win Both Elisa Longo Borghini and Dylan van","og_url":"https:\/\/www.welovecycling.com\/wide\/2022\/04\/18\/longo-borghini-and-van-baarle-win-paris-roubaix-and-other-cool-news-from-the-world-of-cycling\/","og_site_name":"\u0160koda We Love Cycling","article_published_time":"2022-04-18T08:54:36+00:00","article_modified_time":"2022-04-18T08:55:36+00:00","og_image":[{"width":900,"height":600,"url":"https:\/\/d2p6e6u75xmxt8.cloudfront.net\/2\/2022\/04\/Dylan-van-Baarle-profimedia-0683804692-CVR.webp","type":"image\/webp"}],"author":"tereza","twitter_card":"summary_large_image","twitter_misc":{"Written by":"Monica Buck","Est. reading time":"4"},"schema":{"@context":"https:\/\/schema.org","@graph":[{"@type":"WebPage","@id":"https:\/\/www.welovecycling.com\/wide\/2022\/04\/18\/longo-borghini-and-van-baarle-win-paris-roubaix-and-other-cool-news-from-the-world-of-cycling\/","url":"https:\/\/www.welovecycling.com\/wide\/2022\/04\/18\/longo-borghini-and-van-baarle-win-paris-roubaix-and-other-cool-news-from-the-world-of-cycling\/","name":"Longo Borghini and van Baarle win Paris-Roubaix - We Love Cycling","isPartOf":{"@id":"https:\/\/www.welovecycling.com\/wide\/#website"},"primaryImageOfPage":{"@id":"https:\/\/www.welovecycling.com\/wide\/2022\/04\/18\/longo-borghini-and-van-baarle-win-paris-roubaix-and-other-cool-news-from-the-world-of-cycling\/#primaryimage"},"image":{"@id":"https:\/\/www.welovecycling.com\/wide\/2022\/04\/18\/longo-borghini-and-van-baarle-win-paris-roubaix-and-other-cool-news-from-the-world-of-cycling\/#primaryimage"},"thumbnailUrl":"https:\/\/d2p6e6u75xmxt8.cloudfront.net\/2\/2022\/04\/Dylan-van-Baarle-profimedia-0683804692-CVR.webp","datePublished":"2022-04-18T08:54:36+00:00","dateModified":"2022-04-18T08:55:36+00:00","author":{"@id":"https:\/\/www.welovecycling.com\/wide\/#\/schema\/person\/50f01ecd18718d2333cf72e823c4f926"},"description":"Another Monday is here, and so is our news from the world of cycling. So, what did you miss? Solos for the win Both Elisa Longo Borghini and Dylan van","breadcrumb":{"@id":"https:\/\/www.welovecycling.com\/wide\/2022\/04\/18\/longo-borghini-and-van-baarle-win-paris-roubaix-and-other-cool-news-from-the-world-of-cycling\/#breadcrumb"},"inLanguage":"en-US","potentialAction":[{"@type":"ReadAction","target":["https:\/\/www.welovecycling.com\/wide\/2022\/04\/18\/longo-borghini-and-van-baarle-win-paris-roubaix-and-other-cool-news-from-the-world-of-cycling\/"]}]},{"@type":"ImageObject","inLanguage":"en-US","@id":"https:\/\/www.welovecycling.com\/wide\/2022\/04\/18\/longo-borghini-and-van-baarle-win-paris-roubaix-and-other-cool-news-from-the-world-of-cycling\/#primaryimage","url":"https:\/\/d2p6e6u75xmxt8.cloudfront.net\/2\/2022\/04\/Dylan-van-Baarle-profimedia-0683804692-CVR.webp","contentUrl":"https:\/\/d2p6e6u75xmxt8.cloudfront.net\/2\/2022\/04\/Dylan-van-Baarle-profimedia-0683804692-CVR.webp","width":900,"height":600,"caption":"Dylan van Baarle"},{"@type":"BreadcrumbList","@id":"https:\/\/www.welovecycling.com\/wide\/2022\/04\/18\/longo-borghini-and-van-baarle-win-paris-roubaix-and-other-cool-news-from-the-world-of-cycling\/#breadcrumb","itemListElement":[{"@type":"ListItem","position":1,"name":"Home","item":"https:\/\/www.welovecycling.com\/wide\/"},{"@type":"ListItem","position":2,"name":"Longo Borghini and van Baarle win Paris-Roubaix and Other Cool News from the World of Cycling"}]},{"@type":"WebSite","@id":"https:\/\/www.welovecycling.com\/wide\/#website","url":"https:\/\/www.welovecycling.com\/wide\/","name":"\u0160koda We Love Cycling","description":"\u0160koda We Love Cycling magazine","alternateName":"\u0160koda WLC","potentialAction":[{"@type":"SearchAction","target":{"@type":"EntryPoint","urlTemplate":"https:\/\/www.welovecycling.com\/wide\/?s={search_term_string}"},"query-input":{"@type":"PropertyValueSpecification","valueRequired":true,"valueName":"search_term_string"}}],"inLanguage":"en-US"},{"@type":"Person","@id":"https:\/\/www.welovecycling.com\/wide\/#\/schema\/person\/50f01ecd18718d2333cf72e823c4f926","name":"tereza","image":{"@type":"ImageObject","inLanguage":"en-US","@id":"https:\/\/www.welovecycling.com\/wide\/#\/schema\/person\/image\/","url":"https:\/\/secure.gravatar.com\/avatar\/1f9eb71be33845f0afabce3791bc1c58ecdb0a25c62964987e5dbcf7a20d2ec7?s=96&d=mm&r=g","contentUrl":"https:\/\/secure.gravatar.com\/avatar\/1f9eb71be33845f0afabce3791bc1c58ecdb0a25c62964987e5dbcf7a20d2ec7?s=96&d=mm&r=g","caption":"tereza"},"url":"https:\/\/www.welovecycling.com\/wide\/author\/tereza\/"}]}},"_links":{"self":[{"href":"https:\/\/www.welovecycling.com\/wide\/wp-json\/wp\/v2\/posts\/189069","targetHints":{"allow":["GET"]}}],"collection":[{"href":"https:\/\/www.welovecycling.com\/wide\/wp-json\/wp\/v2\/posts"}],"about":[{"href":"https:\/\/www.welovecycling.com\/wide\/wp-json\/wp\/v2\/types\/post"}],"author":[{"embeddable":true,"href":"https:\/\/www.welovecycling.com\/wide\/wp-json\/wp\/v2\/users\/99"}],"replies":[{"embeddable":true,"href":"https:\/\/www.welovecycling.com\/wide\/wp-json\/wp\/v2\/comments?post=189069"}],"version-history":[{"count":2,"href":"https:\/\/www.welovecycling.com\/wide\/wp-json\/wp\/v2\/posts\/189069\/revisions"}],"predecessor-version":[{"id":189079,"href":"https:\/\/www.welovecycling.com\/wide\/wp-json\/wp\/v2\/posts\/189069\/revisions\/189079"}],"wp:featuredmedia":[{"embeddable":true,"href":"https:\/\/www.welovecycling.com\/wide\/wp-json\/wp\/v2\/media\/189076"}],"wp:attachment":[{"href":"https:\/\/www.welovecycling.com\/wide\/wp-json\/wp\/v2\/media?parent=189069"}],"wp:term":[{"taxonomy":"category","embeddable":true,"href":"https:\/\/www.welovecycling.com\/wide\/wp-json\/wp\/v2\/categories?post=189069"},{"taxonomy":"post_tag","embeddable":true,"href":"https:\/\/www.welovecycling.com\/wide\/wp-json\/wp\/v2\/tags?post=189069"},{"taxonomy":"global-categories","embeddable":true,"href":"https:\/\/www.welovecycling.com\/wide\/wp-json\/wp\/v2\/global-categories?post=189069"}],"curies":[{"name":"wp","href":"https:\/\/api.w.org\/{rel}","templated":true}]}}