{"id":189025,"date":"2022-04-13T16:08:04","date_gmt":"2022-04-13T16:08:04","guid":{"rendered":"https:\/\/www.welovecycling.com\/wide\/?p=189025"},"modified":"2022-04-14T07:31:31","modified_gmt":"2022-04-14T07:31:31","slug":"paris-roubaix-cobbles-are-in-an-unusually-good-condition","status":"publish","type":"post","link":"https:\/\/www.welovecycling.com\/wide\/2022\/04\/13\/paris-roubaix-cobbles-are-in-an-unusually-good-condition\/","title":{"rendered":"Paris-Roubaix Cobbles Are in an Unusually Good Condition"},"content":{"rendered":"<p><strong>The race director of Paris-Roubaix Thierry Gouvenou went on his traditional reconnaissance ahead of the famed Classic. To his surprise, he found the rough cobblestone farm roads in surprisingly good condition. ASO even went on to strip one star of difficulty from the 2022 Paris-Roubaix.<\/strong><!--more--><\/p>\n<p><span style=\"font-weight: 400;\">The lost star comes from the penultimate sector &#8211; Willems to Hem &#8211; a 1.4-km stretch of pav\u00e9 that comes with 8.2 km to go and which has been recently rehabilitated.\u00a0<\/span><\/p>\n<p><span style=\"font-weight: 400;\">&#8220;I don&#8217;t remember the cobblestones ever being so dry and so good before,&#8221; Gouvenou said to <\/span><i><span style=\"font-weight: 400;\">Sporza<\/span><\/i><span style=\"font-weight: 400;\"> as reported by <\/span><a href=\"https:\/\/www.cyclingnews.com\/news\/paris-roubaix-cobbles-dry-and-in-good-condition\/\"><span style=\"font-weight: 400;\">cyclingnews.com<\/span><\/a><span style=\"font-weight: 400;\">. &#8220;They are exceptionally dry. Normally, you have to do some fine-tuning after such a reconnaissance but that&#8217;s not the case now.&#8221;<\/span><\/p>\n<figure id=\"attachment_189028\" aria-describedby=\"caption-attachment-189028\" style=\"width: 800px\" class=\"wp-caption alignnone\"><a href=\"https:\/\/d2p6e6u75xmxt8.cloudfront.net\/2\/2022\/04\/QQ1.jpg\"><img loading=\"lazy\" decoding=\"async\" class=\"size-full wp-image-189028\" src=\"https:\/\/d2p6e6u75xmxt8.cloudfront.net\/2\/2022\/04\/QQ1.jpg\" alt=\"\" width=\"800\" height=\"533\" \/><\/a><figcaption id=\"caption-attachment-189028\" class=\"wp-caption-text\">Tour de France race director Thierry Gouvenou (L) waits prior to the start of the 10th stage of the 107th edition of the Tour de France cycling race, 170 km between Le Chateau d&#8217;Oleron and Saint Martin de Re, on September 8, 2020. \u00a9 Profimedia<\/figcaption><\/figure>\n<p><span style=\"font-weight: 400;\">The dryness is in stark contrast to last year\u2019s conditions. The pav\u00e9 was covered with thick, heavy mud and made for one of the most epic editions of the race in history. However, this week it looks altogether different.<\/span><\/p>\n<p><span style=\"font-weight: 400;\">&#8220;It will be dry on Sunday. We also begged for rain at the organization for a long time and we were at our beck and call in 2021. Now we are happy that the sun is back. It makes for much less stress,&#8221; Gouvenou said.<\/span><\/p>\n<p><span style=\"font-weight: 400;\">&#8220;I don&#8217;t remember that the cobblestones have been so dry and well placed,&#8221; Gouvenou said, according to Sporza. &#8220;We&#8217;ve benefitted from the work we did in October.&#8221; Giving the section at Wallers as an example, the Frenchman said: &#8220;Last autumn, it was mossy and swampy but we are now reaping the benefits of the cleaning work in autumn.&#8221;<\/span><\/p>\n<p><span style=\"font-weight: 400;\">However, the race will still be far from easy. There are a total of 94 stars for men (30 sectors) and 57 for women (17 sectors). Three of the sectors earned themselves 5 stars.<\/span><\/p>\n<p><span style=\"font-weight: 400;\">Can\u2019t wait as well, can you?<\/span><\/p>\n","protected":false},"excerpt":{"rendered":"<p>The race director of Paris-Roubaix Thierry Gouvenou went on his traditional reconnaissance ahead of the famed Classic. To his surprise, [&hellip;]<\/p>\n","protected":false},"author":11,"featured_media":189027,"comment_status":"open","ping_status":"open","sticky":false,"template":"","format":"standard","meta":{"footnotes":""},"categories":[329],"tags":[6263,6274,6276,893,6273,6275],"global-categories":[3366],"class_list":["post-189025","post","type-post","status-publish","format-standard","has-post-thumbnail","hentry","category-road-cycling","tag-2022-paris-roubaix","tag-aso","tag-hem","tag-paris-roubaix","tag-thierry-gouvenou","tag-willems","global-categories-cycling"],"yoast_head":"<!-- This site is optimized with the Yoast SEO Premium plugin v25.3 (Yoast SEO v25.9) - https:\/\/yoast.com\/wordpress\/plugins\/seo\/ -->\n<title>Paris-Roubaix Cobbles Are in an Unusually Good Condition<\/title>\n<meta name=\"description\" content=\"The race director of Paris-Roubaix Thierry Gouvenou went on his traditional reconnaissance ahead of the famed Classic. To his surprise, he found the rough\" \/>\n<meta name=\"robots\" content=\"index, follow, max-snippet:-1, max-image-preview:large, max-video-preview:-1\" \/>\n<link rel=\"canonical\" href=\"https:\/\/www.welovecycling.com\/wide\/2022\/04\/13\/paris-roubaix-cobbles-are-in-an-unusually-good-condition\/\" \/>\n<meta property=\"og:locale\" content=\"en_US\" \/>\n<meta property=\"og:type\" content=\"article\" \/>\n<meta property=\"og:title\" content=\"Paris-Roubaix Cobbles Are in an Unusually Good Condition\" \/>\n<meta property=\"og:description\" content=\"The race director of Paris-Roubaix Thierry Gouvenou went on his traditional reconnaissance ahead of the famed Classic. To his surprise, he found the rough\" \/>\n<meta property=\"og:url\" content=\"https:\/\/www.welovecycling.com\/wide\/2022\/04\/13\/paris-roubaix-cobbles-are-in-an-unusually-good-condition\/\" \/>\n<meta property=\"og:site_name\" content=\"\u0160koda We Love Cycling\" \/>\n<meta property=\"article:published_time\" content=\"2022-04-13T16:08:04+00:00\" \/>\n<meta property=\"article:modified_time\" content=\"2022-04-14T07:31:31+00:00\" \/>\n<meta property=\"og:image\" content=\"https:\/\/d2p6e6u75xmxt8.cloudfront.net\/2\/2022\/04\/qq.webp\" \/>\n\t<meta property=\"og:image:width\" content=\"900\" \/>\n\t<meta property=\"og:image:height\" content=\"600\" \/>\n\t<meta property=\"og:image:type\" content=\"image\/webp\" \/>\n<meta name=\"author\" content=\"ondrejfilgas\" \/>\n<meta name=\"twitter:card\" content=\"summary_large_image\" \/>\n<meta name=\"twitter:label1\" content=\"Written by\" \/>\n\t<meta name=\"twitter:data1\" content=\"Monica Buck\" \/>\n\t<meta name=\"twitter:label2\" content=\"Est. reading time\" \/>\n\t<meta name=\"twitter:data2\" content=\"2\" \/>\n<script type=\"application\/ld+json\" class=\"yoast-schema-graph\">{\"@context\":\"https:\/\/schema.org\",\"@graph\":[{\"@type\":\"WebPage\",\"@id\":\"https:\/\/www.welovecycling.com\/wide\/2022\/04\/13\/paris-roubaix-cobbles-are-in-an-unusually-good-condition\/\",\"url\":\"https:\/\/www.welovecycling.com\/wide\/2022\/04\/13\/paris-roubaix-cobbles-are-in-an-unusually-good-condition\/\",\"name\":\"Paris-Roubaix Cobbles Are in an Unusually Good Condition\",\"isPartOf\":{\"@id\":\"https:\/\/www.welovecycling.com\/wide\/#website\"},\"primaryImageOfPage\":{\"@id\":\"https:\/\/www.welovecycling.com\/wide\/2022\/04\/13\/paris-roubaix-cobbles-are-in-an-unusually-good-condition\/#primaryimage\"},\"image\":{\"@id\":\"https:\/\/www.welovecycling.com\/wide\/2022\/04\/13\/paris-roubaix-cobbles-are-in-an-unusually-good-condition\/#primaryimage\"},\"thumbnailUrl\":\"https:\/\/d2p6e6u75xmxt8.cloudfront.net\/2\/2022\/04\/qq.webp\",\"datePublished\":\"2022-04-13T16:08:04+00:00\",\"dateModified\":\"2022-04-14T07:31:31+00:00\",\"author\":{\"@id\":\"https:\/\/www.welovecycling.com\/wide\/#\/schema\/person\/9e2e86835e0bb27fb0d57ed5a91e76af\"},\"description\":\"The race director of Paris-Roubaix Thierry Gouvenou went on his traditional reconnaissance ahead of the famed Classic. To his surprise, he found the rough\",\"breadcrumb\":{\"@id\":\"https:\/\/www.welovecycling.com\/wide\/2022\/04\/13\/paris-roubaix-cobbles-are-in-an-unusually-good-condition\/#breadcrumb\"},\"inLanguage\":\"en-US\",\"potentialAction\":[{\"@type\":\"ReadAction\",\"target\":[\"https:\/\/www.welovecycling.com\/wide\/2022\/04\/13\/paris-roubaix-cobbles-are-in-an-unusually-good-condition\/\"]}]},{\"@type\":\"ImageObject\",\"inLanguage\":\"en-US\",\"@id\":\"https:\/\/www.welovecycling.com\/wide\/2022\/04\/13\/paris-roubaix-cobbles-are-in-an-unusually-good-condition\/#primaryimage\",\"url\":\"https:\/\/d2p6e6u75xmxt8.cloudfront.net\/2\/2022\/04\/qq.webp\",\"contentUrl\":\"https:\/\/d2p6e6u75xmxt8.cloudfront.net\/2\/2022\/04\/qq.webp\",\"width\":900,\"height\":600},{\"@type\":\"BreadcrumbList\",\"@id\":\"https:\/\/www.welovecycling.com\/wide\/2022\/04\/13\/paris-roubaix-cobbles-are-in-an-unusually-good-condition\/#breadcrumb\",\"itemListElement\":[{\"@type\":\"ListItem\",\"position\":1,\"name\":\"Home\",\"item\":\"https:\/\/www.welovecycling.com\/wide\/\"},{\"@type\":\"ListItem\",\"position\":2,\"name\":\"Paris-Roubaix Cobbles Are in an Unusually Good Condition\"}]},{\"@type\":\"WebSite\",\"@id\":\"https:\/\/www.welovecycling.com\/wide\/#website\",\"url\":\"https:\/\/www.welovecycling.com\/wide\/\",\"name\":\"\u0160koda We Love Cycling\",\"description\":\"\u0160koda We Love Cycling magazine\",\"alternateName\":\"\u0160koda WLC\",\"potentialAction\":[{\"@type\":\"SearchAction\",\"target\":{\"@type\":\"EntryPoint\",\"urlTemplate\":\"https:\/\/www.welovecycling.com\/wide\/?s={search_term_string}\"},\"query-input\":{\"@type\":\"PropertyValueSpecification\",\"valueRequired\":true,\"valueName\":\"search_term_string\"}}],\"inLanguage\":\"en-US\"},{\"@type\":\"Person\",\"@id\":\"https:\/\/www.welovecycling.com\/wide\/#\/schema\/person\/9e2e86835e0bb27fb0d57ed5a91e76af\",\"name\":\"ondrejfilgas\",\"image\":{\"@type\":\"ImageObject\",\"inLanguage\":\"en-US\",\"@id\":\"https:\/\/www.welovecycling.com\/wide\/#\/schema\/person\/image\/\",\"url\":\"https:\/\/secure.gravatar.com\/avatar\/02fc81aabb3935fbbc0730be0dad75bfa59dd0ad02d2945f9121c307ebd1bace?s=96&d=mm&r=g\",\"contentUrl\":\"https:\/\/secure.gravatar.com\/avatar\/02fc81aabb3935fbbc0730be0dad75bfa59dd0ad02d2945f9121c307ebd1bace?s=96&d=mm&r=g\",\"caption\":\"ondrejfilgas\"},\"url\":\"https:\/\/www.welovecycling.com\/wide\/author\/ondrejfilgas\/\"}]}<\/script>\n<!-- \/ Yoast SEO Premium plugin. -->","yoast_head_json":{"title":"Paris-Roubaix Cobbles Are in an Unusually Good Condition","description":"The race director of Paris-Roubaix Thierry Gouvenou went on his traditional reconnaissance ahead of the famed Classic. To his surprise, he found the rough","robots":{"index":"index","follow":"follow","max-snippet":"max-snippet:-1","max-image-preview":"max-image-preview:large","max-video-preview":"max-video-preview:-1"},"canonical":"https:\/\/www.welovecycling.com\/wide\/2022\/04\/13\/paris-roubaix-cobbles-are-in-an-unusually-good-condition\/","og_locale":"en_US","og_type":"article","og_title":"Paris-Roubaix Cobbles Are in an Unusually Good Condition","og_description":"The race director of Paris-Roubaix Thierry Gouvenou went on his traditional reconnaissance ahead of the famed Classic. To his surprise, he found the rough","og_url":"https:\/\/www.welovecycling.com\/wide\/2022\/04\/13\/paris-roubaix-cobbles-are-in-an-unusually-good-condition\/","og_site_name":"\u0160koda We Love Cycling","article_published_time":"2022-04-13T16:08:04+00:00","article_modified_time":"2022-04-14T07:31:31+00:00","og_image":[{"width":900,"height":600,"url":"https:\/\/d2p6e6u75xmxt8.cloudfront.net\/2\/2022\/04\/qq.webp","type":"image\/webp"}],"author":"ondrejfilgas","twitter_card":"summary_large_image","twitter_misc":{"Written by":"Monica Buck","Est. reading time":"2"},"schema":{"@context":"https:\/\/schema.org","@graph":[{"@type":"WebPage","@id":"https:\/\/www.welovecycling.com\/wide\/2022\/04\/13\/paris-roubaix-cobbles-are-in-an-unusually-good-condition\/","url":"https:\/\/www.welovecycling.com\/wide\/2022\/04\/13\/paris-roubaix-cobbles-are-in-an-unusually-good-condition\/","name":"Paris-Roubaix Cobbles Are in an Unusually Good Condition","isPartOf":{"@id":"https:\/\/www.welovecycling.com\/wide\/#website"},"primaryImageOfPage":{"@id":"https:\/\/www.welovecycling.com\/wide\/2022\/04\/13\/paris-roubaix-cobbles-are-in-an-unusually-good-condition\/#primaryimage"},"image":{"@id":"https:\/\/www.welovecycling.com\/wide\/2022\/04\/13\/paris-roubaix-cobbles-are-in-an-unusually-good-condition\/#primaryimage"},"thumbnailUrl":"https:\/\/d2p6e6u75xmxt8.cloudfront.net\/2\/2022\/04\/qq.webp","datePublished":"2022-04-13T16:08:04+00:00","dateModified":"2022-04-14T07:31:31+00:00","author":{"@id":"https:\/\/www.welovecycling.com\/wide\/#\/schema\/person\/9e2e86835e0bb27fb0d57ed5a91e76af"},"description":"The race director of Paris-Roubaix Thierry Gouvenou went on his traditional reconnaissance ahead of the famed Classic. To his surprise, he found the rough","breadcrumb":{"@id":"https:\/\/www.welovecycling.com\/wide\/2022\/04\/13\/paris-roubaix-cobbles-are-in-an-unusually-good-condition\/#breadcrumb"},"inLanguage":"en-US","potentialAction":[{"@type":"ReadAction","target":["https:\/\/www.welovecycling.com\/wide\/2022\/04\/13\/paris-roubaix-cobbles-are-in-an-unusually-good-condition\/"]}]},{"@type":"ImageObject","inLanguage":"en-US","@id":"https:\/\/www.welovecycling.com\/wide\/2022\/04\/13\/paris-roubaix-cobbles-are-in-an-unusually-good-condition\/#primaryimage","url":"https:\/\/d2p6e6u75xmxt8.cloudfront.net\/2\/2022\/04\/qq.webp","contentUrl":"https:\/\/d2p6e6u75xmxt8.cloudfront.net\/2\/2022\/04\/qq.webp","width":900,"height":600},{"@type":"BreadcrumbList","@id":"https:\/\/www.welovecycling.com\/wide\/2022\/04\/13\/paris-roubaix-cobbles-are-in-an-unusually-good-condition\/#breadcrumb","itemListElement":[{"@type":"ListItem","position":1,"name":"Home","item":"https:\/\/www.welovecycling.com\/wide\/"},{"@type":"ListItem","position":2,"name":"Paris-Roubaix Cobbles Are in an Unusually Good Condition"}]},{"@type":"WebSite","@id":"https:\/\/www.welovecycling.com\/wide\/#website","url":"https:\/\/www.welovecycling.com\/wide\/","name":"\u0160koda We Love Cycling","description":"\u0160koda We Love Cycling magazine","alternateName":"\u0160koda WLC","potentialAction":[{"@type":"SearchAction","target":{"@type":"EntryPoint","urlTemplate":"https:\/\/www.welovecycling.com\/wide\/?s={search_term_string}"},"query-input":{"@type":"PropertyValueSpecification","valueRequired":true,"valueName":"search_term_string"}}],"inLanguage":"en-US"},{"@type":"Person","@id":"https:\/\/www.welovecycling.com\/wide\/#\/schema\/person\/9e2e86835e0bb27fb0d57ed5a91e76af","name":"ondrejfilgas","image":{"@type":"ImageObject","inLanguage":"en-US","@id":"https:\/\/www.welovecycling.com\/wide\/#\/schema\/person\/image\/","url":"https:\/\/secure.gravatar.com\/avatar\/02fc81aabb3935fbbc0730be0dad75bfa59dd0ad02d2945f9121c307ebd1bace?s=96&d=mm&r=g","contentUrl":"https:\/\/secure.gravatar.com\/avatar\/02fc81aabb3935fbbc0730be0dad75bfa59dd0ad02d2945f9121c307ebd1bace?s=96&d=mm&r=g","caption":"ondrejfilgas"},"url":"https:\/\/www.welovecycling.com\/wide\/author\/ondrejfilgas\/"}]}},"_links":{"self":[{"href":"https:\/\/www.welovecycling.com\/wide\/wp-json\/wp\/v2\/posts\/189025","targetHints":{"allow":["GET"]}}],"collection":[{"href":"https:\/\/www.welovecycling.com\/wide\/wp-json\/wp\/v2\/posts"}],"about":[{"href":"https:\/\/www.welovecycling.com\/wide\/wp-json\/wp\/v2\/types\/post"}],"author":[{"embeddable":true,"href":"https:\/\/www.welovecycling.com\/wide\/wp-json\/wp\/v2\/users\/11"}],"replies":[{"embeddable":true,"href":"https:\/\/www.welovecycling.com\/wide\/wp-json\/wp\/v2\/comments?post=189025"}],"version-history":[{"count":2,"href":"https:\/\/www.welovecycling.com\/wide\/wp-json\/wp\/v2\/posts\/189025\/revisions"}],"predecessor-version":[{"id":189030,"href":"https:\/\/www.welovecycling.com\/wide\/wp-json\/wp\/v2\/posts\/189025\/revisions\/189030"}],"wp:featuredmedia":[{"embeddable":true,"href":"https:\/\/www.welovecycling.com\/wide\/wp-json\/wp\/v2\/media\/189027"}],"wp:attachment":[{"href":"https:\/\/www.welovecycling.com\/wide\/wp-json\/wp\/v2\/media?parent=189025"}],"wp:term":[{"taxonomy":"category","embeddable":true,"href":"https:\/\/www.welovecycling.com\/wide\/wp-json\/wp\/v2\/categories?post=189025"},{"taxonomy":"post_tag","embeddable":true,"href":"https:\/\/www.welovecycling.com\/wide\/wp-json\/wp\/v2\/tags?post=189025"},{"taxonomy":"global-categories","embeddable":true,"href":"https:\/\/www.welovecycling.com\/wide\/wp-json\/wp\/v2\/global-categories?post=189025"}],"curies":[{"name":"wp","href":"https:\/\/api.w.org\/{rel}","templated":true}]}}