{"id":188981,"date":"2022-04-11T12:14:13","date_gmt":"2022-04-11T12:14:13","guid":{"rendered":"https:\/\/www.welovecycling.com\/wide\/?p=188981"},"modified":"2022-04-11T12:14:13","modified_gmt":"2022-04-11T12:14:13","slug":"who-will-be-the-breakout-stars-in-aprils-classics","status":"publish","type":"post","link":"https:\/\/www.welovecycling.com\/wide\/2022\/04\/11\/who-will-be-the-breakout-stars-in-aprils-classics\/","title":{"rendered":"Who Will Be the Breakout Stars in April\u2019s Classics?"},"content":{"rendered":"<p><strong>With sickness rife in the peloton at the moment, it is dashing some riders\u2019 chances for a successful classics campaign. However, it means the door has been left ajar for others to make a name for themselves. But who will be able to take this chance and win big? In this article, we are going to look at those left-field picks who could take one of the crucial April races by storm. As ever, things change quickly in cycling, these predictions could be outdated by the time of race. In any case, here is one rider per race who can shake things up.<\/strong><\/p>\n<p><!--more--><\/p>\n<h2><strong>Paris-Roubaix<\/strong><\/h2>\n<figure id=\"attachment_188983\" aria-describedby=\"caption-attachment-188983\" style=\"width: 1000px\" class=\"wp-caption alignnone\"><a href=\"https:\/\/d2p6e6u75xmxt8.cloudfront.net\/2\/2022\/04\/2021-Paris-Roubaix-profimedia-0636588336.jpg\"><img loading=\"lazy\" decoding=\"async\" class=\"wp-image-188983 size-full\" src=\"https:\/\/d2p6e6u75xmxt8.cloudfront.net\/2\/2022\/04\/2021-Paris-Roubaix-profimedia-0636588336.jpg\" alt=\"2021 Paris-Roubaix\" width=\"1000\" height=\"665\" \/><\/a><figcaption id=\"caption-attachment-188983\" class=\"wp-caption-text\">The incredible 2021 Paris-Roubaix.<\/figcaption><\/figure>\n<p>Is there anyone who is as underrated and undervalued in the current peloton as <strong>Anthony Turgis<\/strong>? A constant figure at the sharp end in races, the Frenchman has shown over the years that he can hang with the best in the biggest of races. A big engine and a good sprint, he has a couple of ways of winning races. His Achilles heel comes in the form of his teammate, <a href=\"https:\/\/www.welovecycling.com\/wide\/2021\/09\/30\/peter-sagan-not-afraid-of-a-wet-paris-roubaix\/\" target=\"_blank\" rel=\"noopener\">Peter Sagan<\/a>, who overshadows him at races like <a href=\"https:\/\/www.welovecycling.com\/wide\/2021\/11\/02\/video-an-exclusive-front-seat-view-of-the-2021-paris-roubaix\/\" target=\"_blank\" rel=\"noopener\">Paris-Roubaix.<\/a> However, Sagan has shown recently that he may not have the legs to contend with the best over the cobbles. Turgis, on the other hand, has. The TotalEnergies rider finished second at Milan-Sanremo to highlight his shape and he is experienced at Roubaix, with top 20s in his last two outings. He has the power and panache to handle the cobbles, only time will tell whether he can take the biggest victory of his career in front of his home crowd.<\/p>\n<h2><strong>La Fl\u00e8che Wallonne<\/strong><\/h2>\n<p>In a stacked calendar of classics, the easiest to predict is La Fl\u00e8che Wallonne. Finishing on the venomous Mur De Huy, this race allows the best puncheurs to rise to the top and take the victory. Therefore, it is hard to look past the likes of <a href=\"https:\/\/www.welovecycling.com\/wide\/2021\/04\/22\/julian-alaphilippe-wins-la-fleche-wallonne-2021\/\" target=\"_blank\" rel=\"noopener\">Julian Alaphilippe<\/a>, Alejandro Valverde and Primo\u017e Rogli\u010d \u2013 the first two former winners \u2013 for this crown. However, one rider who could spring a surprise is <strong>Ben Tulett<\/strong>. The Brit who is now part of Ineos Grenadiers finished 20<sup>th<\/sup> as an 18-year-old at this race in 2020 when he rode for Alpecin-Fenix, bettering that by 8 places a year later. This trajectory, along with his victory in stage 3 of Settimana Internazionale Coppi e Bartali at the end of March, suggests great form ahead of Fl\u00e8che. The Brit has shown a lot of promise and although not currently on the start list for this race, it would be unthinkable for Ineos not to send him to it given his pedigree.<\/p>\n<p>Unfortunately, for Tulett, there really is only one way to win Fl\u00e8che and that is with a powerful attack late on. Given his improving record at the race, expect the 20-year-old to shine on the Mur when the going gets tough.<\/p>\n<h2><strong>Li\u00e8ge-Bastogne-Li\u00e8ge<\/strong><\/h2>\n<p>And finally, onto La Doyenne. LBL is the old lady of the cycling calendar, and it takes a special rider to claim victory in this monument. Last year, it was Tadej Poga\u010dar and he will be odds on to repeat the feat in 2022. However, there is always a star-studded cast looking to seal their place in history once the race returns to Liege after 240+ km of racing. One person who could spring a real surprise is <strong>Aur\u00e9lien Paret-Peintre.<\/strong> The 26-year-old Frenchman has been steadily improving over the last two seasons and showed his climbing legs on the tough final stage at this year\u2019s Paris-Nice, finishing a credible seventh, leaving him placed 10<sup>th<\/sup> overall.<\/p>\n<p>He will be part of a double act at LBL alongside Beno\u00eet Cosnefroy but expect APP to be the main attacker once the race hits the climbs in the finale. He finished 23<sup>rd<\/sup> on his last attempt at this race but he is likely to go better this time around given his strong showing in the Race To The Sun in March. Not only that but he has a quick finish, which he could utilise if he is part of a small group that leads the race going into the finish.<\/p>\n<p>Whether any of these names win their respective races will be down to a share of luck and skill in what are undoubtedly some of the toughest races of the season but they all have the class to take the victory.<\/p>\n","protected":false},"excerpt":{"rendered":"<p>With sickness rife in the peloton at the moment, it is dashing some riders\u2019 chances for a successful classics campaign. [&hellip;]<\/p>\n","protected":false},"author":99,"featured_media":188982,"comment_status":"open","ping_status":"open","sticky":false,"template":"","format":"standard","meta":{"footnotes":""},"categories":[329],"tags":[6262,6263,6265,6264,5545,6259,2950,1298,583],"global-categories":[3366],"class_list":["post-188981","post","type-post","status-publish","format-standard","has-post-thumbnail","hentry","category-road-cycling","tag-2022-liege-bastogne-liege","tag-2022-paris-roubaix","tag-anthony-turgis","tag-aurelien-paret-peintre","tag-ben-tulett","tag-benoit-cosnefroy","tag-la-fleche-wallonne","tag-liege-bastogne-liege","tag-road-cycling","global-categories-cycling"],"yoast_head":"<!-- This site is optimized with the Yoast SEO Premium plugin v25.3 (Yoast SEO v25.9) - https:\/\/yoast.com\/wordpress\/plugins\/seo\/ -->\n<title>Who Will Be the Breakout Stars in April\u2019s Classics? - We Love Cycling<\/title>\n<meta name=\"description\" content=\"With sickness rife in the peloton at the moment, it is dashing some riders\u2019 chances for a successful classics campaign. However, it means the door has\" \/>\n<meta name=\"robots\" content=\"index, follow, max-snippet:-1, max-image-preview:large, max-video-preview:-1\" \/>\n<link rel=\"canonical\" href=\"https:\/\/www.welovecycling.com\/wide\/2022\/04\/11\/who-will-be-the-breakout-stars-in-aprils-classics\/\" \/>\n<meta property=\"og:locale\" content=\"en_US\" \/>\n<meta property=\"og:type\" content=\"article\" \/>\n<meta property=\"og:title\" content=\"Who Will Be the Breakout Stars in April\u2019s Classics?\" \/>\n<meta property=\"og:description\" content=\"With sickness rife in the peloton at the moment, it is dashing some riders\u2019 chances for a successful classics campaign. However, it means the door has\" \/>\n<meta property=\"og:url\" content=\"https:\/\/www.welovecycling.com\/wide\/2022\/04\/11\/who-will-be-the-breakout-stars-in-aprils-classics\/\" \/>\n<meta property=\"og:site_name\" content=\"\u0160koda We Love Cycling\" \/>\n<meta property=\"article:published_time\" content=\"2022-04-11T12:14:13+00:00\" \/>\n<meta property=\"og:image\" content=\"https:\/\/d2p6e6u75xmxt8.cloudfront.net\/2\/2022\/04\/Tour-of-Flanders-peloton-profimedia-0678368829-CVR.webp\" \/>\n\t<meta property=\"og:image:width\" content=\"900\" \/>\n\t<meta property=\"og:image:height\" content=\"600\" \/>\n\t<meta property=\"og:image:type\" content=\"image\/webp\" \/>\n<meta name=\"author\" content=\"tereza\" \/>\n<meta name=\"twitter:card\" content=\"summary_large_image\" \/>\n<meta name=\"twitter:label1\" content=\"Written by\" \/>\n\t<meta name=\"twitter:data1\" content=\"Joshua Donaldson\" \/>\n\t<meta name=\"twitter:label2\" content=\"Est. reading time\" \/>\n\t<meta name=\"twitter:data2\" content=\"5\" \/>\n<script type=\"application\/ld+json\" class=\"yoast-schema-graph\">{\"@context\":\"https:\/\/schema.org\",\"@graph\":[{\"@type\":\"WebPage\",\"@id\":\"https:\/\/www.welovecycling.com\/wide\/2022\/04\/11\/who-will-be-the-breakout-stars-in-aprils-classics\/\",\"url\":\"https:\/\/www.welovecycling.com\/wide\/2022\/04\/11\/who-will-be-the-breakout-stars-in-aprils-classics\/\",\"name\":\"Who Will Be the Breakout Stars in April\u2019s Classics? - We Love Cycling\",\"isPartOf\":{\"@id\":\"https:\/\/www.welovecycling.com\/wide\/#website\"},\"primaryImageOfPage\":{\"@id\":\"https:\/\/www.welovecycling.com\/wide\/2022\/04\/11\/who-will-be-the-breakout-stars-in-aprils-classics\/#primaryimage\"},\"image\":{\"@id\":\"https:\/\/www.welovecycling.com\/wide\/2022\/04\/11\/who-will-be-the-breakout-stars-in-aprils-classics\/#primaryimage\"},\"thumbnailUrl\":\"https:\/\/d2p6e6u75xmxt8.cloudfront.net\/2\/2022\/04\/Tour-of-Flanders-peloton-profimedia-0678368829-CVR.webp\",\"datePublished\":\"2022-04-11T12:14:13+00:00\",\"author\":{\"@id\":\"https:\/\/www.welovecycling.com\/wide\/#\/schema\/person\/50f01ecd18718d2333cf72e823c4f926\"},\"description\":\"With sickness rife in the peloton at the moment, it is dashing some riders\u2019 chances for a successful classics campaign. However, it means the door has\",\"breadcrumb\":{\"@id\":\"https:\/\/www.welovecycling.com\/wide\/2022\/04\/11\/who-will-be-the-breakout-stars-in-aprils-classics\/#breadcrumb\"},\"inLanguage\":\"en-US\",\"potentialAction\":[{\"@type\":\"ReadAction\",\"target\":[\"https:\/\/www.welovecycling.com\/wide\/2022\/04\/11\/who-will-be-the-breakout-stars-in-aprils-classics\/\"]}]},{\"@type\":\"ImageObject\",\"inLanguage\":\"en-US\",\"@id\":\"https:\/\/www.welovecycling.com\/wide\/2022\/04\/11\/who-will-be-the-breakout-stars-in-aprils-classics\/#primaryimage\",\"url\":\"https:\/\/d2p6e6u75xmxt8.cloudfront.net\/2\/2022\/04\/Tour-of-Flanders-peloton-profimedia-0678368829-CVR.webp\",\"contentUrl\":\"https:\/\/d2p6e6u75xmxt8.cloudfront.net\/2\/2022\/04\/Tour-of-Flanders-peloton-profimedia-0678368829-CVR.webp\",\"width\":900,\"height\":600,\"caption\":\"Tour of Flanders\"},{\"@type\":\"BreadcrumbList\",\"@id\":\"https:\/\/www.welovecycling.com\/wide\/2022\/04\/11\/who-will-be-the-breakout-stars-in-aprils-classics\/#breadcrumb\",\"itemListElement\":[{\"@type\":\"ListItem\",\"position\":1,\"name\":\"Home\",\"item\":\"https:\/\/www.welovecycling.com\/wide\/\"},{\"@type\":\"ListItem\",\"position\":2,\"name\":\"Who Will Be the Breakout Stars in April\u2019s Classics?\"}]},{\"@type\":\"WebSite\",\"@id\":\"https:\/\/www.welovecycling.com\/wide\/#website\",\"url\":\"https:\/\/www.welovecycling.com\/wide\/\",\"name\":\"\u0160koda We Love Cycling\",\"description\":\"\u0160koda We Love Cycling magazine\",\"alternateName\":\"\u0160koda WLC\",\"potentialAction\":[{\"@type\":\"SearchAction\",\"target\":{\"@type\":\"EntryPoint\",\"urlTemplate\":\"https:\/\/www.welovecycling.com\/wide\/?s={search_term_string}\"},\"query-input\":{\"@type\":\"PropertyValueSpecification\",\"valueRequired\":true,\"valueName\":\"search_term_string\"}}],\"inLanguage\":\"en-US\"},{\"@type\":\"Person\",\"@id\":\"https:\/\/www.welovecycling.com\/wide\/#\/schema\/person\/50f01ecd18718d2333cf72e823c4f926\",\"name\":\"tereza\",\"image\":{\"@type\":\"ImageObject\",\"inLanguage\":\"en-US\",\"@id\":\"https:\/\/www.welovecycling.com\/wide\/#\/schema\/person\/image\/\",\"url\":\"https:\/\/secure.gravatar.com\/avatar\/1f9eb71be33845f0afabce3791bc1c58ecdb0a25c62964987e5dbcf7a20d2ec7?s=96&d=mm&r=g\",\"contentUrl\":\"https:\/\/secure.gravatar.com\/avatar\/1f9eb71be33845f0afabce3791bc1c58ecdb0a25c62964987e5dbcf7a20d2ec7?s=96&d=mm&r=g\",\"caption\":\"tereza\"},\"url\":\"https:\/\/www.welovecycling.com\/wide\/author\/tereza\/\"}]}<\/script>\n<!-- \/ Yoast SEO Premium plugin. -->","yoast_head_json":{"title":"Who Will Be the Breakout Stars in April\u2019s Classics? - We Love Cycling","description":"With sickness rife in the peloton at the moment, it is dashing some riders\u2019 chances for a successful classics campaign. However, it means the door has","robots":{"index":"index","follow":"follow","max-snippet":"max-snippet:-1","max-image-preview":"max-image-preview:large","max-video-preview":"max-video-preview:-1"},"canonical":"https:\/\/www.welovecycling.com\/wide\/2022\/04\/11\/who-will-be-the-breakout-stars-in-aprils-classics\/","og_locale":"en_US","og_type":"article","og_title":"Who Will Be the Breakout Stars in April\u2019s Classics?","og_description":"With sickness rife in the peloton at the moment, it is dashing some riders\u2019 chances for a successful classics campaign. However, it means the door has","og_url":"https:\/\/www.welovecycling.com\/wide\/2022\/04\/11\/who-will-be-the-breakout-stars-in-aprils-classics\/","og_site_name":"\u0160koda We Love Cycling","article_published_time":"2022-04-11T12:14:13+00:00","og_image":[{"width":900,"height":600,"url":"https:\/\/d2p6e6u75xmxt8.cloudfront.net\/2\/2022\/04\/Tour-of-Flanders-peloton-profimedia-0678368829-CVR.webp","type":"image\/webp"}],"author":"tereza","twitter_card":"summary_large_image","twitter_misc":{"Written by":"Joshua Donaldson","Est. reading time":"5"},"schema":{"@context":"https:\/\/schema.org","@graph":[{"@type":"WebPage","@id":"https:\/\/www.welovecycling.com\/wide\/2022\/04\/11\/who-will-be-the-breakout-stars-in-aprils-classics\/","url":"https:\/\/www.welovecycling.com\/wide\/2022\/04\/11\/who-will-be-the-breakout-stars-in-aprils-classics\/","name":"Who Will Be the Breakout Stars in April\u2019s Classics? - We Love Cycling","isPartOf":{"@id":"https:\/\/www.welovecycling.com\/wide\/#website"},"primaryImageOfPage":{"@id":"https:\/\/www.welovecycling.com\/wide\/2022\/04\/11\/who-will-be-the-breakout-stars-in-aprils-classics\/#primaryimage"},"image":{"@id":"https:\/\/www.welovecycling.com\/wide\/2022\/04\/11\/who-will-be-the-breakout-stars-in-aprils-classics\/#primaryimage"},"thumbnailUrl":"https:\/\/d2p6e6u75xmxt8.cloudfront.net\/2\/2022\/04\/Tour-of-Flanders-peloton-profimedia-0678368829-CVR.webp","datePublished":"2022-04-11T12:14:13+00:00","author":{"@id":"https:\/\/www.welovecycling.com\/wide\/#\/schema\/person\/50f01ecd18718d2333cf72e823c4f926"},"description":"With sickness rife in the peloton at the moment, it is dashing some riders\u2019 chances for a successful classics campaign. However, it means the door has","breadcrumb":{"@id":"https:\/\/www.welovecycling.com\/wide\/2022\/04\/11\/who-will-be-the-breakout-stars-in-aprils-classics\/#breadcrumb"},"inLanguage":"en-US","potentialAction":[{"@type":"ReadAction","target":["https:\/\/www.welovecycling.com\/wide\/2022\/04\/11\/who-will-be-the-breakout-stars-in-aprils-classics\/"]}]},{"@type":"ImageObject","inLanguage":"en-US","@id":"https:\/\/www.welovecycling.com\/wide\/2022\/04\/11\/who-will-be-the-breakout-stars-in-aprils-classics\/#primaryimage","url":"https:\/\/d2p6e6u75xmxt8.cloudfront.net\/2\/2022\/04\/Tour-of-Flanders-peloton-profimedia-0678368829-CVR.webp","contentUrl":"https:\/\/d2p6e6u75xmxt8.cloudfront.net\/2\/2022\/04\/Tour-of-Flanders-peloton-profimedia-0678368829-CVR.webp","width":900,"height":600,"caption":"Tour of Flanders"},{"@type":"BreadcrumbList","@id":"https:\/\/www.welovecycling.com\/wide\/2022\/04\/11\/who-will-be-the-breakout-stars-in-aprils-classics\/#breadcrumb","itemListElement":[{"@type":"ListItem","position":1,"name":"Home","item":"https:\/\/www.welovecycling.com\/wide\/"},{"@type":"ListItem","position":2,"name":"Who Will Be the Breakout Stars in April\u2019s Classics?"}]},{"@type":"WebSite","@id":"https:\/\/www.welovecycling.com\/wide\/#website","url":"https:\/\/www.welovecycling.com\/wide\/","name":"\u0160koda We Love Cycling","description":"\u0160koda We Love Cycling magazine","alternateName":"\u0160koda WLC","potentialAction":[{"@type":"SearchAction","target":{"@type":"EntryPoint","urlTemplate":"https:\/\/www.welovecycling.com\/wide\/?s={search_term_string}"},"query-input":{"@type":"PropertyValueSpecification","valueRequired":true,"valueName":"search_term_string"}}],"inLanguage":"en-US"},{"@type":"Person","@id":"https:\/\/www.welovecycling.com\/wide\/#\/schema\/person\/50f01ecd18718d2333cf72e823c4f926","name":"tereza","image":{"@type":"ImageObject","inLanguage":"en-US","@id":"https:\/\/www.welovecycling.com\/wide\/#\/schema\/person\/image\/","url":"https:\/\/secure.gravatar.com\/avatar\/1f9eb71be33845f0afabce3791bc1c58ecdb0a25c62964987e5dbcf7a20d2ec7?s=96&d=mm&r=g","contentUrl":"https:\/\/secure.gravatar.com\/avatar\/1f9eb71be33845f0afabce3791bc1c58ecdb0a25c62964987e5dbcf7a20d2ec7?s=96&d=mm&r=g","caption":"tereza"},"url":"https:\/\/www.welovecycling.com\/wide\/author\/tereza\/"}]}},"_links":{"self":[{"href":"https:\/\/www.welovecycling.com\/wide\/wp-json\/wp\/v2\/posts\/188981","targetHints":{"allow":["GET"]}}],"collection":[{"href":"https:\/\/www.welovecycling.com\/wide\/wp-json\/wp\/v2\/posts"}],"about":[{"href":"https:\/\/www.welovecycling.com\/wide\/wp-json\/wp\/v2\/types\/post"}],"author":[{"embeddable":true,"href":"https:\/\/www.welovecycling.com\/wide\/wp-json\/wp\/v2\/users\/99"}],"replies":[{"embeddable":true,"href":"https:\/\/www.welovecycling.com\/wide\/wp-json\/wp\/v2\/comments?post=188981"}],"version-history":[{"count":1,"href":"https:\/\/www.welovecycling.com\/wide\/wp-json\/wp\/v2\/posts\/188981\/revisions"}],"predecessor-version":[{"id":188984,"href":"https:\/\/www.welovecycling.com\/wide\/wp-json\/wp\/v2\/posts\/188981\/revisions\/188984"}],"wp:featuredmedia":[{"embeddable":true,"href":"https:\/\/www.welovecycling.com\/wide\/wp-json\/wp\/v2\/media\/188982"}],"wp:attachment":[{"href":"https:\/\/www.welovecycling.com\/wide\/wp-json\/wp\/v2\/media?parent=188981"}],"wp:term":[{"taxonomy":"category","embeddable":true,"href":"https:\/\/www.welovecycling.com\/wide\/wp-json\/wp\/v2\/categories?post=188981"},{"taxonomy":"post_tag","embeddable":true,"href":"https:\/\/www.welovecycling.com\/wide\/wp-json\/wp\/v2\/tags?post=188981"},{"taxonomy":"global-categories","embeddable":true,"href":"https:\/\/www.welovecycling.com\/wide\/wp-json\/wp\/v2\/global-categories?post=188981"}],"curies":[{"name":"wp","href":"https:\/\/api.w.org\/{rel}","templated":true}]}}