{"id":188972,"date":"2022-04-11T10:53:13","date_gmt":"2022-04-11T10:53:13","guid":{"rendered":"https:\/\/www.welovecycling.com\/wide\/?p=188972"},"modified":"2022-04-11T10:53:13","modified_gmt":"2022-04-11T10:53:13","slug":"kwiatkowski-and-cavalli-win-the-amstel-gold-race-and-other-cool-news-from-the-world-of-cycling","status":"publish","type":"post","link":"https:\/\/www.welovecycling.com\/wide\/2022\/04\/11\/kwiatkowski-and-cavalli-win-the-amstel-gold-race-and-other-cool-news-from-the-world-of-cycling\/","title":{"rendered":"Kwiatkowski and Cavalli Win the Amstel Gold Race and Other Cool News from the World of Cycling"},"content":{"rendered":"<p><strong>Another Monday is here, and so is our news from the world of cycling. So, what did you miss?<\/strong><\/p>\n<p><!--more--><\/p>\n<h2><strong>Marta Cavalli\u2019s attack<\/strong><\/h2>\n<p>https:\/\/www.instagram.com\/p\/CcMvzynMe_l\/?utm_source=ig_web_copy_link<\/p>\n<p>The former Italian champion emerged from the leading group of eight riders and rode solo for the final 1.8 km to win it by four seconds in the end. Cavalli timed the attack perfectly and left the likes of van Vleuten (Movistar) and Niewiadoma (Canyon-SRAM) behind. Demi Vollering (SD Worx) finished second for the second time in a row. Liane Lippert (DSM) crossed the line as third.<\/p>\n<h4><strong>Amstel Gold Race Ladies Edition 2022: Maastricht &#8211; Berg-en-Terblijt (128.4 km)<\/strong><\/h4>\n<p>1. Marta Cavalli (FDJ Nouvelle Aquitaine Futuroscope) \u2013 3:17:41<br \/>\n2. Demi Vollering (SD Worx) + 4 seconds<br \/>\n3. Liane Lippert (DSM)<br \/>\n4. Annemiek van Vleuten (Movistar)<br \/>\n5. Kasia Niewiadoma (Canyon-SRAM)<br \/>\n6. Mavi Garc\u00eda (UAE Team ADQ)<br \/>\n7. Ashleigh Moolman-Pasio (SD Worx) + 7 seconds<br \/>\n8. Elisa Balsamo (Trek-Segafredo) + 9 seconds<br \/>\n9. Coryn Rivera (Jumbo-Visma)<br \/>\n10. Sofia Bertizzolo (UAE Team ADQ)<\/p>\n<h2><strong>Kwiatkowski\u2019s photo finish<\/strong><\/h2>\n<div class=\"embed-controller-wrapper\">\n<blockquote class=\"twitter-tweet\" data-width=\"500\" data-dnt=\"true\">\n<p lang=\"en\" dir=\"ltr\">Michal Kwiatkowski wins Amstel Gold Race, beating Benoit Cosnefroy by minimal margin. His first win since Stage 18 of 2020 Tour de France. Kwiatkowski&#39;s 1-day race titles: \ud83c\udf08RR, Milano-Sanremo, Amstel Gold Race (x2), Strade Bianche (x2), E3, Clasica de San Sebastian. <a href=\"https:\/\/twitter.com\/hashtag\/AGR22?src=hash&amp;ref_src=twsrc%5Etfw\">#AGR22<\/a> <a href=\"https:\/\/t.co\/eDHQjTUq6u\">pic.twitter.com\/eDHQjTUq6u<\/a><\/p>\n<p>&mdash; ammattipy\u00f6r\u00e4ily (@ammattipyoraily) <a href=\"https:\/\/twitter.com\/ammattipyoraily\/status\/1513165065620533256?ref_src=twsrc%5Etfw\">April 10, 2022<\/a><\/p><\/blockquote>\n<p><script async data-src=\"https:\/\/platform.twitter.com\/widgets.js\" charset=\"utf-8\"><\/script><\/div>\n<p>The men\u2019s race was even more dramatic with a photo finish needed to decide that Micha\u0142 Kwiatkowski (Ineos Grenadiers) won the Amstel Gold Race for the second time. He beat Beno\u00eet Cosnefroy (AG2R Citro\u00ebn Team) on the line by just a few inches but the win was initially given to Cosnefroy before the photo finish revealed the truth. The duo attacked with 20 km to go and no one was able to respond. Tiesj Benoot (Jumbo-Visma) ended up taking the last spot on the podium.<\/p>\n<p>&#8220;A lot of luck I would say, it was very tough,&#8221; Kwiatkowski said. &#8220;Tough finish, tough sprint. I was super confident I could win but, at the same time, the last 50 m were super tough. Cosnefroy still accelerated when I was beside him, and for me, it was all about the win. Knowing Tom was in the front group, it was all about winning the race. I was only there to win the race.&#8221;<\/p>\n<h4>Amstel Gold Race 2022: Maastricht &#8211; Valkenburg (254 km)<\/h4>\n<p>1. Michal Kwiatkowski (Ineos Grenadiers) \u2013 6:01:19<br \/>\n2. Beno\u00eet Cosnefroy (AG2R Citr\u00f6en)<br \/>\n3. Tiesj Benoot (jumbo-Visma) + 10 seconds<br \/>\n4. Mathieu van der Poel (Alpecin-Fenix) + 20 seconds<br \/>\n5. Alexander Kamp (Trek-Segafredo)<br \/>\n6. Kasper Asgreen (Quick-Step Alpha Vinyl)<br \/>\n7. Michael Matthews (Team BikeExchange-Jayco)<br \/>\n8. Stefan K\u00fcng (Groupama-FDJ)<br \/>\n9. Marc Hirschi (UAE Team Emirates)<br \/>\n10. Dylan Teuns (Bahrain-Victorious)<\/p>\n<h2><strong>Amstel<\/strong><\/h2>\n<div class=\"embed-controller-wrapper\">\n<blockquote class=\"twitter-tweet\" data-width=\"500\" data-dnt=\"true\">\n<p lang=\"zxx\" dir=\"ltr\"><a href=\"https:\/\/t.co\/4xOt5UqluF\">pic.twitter.com\/4xOt5UqluF<\/a><\/p>\n<p>&mdash; Cycling out of context (@OutOfCycling) <a href=\"https:\/\/twitter.com\/OutOfCycling\/status\/1513163267434291210?ref_src=twsrc%5Etfw\">April 10, 2022<\/a><\/p><\/blockquote>\n<p><script async data-src=\"https:\/\/platform.twitter.com\/widgets.js\" charset=\"utf-8\"><\/script><\/div>\n<h2><strong>Earned it<\/strong><\/h2>\n<div class=\"embed-controller-wrapper\">\n<blockquote class=\"twitter-tweet\" data-width=\"500\" data-dnt=\"true\">\n<p lang=\"en\" dir=\"ltr\">Cheers and goodnight from <a href=\"https:\/\/twitter.com\/hashtag\/AGR2022?src=hash&amp;ref_src=twsrc%5Etfw\">#AGR2022<\/a> \ud83d\udc4b\ud83c\udf7a <a href=\"https:\/\/t.co\/nk39gUjVNH\">pic.twitter.com\/nk39gUjVNH<\/a><\/p>\n<p>&mdash; INEOS Grenadiers (@INEOSGrenadiers) <a href=\"https:\/\/twitter.com\/INEOSGrenadiers\/status\/1513246776081498122?ref_src=twsrc%5Etfw\">April 10, 2022<\/a><\/p><\/blockquote>\n<p><script async data-src=\"https:\/\/platform.twitter.com\/widgets.js\" charset=\"utf-8\"><\/script><\/div>\n<h2><strong>Looking good<\/strong><\/h2>\n<div class=\"embed-controller-wrapper\">\n<blockquote class=\"twitter-tweet\" data-width=\"500\" data-dnt=\"true\">\n<p lang=\"es\" dir=\"ltr\">584 km \u2714\ufe0f<br \/>23 horas \u2714\ufe0f<br \/>4.000 mtrs de ascenso \u2714\ufe0f<br \/>Primera semana de entrenamiento \ud83d\udc4a\ud83c\udffd <a href=\"https:\/\/t.co\/hMgz3UcpdU\">pic.twitter.com\/hMgz3UcpdU<\/a><\/p>\n<p>&mdash; Egan Arley Bernal (@Eganbernal) <a href=\"https:\/\/twitter.com\/Eganbernal\/status\/1511006818557992960?ref_src=twsrc%5Etfw\">April 4, 2022<\/a><\/p><\/blockquote>\n<p><script async data-src=\"https:\/\/platform.twitter.com\/widgets.js\" charset=\"utf-8\"><\/script><\/div>\n<h2><strong>What is happening now?<\/strong><\/h2>\n<div class=\"embed-controller-wrapper\">\n<blockquote class=\"twitter-tweet\" data-width=\"500\" data-dnt=\"true\">\n<p lang=\"en\" dir=\"ltr\">Spiderman in bicycle. <a href=\"https:\/\/twitter.com\/hashtag\/cyclinglife?src=hash&amp;ref_src=twsrc%5Etfw\">#cyclinglife<\/a> <a href=\"https:\/\/twitter.com\/hashtag\/bicycleculture?src=hash&amp;ref_src=twsrc%5Etfw\">#bicycleculture<\/a> <a href=\"https:\/\/twitter.com\/hashtag\/cycling?src=hash&amp;ref_src=twsrc%5Etfw\">#cycling<\/a> <a href=\"https:\/\/t.co\/ZdH2tunnbk\">pic.twitter.com\/ZdH2tunnbk<\/a><\/p>\n<p>&mdash; Yes Yem Viswanathan (@yesyemviswa) <a href=\"https:\/\/twitter.com\/yesyemviswa\/status\/1512044411839913984?ref_src=twsrc%5Etfw\">April 7, 2022<\/a><\/p><\/blockquote>\n<p><script async data-src=\"https:\/\/platform.twitter.com\/widgets.js\" charset=\"utf-8\"><\/script><\/div>\n","protected":false},"excerpt":{"rendered":"<p>Another Monday is here, and so is our news from the world of cycling. So, what did you miss?<\/p>\n","protected":false},"author":99,"featured_media":188978,"comment_status":"open","ping_status":"open","sticky":false,"template":"","format":"standard","meta":{"footnotes":""},"categories":[329],"tags":[6258,1400,6259,4619,3771,6261,6260,911],"global-categories":[3366],"class_list":["post-188972","post","type-post","status-publish","format-standard","has-post-thumbnail","hentry","category-road-cycling","tag-2022-amsterl-gold-race","tag-amstel-gold-race","tag-benoit-cosnefroy","tag-cycling-news","tag-demi-vollering","tag-kasia","tag-marta-cavalli","tag-michal-kwiatkowski","global-categories-cycling"],"yoast_head":"<!-- This site is optimized with the Yoast SEO Premium plugin v25.3 (Yoast SEO v25.9) - https:\/\/yoast.com\/wordpress\/plugins\/seo\/ -->\n<title>Kwiatkowski and Cavalli Win the Amstel Gold Race - We Love Cycling<\/title>\n<meta name=\"description\" content=\"Another Monday is here, and so is our news from the world of cycling. So, what did you miss? Marta Cavalli\u2019s attack\" \/>\n<meta name=\"robots\" content=\"index, follow, max-snippet:-1, max-image-preview:large, max-video-preview:-1\" \/>\n<link rel=\"canonical\" href=\"https:\/\/www.welovecycling.com\/wide\/2022\/04\/11\/kwiatkowski-and-cavalli-win-the-amstel-gold-race-and-other-cool-news-from-the-world-of-cycling\/\" \/>\n<meta property=\"og:locale\" content=\"en_US\" \/>\n<meta property=\"og:type\" content=\"article\" \/>\n<meta property=\"og:title\" content=\"Kwiatkowski and Cavalli Win the Amstel Gold Race and Other Cool News from the World of Cycling\" \/>\n<meta property=\"og:description\" content=\"Another Monday is here, and so is our news from the world of cycling. So, what did you miss? Marta Cavalli\u2019s attack\" \/>\n<meta property=\"og:url\" content=\"https:\/\/www.welovecycling.com\/wide\/2022\/04\/11\/kwiatkowski-and-cavalli-win-the-amstel-gold-race-and-other-cool-news-from-the-world-of-cycling\/\" \/>\n<meta property=\"og:site_name\" content=\"\u0160koda We Love Cycling\" \/>\n<meta property=\"article:published_time\" content=\"2022-04-11T10:53:13+00:00\" \/>\n<meta property=\"og:image\" content=\"https:\/\/d2p6e6u75xmxt8.cloudfront.net\/2\/2022\/04\/Marta-Cavalli-Amstel-profimedia-0681705530-CVR.webp\" \/>\n\t<meta property=\"og:image:width\" content=\"900\" \/>\n\t<meta property=\"og:image:height\" content=\"600\" \/>\n\t<meta property=\"og:image:type\" content=\"image\/webp\" \/>\n<meta name=\"author\" content=\"tereza\" \/>\n<meta name=\"twitter:card\" content=\"summary_large_image\" \/>\n<meta name=\"twitter:label1\" content=\"Written by\" \/>\n\t<meta name=\"twitter:data1\" content=\"Monica Buck\" \/>\n\t<meta name=\"twitter:label2\" content=\"Est. reading time\" \/>\n\t<meta name=\"twitter:data2\" content=\"4\" \/>\n<script type=\"application\/ld+json\" class=\"yoast-schema-graph\">{\"@context\":\"https:\/\/schema.org\",\"@graph\":[{\"@type\":\"WebPage\",\"@id\":\"https:\/\/www.welovecycling.com\/wide\/2022\/04\/11\/kwiatkowski-and-cavalli-win-the-amstel-gold-race-and-other-cool-news-from-the-world-of-cycling\/\",\"url\":\"https:\/\/www.welovecycling.com\/wide\/2022\/04\/11\/kwiatkowski-and-cavalli-win-the-amstel-gold-race-and-other-cool-news-from-the-world-of-cycling\/\",\"name\":\"Kwiatkowski and Cavalli Win the Amstel Gold Race - We Love Cycling\",\"isPartOf\":{\"@id\":\"https:\/\/www.welovecycling.com\/wide\/#website\"},\"primaryImageOfPage\":{\"@id\":\"https:\/\/www.welovecycling.com\/wide\/2022\/04\/11\/kwiatkowski-and-cavalli-win-the-amstel-gold-race-and-other-cool-news-from-the-world-of-cycling\/#primaryimage\"},\"image\":{\"@id\":\"https:\/\/www.welovecycling.com\/wide\/2022\/04\/11\/kwiatkowski-and-cavalli-win-the-amstel-gold-race-and-other-cool-news-from-the-world-of-cycling\/#primaryimage\"},\"thumbnailUrl\":\"https:\/\/d2p6e6u75xmxt8.cloudfront.net\/2\/2022\/04\/Marta-Cavalli-Amstel-profimedia-0681705530-CVR.webp\",\"datePublished\":\"2022-04-11T10:53:13+00:00\",\"author\":{\"@id\":\"https:\/\/www.welovecycling.com\/wide\/#\/schema\/person\/50f01ecd18718d2333cf72e823c4f926\"},\"description\":\"Another Monday is here, and so is our news from the world of cycling. So, what did you miss? Marta Cavalli\u2019s attack\",\"breadcrumb\":{\"@id\":\"https:\/\/www.welovecycling.com\/wide\/2022\/04\/11\/kwiatkowski-and-cavalli-win-the-amstel-gold-race-and-other-cool-news-from-the-world-of-cycling\/#breadcrumb\"},\"inLanguage\":\"en-US\",\"potentialAction\":[{\"@type\":\"ReadAction\",\"target\":[\"https:\/\/www.welovecycling.com\/wide\/2022\/04\/11\/kwiatkowski-and-cavalli-win-the-amstel-gold-race-and-other-cool-news-from-the-world-of-cycling\/\"]}]},{\"@type\":\"ImageObject\",\"inLanguage\":\"en-US\",\"@id\":\"https:\/\/www.welovecycling.com\/wide\/2022\/04\/11\/kwiatkowski-and-cavalli-win-the-amstel-gold-race-and-other-cool-news-from-the-world-of-cycling\/#primaryimage\",\"url\":\"https:\/\/d2p6e6u75xmxt8.cloudfront.net\/2\/2022\/04\/Marta-Cavalli-Amstel-profimedia-0681705530-CVR.webp\",\"contentUrl\":\"https:\/\/d2p6e6u75xmxt8.cloudfront.net\/2\/2022\/04\/Marta-Cavalli-Amstel-profimedia-0681705530-CVR.webp\",\"width\":900,\"height\":600,\"caption\":\"Marta Cavalli\"},{\"@type\":\"BreadcrumbList\",\"@id\":\"https:\/\/www.welovecycling.com\/wide\/2022\/04\/11\/kwiatkowski-and-cavalli-win-the-amstel-gold-race-and-other-cool-news-from-the-world-of-cycling\/#breadcrumb\",\"itemListElement\":[{\"@type\":\"ListItem\",\"position\":1,\"name\":\"Home\",\"item\":\"https:\/\/www.welovecycling.com\/wide\/\"},{\"@type\":\"ListItem\",\"position\":2,\"name\":\"Kwiatkowski and Cavalli Win the Amstel Gold Race and Other Cool News from the World of Cycling\"}]},{\"@type\":\"WebSite\",\"@id\":\"https:\/\/www.welovecycling.com\/wide\/#website\",\"url\":\"https:\/\/www.welovecycling.com\/wide\/\",\"name\":\"\u0160koda We Love Cycling\",\"description\":\"\u0160koda We Love Cycling magazine\",\"alternateName\":\"\u0160koda WLC\",\"potentialAction\":[{\"@type\":\"SearchAction\",\"target\":{\"@type\":\"EntryPoint\",\"urlTemplate\":\"https:\/\/www.welovecycling.com\/wide\/?s={search_term_string}\"},\"query-input\":{\"@type\":\"PropertyValueSpecification\",\"valueRequired\":true,\"valueName\":\"search_term_string\"}}],\"inLanguage\":\"en-US\"},{\"@type\":\"Person\",\"@id\":\"https:\/\/www.welovecycling.com\/wide\/#\/schema\/person\/50f01ecd18718d2333cf72e823c4f926\",\"name\":\"tereza\",\"image\":{\"@type\":\"ImageObject\",\"inLanguage\":\"en-US\",\"@id\":\"https:\/\/www.welovecycling.com\/wide\/#\/schema\/person\/image\/\",\"url\":\"https:\/\/secure.gravatar.com\/avatar\/1f9eb71be33845f0afabce3791bc1c58ecdb0a25c62964987e5dbcf7a20d2ec7?s=96&d=mm&r=g\",\"contentUrl\":\"https:\/\/secure.gravatar.com\/avatar\/1f9eb71be33845f0afabce3791bc1c58ecdb0a25c62964987e5dbcf7a20d2ec7?s=96&d=mm&r=g\",\"caption\":\"tereza\"},\"url\":\"https:\/\/www.welovecycling.com\/wide\/author\/tereza\/\"}]}<\/script>\n<!-- \/ Yoast SEO Premium plugin. -->","yoast_head_json":{"title":"Kwiatkowski and Cavalli Win the Amstel Gold Race - We Love Cycling","description":"Another Monday is here, and so is our news from the world of cycling. So, what did you miss? Marta Cavalli\u2019s attack","robots":{"index":"index","follow":"follow","max-snippet":"max-snippet:-1","max-image-preview":"max-image-preview:large","max-video-preview":"max-video-preview:-1"},"canonical":"https:\/\/www.welovecycling.com\/wide\/2022\/04\/11\/kwiatkowski-and-cavalli-win-the-amstel-gold-race-and-other-cool-news-from-the-world-of-cycling\/","og_locale":"en_US","og_type":"article","og_title":"Kwiatkowski and Cavalli Win the Amstel Gold Race and Other Cool News from the World of Cycling","og_description":"Another Monday is here, and so is our news from the world of cycling. So, what did you miss? Marta Cavalli\u2019s attack","og_url":"https:\/\/www.welovecycling.com\/wide\/2022\/04\/11\/kwiatkowski-and-cavalli-win-the-amstel-gold-race-and-other-cool-news-from-the-world-of-cycling\/","og_site_name":"\u0160koda We Love Cycling","article_published_time":"2022-04-11T10:53:13+00:00","og_image":[{"width":900,"height":600,"url":"https:\/\/d2p6e6u75xmxt8.cloudfront.net\/2\/2022\/04\/Marta-Cavalli-Amstel-profimedia-0681705530-CVR.webp","type":"image\/webp"}],"author":"tereza","twitter_card":"summary_large_image","twitter_misc":{"Written by":"Monica Buck","Est. reading time":"4"},"schema":{"@context":"https:\/\/schema.org","@graph":[{"@type":"WebPage","@id":"https:\/\/www.welovecycling.com\/wide\/2022\/04\/11\/kwiatkowski-and-cavalli-win-the-amstel-gold-race-and-other-cool-news-from-the-world-of-cycling\/","url":"https:\/\/www.welovecycling.com\/wide\/2022\/04\/11\/kwiatkowski-and-cavalli-win-the-amstel-gold-race-and-other-cool-news-from-the-world-of-cycling\/","name":"Kwiatkowski and Cavalli Win the Amstel Gold Race - We Love Cycling","isPartOf":{"@id":"https:\/\/www.welovecycling.com\/wide\/#website"},"primaryImageOfPage":{"@id":"https:\/\/www.welovecycling.com\/wide\/2022\/04\/11\/kwiatkowski-and-cavalli-win-the-amstel-gold-race-and-other-cool-news-from-the-world-of-cycling\/#primaryimage"},"image":{"@id":"https:\/\/www.welovecycling.com\/wide\/2022\/04\/11\/kwiatkowski-and-cavalli-win-the-amstel-gold-race-and-other-cool-news-from-the-world-of-cycling\/#primaryimage"},"thumbnailUrl":"https:\/\/d2p6e6u75xmxt8.cloudfront.net\/2\/2022\/04\/Marta-Cavalli-Amstel-profimedia-0681705530-CVR.webp","datePublished":"2022-04-11T10:53:13+00:00","author":{"@id":"https:\/\/www.welovecycling.com\/wide\/#\/schema\/person\/50f01ecd18718d2333cf72e823c4f926"},"description":"Another Monday is here, and so is our news from the world of cycling. So, what did you miss? Marta Cavalli\u2019s attack","breadcrumb":{"@id":"https:\/\/www.welovecycling.com\/wide\/2022\/04\/11\/kwiatkowski-and-cavalli-win-the-amstel-gold-race-and-other-cool-news-from-the-world-of-cycling\/#breadcrumb"},"inLanguage":"en-US","potentialAction":[{"@type":"ReadAction","target":["https:\/\/www.welovecycling.com\/wide\/2022\/04\/11\/kwiatkowski-and-cavalli-win-the-amstel-gold-race-and-other-cool-news-from-the-world-of-cycling\/"]}]},{"@type":"ImageObject","inLanguage":"en-US","@id":"https:\/\/www.welovecycling.com\/wide\/2022\/04\/11\/kwiatkowski-and-cavalli-win-the-amstel-gold-race-and-other-cool-news-from-the-world-of-cycling\/#primaryimage","url":"https:\/\/d2p6e6u75xmxt8.cloudfront.net\/2\/2022\/04\/Marta-Cavalli-Amstel-profimedia-0681705530-CVR.webp","contentUrl":"https:\/\/d2p6e6u75xmxt8.cloudfront.net\/2\/2022\/04\/Marta-Cavalli-Amstel-profimedia-0681705530-CVR.webp","width":900,"height":600,"caption":"Marta Cavalli"},{"@type":"BreadcrumbList","@id":"https:\/\/www.welovecycling.com\/wide\/2022\/04\/11\/kwiatkowski-and-cavalli-win-the-amstel-gold-race-and-other-cool-news-from-the-world-of-cycling\/#breadcrumb","itemListElement":[{"@type":"ListItem","position":1,"name":"Home","item":"https:\/\/www.welovecycling.com\/wide\/"},{"@type":"ListItem","position":2,"name":"Kwiatkowski and Cavalli Win the Amstel Gold Race and Other Cool News from the World of Cycling"}]},{"@type":"WebSite","@id":"https:\/\/www.welovecycling.com\/wide\/#website","url":"https:\/\/www.welovecycling.com\/wide\/","name":"\u0160koda We Love Cycling","description":"\u0160koda We Love Cycling magazine","alternateName":"\u0160koda WLC","potentialAction":[{"@type":"SearchAction","target":{"@type":"EntryPoint","urlTemplate":"https:\/\/www.welovecycling.com\/wide\/?s={search_term_string}"},"query-input":{"@type":"PropertyValueSpecification","valueRequired":true,"valueName":"search_term_string"}}],"inLanguage":"en-US"},{"@type":"Person","@id":"https:\/\/www.welovecycling.com\/wide\/#\/schema\/person\/50f01ecd18718d2333cf72e823c4f926","name":"tereza","image":{"@type":"ImageObject","inLanguage":"en-US","@id":"https:\/\/www.welovecycling.com\/wide\/#\/schema\/person\/image\/","url":"https:\/\/secure.gravatar.com\/avatar\/1f9eb71be33845f0afabce3791bc1c58ecdb0a25c62964987e5dbcf7a20d2ec7?s=96&d=mm&r=g","contentUrl":"https:\/\/secure.gravatar.com\/avatar\/1f9eb71be33845f0afabce3791bc1c58ecdb0a25c62964987e5dbcf7a20d2ec7?s=96&d=mm&r=g","caption":"tereza"},"url":"https:\/\/www.welovecycling.com\/wide\/author\/tereza\/"}]}},"_links":{"self":[{"href":"https:\/\/www.welovecycling.com\/wide\/wp-json\/wp\/v2\/posts\/188972","targetHints":{"allow":["GET"]}}],"collection":[{"href":"https:\/\/www.welovecycling.com\/wide\/wp-json\/wp\/v2\/posts"}],"about":[{"href":"https:\/\/www.welovecycling.com\/wide\/wp-json\/wp\/v2\/types\/post"}],"author":[{"embeddable":true,"href":"https:\/\/www.welovecycling.com\/wide\/wp-json\/wp\/v2\/users\/99"}],"replies":[{"embeddable":true,"href":"https:\/\/www.welovecycling.com\/wide\/wp-json\/wp\/v2\/comments?post=188972"}],"version-history":[{"count":1,"href":"https:\/\/www.welovecycling.com\/wide\/wp-json\/wp\/v2\/posts\/188972\/revisions"}],"predecessor-version":[{"id":188979,"href":"https:\/\/www.welovecycling.com\/wide\/wp-json\/wp\/v2\/posts\/188972\/revisions\/188979"}],"wp:featuredmedia":[{"embeddable":true,"href":"https:\/\/www.welovecycling.com\/wide\/wp-json\/wp\/v2\/media\/188978"}],"wp:attachment":[{"href":"https:\/\/www.welovecycling.com\/wide\/wp-json\/wp\/v2\/media?parent=188972"}],"wp:term":[{"taxonomy":"category","embeddable":true,"href":"https:\/\/www.welovecycling.com\/wide\/wp-json\/wp\/v2\/categories?post=188972"},{"taxonomy":"post_tag","embeddable":true,"href":"https:\/\/www.welovecycling.com\/wide\/wp-json\/wp\/v2\/tags?post=188972"},{"taxonomy":"global-categories","embeddable":true,"href":"https:\/\/www.welovecycling.com\/wide\/wp-json\/wp\/v2\/global-categories?post=188972"}],"curies":[{"name":"wp","href":"https:\/\/api.w.org\/{rel}","templated":true}]}}