{"id":188954,"date":"2022-04-07T13:46:44","date_gmt":"2022-04-07T13:46:44","guid":{"rendered":"https:\/\/www.welovecycling.com\/wide\/?p=188954"},"modified":"2022-04-07T13:46:44","modified_gmt":"2022-04-07T13:46:44","slug":"gino-bartali-new-touching-documentary-celebrates-the-messenger-of-peace","status":"publish","type":"post","link":"https:\/\/www.welovecycling.com\/wide\/2022\/04\/07\/gino-bartali-new-touching-documentary-celebrates-the-messenger-of-peace\/","title":{"rendered":"Gino Bartali: New Touching Documentary Celebrates \u201cThe Messenger of Peace\u201d"},"content":{"rendered":"<p><strong>Tour winner. Giro Winner. A multi-talented cyclist. Gino Bartali\u2019s career speaks volumes on its own, but his name will forever be remembered for his fierce opposition to all forms of injustice. At a time when Mussolini\u2019s fascist rule was gaining traction and the twisted Nazi ideology was sinking its claws into Europe, he chose to represent hope and unwavering courage. The newly released documentary titled The Messenger of Peace offers a new angle on his heroic, selfless acts during World War II.<\/strong><\/p>\n<p><!--more--><\/p>\n<p>Gino was born in a village near Florence and came from humble beginnings. He won his first bike race at the age of 17 in 1931 and his stunning career followed soon after. All in all, he went on to win five Grand Tours, nine Grand Tour mountain classification titles, four other stage races and more than a dozen one-day races and Classics before WWII interrupted his winning streak. But, on the other hand, wartime launched a very different heroic \u2018career\u2019 for him.<\/p>\n<p>After joining the local resistance group, Gino would smuggle fake IDs and other documents for refugees in his bike\u2019s hollow frame between Florence and Assisi. He hid a Jewish family in his cellar until the Allies came. He would even haul people in a trailer behind his bike, convincing the checkpoint guards that, as a famous cycling champion, he was just training hard with additional weight \u2013 and that\u2019s just skimming the surface. All these actions were punishable by torture and death at the time.<\/p>\n<lite-youtube videoid=8KViiThNK-c params=\"enablejsapi=1\" style=\"background-image: url('https:\/\/i.ytimg.com\/vi_webp\/8KViiThNK-c\/maxresdefault.webp');\"><\/lite-youtube>\n<p>Gino\u2019s bravery and the sheer scope of his deeds have been coming to light only after his death as he was reluctant to share them with anyone, even with his own son Andrea who eventually played a pivotal role in revealing them to the public. In an interview for The Guardian, years after Gino passed away, Andrea Bartali quoted his father\u2019s notable words on this matter: \u201cYou must do good but you must not talk about it. If you talk about it, you\u2019re taking advantage of others\u2019 misfortunes for your own gain.\u201d A true testament to Gino\u2019s \u2018put your money where your mouth is\u2019 approach. For his incredible efforts, Bartali was posthumously recognized by the Yad Vashem Holocaust memorial as a Righteous Among the Nations in 2013.<\/p>\n<p>As <a href=\"https:\/\/www.welovecycling.com\/wide\/2020\/06\/08\/gino-bartali-was-a-hero-on-a-racing-bike\/\" target=\"_blank\" rel=\"noopener\">Mr Bartali<\/a> passed away in 2000, the dedicated film crew of the The Messenger of Peace documentary was tasked with finding all surviving links that could illuminate as many details as possible about his time in the resistance and the role he played in saving (as estimated) hundreds of people, mostly Jews, from certain death. The crew embarked on a journey in Gino\u2019s tracks on the white roads of Tuscany and Umbria to attempt to gather as much material on-site and from people close to him \u2013 they even cycled his smuggling route between Florence and Assisi themselves. Along lakes, sleepy villages, little osterias, and world-famous cities, they scoured every nook and cranny for answers, and it paid off, we dare say.<\/p>\n<p>The documentary is a nicely balanced mixture of scenic rides, contemporary interviews with those who were lucky enough to meet Gino, grainy black and white footage of his golden racing years, and a few precious recorded meetings with the late Mr Bartali near the end of his life.<\/p>\n<p>If spring fatigue is hitting you hard and you need a morale boost, this documentary is the best 1 hour and 17 minutes you can possibly spend out of your afternoon.<\/p>\n","protected":false},"excerpt":{"rendered":"<p>Tour winner. Giro Winner. A multi-talented cyclist. Gino Bartali\u2019s career speaks volumes on its own, but his name will forever [&hellip;]<\/p>\n","protected":false},"author":99,"featured_media":188956,"comment_status":"open","ping_status":"open","sticky":false,"template":"","format":"standard","meta":{"footnotes":""},"categories":[334],"tags":[1305,3868,1303,6252],"global-categories":[3366],"class_list":["post-188954","post","type-post","status-publish","format-standard","has-post-thumbnail","hentry","category-socialising-and-culture","tag-andrea-bartali","tag-cycling-legends","tag-gino-bartali","tag-the-messenger-of-peace","global-categories-cycling"],"yoast_head":"<!-- This site is optimized with the Yoast SEO Premium plugin v25.3 (Yoast SEO v25.9) - https:\/\/yoast.com\/wordpress\/plugins\/seo\/ -->\n<title>New Touching Documentary Celebrates Gino Bartali - We Love Cycling<\/title>\n<meta name=\"description\" content=\"Tour winner. Giro Winner. A multi-talented cyclist. Gino Bartali\u2019s career speaks volumes on its own, but his name will forever be remembered for his\" \/>\n<meta name=\"robots\" content=\"index, follow, max-snippet:-1, max-image-preview:large, max-video-preview:-1\" \/>\n<link rel=\"canonical\" href=\"https:\/\/www.welovecycling.com\/wide\/2022\/04\/07\/gino-bartali-new-touching-documentary-celebrates-the-messenger-of-peace\/\" \/>\n<meta property=\"og:locale\" content=\"en_US\" \/>\n<meta property=\"og:type\" content=\"article\" \/>\n<meta property=\"og:title\" content=\"Gino Bartali: New Touching Documentary Celebrates \u201cThe Messenger of Peace\u201d\" \/>\n<meta property=\"og:description\" content=\"Tour winner. Giro Winner. A multi-talented cyclist. Gino Bartali\u2019s career speaks volumes on its own, but his name will forever be remembered for his\" \/>\n<meta property=\"og:url\" content=\"https:\/\/www.welovecycling.com\/wide\/2022\/04\/07\/gino-bartali-new-touching-documentary-celebrates-the-messenger-of-peace\/\" \/>\n<meta property=\"og:site_name\" content=\"\u0160koda We Love Cycling\" \/>\n<meta property=\"article:published_time\" content=\"2022-04-07T13:46:44+00:00\" \/>\n<meta property=\"og:image\" content=\"https:\/\/d2p6e6u75xmxt8.cloudfront.net\/2\/2022\/04\/Gino-Bartali-profimedia-0083606800-CVR.webp\" \/>\n\t<meta property=\"og:image:width\" content=\"900\" \/>\n\t<meta property=\"og:image:height\" content=\"600\" \/>\n\t<meta property=\"og:image:type\" content=\"image\/webp\" \/>\n<meta name=\"author\" content=\"tereza\" \/>\n<meta name=\"twitter:card\" content=\"summary_large_image\" \/>\n<meta name=\"twitter:label1\" content=\"Written by\" \/>\n\t<meta name=\"twitter:data1\" content=\"Frantiska Blazkova\" \/>\n\t<meta name=\"twitter:label2\" content=\"Est. reading time\" \/>\n\t<meta name=\"twitter:data2\" content=\"5\" \/>\n<script type=\"application\/ld+json\" class=\"yoast-schema-graph\">{\"@context\":\"https:\/\/schema.org\",\"@graph\":[{\"@type\":\"WebPage\",\"@id\":\"https:\/\/www.welovecycling.com\/wide\/2022\/04\/07\/gino-bartali-new-touching-documentary-celebrates-the-messenger-of-peace\/\",\"url\":\"https:\/\/www.welovecycling.com\/wide\/2022\/04\/07\/gino-bartali-new-touching-documentary-celebrates-the-messenger-of-peace\/\",\"name\":\"New Touching Documentary Celebrates Gino Bartali - We Love Cycling\",\"isPartOf\":{\"@id\":\"https:\/\/www.welovecycling.com\/wide\/#website\"},\"primaryImageOfPage\":{\"@id\":\"https:\/\/www.welovecycling.com\/wide\/2022\/04\/07\/gino-bartali-new-touching-documentary-celebrates-the-messenger-of-peace\/#primaryimage\"},\"image\":{\"@id\":\"https:\/\/www.welovecycling.com\/wide\/2022\/04\/07\/gino-bartali-new-touching-documentary-celebrates-the-messenger-of-peace\/#primaryimage\"},\"thumbnailUrl\":\"https:\/\/d2p6e6u75xmxt8.cloudfront.net\/2\/2022\/04\/Gino-Bartali-profimedia-0083606800-CVR.webp\",\"datePublished\":\"2022-04-07T13:46:44+00:00\",\"author\":{\"@id\":\"https:\/\/www.welovecycling.com\/wide\/#\/schema\/person\/50f01ecd18718d2333cf72e823c4f926\"},\"description\":\"Tour winner. Giro Winner. A multi-talented cyclist. Gino Bartali\u2019s career speaks volumes on its own, but his name will forever be remembered for his\",\"breadcrumb\":{\"@id\":\"https:\/\/www.welovecycling.com\/wide\/2022\/04\/07\/gino-bartali-new-touching-documentary-celebrates-the-messenger-of-peace\/#breadcrumb\"},\"inLanguage\":\"en-US\",\"potentialAction\":[{\"@type\":\"ReadAction\",\"target\":[\"https:\/\/www.welovecycling.com\/wide\/2022\/04\/07\/gino-bartali-new-touching-documentary-celebrates-the-messenger-of-peace\/\"]}]},{\"@type\":\"ImageObject\",\"inLanguage\":\"en-US\",\"@id\":\"https:\/\/www.welovecycling.com\/wide\/2022\/04\/07\/gino-bartali-new-touching-documentary-celebrates-the-messenger-of-peace\/#primaryimage\",\"url\":\"https:\/\/d2p6e6u75xmxt8.cloudfront.net\/2\/2022\/04\/Gino-Bartali-profimedia-0083606800-CVR.webp\",\"contentUrl\":\"https:\/\/d2p6e6u75xmxt8.cloudfront.net\/2\/2022\/04\/Gino-Bartali-profimedia-0083606800-CVR.webp\",\"width\":900,\"height\":600,\"caption\":\"Gino Bartali\"},{\"@type\":\"BreadcrumbList\",\"@id\":\"https:\/\/www.welovecycling.com\/wide\/2022\/04\/07\/gino-bartali-new-touching-documentary-celebrates-the-messenger-of-peace\/#breadcrumb\",\"itemListElement\":[{\"@type\":\"ListItem\",\"position\":1,\"name\":\"Home\",\"item\":\"https:\/\/www.welovecycling.com\/wide\/\"},{\"@type\":\"ListItem\",\"position\":2,\"name\":\"Gino Bartali: New Touching Documentary Celebrates \u201cThe Messenger of Peace\u201d\"}]},{\"@type\":\"WebSite\",\"@id\":\"https:\/\/www.welovecycling.com\/wide\/#website\",\"url\":\"https:\/\/www.welovecycling.com\/wide\/\",\"name\":\"\u0160koda We Love Cycling\",\"description\":\"\u0160koda We Love Cycling magazine\",\"alternateName\":\"\u0160koda WLC\",\"potentialAction\":[{\"@type\":\"SearchAction\",\"target\":{\"@type\":\"EntryPoint\",\"urlTemplate\":\"https:\/\/www.welovecycling.com\/wide\/?s={search_term_string}\"},\"query-input\":{\"@type\":\"PropertyValueSpecification\",\"valueRequired\":true,\"valueName\":\"search_term_string\"}}],\"inLanguage\":\"en-US\"},{\"@type\":\"Person\",\"@id\":\"https:\/\/www.welovecycling.com\/wide\/#\/schema\/person\/50f01ecd18718d2333cf72e823c4f926\",\"name\":\"tereza\",\"image\":{\"@type\":\"ImageObject\",\"inLanguage\":\"en-US\",\"@id\":\"https:\/\/www.welovecycling.com\/wide\/#\/schema\/person\/image\/\",\"url\":\"https:\/\/secure.gravatar.com\/avatar\/1f9eb71be33845f0afabce3791bc1c58ecdb0a25c62964987e5dbcf7a20d2ec7?s=96&d=mm&r=g\",\"contentUrl\":\"https:\/\/secure.gravatar.com\/avatar\/1f9eb71be33845f0afabce3791bc1c58ecdb0a25c62964987e5dbcf7a20d2ec7?s=96&d=mm&r=g\",\"caption\":\"tereza\"},\"url\":\"https:\/\/www.welovecycling.com\/wide\/author\/tereza\/\"}]}<\/script>\n<!-- \/ Yoast SEO Premium plugin. -->","yoast_head_json":{"title":"New Touching Documentary Celebrates Gino Bartali - We Love Cycling","description":"Tour winner. Giro Winner. A multi-talented cyclist. Gino Bartali\u2019s career speaks volumes on its own, but his name will forever be remembered for his","robots":{"index":"index","follow":"follow","max-snippet":"max-snippet:-1","max-image-preview":"max-image-preview:large","max-video-preview":"max-video-preview:-1"},"canonical":"https:\/\/www.welovecycling.com\/wide\/2022\/04\/07\/gino-bartali-new-touching-documentary-celebrates-the-messenger-of-peace\/","og_locale":"en_US","og_type":"article","og_title":"Gino Bartali: New Touching Documentary Celebrates \u201cThe Messenger of Peace\u201d","og_description":"Tour winner. Giro Winner. A multi-talented cyclist. Gino Bartali\u2019s career speaks volumes on its own, but his name will forever be remembered for his","og_url":"https:\/\/www.welovecycling.com\/wide\/2022\/04\/07\/gino-bartali-new-touching-documentary-celebrates-the-messenger-of-peace\/","og_site_name":"\u0160koda We Love Cycling","article_published_time":"2022-04-07T13:46:44+00:00","og_image":[{"width":900,"height":600,"url":"https:\/\/d2p6e6u75xmxt8.cloudfront.net\/2\/2022\/04\/Gino-Bartali-profimedia-0083606800-CVR.webp","type":"image\/webp"}],"author":"tereza","twitter_card":"summary_large_image","twitter_misc":{"Written by":"Frantiska Blazkova","Est. reading time":"5"},"schema":{"@context":"https:\/\/schema.org","@graph":[{"@type":"WebPage","@id":"https:\/\/www.welovecycling.com\/wide\/2022\/04\/07\/gino-bartali-new-touching-documentary-celebrates-the-messenger-of-peace\/","url":"https:\/\/www.welovecycling.com\/wide\/2022\/04\/07\/gino-bartali-new-touching-documentary-celebrates-the-messenger-of-peace\/","name":"New Touching Documentary Celebrates Gino Bartali - We Love Cycling","isPartOf":{"@id":"https:\/\/www.welovecycling.com\/wide\/#website"},"primaryImageOfPage":{"@id":"https:\/\/www.welovecycling.com\/wide\/2022\/04\/07\/gino-bartali-new-touching-documentary-celebrates-the-messenger-of-peace\/#primaryimage"},"image":{"@id":"https:\/\/www.welovecycling.com\/wide\/2022\/04\/07\/gino-bartali-new-touching-documentary-celebrates-the-messenger-of-peace\/#primaryimage"},"thumbnailUrl":"https:\/\/d2p6e6u75xmxt8.cloudfront.net\/2\/2022\/04\/Gino-Bartali-profimedia-0083606800-CVR.webp","datePublished":"2022-04-07T13:46:44+00:00","author":{"@id":"https:\/\/www.welovecycling.com\/wide\/#\/schema\/person\/50f01ecd18718d2333cf72e823c4f926"},"description":"Tour winner. Giro Winner. A multi-talented cyclist. Gino Bartali\u2019s career speaks volumes on its own, but his name will forever be remembered for his","breadcrumb":{"@id":"https:\/\/www.welovecycling.com\/wide\/2022\/04\/07\/gino-bartali-new-touching-documentary-celebrates-the-messenger-of-peace\/#breadcrumb"},"inLanguage":"en-US","potentialAction":[{"@type":"ReadAction","target":["https:\/\/www.welovecycling.com\/wide\/2022\/04\/07\/gino-bartali-new-touching-documentary-celebrates-the-messenger-of-peace\/"]}]},{"@type":"ImageObject","inLanguage":"en-US","@id":"https:\/\/www.welovecycling.com\/wide\/2022\/04\/07\/gino-bartali-new-touching-documentary-celebrates-the-messenger-of-peace\/#primaryimage","url":"https:\/\/d2p6e6u75xmxt8.cloudfront.net\/2\/2022\/04\/Gino-Bartali-profimedia-0083606800-CVR.webp","contentUrl":"https:\/\/d2p6e6u75xmxt8.cloudfront.net\/2\/2022\/04\/Gino-Bartali-profimedia-0083606800-CVR.webp","width":900,"height":600,"caption":"Gino Bartali"},{"@type":"BreadcrumbList","@id":"https:\/\/www.welovecycling.com\/wide\/2022\/04\/07\/gino-bartali-new-touching-documentary-celebrates-the-messenger-of-peace\/#breadcrumb","itemListElement":[{"@type":"ListItem","position":1,"name":"Home","item":"https:\/\/www.welovecycling.com\/wide\/"},{"@type":"ListItem","position":2,"name":"Gino Bartali: New Touching Documentary Celebrates \u201cThe Messenger of Peace\u201d"}]},{"@type":"WebSite","@id":"https:\/\/www.welovecycling.com\/wide\/#website","url":"https:\/\/www.welovecycling.com\/wide\/","name":"\u0160koda We Love Cycling","description":"\u0160koda We Love Cycling magazine","alternateName":"\u0160koda WLC","potentialAction":[{"@type":"SearchAction","target":{"@type":"EntryPoint","urlTemplate":"https:\/\/www.welovecycling.com\/wide\/?s={search_term_string}"},"query-input":{"@type":"PropertyValueSpecification","valueRequired":true,"valueName":"search_term_string"}}],"inLanguage":"en-US"},{"@type":"Person","@id":"https:\/\/www.welovecycling.com\/wide\/#\/schema\/person\/50f01ecd18718d2333cf72e823c4f926","name":"tereza","image":{"@type":"ImageObject","inLanguage":"en-US","@id":"https:\/\/www.welovecycling.com\/wide\/#\/schema\/person\/image\/","url":"https:\/\/secure.gravatar.com\/avatar\/1f9eb71be33845f0afabce3791bc1c58ecdb0a25c62964987e5dbcf7a20d2ec7?s=96&d=mm&r=g","contentUrl":"https:\/\/secure.gravatar.com\/avatar\/1f9eb71be33845f0afabce3791bc1c58ecdb0a25c62964987e5dbcf7a20d2ec7?s=96&d=mm&r=g","caption":"tereza"},"url":"https:\/\/www.welovecycling.com\/wide\/author\/tereza\/"}]}},"_links":{"self":[{"href":"https:\/\/www.welovecycling.com\/wide\/wp-json\/wp\/v2\/posts\/188954","targetHints":{"allow":["GET"]}}],"collection":[{"href":"https:\/\/www.welovecycling.com\/wide\/wp-json\/wp\/v2\/posts"}],"about":[{"href":"https:\/\/www.welovecycling.com\/wide\/wp-json\/wp\/v2\/types\/post"}],"author":[{"embeddable":true,"href":"https:\/\/www.welovecycling.com\/wide\/wp-json\/wp\/v2\/users\/99"}],"replies":[{"embeddable":true,"href":"https:\/\/www.welovecycling.com\/wide\/wp-json\/wp\/v2\/comments?post=188954"}],"version-history":[{"count":2,"href":"https:\/\/www.welovecycling.com\/wide\/wp-json\/wp\/v2\/posts\/188954\/revisions"}],"predecessor-version":[{"id":188958,"href":"https:\/\/www.welovecycling.com\/wide\/wp-json\/wp\/v2\/posts\/188954\/revisions\/188958"}],"wp:featuredmedia":[{"embeddable":true,"href":"https:\/\/www.welovecycling.com\/wide\/wp-json\/wp\/v2\/media\/188956"}],"wp:attachment":[{"href":"https:\/\/www.welovecycling.com\/wide\/wp-json\/wp\/v2\/media?parent=188954"}],"wp:term":[{"taxonomy":"category","embeddable":true,"href":"https:\/\/www.welovecycling.com\/wide\/wp-json\/wp\/v2\/categories?post=188954"},{"taxonomy":"post_tag","embeddable":true,"href":"https:\/\/www.welovecycling.com\/wide\/wp-json\/wp\/v2\/tags?post=188954"},{"taxonomy":"global-categories","embeddable":true,"href":"https:\/\/www.welovecycling.com\/wide\/wp-json\/wp\/v2\/global-categories?post=188954"}],"curies":[{"name":"wp","href":"https:\/\/api.w.org\/{rel}","templated":true}]}}