{"id":188894,"date":"2022-04-01T10:06:43","date_gmt":"2022-04-01T10:06:43","guid":{"rendered":"https:\/\/www.welovecycling.com\/wide\/?p=188894"},"modified":"2022-04-01T10:10:06","modified_gmt":"2022-04-01T10:10:06","slug":"sagan-out-of-the-tour-of-flanders-due-to-fitness-issues","status":"publish","type":"post","link":"https:\/\/www.welovecycling.com\/wide\/2022\/04\/01\/sagan-out-of-the-tour-of-flanders-due-to-fitness-issues\/","title":{"rendered":"Sagan Out of the Tour of Flanders Due to Fitness Issues"},"content":{"rendered":"<p><strong>Seven-time Tour de France green jersey winner Peter Sagan has dropped out of this weekend\u2019s Tour of Flanders because of fitness problems, the French sports weekly <em>L<\/em>&#8216;<em>\u00c9quipe<\/em> <a href=\"https:\/\/www.lequipe.fr\/Cyclisme-sur-route\/Actualites\/Peter-sagan-absent-au-tour-des-flandres\/1324726\">reported<\/a>.<\/strong><\/p>\n<p><!--more--><\/p>\n<p>Citing a staff member of his TotalEnergies team, the three-time World Road Race Champion will undergo tests to determine the cause of his physical problems and the appearance of \u201ctoxins after 200 kilometres\u201d of riding. This would render him incapable of helping teammate Anthony Turgis at the end of the 272-km race. That was also the reason the 32-year-old Slovak was pulled out of last weekend\u2019s Gent\u2013Wevelgem ahead of the final climb.<\/p>\n<figure id=\"attachment_188895\" aria-describedby=\"caption-attachment-188895\" style=\"width: 1000px\" class=\"wp-caption alignnone\"><a href=\"https:\/\/d2p6e6u75xmxt8.cloudfront.net\/2\/2022\/04\/Peter-Sagan-profimedia-0673041213.jpg\"><img loading=\"lazy\" decoding=\"async\" class=\"size-full wp-image-188895\" src=\"https:\/\/d2p6e6u75xmxt8.cloudfront.net\/2\/2022\/04\/Peter-Sagan-profimedia-0673041213.jpg\" alt=\"Peter Sagan\" width=\"1000\" height=\"666\" \/><\/a><figcaption id=\"caption-attachment-188895\" class=\"wp-caption-text\">Sagan at the &#8216;E3 Saxo Bank Classic&#8217; race in March. \u00a9 Profimedia<\/figcaption><\/figure>\n<p>Sagan will be replaced in the Tour of Flanders by French teammate Geoffrey Soupe. Instead, Sagan will be pointed to the less demanding Tour de Sarthe, a four-stage race to be run April 5-8. This has not been a good year for Sagan. It began with him coming down with Covid in January for a second time, which delayed his training start. He then suffered from a problem with his derailleur at the Milan\u2013San Remo, finishing 92<sup>nd<\/sup>, and struggled in the E3 Saxo Bank Classic where he finished 68<sup>th<\/sup>.<\/p>\n<p>His best result this season was fourth on the second stage of Tirreno-Adriatico but he was forced to drop out of the race ahead of the following stage after falling ill with a stomach bug. He did, however, finish fifth in the Milano-Torino, losing in a sprint finish, which was won by Mark Cavendish of Quick-Step Alpha Vinyl. Significantly, that race was run over only 199 km. In addition to his physical problems, Sagan has also expressed his displeasure with current rider behaviour on the pro tour, calling today\u2019s professional peloton \u201ctotal anarchy.\u201d<\/p>\n<p>In an interview with Belgian newspaper <a href=\"https:\/\/www.nieuwsblad.be\/cnt\/dmf20220225_98002921?&amp;articlehash=eIaZZBB15U934iFq1jfoKIb%2BZpwT3l8t2b39X8OQZ%2BbzxB52zUONUgeAXgvHiX3qLQONjeXQiDGjouGZk5dbWnmMR12DJt0epruyftxbwqix%2BDBVz9JF0FEOmINnSb15O9jpn6ITl2zK5bIuxLMtXnZNUa4pve0OStNu9wSjtZcoNH83yX5i7F6PmNCuakBcq8lixp8914sXN3IEA2PggW%2Bn4anH41I1CCnWuKcOayjeJGSGIAZFjgDS6LxiEOZLq70qu370LbfMNUCVGqZaGpdl%2Fbr3RrIQCopN5SJCa6c35jpMJGlGxP7YmgrNEaUr4J6b5fh4ZyxT%2FFufWNdweA%3D%3D\"><em>Het Nieuwsblad<\/em><\/a>, \u00a0Sagan complained that riders no longer pull out of the peloton to take a comfort break, even when there is no action. \u201cThe bathroom break just doesn\u2019t exist anymore,\u201d Sagan said. \u201cI saw it again in the Haut Var. You used to have the fixed time to stop to urinate together\u2026 I understand if you ride the final of, say, the Tour of Flanders or <a href=\"https:\/\/www.welovecycling.com\/wide\/2021\/11\/02\/video-an-exclusive-front-seat-view-of-the-2021-paris-roubaix\/\" target=\"_blank\" rel=\"noopener\">Paris-Roubaix.<\/a> But at a dead spot in the race? You don\u2019t lose anything by stopping for a while.\u201d<\/p>\n<p>Sagan went on to say that riders are no longer slowing to allow the race leader to have a nature break. \u201cI first noticed it when as a leader in a stage race I stopped to urinate,\u201d he said. \u201cThey kept on attacking while that used to be a moment of rest in the peloton.\u201d It\u2019s not the first time that Sagan, who has been riding professionally since 2010, has complained about a lack of respect in the peloton. In previous 2015 and 2018 interviews, he spoke of riders \u201conly thinking about themselves.\u201d<\/p>\n","protected":false},"excerpt":{"rendered":"<p>Seven-time Tour de France green jersey winner Peter Sagan has dropped out of this weekend\u2019s Tour of Flanders because of [&hellip;]<\/p>\n","protected":false},"author":99,"featured_media":186630,"comment_status":"open","ping_status":"open","sticky":false,"template":"","format":"standard","meta":{"footnotes":""},"categories":[329],"tags":[6236,6235,381,970],"global-categories":[3366],"class_list":["post-188894","post","type-post","status-publish","format-standard","has-post-thumbnail","hentry","category-road-cycling","tag-2022-tour-de-flanders","tag-gent-wevelgem","tag-peter-sagan","tag-tour-of-flanders","global-categories-cycling"],"yoast_head":"<!-- This site is optimized with the Yoast SEO Premium plugin v25.3 (Yoast SEO v25.9) - https:\/\/yoast.com\/wordpress\/plugins\/seo\/ -->\n<title>Sagan Out of the Tour of Flanders Due to Fitness Issues - We Love Cycling<\/title>\n<meta name=\"description\" content=\"Seven-time Tour de France green jersey winner Peter Sagan has dropped out of this weekend\u2019s Tour of Flanders because of fitness problems, the French\" \/>\n<meta name=\"robots\" content=\"index, follow, max-snippet:-1, max-image-preview:large, max-video-preview:-1\" \/>\n<link rel=\"canonical\" href=\"https:\/\/www.welovecycling.com\/wide\/2022\/04\/01\/sagan-out-of-the-tour-of-flanders-due-to-fitness-issues\/\" \/>\n<meta property=\"og:locale\" content=\"en_US\" \/>\n<meta property=\"og:type\" content=\"article\" \/>\n<meta property=\"og:title\" content=\"Sagan Out of the Tour of Flanders Due to Fitness Issues\" \/>\n<meta property=\"og:description\" content=\"Seven-time Tour de France green jersey winner Peter Sagan has dropped out of this weekend\u2019s Tour of Flanders because of fitness problems, the French\" \/>\n<meta property=\"og:url\" content=\"https:\/\/www.welovecycling.com\/wide\/2022\/04\/01\/sagan-out-of-the-tour-of-flanders-due-to-fitness-issues\/\" \/>\n<meta property=\"og:site_name\" content=\"\u0160koda We Love Cycling\" \/>\n<meta property=\"article:published_time\" content=\"2022-04-01T10:06:43+00:00\" \/>\n<meta property=\"article:modified_time\" content=\"2022-04-01T10:10:06+00:00\" \/>\n<meta property=\"og:image\" content=\"https:\/\/d2p6e6u75xmxt8.cloudfront.net\/2\/2021\/09\/Peter-Sagan-profimedia-0629475162-CVR.webp\" \/>\n\t<meta property=\"og:image:width\" content=\"900\" \/>\n\t<meta property=\"og:image:height\" content=\"600\" \/>\n\t<meta property=\"og:image:type\" content=\"image\/webp\" \/>\n<meta name=\"author\" content=\"tereza\" \/>\n<meta name=\"twitter:card\" content=\"summary_large_image\" \/>\n<meta name=\"twitter:label1\" content=\"Written by\" \/>\n\t<meta name=\"twitter:data1\" content=\"Siegfried Mortkowitz\" \/>\n\t<meta name=\"twitter:label2\" content=\"Est. reading time\" \/>\n\t<meta name=\"twitter:data2\" content=\"5\" \/>\n<script type=\"application\/ld+json\" class=\"yoast-schema-graph\">{\"@context\":\"https:\/\/schema.org\",\"@graph\":[{\"@type\":\"WebPage\",\"@id\":\"https:\/\/www.welovecycling.com\/wide\/2022\/04\/01\/sagan-out-of-the-tour-of-flanders-due-to-fitness-issues\/\",\"url\":\"https:\/\/www.welovecycling.com\/wide\/2022\/04\/01\/sagan-out-of-the-tour-of-flanders-due-to-fitness-issues\/\",\"name\":\"Sagan Out of the Tour of Flanders Due to Fitness Issues - We Love Cycling\",\"isPartOf\":{\"@id\":\"https:\/\/www.welovecycling.com\/wide\/#website\"},\"primaryImageOfPage\":{\"@id\":\"https:\/\/www.welovecycling.com\/wide\/2022\/04\/01\/sagan-out-of-the-tour-of-flanders-due-to-fitness-issues\/#primaryimage\"},\"image\":{\"@id\":\"https:\/\/www.welovecycling.com\/wide\/2022\/04\/01\/sagan-out-of-the-tour-of-flanders-due-to-fitness-issues\/#primaryimage\"},\"thumbnailUrl\":\"https:\/\/d2p6e6u75xmxt8.cloudfront.net\/2\/2021\/09\/Peter-Sagan-profimedia-0629475162-CVR.webp\",\"datePublished\":\"2022-04-01T10:06:43+00:00\",\"dateModified\":\"2022-04-01T10:10:06+00:00\",\"author\":{\"@id\":\"https:\/\/www.welovecycling.com\/wide\/#\/schema\/person\/50f01ecd18718d2333cf72e823c4f926\"},\"description\":\"Seven-time Tour de France green jersey winner Peter Sagan has dropped out of this weekend\u2019s Tour of Flanders because of fitness problems, the French\",\"breadcrumb\":{\"@id\":\"https:\/\/www.welovecycling.com\/wide\/2022\/04\/01\/sagan-out-of-the-tour-of-flanders-due-to-fitness-issues\/#breadcrumb\"},\"inLanguage\":\"en-US\",\"potentialAction\":[{\"@type\":\"ReadAction\",\"target\":[\"https:\/\/www.welovecycling.com\/wide\/2022\/04\/01\/sagan-out-of-the-tour-of-flanders-due-to-fitness-issues\/\"]}]},{\"@type\":\"ImageObject\",\"inLanguage\":\"en-US\",\"@id\":\"https:\/\/www.welovecycling.com\/wide\/2022\/04\/01\/sagan-out-of-the-tour-of-flanders-due-to-fitness-issues\/#primaryimage\",\"url\":\"https:\/\/d2p6e6u75xmxt8.cloudfront.net\/2\/2021\/09\/Peter-Sagan-profimedia-0629475162-CVR.webp\",\"contentUrl\":\"https:\/\/d2p6e6u75xmxt8.cloudfront.net\/2\/2021\/09\/Peter-Sagan-profimedia-0629475162-CVR.webp\",\"width\":900,\"height\":600,\"caption\":\"Peter Sagan\"},{\"@type\":\"BreadcrumbList\",\"@id\":\"https:\/\/www.welovecycling.com\/wide\/2022\/04\/01\/sagan-out-of-the-tour-of-flanders-due-to-fitness-issues\/#breadcrumb\",\"itemListElement\":[{\"@type\":\"ListItem\",\"position\":1,\"name\":\"Home\",\"item\":\"https:\/\/www.welovecycling.com\/wide\/\"},{\"@type\":\"ListItem\",\"position\":2,\"name\":\"Sagan Out of the Tour of Flanders Due to Fitness Issues\"}]},{\"@type\":\"WebSite\",\"@id\":\"https:\/\/www.welovecycling.com\/wide\/#website\",\"url\":\"https:\/\/www.welovecycling.com\/wide\/\",\"name\":\"\u0160koda We Love Cycling\",\"description\":\"\u0160koda We Love Cycling magazine\",\"alternateName\":\"\u0160koda WLC\",\"potentialAction\":[{\"@type\":\"SearchAction\",\"target\":{\"@type\":\"EntryPoint\",\"urlTemplate\":\"https:\/\/www.welovecycling.com\/wide\/?s={search_term_string}\"},\"query-input\":{\"@type\":\"PropertyValueSpecification\",\"valueRequired\":true,\"valueName\":\"search_term_string\"}}],\"inLanguage\":\"en-US\"},{\"@type\":\"Person\",\"@id\":\"https:\/\/www.welovecycling.com\/wide\/#\/schema\/person\/50f01ecd18718d2333cf72e823c4f926\",\"name\":\"tereza\",\"image\":{\"@type\":\"ImageObject\",\"inLanguage\":\"en-US\",\"@id\":\"https:\/\/www.welovecycling.com\/wide\/#\/schema\/person\/image\/\",\"url\":\"https:\/\/secure.gravatar.com\/avatar\/1f9eb71be33845f0afabce3791bc1c58ecdb0a25c62964987e5dbcf7a20d2ec7?s=96&d=mm&r=g\",\"contentUrl\":\"https:\/\/secure.gravatar.com\/avatar\/1f9eb71be33845f0afabce3791bc1c58ecdb0a25c62964987e5dbcf7a20d2ec7?s=96&d=mm&r=g\",\"caption\":\"tereza\"},\"url\":\"https:\/\/www.welovecycling.com\/wide\/author\/tereza\/\"}]}<\/script>\n<!-- \/ Yoast SEO Premium plugin. -->","yoast_head_json":{"title":"Sagan Out of the Tour of Flanders Due to Fitness Issues - We Love Cycling","description":"Seven-time Tour de France green jersey winner Peter Sagan has dropped out of this weekend\u2019s Tour of Flanders because of fitness problems, the French","robots":{"index":"index","follow":"follow","max-snippet":"max-snippet:-1","max-image-preview":"max-image-preview:large","max-video-preview":"max-video-preview:-1"},"canonical":"https:\/\/www.welovecycling.com\/wide\/2022\/04\/01\/sagan-out-of-the-tour-of-flanders-due-to-fitness-issues\/","og_locale":"en_US","og_type":"article","og_title":"Sagan Out of the Tour of Flanders Due to Fitness Issues","og_description":"Seven-time Tour de France green jersey winner Peter Sagan has dropped out of this weekend\u2019s Tour of Flanders because of fitness problems, the French","og_url":"https:\/\/www.welovecycling.com\/wide\/2022\/04\/01\/sagan-out-of-the-tour-of-flanders-due-to-fitness-issues\/","og_site_name":"\u0160koda We Love Cycling","article_published_time":"2022-04-01T10:06:43+00:00","article_modified_time":"2022-04-01T10:10:06+00:00","og_image":[{"width":900,"height":600,"url":"https:\/\/d2p6e6u75xmxt8.cloudfront.net\/2\/2021\/09\/Peter-Sagan-profimedia-0629475162-CVR.webp","type":"image\/webp"}],"author":"tereza","twitter_card":"summary_large_image","twitter_misc":{"Written by":"Siegfried Mortkowitz","Est. reading time":"5"},"schema":{"@context":"https:\/\/schema.org","@graph":[{"@type":"WebPage","@id":"https:\/\/www.welovecycling.com\/wide\/2022\/04\/01\/sagan-out-of-the-tour-of-flanders-due-to-fitness-issues\/","url":"https:\/\/www.welovecycling.com\/wide\/2022\/04\/01\/sagan-out-of-the-tour-of-flanders-due-to-fitness-issues\/","name":"Sagan Out of the Tour of Flanders Due to Fitness Issues - We Love Cycling","isPartOf":{"@id":"https:\/\/www.welovecycling.com\/wide\/#website"},"primaryImageOfPage":{"@id":"https:\/\/www.welovecycling.com\/wide\/2022\/04\/01\/sagan-out-of-the-tour-of-flanders-due-to-fitness-issues\/#primaryimage"},"image":{"@id":"https:\/\/www.welovecycling.com\/wide\/2022\/04\/01\/sagan-out-of-the-tour-of-flanders-due-to-fitness-issues\/#primaryimage"},"thumbnailUrl":"https:\/\/d2p6e6u75xmxt8.cloudfront.net\/2\/2021\/09\/Peter-Sagan-profimedia-0629475162-CVR.webp","datePublished":"2022-04-01T10:06:43+00:00","dateModified":"2022-04-01T10:10:06+00:00","author":{"@id":"https:\/\/www.welovecycling.com\/wide\/#\/schema\/person\/50f01ecd18718d2333cf72e823c4f926"},"description":"Seven-time Tour de France green jersey winner Peter Sagan has dropped out of this weekend\u2019s Tour of Flanders because of fitness problems, the French","breadcrumb":{"@id":"https:\/\/www.welovecycling.com\/wide\/2022\/04\/01\/sagan-out-of-the-tour-of-flanders-due-to-fitness-issues\/#breadcrumb"},"inLanguage":"en-US","potentialAction":[{"@type":"ReadAction","target":["https:\/\/www.welovecycling.com\/wide\/2022\/04\/01\/sagan-out-of-the-tour-of-flanders-due-to-fitness-issues\/"]}]},{"@type":"ImageObject","inLanguage":"en-US","@id":"https:\/\/www.welovecycling.com\/wide\/2022\/04\/01\/sagan-out-of-the-tour-of-flanders-due-to-fitness-issues\/#primaryimage","url":"https:\/\/d2p6e6u75xmxt8.cloudfront.net\/2\/2021\/09\/Peter-Sagan-profimedia-0629475162-CVR.webp","contentUrl":"https:\/\/d2p6e6u75xmxt8.cloudfront.net\/2\/2021\/09\/Peter-Sagan-profimedia-0629475162-CVR.webp","width":900,"height":600,"caption":"Peter Sagan"},{"@type":"BreadcrumbList","@id":"https:\/\/www.welovecycling.com\/wide\/2022\/04\/01\/sagan-out-of-the-tour-of-flanders-due-to-fitness-issues\/#breadcrumb","itemListElement":[{"@type":"ListItem","position":1,"name":"Home","item":"https:\/\/www.welovecycling.com\/wide\/"},{"@type":"ListItem","position":2,"name":"Sagan Out of the Tour of Flanders Due to Fitness Issues"}]},{"@type":"WebSite","@id":"https:\/\/www.welovecycling.com\/wide\/#website","url":"https:\/\/www.welovecycling.com\/wide\/","name":"\u0160koda We Love Cycling","description":"\u0160koda We Love Cycling magazine","alternateName":"\u0160koda WLC","potentialAction":[{"@type":"SearchAction","target":{"@type":"EntryPoint","urlTemplate":"https:\/\/www.welovecycling.com\/wide\/?s={search_term_string}"},"query-input":{"@type":"PropertyValueSpecification","valueRequired":true,"valueName":"search_term_string"}}],"inLanguage":"en-US"},{"@type":"Person","@id":"https:\/\/www.welovecycling.com\/wide\/#\/schema\/person\/50f01ecd18718d2333cf72e823c4f926","name":"tereza","image":{"@type":"ImageObject","inLanguage":"en-US","@id":"https:\/\/www.welovecycling.com\/wide\/#\/schema\/person\/image\/","url":"https:\/\/secure.gravatar.com\/avatar\/1f9eb71be33845f0afabce3791bc1c58ecdb0a25c62964987e5dbcf7a20d2ec7?s=96&d=mm&r=g","contentUrl":"https:\/\/secure.gravatar.com\/avatar\/1f9eb71be33845f0afabce3791bc1c58ecdb0a25c62964987e5dbcf7a20d2ec7?s=96&d=mm&r=g","caption":"tereza"},"url":"https:\/\/www.welovecycling.com\/wide\/author\/tereza\/"}]}},"_links":{"self":[{"href":"https:\/\/www.welovecycling.com\/wide\/wp-json\/wp\/v2\/posts\/188894","targetHints":{"allow":["GET"]}}],"collection":[{"href":"https:\/\/www.welovecycling.com\/wide\/wp-json\/wp\/v2\/posts"}],"about":[{"href":"https:\/\/www.welovecycling.com\/wide\/wp-json\/wp\/v2\/types\/post"}],"author":[{"embeddable":true,"href":"https:\/\/www.welovecycling.com\/wide\/wp-json\/wp\/v2\/users\/99"}],"replies":[{"embeddable":true,"href":"https:\/\/www.welovecycling.com\/wide\/wp-json\/wp\/v2\/comments?post=188894"}],"version-history":[{"count":2,"href":"https:\/\/www.welovecycling.com\/wide\/wp-json\/wp\/v2\/posts\/188894\/revisions"}],"predecessor-version":[{"id":188898,"href":"https:\/\/www.welovecycling.com\/wide\/wp-json\/wp\/v2\/posts\/188894\/revisions\/188898"}],"wp:featuredmedia":[{"embeddable":true,"href":"https:\/\/www.welovecycling.com\/wide\/wp-json\/wp\/v2\/media\/186630"}],"wp:attachment":[{"href":"https:\/\/www.welovecycling.com\/wide\/wp-json\/wp\/v2\/media?parent=188894"}],"wp:term":[{"taxonomy":"category","embeddable":true,"href":"https:\/\/www.welovecycling.com\/wide\/wp-json\/wp\/v2\/categories?post=188894"},{"taxonomy":"post_tag","embeddable":true,"href":"https:\/\/www.welovecycling.com\/wide\/wp-json\/wp\/v2\/tags?post=188894"},{"taxonomy":"global-categories","embeddable":true,"href":"https:\/\/www.welovecycling.com\/wide\/wp-json\/wp\/v2\/global-categories?post=188894"}],"curies":[{"name":"wp","href":"https:\/\/api.w.org\/{rel}","templated":true}]}}