{"id":188860,"date":"2022-03-29T10:21:22","date_gmt":"2022-03-29T10:21:22","guid":{"rendered":"https:\/\/www.welovecycling.com\/wide\/?p=188860"},"modified":"2022-04-05T07:53:31","modified_gmt":"2022-04-05T07:53:31","slug":"fitness-trackers-who-benefits-from-using-them","status":"publish","type":"post","link":"https:\/\/www.welovecycling.com\/wide\/2022\/03\/29\/fitness-trackers-who-benefits-from-using-them\/","title":{"rendered":"Fitness Trackers \u2013 Who Benefits from Using Them?"},"content":{"rendered":"<p><strong>Do you use a fitness tracker such as Fitbit, Garmin, Suunto, Polar, Apple Watch, or Samsung Watch? They are really popular but they might not be the right choice for everyone. Let\u2019s take a closer look at who benefits from them and who should steer clear.<\/strong><\/p>\n<p><!--more--><\/p>\n<h2><strong>Fitness trackers can help increase activity<\/strong><\/h2>\n<p><a href=\"https:\/\/pubmed.ncbi.nlm.nih.gov\/34283229\/\">Research shows<\/a> that wearable fitness trackers can do one thing pretty well. A review of 38 clinical trials with over 4,200 participants reported that these trackers were associated with significantly increased physical activity levels after 15 weeks of use. About 70% of these trials showed increased levels of physical activity.<\/p>\n<p>This research was done mainly on people who are dealing with diabetes, heart disease, and obesity. Now the question remains whether using fitness trackers would be beneficial for healthy people as well. The answer to that depends on how people use them and how do they interpret the data they get from them.<\/p>\n<figure id=\"attachment_183905\" aria-describedby=\"caption-attachment-183905\" style=\"width: 1000px\" class=\"wp-caption alignnone\"><a href=\"https:\/\/d2p6e6u75xmxt8.cloudfront.net\/2\/2021\/06\/Cyclist-training-profimedia-0614192494.jpg\"><img loading=\"lazy\" decoding=\"async\" class=\"wp-image-183905 size-full\" src=\"https:\/\/d2p6e6u75xmxt8.cloudfront.net\/2\/2021\/06\/Cyclist-training-profimedia-0614192494.jpg\" alt=\"Cyclist training\" width=\"1000\" height=\"666\" \/><\/a><figcaption id=\"caption-attachment-183905\" class=\"wp-caption-text\">Do you use a fitness tracker? \u00a9 Profimedia<\/figcaption><\/figure>\n<h2><strong>Some people get more anxious after seeing their data<\/strong><\/h2>\n<p>The problem with seeing the number of steps, quality of sleep, weight changes or heart rate variability is that people interpret them in different ways. Some consider these a way to judge how effective their training routine and lifestyle is. But others view these metrics as a statement of who they are. If seeing poor sleep on your tracker causes you to think \u201cI must be broken\u201d or \u201cwhat\u2019s wrong with me\u201d then tracking might be doing more harm than good. <a href=\"https:\/\/pubmed.ncbi.nlm.nih.gov\/32662277\/\">Research suggests<\/a> that there are, in fact, scenarios in which people tend to take fitness tracker data too personally and they become detrimental.<\/p>\n<ul>\n<li>People who see the behaviour they track as a chore. \u201cI have to do this to lose weight.\u201d<\/li>\n<li>People who don\u2019t feel they have a choice. \u201cMy doctor told me I have to exercise.\u201d<\/li>\n<li>People who do it only to avoid feeling guilty. \u201cI\u2019m going to the gym because I don\u2019t want to feel bad about not exercising.\u201d<\/li>\n<\/ul>\n<h2><strong>Fitness trackers aren\u2019t helpful without a plan<\/strong><\/h2>\n<p>The thing is that even if you love cycling, do it because you choose to and not to avoid guilt, you still might not benefit from fitness tracking. <a href=\"https:\/\/www.ncbi.nlm.nih.gov\/pmc\/articles\/PMC6961301\/\">Research shows<\/a> that without an action plan, fitness trackers can be fun but not helpful. Consider the two following scenarios.<\/p>\n<h4><strong>Cyclist using a fitness tracker while having a plan<\/strong><\/h4>\n<p>Someone who has a training plan uses tracking to see if they are improving. They know when it\u2019s time to ride easy and build up their endurance base, even though the data for those rides are not impressive. They also know when it\u2019s time to push and test whether they can improve their time on a certain climb. The data they see help them look back and improve their training plan going forward.<\/p>\n<h4><strong>Cyclist using a fitness tracker without a plan<\/strong><\/h4>\n<p>Someone who just tracks data because their fitness tracker does it. In this scenario, the data either mean nothing and have no real impact on the cyclist. Or alternatively, they might become a source of motivation to try their best time with every ride. This makes them push too hard too often and they burn out and quit or struggle to recover and stagnate. The data they see turn every training session into a race.<\/p>\n<h2><strong>Who really benefits?<\/strong><\/h2>\n<p>It\u2019s clear that fitness trackers can be very beneficial in making people do more <a href=\"https:\/\/www.welovecycling.com\/wide\/2022\/01\/03\/physical-activity-for-the-elderly-is-part-of-human-evolution-study-says\/\" target=\"_blank\" rel=\"noopener\">physical activity<\/a> and offer data that can improve training effectiveness. If you use them for either of those two scenarios, you\u2019re likely to benefit. But it\u2019s also clear that some people tend to identify with the data too much and fitness tracking becomes a burden for them.<\/p>\n<p>If you <a href=\"https:\/\/www.welovecycling.com\/wide\/series\/build-your-own-cycling-training-plan\/\" target=\"_blank\" rel=\"noopener\">have a training plan<\/a> and know how you want to use the data, you might be asking yourself how accurate these devices are. We will take a closer look at that in our next article.<\/p>\n","protected":false},"excerpt":{"rendered":"<p>Do you use a fitness tracker such as Fitbit, Garmin, Suunto, Polar, Apple Watch, or Samsung Watch? They are really [&hellip;]<\/p>\n","protected":false},"author":99,"featured_media":188861,"comment_status":"open","ping_status":"open","sticky":false,"template":"","format":"standard","meta":{"footnotes":""},"categories":[332],"tags":[3305,3621,5032,6209,6210],"global-categories":[3366],"class_list":["post-188860","post","type-post","status-publish","format-standard","has-post-thumbnail","hentry","category-health-and-training","tag-cycling-training","tag-cycling-training-plan","tag-fitness-tracker","tag-fitness-trackers","tag-fitness-trackers-for-cyclists","global-categories-cycling"],"yoast_head":"<!-- This site is optimized with the Yoast SEO Premium plugin v25.3 (Yoast SEO v25.9) - https:\/\/yoast.com\/wordpress\/plugins\/seo\/ -->\n<title>Fitness Trackers \u2013 Who Benefits from Using Them? - We Love Cycling<\/title>\n<meta name=\"description\" content=\"Do you use a fitness tracker such as Fitbit, Garmin, Suunto, Polar, Apple Watch, or Samsung Watch? They are really popular but they might not be the right\" \/>\n<meta name=\"robots\" content=\"index, follow, max-snippet:-1, max-image-preview:large, max-video-preview:-1\" \/>\n<link rel=\"canonical\" href=\"https:\/\/www.welovecycling.com\/wide\/2022\/03\/29\/fitness-trackers-who-benefits-from-using-them\/\" \/>\n<meta property=\"og:locale\" content=\"en_US\" \/>\n<meta property=\"og:type\" content=\"article\" \/>\n<meta property=\"og:title\" content=\"Fitness Trackers \u2013 Who Benefits from Using Them?\" \/>\n<meta property=\"og:description\" content=\"Do you use a fitness tracker such as Fitbit, Garmin, Suunto, Polar, Apple Watch, or Samsung Watch? They are really popular but they might not be the right\" \/>\n<meta property=\"og:url\" content=\"https:\/\/www.welovecycling.com\/wide\/2022\/03\/29\/fitness-trackers-who-benefits-from-using-them\/\" \/>\n<meta property=\"og:site_name\" content=\"\u0160koda We Love Cycling\" \/>\n<meta property=\"article:published_time\" content=\"2022-03-29T10:21:22+00:00\" \/>\n<meta property=\"article:modified_time\" content=\"2022-04-05T07:53:31+00:00\" \/>\n<meta property=\"og:image\" content=\"https:\/\/d2p6e6u75xmxt8.cloudfront.net\/2\/2022\/03\/Cyclist-with-a-fitness-tracker-profimedia-0374728165-CVR.webp\" \/>\n\t<meta property=\"og:image:width\" content=\"900\" \/>\n\t<meta property=\"og:image:height\" content=\"600\" \/>\n\t<meta property=\"og:image:type\" content=\"image\/webp\" \/>\n<meta name=\"author\" content=\"tereza\" \/>\n<meta name=\"twitter:card\" content=\"summary_large_image\" \/>\n<meta name=\"twitter:label1\" content=\"Written by\" \/>\n\t<meta name=\"twitter:data1\" content=\"Jiri Kaloc\" \/>\n\t<meta name=\"twitter:label2\" content=\"Est. reading time\" \/>\n\t<meta name=\"twitter:data2\" content=\"5\" \/>\n<script type=\"application\/ld+json\" class=\"yoast-schema-graph\">{\"@context\":\"https:\/\/schema.org\",\"@graph\":[{\"@type\":\"WebPage\",\"@id\":\"https:\/\/www.welovecycling.com\/wide\/2022\/03\/29\/fitness-trackers-who-benefits-from-using-them\/\",\"url\":\"https:\/\/www.welovecycling.com\/wide\/2022\/03\/29\/fitness-trackers-who-benefits-from-using-them\/\",\"name\":\"Fitness Trackers \u2013 Who Benefits from Using Them? - We Love Cycling\",\"isPartOf\":{\"@id\":\"https:\/\/www.welovecycling.com\/wide\/#website\"},\"primaryImageOfPage\":{\"@id\":\"https:\/\/www.welovecycling.com\/wide\/2022\/03\/29\/fitness-trackers-who-benefits-from-using-them\/#primaryimage\"},\"image\":{\"@id\":\"https:\/\/www.welovecycling.com\/wide\/2022\/03\/29\/fitness-trackers-who-benefits-from-using-them\/#primaryimage\"},\"thumbnailUrl\":\"https:\/\/d2p6e6u75xmxt8.cloudfront.net\/2\/2022\/03\/Cyclist-with-a-fitness-tracker-profimedia-0374728165-CVR.webp\",\"datePublished\":\"2022-03-29T10:21:22+00:00\",\"dateModified\":\"2022-04-05T07:53:31+00:00\",\"author\":{\"@id\":\"https:\/\/www.welovecycling.com\/wide\/#\/schema\/person\/50f01ecd18718d2333cf72e823c4f926\"},\"description\":\"Do you use a fitness tracker such as Fitbit, Garmin, Suunto, Polar, Apple Watch, or Samsung Watch? They are really popular but they might not be the right\",\"breadcrumb\":{\"@id\":\"https:\/\/www.welovecycling.com\/wide\/2022\/03\/29\/fitness-trackers-who-benefits-from-using-them\/#breadcrumb\"},\"inLanguage\":\"en-US\",\"potentialAction\":[{\"@type\":\"ReadAction\",\"target\":[\"https:\/\/www.welovecycling.com\/wide\/2022\/03\/29\/fitness-trackers-who-benefits-from-using-them\/\"]}]},{\"@type\":\"ImageObject\",\"inLanguage\":\"en-US\",\"@id\":\"https:\/\/www.welovecycling.com\/wide\/2022\/03\/29\/fitness-trackers-who-benefits-from-using-them\/#primaryimage\",\"url\":\"https:\/\/d2p6e6u75xmxt8.cloudfront.net\/2\/2022\/03\/Cyclist-with-a-fitness-tracker-profimedia-0374728165-CVR.webp\",\"contentUrl\":\"https:\/\/d2p6e6u75xmxt8.cloudfront.net\/2\/2022\/03\/Cyclist-with-a-fitness-tracker-profimedia-0374728165-CVR.webp\",\"width\":900,\"height\":600,\"caption\":\"Cyclist with a fitness tracker\"},{\"@type\":\"BreadcrumbList\",\"@id\":\"https:\/\/www.welovecycling.com\/wide\/2022\/03\/29\/fitness-trackers-who-benefits-from-using-them\/#breadcrumb\",\"itemListElement\":[{\"@type\":\"ListItem\",\"position\":1,\"name\":\"Home\",\"item\":\"https:\/\/www.welovecycling.com\/wide\/\"},{\"@type\":\"ListItem\",\"position\":2,\"name\":\"Fitness Trackers \u2013 Who Benefits from Using Them?\"}]},{\"@type\":\"WebSite\",\"@id\":\"https:\/\/www.welovecycling.com\/wide\/#website\",\"url\":\"https:\/\/www.welovecycling.com\/wide\/\",\"name\":\"\u0160koda We Love Cycling\",\"description\":\"\u0160koda We Love Cycling magazine\",\"alternateName\":\"\u0160koda WLC\",\"potentialAction\":[{\"@type\":\"SearchAction\",\"target\":{\"@type\":\"EntryPoint\",\"urlTemplate\":\"https:\/\/www.welovecycling.com\/wide\/?s={search_term_string}\"},\"query-input\":{\"@type\":\"PropertyValueSpecification\",\"valueRequired\":true,\"valueName\":\"search_term_string\"}}],\"inLanguage\":\"en-US\"},{\"@type\":\"Person\",\"@id\":\"https:\/\/www.welovecycling.com\/wide\/#\/schema\/person\/50f01ecd18718d2333cf72e823c4f926\",\"name\":\"tereza\",\"image\":{\"@type\":\"ImageObject\",\"inLanguage\":\"en-US\",\"@id\":\"https:\/\/www.welovecycling.com\/wide\/#\/schema\/person\/image\/\",\"url\":\"https:\/\/secure.gravatar.com\/avatar\/1f9eb71be33845f0afabce3791bc1c58ecdb0a25c62964987e5dbcf7a20d2ec7?s=96&d=mm&r=g\",\"contentUrl\":\"https:\/\/secure.gravatar.com\/avatar\/1f9eb71be33845f0afabce3791bc1c58ecdb0a25c62964987e5dbcf7a20d2ec7?s=96&d=mm&r=g\",\"caption\":\"tereza\"},\"url\":\"https:\/\/www.welovecycling.com\/wide\/author\/tereza\/\"}]}<\/script>\n<!-- \/ Yoast SEO Premium plugin. -->","yoast_head_json":{"title":"Fitness Trackers \u2013 Who Benefits from Using Them? - We Love Cycling","description":"Do you use a fitness tracker such as Fitbit, Garmin, Suunto, Polar, Apple Watch, or Samsung Watch? They are really popular but they might not be the right","robots":{"index":"index","follow":"follow","max-snippet":"max-snippet:-1","max-image-preview":"max-image-preview:large","max-video-preview":"max-video-preview:-1"},"canonical":"https:\/\/www.welovecycling.com\/wide\/2022\/03\/29\/fitness-trackers-who-benefits-from-using-them\/","og_locale":"en_US","og_type":"article","og_title":"Fitness Trackers \u2013 Who Benefits from Using Them?","og_description":"Do you use a fitness tracker such as Fitbit, Garmin, Suunto, Polar, Apple Watch, or Samsung Watch? They are really popular but they might not be the right","og_url":"https:\/\/www.welovecycling.com\/wide\/2022\/03\/29\/fitness-trackers-who-benefits-from-using-them\/","og_site_name":"\u0160koda We Love Cycling","article_published_time":"2022-03-29T10:21:22+00:00","article_modified_time":"2022-04-05T07:53:31+00:00","og_image":[{"width":900,"height":600,"url":"https:\/\/d2p6e6u75xmxt8.cloudfront.net\/2\/2022\/03\/Cyclist-with-a-fitness-tracker-profimedia-0374728165-CVR.webp","type":"image\/webp"}],"author":"tereza","twitter_card":"summary_large_image","twitter_misc":{"Written by":"Jiri Kaloc","Est. reading time":"5"},"schema":{"@context":"https:\/\/schema.org","@graph":[{"@type":"WebPage","@id":"https:\/\/www.welovecycling.com\/wide\/2022\/03\/29\/fitness-trackers-who-benefits-from-using-them\/","url":"https:\/\/www.welovecycling.com\/wide\/2022\/03\/29\/fitness-trackers-who-benefits-from-using-them\/","name":"Fitness Trackers \u2013 Who Benefits from Using Them? - We Love Cycling","isPartOf":{"@id":"https:\/\/www.welovecycling.com\/wide\/#website"},"primaryImageOfPage":{"@id":"https:\/\/www.welovecycling.com\/wide\/2022\/03\/29\/fitness-trackers-who-benefits-from-using-them\/#primaryimage"},"image":{"@id":"https:\/\/www.welovecycling.com\/wide\/2022\/03\/29\/fitness-trackers-who-benefits-from-using-them\/#primaryimage"},"thumbnailUrl":"https:\/\/d2p6e6u75xmxt8.cloudfront.net\/2\/2022\/03\/Cyclist-with-a-fitness-tracker-profimedia-0374728165-CVR.webp","datePublished":"2022-03-29T10:21:22+00:00","dateModified":"2022-04-05T07:53:31+00:00","author":{"@id":"https:\/\/www.welovecycling.com\/wide\/#\/schema\/person\/50f01ecd18718d2333cf72e823c4f926"},"description":"Do you use a fitness tracker such as Fitbit, Garmin, Suunto, Polar, Apple Watch, or Samsung Watch? They are really popular but they might not be the right","breadcrumb":{"@id":"https:\/\/www.welovecycling.com\/wide\/2022\/03\/29\/fitness-trackers-who-benefits-from-using-them\/#breadcrumb"},"inLanguage":"en-US","potentialAction":[{"@type":"ReadAction","target":["https:\/\/www.welovecycling.com\/wide\/2022\/03\/29\/fitness-trackers-who-benefits-from-using-them\/"]}]},{"@type":"ImageObject","inLanguage":"en-US","@id":"https:\/\/www.welovecycling.com\/wide\/2022\/03\/29\/fitness-trackers-who-benefits-from-using-them\/#primaryimage","url":"https:\/\/d2p6e6u75xmxt8.cloudfront.net\/2\/2022\/03\/Cyclist-with-a-fitness-tracker-profimedia-0374728165-CVR.webp","contentUrl":"https:\/\/d2p6e6u75xmxt8.cloudfront.net\/2\/2022\/03\/Cyclist-with-a-fitness-tracker-profimedia-0374728165-CVR.webp","width":900,"height":600,"caption":"Cyclist with a fitness tracker"},{"@type":"BreadcrumbList","@id":"https:\/\/www.welovecycling.com\/wide\/2022\/03\/29\/fitness-trackers-who-benefits-from-using-them\/#breadcrumb","itemListElement":[{"@type":"ListItem","position":1,"name":"Home","item":"https:\/\/www.welovecycling.com\/wide\/"},{"@type":"ListItem","position":2,"name":"Fitness Trackers \u2013 Who Benefits from Using Them?"}]},{"@type":"WebSite","@id":"https:\/\/www.welovecycling.com\/wide\/#website","url":"https:\/\/www.welovecycling.com\/wide\/","name":"\u0160koda We Love Cycling","description":"\u0160koda We Love Cycling magazine","alternateName":"\u0160koda WLC","potentialAction":[{"@type":"SearchAction","target":{"@type":"EntryPoint","urlTemplate":"https:\/\/www.welovecycling.com\/wide\/?s={search_term_string}"},"query-input":{"@type":"PropertyValueSpecification","valueRequired":true,"valueName":"search_term_string"}}],"inLanguage":"en-US"},{"@type":"Person","@id":"https:\/\/www.welovecycling.com\/wide\/#\/schema\/person\/50f01ecd18718d2333cf72e823c4f926","name":"tereza","image":{"@type":"ImageObject","inLanguage":"en-US","@id":"https:\/\/www.welovecycling.com\/wide\/#\/schema\/person\/image\/","url":"https:\/\/secure.gravatar.com\/avatar\/1f9eb71be33845f0afabce3791bc1c58ecdb0a25c62964987e5dbcf7a20d2ec7?s=96&d=mm&r=g","contentUrl":"https:\/\/secure.gravatar.com\/avatar\/1f9eb71be33845f0afabce3791bc1c58ecdb0a25c62964987e5dbcf7a20d2ec7?s=96&d=mm&r=g","caption":"tereza"},"url":"https:\/\/www.welovecycling.com\/wide\/author\/tereza\/"}]}},"_links":{"self":[{"href":"https:\/\/www.welovecycling.com\/wide\/wp-json\/wp\/v2\/posts\/188860","targetHints":{"allow":["GET"]}}],"collection":[{"href":"https:\/\/www.welovecycling.com\/wide\/wp-json\/wp\/v2\/posts"}],"about":[{"href":"https:\/\/www.welovecycling.com\/wide\/wp-json\/wp\/v2\/types\/post"}],"author":[{"embeddable":true,"href":"https:\/\/www.welovecycling.com\/wide\/wp-json\/wp\/v2\/users\/99"}],"replies":[{"embeddable":true,"href":"https:\/\/www.welovecycling.com\/wide\/wp-json\/wp\/v2\/comments?post=188860"}],"version-history":[{"count":1,"href":"https:\/\/www.welovecycling.com\/wide\/wp-json\/wp\/v2\/posts\/188860\/revisions"}],"predecessor-version":[{"id":188862,"href":"https:\/\/www.welovecycling.com\/wide\/wp-json\/wp\/v2\/posts\/188860\/revisions\/188862"}],"wp:featuredmedia":[{"embeddable":true,"href":"https:\/\/www.welovecycling.com\/wide\/wp-json\/wp\/v2\/media\/188861"}],"wp:attachment":[{"href":"https:\/\/www.welovecycling.com\/wide\/wp-json\/wp\/v2\/media?parent=188860"}],"wp:term":[{"taxonomy":"category","embeddable":true,"href":"https:\/\/www.welovecycling.com\/wide\/wp-json\/wp\/v2\/categories?post=188860"},{"taxonomy":"post_tag","embeddable":true,"href":"https:\/\/www.welovecycling.com\/wide\/wp-json\/wp\/v2\/tags?post=188860"},{"taxonomy":"global-categories","embeddable":true,"href":"https:\/\/www.welovecycling.com\/wide\/wp-json\/wp\/v2\/global-categories?post=188860"}],"curies":[{"name":"wp","href":"https:\/\/api.w.org\/{rel}","templated":true}]}}