{"id":188801,"date":"2022-03-23T09:27:33","date_gmt":"2022-03-23T09:27:33","guid":{"rendered":"https:\/\/www.welovecycling.com\/wide\/?p=188801"},"modified":"2022-03-23T12:01:06","modified_gmt":"2022-03-23T12:01:06","slug":"the-tour-de-france-quiz-copenhagen-edition-would-you-ace-the-challenge","status":"publish","type":"post","link":"https:\/\/www.welovecycling.com\/wide\/2022\/03\/23\/the-tour-de-france-quiz-copenhagen-edition-would-you-ace-the-challenge\/","title":{"rendered":"The Tour de France Quiz, Copenhagen Edition: Would You Ace the Challenge?"},"content":{"rendered":"<p><strong>Today marks exactly 100 days before the 109th edition of the world-famous Tour de France starts. The 2022 Tour launch in Denmark was more than 25 years in the making as many convoluted historical events and logistic problems kept popping up, preventing it from happening. So, when it finally did, a little celebration was in order. The success of our little Copenhagen feat in collaboration with \u0160koda rested on the most bulletproof human trait of all \u2013 curiosity. A big red button in the middle of a quiet square? There was no way someone wouldn\u2019t give in to temptation.<\/strong><\/p>\n<p><!--more--><\/p>\n<p>All brave enough to give it a push were surprised by none other than <a href=\"https:\/\/www.welovecycling.com\/wide\/2021\/01\/27\/training-at-home-by-andy-schleck\/\" target=\"_blank\" rel=\"noopener\">Andy Schleck.<\/a> The former pro cyclist from Luxembourg, 2010 Tour de France winner and three Tour stage wins holder invited each bold passer-by into the Tour de France Director\u2019s Car, a specially modified <a href=\"https:\/\/www.skoda-auto.com\/models\/range\/enyaq-iv\">\u0160koda ENYAQ iV<\/a> boasting the distinct Velvet Red paint job, decals, and accessories. A very special guest invited to take a ride with Andy was also Alex Pedersen \u2013 a former professional cyclist and one of the most prominent figures lobbying to get the Tour de France\u2019s Grand D\u00e9part to the Danish capital.<\/p>\n<p>Andy\u2019s passengers were not just treated to a sightseeing tour of Copenhagen \u2013 most importantly, he wanted to know how well versed the Danish public is in all things Tour, considering the nation\u2019s enthusiasm for two wheels. He quizzed his guests on tricky multiple-choice questions, which produced more than one nervous laugh and a lot of smiles as cool prizes were involved for correct answers. The two most knowledgeable contestants, Laura and Pierre, were rewarded with the \u0160koda ENYAQ iV for a full weekend.<\/p>\n<p>So, would you push the button? How many questions did you get right? Tell us in the comments!<\/p>\n","protected":false},"excerpt":{"rendered":"<p>Today marks exactly 100 days before the 109th edition of the world-famous Tour de France starts. The 2022 Tour launch [&hellip;]<\/p>\n","protected":false},"author":99,"featured_media":188810,"comment_status":"open","ping_status":"open","sticky":false,"template":"","format":"video","meta":{"footnotes":""},"categories":[329],"tags":[3227,6178,433],"global-categories":[3366],"class_list":["post-188801","post","type-post","status-publish","format-video","has-post-thumbnail","hentry","category-road-cycling","tag-andy-schleck","tag-the-tour-de-france-quiz","tag-tour-de-france","post_format-post-format-video","global-categories-cycling"],"yoast_head":"<!-- This site is optimized with the Yoast SEO Premium plugin v25.3 (Yoast SEO v25.9) - https:\/\/yoast.com\/wordpress\/plugins\/seo\/ -->\n<title>The Tour de France Quiz With Andy Schleck - We Love Cycling<\/title>\n<meta name=\"description\" content=\"Today marks exactly 100 days before the 109th edition of the world-famous Tour de France starts. The 2022 Tour launch in Denmark was more than 25 years in\" \/>\n<meta name=\"robots\" content=\"index, follow, max-snippet:-1, max-image-preview:large, max-video-preview:-1\" \/>\n<link rel=\"canonical\" href=\"https:\/\/www.welovecycling.com\/wide\/2022\/03\/23\/the-tour-de-france-quiz-copenhagen-edition-would-you-ace-the-challenge\/\" \/>\n<meta property=\"og:locale\" content=\"en_US\" \/>\n<meta property=\"og:type\" content=\"article\" \/>\n<meta property=\"og:title\" content=\"The Tour de France Quiz, Copenhagen Edition: Would You Ace the Challenge?\" \/>\n<meta property=\"og:description\" content=\"Today marks exactly 100 days before the 109th edition of the world-famous Tour de France starts. The 2022 Tour launch in Denmark was more than 25 years in\" \/>\n<meta property=\"og:url\" content=\"https:\/\/www.welovecycling.com\/wide\/2022\/03\/23\/the-tour-de-france-quiz-copenhagen-edition-would-you-ace-the-challenge\/\" \/>\n<meta property=\"og:site_name\" content=\"\u0160koda We Love Cycling\" \/>\n<meta property=\"article:published_time\" content=\"2022-03-23T09:27:33+00:00\" \/>\n<meta property=\"article:modified_time\" content=\"2022-03-23T12:01:06+00:00\" \/>\n<meta property=\"og:image\" content=\"https:\/\/d2p6e6u75xmxt8.cloudfront.net\/2\/2022\/03\/ENYAQ-iV-Copenhagen-CVR-3.webp\" \/>\n\t<meta property=\"og:image:width\" content=\"900\" \/>\n\t<meta property=\"og:image:height\" content=\"600\" \/>\n\t<meta property=\"og:image:type\" content=\"image\/webp\" \/>\n<meta name=\"author\" content=\"tereza\" \/>\n<meta name=\"twitter:card\" content=\"summary_large_image\" \/>\n<meta name=\"twitter:label1\" content=\"Written by\" \/>\n\t<meta name=\"twitter:data1\" content=\"WeLoveCycling\" \/>\n\t<meta name=\"twitter:label2\" content=\"Est. watching time\" \/>\n\t<meta name=\"twitter:data2\" content=\"5\" \/>\n<script type=\"application\/ld+json\" class=\"yoast-schema-graph\">{\"@context\":\"https:\/\/schema.org\",\"@graph\":[{\"@type\":\"WebPage\",\"@id\":\"https:\/\/www.welovecycling.com\/wide\/2022\/03\/23\/the-tour-de-france-quiz-copenhagen-edition-would-you-ace-the-challenge\/\",\"url\":\"https:\/\/www.welovecycling.com\/wide\/2022\/03\/23\/the-tour-de-france-quiz-copenhagen-edition-would-you-ace-the-challenge\/\",\"name\":\"The Tour de France Quiz With Andy Schleck - We Love Cycling\",\"isPartOf\":{\"@id\":\"https:\/\/www.welovecycling.com\/wide\/#website\"},\"primaryImageOfPage\":{\"@id\":\"https:\/\/www.welovecycling.com\/wide\/2022\/03\/23\/the-tour-de-france-quiz-copenhagen-edition-would-you-ace-the-challenge\/#primaryimage\"},\"image\":{\"@id\":\"https:\/\/www.welovecycling.com\/wide\/2022\/03\/23\/the-tour-de-france-quiz-copenhagen-edition-would-you-ace-the-challenge\/#primaryimage\"},\"thumbnailUrl\":\"https:\/\/d2p6e6u75xmxt8.cloudfront.net\/2\/2022\/03\/ENYAQ-iV-Copenhagen-CVR-3.webp\",\"datePublished\":\"2022-03-23T09:27:33+00:00\",\"dateModified\":\"2022-03-23T12:01:06+00:00\",\"author\":{\"@id\":\"https:\/\/www.welovecycling.com\/wide\/#\/schema\/person\/50f01ecd18718d2333cf72e823c4f926\"},\"description\":\"Today marks exactly 100 days before the 109th edition of the world-famous Tour de France starts. The 2022 Tour launch in Denmark was more than 25 years in\",\"breadcrumb\":{\"@id\":\"https:\/\/www.welovecycling.com\/wide\/2022\/03\/23\/the-tour-de-france-quiz-copenhagen-edition-would-you-ace-the-challenge\/#breadcrumb\"},\"inLanguage\":\"en-US\",\"potentialAction\":[{\"@type\":\"ReadAction\",\"target\":[\"https:\/\/www.welovecycling.com\/wide\/2022\/03\/23\/the-tour-de-france-quiz-copenhagen-edition-would-you-ace-the-challenge\/\"]}]},{\"@type\":\"ImageObject\",\"inLanguage\":\"en-US\",\"@id\":\"https:\/\/www.welovecycling.com\/wide\/2022\/03\/23\/the-tour-de-france-quiz-copenhagen-edition-would-you-ace-the-challenge\/#primaryimage\",\"url\":\"https:\/\/d2p6e6u75xmxt8.cloudfront.net\/2\/2022\/03\/ENYAQ-iV-Copenhagen-CVR-3.webp\",\"contentUrl\":\"https:\/\/d2p6e6u75xmxt8.cloudfront.net\/2\/2022\/03\/ENYAQ-iV-Copenhagen-CVR-3.webp\",\"width\":900,\"height\":600},{\"@type\":\"BreadcrumbList\",\"@id\":\"https:\/\/www.welovecycling.com\/wide\/2022\/03\/23\/the-tour-de-france-quiz-copenhagen-edition-would-you-ace-the-challenge\/#breadcrumb\",\"itemListElement\":[{\"@type\":\"ListItem\",\"position\":1,\"name\":\"Home\",\"item\":\"https:\/\/www.welovecycling.com\/wide\/\"},{\"@type\":\"ListItem\",\"position\":2,\"name\":\"The Tour de France Quiz, Copenhagen Edition: Would You Ace the Challenge?\"}]},{\"@type\":\"WebSite\",\"@id\":\"https:\/\/www.welovecycling.com\/wide\/#website\",\"url\":\"https:\/\/www.welovecycling.com\/wide\/\",\"name\":\"\u0160koda We Love Cycling\",\"description\":\"\u0160koda We Love Cycling magazine\",\"alternateName\":\"\u0160koda WLC\",\"potentialAction\":[{\"@type\":\"SearchAction\",\"target\":{\"@type\":\"EntryPoint\",\"urlTemplate\":\"https:\/\/www.welovecycling.com\/wide\/?s={search_term_string}\"},\"query-input\":{\"@type\":\"PropertyValueSpecification\",\"valueRequired\":true,\"valueName\":\"search_term_string\"}}],\"inLanguage\":\"en-US\"},{\"@type\":\"Person\",\"@id\":\"https:\/\/www.welovecycling.com\/wide\/#\/schema\/person\/50f01ecd18718d2333cf72e823c4f926\",\"name\":\"tereza\",\"image\":{\"@type\":\"ImageObject\",\"inLanguage\":\"en-US\",\"@id\":\"https:\/\/www.welovecycling.com\/wide\/#\/schema\/person\/image\/\",\"url\":\"https:\/\/secure.gravatar.com\/avatar\/1f9eb71be33845f0afabce3791bc1c58ecdb0a25c62964987e5dbcf7a20d2ec7?s=96&d=mm&r=g\",\"contentUrl\":\"https:\/\/secure.gravatar.com\/avatar\/1f9eb71be33845f0afabce3791bc1c58ecdb0a25c62964987e5dbcf7a20d2ec7?s=96&d=mm&r=g\",\"caption\":\"tereza\"},\"url\":\"https:\/\/www.welovecycling.com\/wide\/author\/tereza\/\"}]}<\/script>\n<!-- \/ Yoast SEO Premium plugin. -->","yoast_head_json":{"title":"The Tour de France Quiz With Andy Schleck - We Love Cycling","description":"Today marks exactly 100 days before the 109th edition of the world-famous Tour de France starts. The 2022 Tour launch in Denmark was more than 25 years in","robots":{"index":"index","follow":"follow","max-snippet":"max-snippet:-1","max-image-preview":"max-image-preview:large","max-video-preview":"max-video-preview:-1"},"canonical":"https:\/\/www.welovecycling.com\/wide\/2022\/03\/23\/the-tour-de-france-quiz-copenhagen-edition-would-you-ace-the-challenge\/","og_locale":"en_US","og_type":"article","og_title":"The Tour de France Quiz, Copenhagen Edition: Would You Ace the Challenge?","og_description":"Today marks exactly 100 days before the 109th edition of the world-famous Tour de France starts. The 2022 Tour launch in Denmark was more than 25 years in","og_url":"https:\/\/www.welovecycling.com\/wide\/2022\/03\/23\/the-tour-de-france-quiz-copenhagen-edition-would-you-ace-the-challenge\/","og_site_name":"\u0160koda We Love Cycling","article_published_time":"2022-03-23T09:27:33+00:00","article_modified_time":"2022-03-23T12:01:06+00:00","og_image":[{"width":900,"height":600,"url":"https:\/\/d2p6e6u75xmxt8.cloudfront.net\/2\/2022\/03\/ENYAQ-iV-Copenhagen-CVR-3.webp","type":"image\/webp"}],"author":"tereza","twitter_card":"summary_large_image","twitter_misc":{"Written by":"WeLoveCycling","Est. watching time":"5"},"schema":{"@context":"https:\/\/schema.org","@graph":[{"@type":"WebPage","@id":"https:\/\/www.welovecycling.com\/wide\/2022\/03\/23\/the-tour-de-france-quiz-copenhagen-edition-would-you-ace-the-challenge\/","url":"https:\/\/www.welovecycling.com\/wide\/2022\/03\/23\/the-tour-de-france-quiz-copenhagen-edition-would-you-ace-the-challenge\/","name":"The Tour de France Quiz With Andy Schleck - We Love Cycling","isPartOf":{"@id":"https:\/\/www.welovecycling.com\/wide\/#website"},"primaryImageOfPage":{"@id":"https:\/\/www.welovecycling.com\/wide\/2022\/03\/23\/the-tour-de-france-quiz-copenhagen-edition-would-you-ace-the-challenge\/#primaryimage"},"image":{"@id":"https:\/\/www.welovecycling.com\/wide\/2022\/03\/23\/the-tour-de-france-quiz-copenhagen-edition-would-you-ace-the-challenge\/#primaryimage"},"thumbnailUrl":"https:\/\/d2p6e6u75xmxt8.cloudfront.net\/2\/2022\/03\/ENYAQ-iV-Copenhagen-CVR-3.webp","datePublished":"2022-03-23T09:27:33+00:00","dateModified":"2022-03-23T12:01:06+00:00","author":{"@id":"https:\/\/www.welovecycling.com\/wide\/#\/schema\/person\/50f01ecd18718d2333cf72e823c4f926"},"description":"Today marks exactly 100 days before the 109th edition of the world-famous Tour de France starts. The 2022 Tour launch in Denmark was more than 25 years in","breadcrumb":{"@id":"https:\/\/www.welovecycling.com\/wide\/2022\/03\/23\/the-tour-de-france-quiz-copenhagen-edition-would-you-ace-the-challenge\/#breadcrumb"},"inLanguage":"en-US","potentialAction":[{"@type":"ReadAction","target":["https:\/\/www.welovecycling.com\/wide\/2022\/03\/23\/the-tour-de-france-quiz-copenhagen-edition-would-you-ace-the-challenge\/"]}]},{"@type":"ImageObject","inLanguage":"en-US","@id":"https:\/\/www.welovecycling.com\/wide\/2022\/03\/23\/the-tour-de-france-quiz-copenhagen-edition-would-you-ace-the-challenge\/#primaryimage","url":"https:\/\/d2p6e6u75xmxt8.cloudfront.net\/2\/2022\/03\/ENYAQ-iV-Copenhagen-CVR-3.webp","contentUrl":"https:\/\/d2p6e6u75xmxt8.cloudfront.net\/2\/2022\/03\/ENYAQ-iV-Copenhagen-CVR-3.webp","width":900,"height":600},{"@type":"BreadcrumbList","@id":"https:\/\/www.welovecycling.com\/wide\/2022\/03\/23\/the-tour-de-france-quiz-copenhagen-edition-would-you-ace-the-challenge\/#breadcrumb","itemListElement":[{"@type":"ListItem","position":1,"name":"Home","item":"https:\/\/www.welovecycling.com\/wide\/"},{"@type":"ListItem","position":2,"name":"The Tour de France Quiz, Copenhagen Edition: Would You Ace the Challenge?"}]},{"@type":"WebSite","@id":"https:\/\/www.welovecycling.com\/wide\/#website","url":"https:\/\/www.welovecycling.com\/wide\/","name":"\u0160koda We Love Cycling","description":"\u0160koda We Love Cycling magazine","alternateName":"\u0160koda WLC","potentialAction":[{"@type":"SearchAction","target":{"@type":"EntryPoint","urlTemplate":"https:\/\/www.welovecycling.com\/wide\/?s={search_term_string}"},"query-input":{"@type":"PropertyValueSpecification","valueRequired":true,"valueName":"search_term_string"}}],"inLanguage":"en-US"},{"@type":"Person","@id":"https:\/\/www.welovecycling.com\/wide\/#\/schema\/person\/50f01ecd18718d2333cf72e823c4f926","name":"tereza","image":{"@type":"ImageObject","inLanguage":"en-US","@id":"https:\/\/www.welovecycling.com\/wide\/#\/schema\/person\/image\/","url":"https:\/\/secure.gravatar.com\/avatar\/1f9eb71be33845f0afabce3791bc1c58ecdb0a25c62964987e5dbcf7a20d2ec7?s=96&d=mm&r=g","contentUrl":"https:\/\/secure.gravatar.com\/avatar\/1f9eb71be33845f0afabce3791bc1c58ecdb0a25c62964987e5dbcf7a20d2ec7?s=96&d=mm&r=g","caption":"tereza"},"url":"https:\/\/www.welovecycling.com\/wide\/author\/tereza\/"}]}},"_links":{"self":[{"href":"https:\/\/www.welovecycling.com\/wide\/wp-json\/wp\/v2\/posts\/188801","targetHints":{"allow":["GET"]}}],"collection":[{"href":"https:\/\/www.welovecycling.com\/wide\/wp-json\/wp\/v2\/posts"}],"about":[{"href":"https:\/\/www.welovecycling.com\/wide\/wp-json\/wp\/v2\/types\/post"}],"author":[{"embeddable":true,"href":"https:\/\/www.welovecycling.com\/wide\/wp-json\/wp\/v2\/users\/99"}],"replies":[{"embeddable":true,"href":"https:\/\/www.welovecycling.com\/wide\/wp-json\/wp\/v2\/comments?post=188801"}],"version-history":[{"count":2,"href":"https:\/\/www.welovecycling.com\/wide\/wp-json\/wp\/v2\/posts\/188801\/revisions"}],"predecessor-version":[{"id":188805,"href":"https:\/\/www.welovecycling.com\/wide\/wp-json\/wp\/v2\/posts\/188801\/revisions\/188805"}],"wp:featuredmedia":[{"embeddable":true,"href":"https:\/\/www.welovecycling.com\/wide\/wp-json\/wp\/v2\/media\/188810"}],"wp:attachment":[{"href":"https:\/\/www.welovecycling.com\/wide\/wp-json\/wp\/v2\/media?parent=188801"}],"wp:term":[{"taxonomy":"category","embeddable":true,"href":"https:\/\/www.welovecycling.com\/wide\/wp-json\/wp\/v2\/categories?post=188801"},{"taxonomy":"post_tag","embeddable":true,"href":"https:\/\/www.welovecycling.com\/wide\/wp-json\/wp\/v2\/tags?post=188801"},{"taxonomy":"global-categories","embeddable":true,"href":"https:\/\/www.welovecycling.com\/wide\/wp-json\/wp\/v2\/global-categories?post=188801"}],"curies":[{"name":"wp","href":"https:\/\/api.w.org\/{rel}","templated":true}]}}