{"id":187871,"date":"2021-12-09T11:27:48","date_gmt":"2021-12-09T11:27:48","guid":{"rendered":"https:\/\/www.welovecycling.com\/wide\/?p=187871"},"modified":"2021-12-09T11:39:33","modified_gmt":"2021-12-09T11:39:33","slug":"top-10-worst-cycle-lanes-from-around-the-world","status":"publish","type":"post","link":"https:\/\/www.welovecycling.com\/wide\/2021\/12\/09\/top-10-worst-cycle-lanes-from-around-the-world\/","title":{"rendered":"Top 10 Worst Cycle Lanes from Around the World\u00a0"},"content":{"rendered":"<p><strong>Not long ago, we staked out a bold new goal for We Love Cycling magazine: to collect as many of the worst cycle lanes across the globe as we could and gather them in the biggest gallery of its kind. And thus, the <a href=\"https:\/\/www.welovecycling.com\/wide\/worst-cycle-lane\/\" target=\"_blank\" rel=\"noopener\">Worst Cycle Lane in the World Gallery<\/a> was born! It\u2019s been driven purely by user submissions. Here\u2019s our selection of the \u2018best\u2019 entries from across the globe!<\/strong><\/p>\n<p><!--more--><\/p>\n<p>The Worst Cycle Lane challenge saw submissions from various corners of the world. Luckily, the experience of more people saddling up (especially in the cities) and the subsequent cycling infrastructure improvements that resulted from it has been almost universal. For example, the Portuguese city of Guimar\u00e3es made a great step towards a greener, less emission-burdened future by creating <a href=\"https:\/\/ec.europa.eu\/regional_policy\/en\/projects\/Portugal\/portuguese-city-of-guimaraes-goes-green-with-new-bicycle-lanes\">Ecovia<\/a> in 2021, a network of cycle lanes that perfectly connects the downtown with the suburbs, commercial zones, landmarks and more. Furthermore, the Swedish city of Malm\u00f6 has been <a href=\"https:\/\/www.eltis.org\/discover\/case-studies\/cycling-europe-celebrating-success-champion-city-malmo-sweden\">hailed as a champion of cycling<\/a> in 2019 for its brilliant strategies that resulted in 22% of the population \u2013 and growing \u2013 using bikes daily. Let\u2019s also mention Australian <a href=\"https:\/\/cyclingtips.com\/2020\/02\/could-cycling-superhighways-be-coming-to-melbourne\/\">Melbourne\u2019s cycling superhighways<\/a>, which got the green light in 2020 and are being endorsed by Australia\u2019s independent infrastructure advisory body, Infrastructure Australia.<\/p>\n<p>As you can see in the gallery, the work is far from over \u2013 but that means even more reasons to never stop improving!<\/p>\n<h2><strong>1. Just a short ride today<\/strong><\/h2>\n<figure id=\"attachment_185139\" aria-describedby=\"caption-attachment-185139\" style=\"width: 933px\" class=\"wp-caption alignnone\"><a href=\"https:\/\/d2p6e6u75xmxt8.cloudfront.net\/2\/2021\/08\/HereinPortugalweE28099vegotthisoneforthosedayswhenyouonlyhavetimeforashortrideF09F98B6_6113c17bc646d.jpg\"><img loading=\"lazy\" decoding=\"async\" class=\"size-full wp-image-185139\" src=\"https:\/\/d2p6e6u75xmxt8.cloudfront.net\/2\/2021\/08\/HereinPortugalweE28099vegotthisoneforthosedayswhenyouonlyhavetimeforashortrideF09F98B6_6113c17bc646d.jpg\" alt=\"Cycle lane Portugal\" width=\"933\" height=\"933\" \/><\/a><figcaption id=\"caption-attachment-185139\" class=\"wp-caption-text\">Portugal<\/figcaption><\/figure>\n<h2><strong>2. You shall not get bored<\/strong><\/h2>\n<figure id=\"attachment_187872\" aria-describedby=\"caption-attachment-187872\" style=\"width: 1080px\" class=\"wp-caption alignnone\"><a href=\"https:\/\/d2p6e6u75xmxt8.cloudfront.net\/2\/2021\/12\/France-cycle-lane.jpg\"><img loading=\"lazy\" decoding=\"async\" class=\"size-full wp-image-187872\" src=\"https:\/\/d2p6e6u75xmxt8.cloudfront.net\/2\/2021\/12\/France-cycle-lane.jpg\" alt=\"France cycle lane\" width=\"1080\" height=\"1080\" \/><\/a><figcaption id=\"caption-attachment-187872\" class=\"wp-caption-text\">France<\/figcaption><\/figure>\n<h2><strong>3. Enjoy a comfy ride<\/strong><\/h2>\n<figure style=\"width: 1178px\" class=\"wp-caption alignnone\"><a href=\"https:\/\/d2p6e6u75xmxt8.cloudfront.net\/2\/2021\/08\/bestwishesfromvolos2Cgr.n27joyyourride..._6118c37ab9a4a.jpg\"><img loading=\"lazy\" decoding=\"async\" class=\"wp-image-185423 size-full\" src=\"https:\/\/d2p6e6u75xmxt8.cloudfront.net\/2\/2021\/08\/bestwishesfromvolos2Cgr.n27joyyourride..._6118c37ab9a4a.jpg\" alt=\"Volos cycle lane\" width=\"1178\" height=\"1178\" \/><\/a><figcaption class=\"wp-caption-text\">Greece<\/figcaption><\/figure>\n<p><strong>Please, don&#8217;t litter<\/strong><\/p>\n<figure id=\"attachment_187873\" aria-describedby=\"caption-attachment-187873\" style=\"width: 933px\" class=\"wp-caption alignnone\"><a href=\"https:\/\/d2p6e6u75xmxt8.cloudfront.net\/2\/2021\/12\/Chile-cycle-lane.jpg\"><img loading=\"lazy\" decoding=\"async\" class=\"wp-image-187873 size-full\" src=\"https:\/\/d2p6e6u75xmxt8.cloudfront.net\/2\/2021\/12\/Chile-cycle-lane.jpg\" alt=\"Chile cycle lane\" width=\"933\" height=\"933\" \/><\/a><figcaption id=\"caption-attachment-187873\" class=\"wp-caption-text\">Chile<\/figcaption><\/figure>\n<h2><strong>Safe journey!<\/strong><\/h2>\n<figure id=\"attachment_185159\" aria-describedby=\"caption-attachment-185159\" style=\"width: 810px\" class=\"wp-caption alignnone\"><a href=\"https:\/\/d2p6e6u75xmxt8.cloudfront.net\/2\/2021\/08\/EuroveloroutenearMaribor._6113c7313a50f.jpg\"><img loading=\"lazy\" decoding=\"async\" class=\"size-full wp-image-185159\" src=\"https:\/\/d2p6e6u75xmxt8.cloudfront.net\/2\/2021\/08\/EuroveloroutenearMaribor._6113c7313a50f.jpg\" alt=\"Maribor cycle route\" width=\"810\" height=\"810\" \/><\/a><figcaption id=\"caption-attachment-185159\" class=\"wp-caption-text\">Slovenia<\/figcaption><\/figure>\n<h2><strong>Fade out<\/strong><\/h2>\n<figure id=\"attachment_185719\" aria-describedby=\"caption-attachment-185719\" style=\"width: 1202px\" class=\"wp-caption alignnone\"><a href=\"https:\/\/d2p6e6u75xmxt8.cloudfront.net\/2\/2021\/08\/Noroomforcyclepaths_61250d7660e0f.jpg\"><img loading=\"lazy\" decoding=\"async\" class=\"size-full wp-image-185719\" src=\"https:\/\/d2p6e6u75xmxt8.cloudfront.net\/2\/2021\/08\/Noroomforcyclepaths_61250d7660e0f.jpg\" alt=\"Portugal cycle lane\" width=\"1202\" height=\"1202\" \/><\/a><figcaption id=\"caption-attachment-185719\" class=\"wp-caption-text\">Portugal<\/figcaption><\/figure>\n<h2><strong>Watch out<\/strong><\/h2>\n<figure id=\"attachment_185907\" aria-describedby=\"caption-attachment-185907\" style=\"width: 1080px\" class=\"wp-caption alignnone\"><a href=\"https:\/\/d2p6e6u75xmxt8.cloudfront.net\/2\/2021\/08\/TheCooksRiverisgenerallyawonderfulSydneyridebutthispointwherethepathrunsunderabridgeatnearlyexactlyhandlebarwidthisdefinitelyworstcyclepathworthy_612b3675d8e7e.jpg\"><img loading=\"lazy\" decoding=\"async\" class=\"size-full wp-image-185907\" src=\"https:\/\/d2p6e6u75xmxt8.cloudfront.net\/2\/2021\/08\/TheCooksRiverisgenerallyawonderfulSydneyridebutthispointwherethepathrunsunderabridgeatnearlyexactlyhandlebarwidthisdefinitelyworstcyclepathworthy_612b3675d8e7e.jpg\" alt=\"Cooks River cycle path\" width=\"1080\" height=\"1080\" \/><\/a><figcaption id=\"caption-attachment-185907\" class=\"wp-caption-text\">Australia<\/figcaption><\/figure>\n<h2><strong>We&#8217;re all in it together<\/strong><\/h2>\n<figure id=\"attachment_185854\" aria-describedby=\"caption-attachment-185854\" style=\"width: 1200px\" class=\"wp-caption alignnone\"><a href=\"https:\/\/d2p6e6u75xmxt8.cloudfront.net\/2\/2021\/08\/Tallinn2CEstonia_6128bd5e36f59.jpg\"><img loading=\"lazy\" decoding=\"async\" class=\"size-full wp-image-185854\" src=\"https:\/\/d2p6e6u75xmxt8.cloudfront.net\/2\/2021\/08\/Tallinn2CEstonia_6128bd5e36f59.jpg\" alt=\"Tallinn\" width=\"1200\" height=\"1200\" \/><\/a><figcaption id=\"caption-attachment-185854\" class=\"wp-caption-text\">Tallinn, Estonia<\/figcaption><\/figure>\n<h2><strong>Go green!<\/strong><\/h2>\n<figure id=\"attachment_187874\" aria-describedby=\"caption-attachment-187874\" style=\"width: 910px\" class=\"wp-caption alignnone\"><a href=\"https:\/\/d2p6e6u75xmxt8.cloudfront.net\/2\/2021\/12\/Malaysia-cycle-path.jpg\"><img loading=\"lazy\" decoding=\"async\" class=\"size-full wp-image-187874\" src=\"https:\/\/d2p6e6u75xmxt8.cloudfront.net\/2\/2021\/12\/Malaysia-cycle-path.jpg\" alt=\"Kuala Lumpur cycle path\" width=\"910\" height=\"910\" \/><\/a><figcaption id=\"caption-attachment-187874\" class=\"wp-caption-text\">Kuala Lumpur, Malaysia<\/figcaption><\/figure>\n<h2><strong>Bumpy<\/strong><\/h2>\n<figure id=\"attachment_187876\" aria-describedby=\"caption-attachment-187876\" style=\"width: 921px\" class=\"wp-caption alignnone\"><a href=\"https:\/\/d2p6e6u75xmxt8.cloudfront.net\/2\/2021\/12\/Santiago-de-Chile-cycle-path.jpg\"><img loading=\"lazy\" decoding=\"async\" class=\"size-full wp-image-187876\" src=\"https:\/\/d2p6e6u75xmxt8.cloudfront.net\/2\/2021\/12\/Santiago-de-Chile-cycle-path.jpg\" alt=\"Chile cycle path\" width=\"921\" height=\"921\" \/><\/a><figcaption id=\"caption-attachment-187876\" class=\"wp-caption-text\">Chile<\/figcaption><\/figure>\n","protected":false},"excerpt":{"rendered":"<p>Not long ago, we staked out a bold new goal for We Love Cycling magazine: to collect as many of [&hellip;]<\/p>\n","protected":false},"author":99,"featured_media":187875,"comment_status":"open","ping_status":"open","sticky":false,"template":"","format":"standard","meta":{"footnotes":""},"categories":[330],"tags":[2865,5613,1747],"global-categories":[3366],"class_list":["post-187871","post","type-post","status-publish","format-standard","has-post-thumbnail","hentry","category-urban-cycling","tag-urban-cycling","tag-worst-cycle-lane-in-the-world","tag-worst-cycle-lanes","global-categories-cycling"],"yoast_head":"<!-- This site is optimized with the Yoast SEO Premium plugin v25.3 (Yoast SEO v25.9) - https:\/\/yoast.com\/wordpress\/plugins\/seo\/ -->\n<title>Top 10 Worst Cycle Lanes from Around the World\u00a0<\/title>\n<meta name=\"description\" content=\"Not long ago, we staked out a bold new goal for We Love Cycling magazine: to collect as many of the worst cycle lanes across the globe as we could and\" \/>\n<meta name=\"robots\" content=\"index, follow, max-snippet:-1, max-image-preview:large, max-video-preview:-1\" \/>\n<link rel=\"canonical\" href=\"https:\/\/www.welovecycling.com\/wide\/2021\/12\/09\/top-10-worst-cycle-lanes-from-around-the-world\/\" \/>\n<meta property=\"og:locale\" content=\"en_US\" \/>\n<meta property=\"og:type\" content=\"article\" \/>\n<meta property=\"og:title\" content=\"Top 10 Worst Cycle Lanes from Around the World\u00a0\" \/>\n<meta property=\"og:description\" content=\"Seriously?\" \/>\n<meta property=\"og:url\" content=\"https:\/\/www.welovecycling.com\/wide\/2021\/12\/09\/top-10-worst-cycle-lanes-from-around-the-world\/\" \/>\n<meta property=\"og:site_name\" content=\"\u0160koda We Love Cycling\" \/>\n<meta property=\"article:published_time\" content=\"2021-12-09T11:27:48+00:00\" \/>\n<meta property=\"article:modified_time\" content=\"2021-12-09T11:39:33+00:00\" \/>\n<meta property=\"og:image\" content=\"https:\/\/d2p6e6u75xmxt8.cloudfront.net\/2\/2021\/12\/qqq.webp\" \/>\n\t<meta property=\"og:image:width\" content=\"1200\" \/>\n\t<meta property=\"og:image:height\" content=\"628\" \/>\n\t<meta property=\"og:image:type\" content=\"image\/webp\" \/>\n<meta name=\"author\" content=\"tereza\" \/>\n<meta name=\"twitter:card\" content=\"summary_large_image\" \/>\n<meta name=\"twitter:label1\" content=\"Written by\" \/>\n\t<meta name=\"twitter:data1\" content=\"WeLoveCycling\" \/>\n\t<meta name=\"twitter:label2\" content=\"Est. reading time\" \/>\n\t<meta name=\"twitter:data2\" content=\"6\" \/>\n<script type=\"application\/ld+json\" class=\"yoast-schema-graph\">{\"@context\":\"https:\/\/schema.org\",\"@graph\":[{\"@type\":\"WebPage\",\"@id\":\"https:\/\/www.welovecycling.com\/wide\/2021\/12\/09\/top-10-worst-cycle-lanes-from-around-the-world\/\",\"url\":\"https:\/\/www.welovecycling.com\/wide\/2021\/12\/09\/top-10-worst-cycle-lanes-from-around-the-world\/\",\"name\":\"Top 10 Worst Cycle Lanes from Around the World\u00a0\",\"isPartOf\":{\"@id\":\"https:\/\/www.welovecycling.com\/wide\/#website\"},\"primaryImageOfPage\":{\"@id\":\"https:\/\/www.welovecycling.com\/wide\/2021\/12\/09\/top-10-worst-cycle-lanes-from-around-the-world\/#primaryimage\"},\"image\":{\"@id\":\"https:\/\/www.welovecycling.com\/wide\/2021\/12\/09\/top-10-worst-cycle-lanes-from-around-the-world\/#primaryimage\"},\"thumbnailUrl\":\"https:\/\/d2p6e6u75xmxt8.cloudfront.net\/2\/2021\/12\/Bucarest-cycle-path-CVR.webp\",\"datePublished\":\"2021-12-09T11:27:48+00:00\",\"dateModified\":\"2021-12-09T11:39:33+00:00\",\"author\":{\"@id\":\"https:\/\/www.welovecycling.com\/wide\/#\/schema\/person\/50f01ecd18718d2333cf72e823c4f926\"},\"description\":\"Not long ago, we staked out a bold new goal for We Love Cycling magazine: to collect as many of the worst cycle lanes across the globe as we could and\",\"breadcrumb\":{\"@id\":\"https:\/\/www.welovecycling.com\/wide\/2021\/12\/09\/top-10-worst-cycle-lanes-from-around-the-world\/#breadcrumb\"},\"inLanguage\":\"en-US\",\"potentialAction\":[{\"@type\":\"ReadAction\",\"target\":[\"https:\/\/www.welovecycling.com\/wide\/2021\/12\/09\/top-10-worst-cycle-lanes-from-around-the-world\/\"]}]},{\"@type\":\"ImageObject\",\"inLanguage\":\"en-US\",\"@id\":\"https:\/\/www.welovecycling.com\/wide\/2021\/12\/09\/top-10-worst-cycle-lanes-from-around-the-world\/#primaryimage\",\"url\":\"https:\/\/d2p6e6u75xmxt8.cloudfront.net\/2\/2021\/12\/Bucarest-cycle-path-CVR.webp\",\"contentUrl\":\"https:\/\/d2p6e6u75xmxt8.cloudfront.net\/2\/2021\/12\/Bucarest-cycle-path-CVR.webp\",\"width\":900,\"height\":600,\"caption\":\"Bucarest cycle path\"},{\"@type\":\"BreadcrumbList\",\"@id\":\"https:\/\/www.welovecycling.com\/wide\/2021\/12\/09\/top-10-worst-cycle-lanes-from-around-the-world\/#breadcrumb\",\"itemListElement\":[{\"@type\":\"ListItem\",\"position\":1,\"name\":\"Home\",\"item\":\"https:\/\/www.welovecycling.com\/wide\/\"},{\"@type\":\"ListItem\",\"position\":2,\"name\":\"Top 10 Worst Cycle Lanes from Around the World\u00a0\"}]},{\"@type\":\"WebSite\",\"@id\":\"https:\/\/www.welovecycling.com\/wide\/#website\",\"url\":\"https:\/\/www.welovecycling.com\/wide\/\",\"name\":\"\u0160koda We Love Cycling\",\"description\":\"\u0160koda We Love Cycling magazine\",\"alternateName\":\"\u0160koda WLC\",\"potentialAction\":[{\"@type\":\"SearchAction\",\"target\":{\"@type\":\"EntryPoint\",\"urlTemplate\":\"https:\/\/www.welovecycling.com\/wide\/?s={search_term_string}\"},\"query-input\":{\"@type\":\"PropertyValueSpecification\",\"valueRequired\":true,\"valueName\":\"search_term_string\"}}],\"inLanguage\":\"en-US\"},{\"@type\":\"Person\",\"@id\":\"https:\/\/www.welovecycling.com\/wide\/#\/schema\/person\/50f01ecd18718d2333cf72e823c4f926\",\"name\":\"tereza\",\"image\":{\"@type\":\"ImageObject\",\"inLanguage\":\"en-US\",\"@id\":\"https:\/\/www.welovecycling.com\/wide\/#\/schema\/person\/image\/\",\"url\":\"https:\/\/secure.gravatar.com\/avatar\/1f9eb71be33845f0afabce3791bc1c58ecdb0a25c62964987e5dbcf7a20d2ec7?s=96&d=mm&r=g\",\"contentUrl\":\"https:\/\/secure.gravatar.com\/avatar\/1f9eb71be33845f0afabce3791bc1c58ecdb0a25c62964987e5dbcf7a20d2ec7?s=96&d=mm&r=g\",\"caption\":\"tereza\"},\"url\":\"https:\/\/www.welovecycling.com\/wide\/author\/tereza\/\"}]}<\/script>\n<!-- \/ Yoast SEO Premium plugin. -->","yoast_head_json":{"title":"Top 10 Worst Cycle Lanes from Around the World\u00a0","description":"Not long ago, we staked out a bold new goal for We Love Cycling magazine: to collect as many of the worst cycle lanes across the globe as we could and","robots":{"index":"index","follow":"follow","max-snippet":"max-snippet:-1","max-image-preview":"max-image-preview:large","max-video-preview":"max-video-preview:-1"},"canonical":"https:\/\/www.welovecycling.com\/wide\/2021\/12\/09\/top-10-worst-cycle-lanes-from-around-the-world\/","og_locale":"en_US","og_type":"article","og_title":"Top 10 Worst Cycle Lanes from Around the World\u00a0","og_description":"Seriously?","og_url":"https:\/\/www.welovecycling.com\/wide\/2021\/12\/09\/top-10-worst-cycle-lanes-from-around-the-world\/","og_site_name":"\u0160koda We Love Cycling","article_published_time":"2021-12-09T11:27:48+00:00","article_modified_time":"2021-12-09T11:39:33+00:00","og_image":[{"width":1200,"height":628,"url":"https:\/\/d2p6e6u75xmxt8.cloudfront.net\/2\/2021\/12\/qqq.webp","type":"image\/webp"}],"author":"tereza","twitter_card":"summary_large_image","twitter_misc":{"Written by":"WeLoveCycling","Est. reading time":"6"},"schema":{"@context":"https:\/\/schema.org","@graph":[{"@type":"WebPage","@id":"https:\/\/www.welovecycling.com\/wide\/2021\/12\/09\/top-10-worst-cycle-lanes-from-around-the-world\/","url":"https:\/\/www.welovecycling.com\/wide\/2021\/12\/09\/top-10-worst-cycle-lanes-from-around-the-world\/","name":"Top 10 Worst Cycle Lanes from Around the World\u00a0","isPartOf":{"@id":"https:\/\/www.welovecycling.com\/wide\/#website"},"primaryImageOfPage":{"@id":"https:\/\/www.welovecycling.com\/wide\/2021\/12\/09\/top-10-worst-cycle-lanes-from-around-the-world\/#primaryimage"},"image":{"@id":"https:\/\/www.welovecycling.com\/wide\/2021\/12\/09\/top-10-worst-cycle-lanes-from-around-the-world\/#primaryimage"},"thumbnailUrl":"https:\/\/d2p6e6u75xmxt8.cloudfront.net\/2\/2021\/12\/Bucarest-cycle-path-CVR.webp","datePublished":"2021-12-09T11:27:48+00:00","dateModified":"2021-12-09T11:39:33+00:00","author":{"@id":"https:\/\/www.welovecycling.com\/wide\/#\/schema\/person\/50f01ecd18718d2333cf72e823c4f926"},"description":"Not long ago, we staked out a bold new goal for We Love Cycling magazine: to collect as many of the worst cycle lanes across the globe as we could and","breadcrumb":{"@id":"https:\/\/www.welovecycling.com\/wide\/2021\/12\/09\/top-10-worst-cycle-lanes-from-around-the-world\/#breadcrumb"},"inLanguage":"en-US","potentialAction":[{"@type":"ReadAction","target":["https:\/\/www.welovecycling.com\/wide\/2021\/12\/09\/top-10-worst-cycle-lanes-from-around-the-world\/"]}]},{"@type":"ImageObject","inLanguage":"en-US","@id":"https:\/\/www.welovecycling.com\/wide\/2021\/12\/09\/top-10-worst-cycle-lanes-from-around-the-world\/#primaryimage","url":"https:\/\/d2p6e6u75xmxt8.cloudfront.net\/2\/2021\/12\/Bucarest-cycle-path-CVR.webp","contentUrl":"https:\/\/d2p6e6u75xmxt8.cloudfront.net\/2\/2021\/12\/Bucarest-cycle-path-CVR.webp","width":900,"height":600,"caption":"Bucarest cycle path"},{"@type":"BreadcrumbList","@id":"https:\/\/www.welovecycling.com\/wide\/2021\/12\/09\/top-10-worst-cycle-lanes-from-around-the-world\/#breadcrumb","itemListElement":[{"@type":"ListItem","position":1,"name":"Home","item":"https:\/\/www.welovecycling.com\/wide\/"},{"@type":"ListItem","position":2,"name":"Top 10 Worst Cycle Lanes from Around the World\u00a0"}]},{"@type":"WebSite","@id":"https:\/\/www.welovecycling.com\/wide\/#website","url":"https:\/\/www.welovecycling.com\/wide\/","name":"\u0160koda We Love Cycling","description":"\u0160koda We Love Cycling magazine","alternateName":"\u0160koda WLC","potentialAction":[{"@type":"SearchAction","target":{"@type":"EntryPoint","urlTemplate":"https:\/\/www.welovecycling.com\/wide\/?s={search_term_string}"},"query-input":{"@type":"PropertyValueSpecification","valueRequired":true,"valueName":"search_term_string"}}],"inLanguage":"en-US"},{"@type":"Person","@id":"https:\/\/www.welovecycling.com\/wide\/#\/schema\/person\/50f01ecd18718d2333cf72e823c4f926","name":"tereza","image":{"@type":"ImageObject","inLanguage":"en-US","@id":"https:\/\/www.welovecycling.com\/wide\/#\/schema\/person\/image\/","url":"https:\/\/secure.gravatar.com\/avatar\/1f9eb71be33845f0afabce3791bc1c58ecdb0a25c62964987e5dbcf7a20d2ec7?s=96&d=mm&r=g","contentUrl":"https:\/\/secure.gravatar.com\/avatar\/1f9eb71be33845f0afabce3791bc1c58ecdb0a25c62964987e5dbcf7a20d2ec7?s=96&d=mm&r=g","caption":"tereza"},"url":"https:\/\/www.welovecycling.com\/wide\/author\/tereza\/"}]}},"_links":{"self":[{"href":"https:\/\/www.welovecycling.com\/wide\/wp-json\/wp\/v2\/posts\/187871","targetHints":{"allow":["GET"]}}],"collection":[{"href":"https:\/\/www.welovecycling.com\/wide\/wp-json\/wp\/v2\/posts"}],"about":[{"href":"https:\/\/www.welovecycling.com\/wide\/wp-json\/wp\/v2\/types\/post"}],"author":[{"embeddable":true,"href":"https:\/\/www.welovecycling.com\/wide\/wp-json\/wp\/v2\/users\/99"}],"replies":[{"embeddable":true,"href":"https:\/\/www.welovecycling.com\/wide\/wp-json\/wp\/v2\/comments?post=187871"}],"version-history":[{"count":2,"href":"https:\/\/www.welovecycling.com\/wide\/wp-json\/wp\/v2\/posts\/187871\/revisions"}],"predecessor-version":[{"id":187878,"href":"https:\/\/www.welovecycling.com\/wide\/wp-json\/wp\/v2\/posts\/187871\/revisions\/187878"}],"wp:featuredmedia":[{"embeddable":true,"href":"https:\/\/www.welovecycling.com\/wide\/wp-json\/wp\/v2\/media\/187875"}],"wp:attachment":[{"href":"https:\/\/www.welovecycling.com\/wide\/wp-json\/wp\/v2\/media?parent=187871"}],"wp:term":[{"taxonomy":"category","embeddable":true,"href":"https:\/\/www.welovecycling.com\/wide\/wp-json\/wp\/v2\/categories?post=187871"},{"taxonomy":"post_tag","embeddable":true,"href":"https:\/\/www.welovecycling.com\/wide\/wp-json\/wp\/v2\/tags?post=187871"},{"taxonomy":"global-categories","embeddable":true,"href":"https:\/\/www.welovecycling.com\/wide\/wp-json\/wp\/v2\/global-categories?post=187871"}],"curies":[{"name":"wp","href":"https:\/\/api.w.org\/{rel}","templated":true}]}}