{"id":187749,"date":"2021-12-03T08:49:00","date_gmt":"2021-12-03T08:49:00","guid":{"rendered":"https:\/\/www.welovecycling.com\/wide\/?p=187749"},"modified":"2021-12-03T09:26:07","modified_gmt":"2021-12-03T09:26:07","slug":"top-5-worst-cycle-lanes-in-slovakia","status":"publish","type":"post","link":"https:\/\/www.welovecycling.com\/wide\/2021\/12\/03\/top-5-worst-cycle-lanes-in-slovakia\/","title":{"rendered":"Top 5 Worst Cycle Lanes in Slovakia\u00a0"},"content":{"rendered":"<p><strong>Not long ago, we staked out a bold new goal for We Love Cycling magazine: to collect as many of the worst cycle lanes across the globe as we could and gather them in the biggest gallery of its kind. And thus, <a href=\"https:\/\/www.welovecycling.com\/wide\/worst-cycle-lane\/\" target=\"_blank\" rel=\"noopener\">the Worst Cycle Lane in the World Gallery<\/a> was born! It\u2019s been driven purely by user submissions. Here\u2019s our selection of the \u2018best\u2019 entries from Slovakia!<\/strong><\/p>\n<p><!--more--><\/p>\n<p>Many changes were brought about since the end of 2019 for obvious reasons but some of them were actually a force for good as more people have chosen bikes as their commuting option. At the start of 2020, the cycling citizens of Slovakia were happy to hear that a 21-kilometre stretch of a frequented and scenic 100-km-long cycle path was <a href=\"https:\/\/www.themayor.eu\/en\/a\/view\/slovakia-ready-for-expansion-of-major-cycling-route-4055?trans=en-US\">scheduled for a major upgrade<\/a>. The Slovak Prime Minister has also recently announced that 105.1 million euros are going to be put forward to construct and renovate cycling infrastructure across the country, including the creation of around <a href=\"https:\/\/newsbeezer.com\/slovakiaeng\/around-5000-bicycle-parking-spaces-could-be-created-in-slovakia\/\">5,000 bicycle parking spaces<\/a> mainly next to train stations. Let\u2019s hope the best submissions in the gallery below will disappear over the years.<\/p>\n<h2><strong>1. All clear, thanks<\/strong><\/h2>\n<figure id=\"attachment_187750\" aria-describedby=\"caption-attachment-187750\" style=\"width: 720px\" class=\"wp-caption alignnone\"><a href=\"https:\/\/d2p6e6u75xmxt8.cloudfront.net\/2\/2021\/12\/BanskaBystrica.jpg\"><img loading=\"lazy\" decoding=\"async\" class=\"size-full wp-image-187750\" src=\"https:\/\/d2p6e6u75xmxt8.cloudfront.net\/2\/2021\/12\/BanskaBystrica.jpg\" alt=\"Banska Bystrica cycle lane\" width=\"720\" height=\"720\" \/><\/a><figcaption id=\"caption-attachment-187750\" class=\"wp-caption-text\">Bansk\u00e1 Bystrica<\/figcaption><\/figure>\n<h2><strong>2. That&#8217;s it, folks<\/strong><\/h2>\n<figure id=\"attachment_185409\" aria-describedby=\"caption-attachment-185409\" style=\"width: 720px\" class=\"wp-caption alignnone\"><a href=\"https:\/\/d2p6e6u75xmxt8.cloudfront.net\/2\/2021\/08\/MadeinSlovakia_6118c1d15ca61.jpg\"><img loading=\"lazy\" decoding=\"async\" class=\"wp-image-185409\" src=\"https:\/\/d2p6e6u75xmxt8.cloudfront.net\/2\/2021\/08\/MadeinSlovakia_6118c1d15ca61.jpg\" alt=\"Slovakia cycle lane\" width=\"720\" height=\"720\" \/><\/a><figcaption id=\"caption-attachment-185409\" class=\"wp-caption-text\">Slovakia<\/figcaption><\/figure>\n<h2><strong>3. Off to the wild<\/strong><\/h2>\n<figure id=\"attachment_187752\" aria-describedby=\"caption-attachment-187752\" style=\"width: 720px\" class=\"wp-caption alignnone\"><a href=\"https:\/\/d2p6e6u75xmxt8.cloudfront.net\/2\/2021\/12\/EuroVelo-Cycle-lane.jpg\"><img loading=\"lazy\" decoding=\"async\" class=\"size-full wp-image-187752\" src=\"https:\/\/d2p6e6u75xmxt8.cloudfront.net\/2\/2021\/12\/EuroVelo-Cycle-lane.jpg\" alt=\"EuroV\u00e9lo Cycle Path\" width=\"720\" height=\"720\" \/><\/a><figcaption id=\"caption-attachment-187752\" class=\"wp-caption-text\">Kravany nad Dunajom<\/figcaption><\/figure>\n<h2><strong>4. Brand new<\/strong><\/h2>\n<figure id=\"attachment_185421\" aria-describedby=\"caption-attachment-185421\" style=\"width: 720px\" class=\"wp-caption alignnone\"><a href=\"https:\/\/d2p6e6u75xmxt8.cloudfront.net\/2\/2021\/08\/BrandnewbikepathinBratislava-Slovakia._6118c3346204b.jpg\"><img loading=\"lazy\" decoding=\"async\" class=\"size-full wp-image-185421\" src=\"https:\/\/d2p6e6u75xmxt8.cloudfront.net\/2\/2021\/08\/BrandnewbikepathinBratislava-Slovakia._6118c3346204b.jpg\" alt=\"Bratislava cycle path\" width=\"720\" height=\"720\" \/><\/a><figcaption id=\"caption-attachment-185421\" class=\"wp-caption-text\">Bratislava<\/figcaption><\/figure>\n<h2><strong>Wanna watch a movie?<\/strong><\/h2>\n<figure id=\"attachment_187751\" aria-describedby=\"caption-attachment-187751\" style=\"width: 720px\" class=\"wp-caption alignnone\"><a href=\"https:\/\/d2p6e6u75xmxt8.cloudfront.net\/2\/2021\/12\/Bratislava.jpg\"><img loading=\"lazy\" decoding=\"async\" class=\"wp-image-187751 size-full\" src=\"https:\/\/d2p6e6u75xmxt8.cloudfront.net\/2\/2021\/12\/Bratislava.jpg\" alt=\"Bratislava cycle lane\" width=\"720\" height=\"720\" \/><\/a><figcaption id=\"caption-attachment-187751\" class=\"wp-caption-text\">Bratislava<\/figcaption><\/figure>\n","protected":false},"excerpt":{"rendered":"<p>Not long ago, we staked out a bold new goal for We Love Cycling magazine: to collect as many of [&hellip;]<\/p>\n","protected":false},"author":99,"featured_media":187753,"comment_status":"open","ping_status":"open","sticky":false,"template":"","format":"standard","meta":{"footnotes":""},"categories":[330],"tags":[2865,1747,5903],"global-categories":[3366],"class_list":["post-187749","post","type-post","status-publish","format-standard","has-post-thumbnail","hentry","category-urban-cycling","tag-urban-cycling","tag-worst-cycle-lanes","tag-worst-cycle-lanes-in-slovakia","global-categories-cycling"],"yoast_head":"<!-- This site is optimized with the Yoast SEO Premium plugin v25.3 (Yoast SEO v25.9) - https:\/\/yoast.com\/wordpress\/plugins\/seo\/ -->\n<title>Top 5 Worst Cycle Lanes in Slovakia\u00a0 - \u0160koda We Love Cycling<\/title>\n<meta name=\"description\" content=\"Not long ago, we staked out a bold new goal for We Love Cycling magazine: to collect as many of the worst cycle lanes across the globe as we could and\" \/>\n<meta name=\"robots\" content=\"index, follow, max-snippet:-1, max-image-preview:large, max-video-preview:-1\" \/>\n<link rel=\"canonical\" href=\"https:\/\/www.welovecycling.com\/wide\/2021\/12\/03\/top-5-worst-cycle-lanes-in-slovakia\/\" \/>\n<meta property=\"og:locale\" content=\"en_US\" \/>\n<meta property=\"og:type\" content=\"article\" \/>\n<meta property=\"og:title\" content=\"Top 5 Worst Cycle Lanes in Slovakia\u00a0\" \/>\n<meta property=\"og:description\" content=\"Jeez Louise!\" \/>\n<meta property=\"og:url\" content=\"https:\/\/www.welovecycling.com\/wide\/2021\/12\/03\/top-5-worst-cycle-lanes-in-slovakia\/\" \/>\n<meta property=\"og:site_name\" content=\"\u0160koda We Love Cycling\" \/>\n<meta property=\"article:published_time\" content=\"2021-12-03T08:49:00+00:00\" \/>\n<meta property=\"article:modified_time\" content=\"2021-12-03T09:26:07+00:00\" \/>\n<meta property=\"og:image\" content=\"https:\/\/d2p6e6u75xmxt8.cloudfront.net\/2\/2021\/12\/qq.webp\" \/>\n\t<meta property=\"og:image:width\" content=\"1200\" \/>\n\t<meta property=\"og:image:height\" content=\"628\" \/>\n\t<meta property=\"og:image:type\" content=\"image\/webp\" \/>\n<meta name=\"author\" content=\"tereza\" \/>\n<meta name=\"twitter:card\" content=\"summary_large_image\" \/>\n<meta name=\"twitter:label1\" content=\"Written by\" \/>\n\t<meta name=\"twitter:data1\" content=\"WeLoveCycling\" \/>\n\t<meta name=\"twitter:label2\" content=\"Est. reading time\" \/>\n\t<meta name=\"twitter:data2\" content=\"5\" \/>\n<script type=\"application\/ld+json\" class=\"yoast-schema-graph\">{\"@context\":\"https:\/\/schema.org\",\"@graph\":[{\"@type\":\"WebPage\",\"@id\":\"https:\/\/www.welovecycling.com\/wide\/2021\/12\/03\/top-5-worst-cycle-lanes-in-slovakia\/\",\"url\":\"https:\/\/www.welovecycling.com\/wide\/2021\/12\/03\/top-5-worst-cycle-lanes-in-slovakia\/\",\"name\":\"Top 5 Worst Cycle Lanes in Slovakia\u00a0 - \u0160koda We Love Cycling\",\"isPartOf\":{\"@id\":\"https:\/\/www.welovecycling.com\/wide\/#website\"},\"primaryImageOfPage\":{\"@id\":\"https:\/\/www.welovecycling.com\/wide\/2021\/12\/03\/top-5-worst-cycle-lanes-in-slovakia\/#primaryimage\"},\"image\":{\"@id\":\"https:\/\/www.welovecycling.com\/wide\/2021\/12\/03\/top-5-worst-cycle-lanes-in-slovakia\/#primaryimage\"},\"thumbnailUrl\":\"https:\/\/d2p6e6u75xmxt8.cloudfront.net\/2\/2021\/12\/Bystrica-Cycle-Lane-CVR.webp\",\"datePublished\":\"2021-12-03T08:49:00+00:00\",\"dateModified\":\"2021-12-03T09:26:07+00:00\",\"author\":{\"@id\":\"https:\/\/www.welovecycling.com\/wide\/#\/schema\/person\/50f01ecd18718d2333cf72e823c4f926\"},\"description\":\"Not long ago, we staked out a bold new goal for We Love Cycling magazine: to collect as many of the worst cycle lanes across the globe as we could and\",\"breadcrumb\":{\"@id\":\"https:\/\/www.welovecycling.com\/wide\/2021\/12\/03\/top-5-worst-cycle-lanes-in-slovakia\/#breadcrumb\"},\"inLanguage\":\"en-US\",\"potentialAction\":[{\"@type\":\"ReadAction\",\"target\":[\"https:\/\/www.welovecycling.com\/wide\/2021\/12\/03\/top-5-worst-cycle-lanes-in-slovakia\/\"]}]},{\"@type\":\"ImageObject\",\"inLanguage\":\"en-US\",\"@id\":\"https:\/\/www.welovecycling.com\/wide\/2021\/12\/03\/top-5-worst-cycle-lanes-in-slovakia\/#primaryimage\",\"url\":\"https:\/\/d2p6e6u75xmxt8.cloudfront.net\/2\/2021\/12\/Bystrica-Cycle-Lane-CVR.webp\",\"contentUrl\":\"https:\/\/d2p6e6u75xmxt8.cloudfront.net\/2\/2021\/12\/Bystrica-Cycle-Lane-CVR.webp\",\"width\":900,\"height\":600,\"caption\":\"Cycle lane in Slovakia\"},{\"@type\":\"BreadcrumbList\",\"@id\":\"https:\/\/www.welovecycling.com\/wide\/2021\/12\/03\/top-5-worst-cycle-lanes-in-slovakia\/#breadcrumb\",\"itemListElement\":[{\"@type\":\"ListItem\",\"position\":1,\"name\":\"Home\",\"item\":\"https:\/\/www.welovecycling.com\/wide\/\"},{\"@type\":\"ListItem\",\"position\":2,\"name\":\"Top 5 Worst Cycle Lanes in Slovakia\u00a0\"}]},{\"@type\":\"WebSite\",\"@id\":\"https:\/\/www.welovecycling.com\/wide\/#website\",\"url\":\"https:\/\/www.welovecycling.com\/wide\/\",\"name\":\"\u0160koda We Love Cycling\",\"description\":\"\u0160koda We Love Cycling magazine\",\"alternateName\":\"\u0160koda WLC\",\"potentialAction\":[{\"@type\":\"SearchAction\",\"target\":{\"@type\":\"EntryPoint\",\"urlTemplate\":\"https:\/\/www.welovecycling.com\/wide\/?s={search_term_string}\"},\"query-input\":{\"@type\":\"PropertyValueSpecification\",\"valueRequired\":true,\"valueName\":\"search_term_string\"}}],\"inLanguage\":\"en-US\"},{\"@type\":\"Person\",\"@id\":\"https:\/\/www.welovecycling.com\/wide\/#\/schema\/person\/50f01ecd18718d2333cf72e823c4f926\",\"name\":\"tereza\",\"image\":{\"@type\":\"ImageObject\",\"inLanguage\":\"en-US\",\"@id\":\"https:\/\/www.welovecycling.com\/wide\/#\/schema\/person\/image\/\",\"url\":\"https:\/\/secure.gravatar.com\/avatar\/1f9eb71be33845f0afabce3791bc1c58ecdb0a25c62964987e5dbcf7a20d2ec7?s=96&d=mm&r=g\",\"contentUrl\":\"https:\/\/secure.gravatar.com\/avatar\/1f9eb71be33845f0afabce3791bc1c58ecdb0a25c62964987e5dbcf7a20d2ec7?s=96&d=mm&r=g\",\"caption\":\"tereza\"},\"url\":\"https:\/\/www.welovecycling.com\/wide\/author\/tereza\/\"}]}<\/script>\n<!-- \/ Yoast SEO Premium plugin. -->","yoast_head_json":{"title":"Top 5 Worst Cycle Lanes in Slovakia\u00a0 - \u0160koda We Love Cycling","description":"Not long ago, we staked out a bold new goal for We Love Cycling magazine: to collect as many of the worst cycle lanes across the globe as we could and","robots":{"index":"index","follow":"follow","max-snippet":"max-snippet:-1","max-image-preview":"max-image-preview:large","max-video-preview":"max-video-preview:-1"},"canonical":"https:\/\/www.welovecycling.com\/wide\/2021\/12\/03\/top-5-worst-cycle-lanes-in-slovakia\/","og_locale":"en_US","og_type":"article","og_title":"Top 5 Worst Cycle Lanes in Slovakia\u00a0","og_description":"Jeez Louise!","og_url":"https:\/\/www.welovecycling.com\/wide\/2021\/12\/03\/top-5-worst-cycle-lanes-in-slovakia\/","og_site_name":"\u0160koda We Love Cycling","article_published_time":"2021-12-03T08:49:00+00:00","article_modified_time":"2021-12-03T09:26:07+00:00","og_image":[{"width":1200,"height":628,"url":"https:\/\/d2p6e6u75xmxt8.cloudfront.net\/2\/2021\/12\/qq.webp","type":"image\/webp"}],"author":"tereza","twitter_card":"summary_large_image","twitter_misc":{"Written by":"WeLoveCycling","Est. reading time":"5"},"schema":{"@context":"https:\/\/schema.org","@graph":[{"@type":"WebPage","@id":"https:\/\/www.welovecycling.com\/wide\/2021\/12\/03\/top-5-worst-cycle-lanes-in-slovakia\/","url":"https:\/\/www.welovecycling.com\/wide\/2021\/12\/03\/top-5-worst-cycle-lanes-in-slovakia\/","name":"Top 5 Worst Cycle Lanes in Slovakia\u00a0 - \u0160koda We Love Cycling","isPartOf":{"@id":"https:\/\/www.welovecycling.com\/wide\/#website"},"primaryImageOfPage":{"@id":"https:\/\/www.welovecycling.com\/wide\/2021\/12\/03\/top-5-worst-cycle-lanes-in-slovakia\/#primaryimage"},"image":{"@id":"https:\/\/www.welovecycling.com\/wide\/2021\/12\/03\/top-5-worst-cycle-lanes-in-slovakia\/#primaryimage"},"thumbnailUrl":"https:\/\/d2p6e6u75xmxt8.cloudfront.net\/2\/2021\/12\/Bystrica-Cycle-Lane-CVR.webp","datePublished":"2021-12-03T08:49:00+00:00","dateModified":"2021-12-03T09:26:07+00:00","author":{"@id":"https:\/\/www.welovecycling.com\/wide\/#\/schema\/person\/50f01ecd18718d2333cf72e823c4f926"},"description":"Not long ago, we staked out a bold new goal for We Love Cycling magazine: to collect as many of the worst cycle lanes across the globe as we could and","breadcrumb":{"@id":"https:\/\/www.welovecycling.com\/wide\/2021\/12\/03\/top-5-worst-cycle-lanes-in-slovakia\/#breadcrumb"},"inLanguage":"en-US","potentialAction":[{"@type":"ReadAction","target":["https:\/\/www.welovecycling.com\/wide\/2021\/12\/03\/top-5-worst-cycle-lanes-in-slovakia\/"]}]},{"@type":"ImageObject","inLanguage":"en-US","@id":"https:\/\/www.welovecycling.com\/wide\/2021\/12\/03\/top-5-worst-cycle-lanes-in-slovakia\/#primaryimage","url":"https:\/\/d2p6e6u75xmxt8.cloudfront.net\/2\/2021\/12\/Bystrica-Cycle-Lane-CVR.webp","contentUrl":"https:\/\/d2p6e6u75xmxt8.cloudfront.net\/2\/2021\/12\/Bystrica-Cycle-Lane-CVR.webp","width":900,"height":600,"caption":"Cycle lane in Slovakia"},{"@type":"BreadcrumbList","@id":"https:\/\/www.welovecycling.com\/wide\/2021\/12\/03\/top-5-worst-cycle-lanes-in-slovakia\/#breadcrumb","itemListElement":[{"@type":"ListItem","position":1,"name":"Home","item":"https:\/\/www.welovecycling.com\/wide\/"},{"@type":"ListItem","position":2,"name":"Top 5 Worst Cycle Lanes in Slovakia\u00a0"}]},{"@type":"WebSite","@id":"https:\/\/www.welovecycling.com\/wide\/#website","url":"https:\/\/www.welovecycling.com\/wide\/","name":"\u0160koda We Love Cycling","description":"\u0160koda We Love Cycling magazine","alternateName":"\u0160koda WLC","potentialAction":[{"@type":"SearchAction","target":{"@type":"EntryPoint","urlTemplate":"https:\/\/www.welovecycling.com\/wide\/?s={search_term_string}"},"query-input":{"@type":"PropertyValueSpecification","valueRequired":true,"valueName":"search_term_string"}}],"inLanguage":"en-US"},{"@type":"Person","@id":"https:\/\/www.welovecycling.com\/wide\/#\/schema\/person\/50f01ecd18718d2333cf72e823c4f926","name":"tereza","image":{"@type":"ImageObject","inLanguage":"en-US","@id":"https:\/\/www.welovecycling.com\/wide\/#\/schema\/person\/image\/","url":"https:\/\/secure.gravatar.com\/avatar\/1f9eb71be33845f0afabce3791bc1c58ecdb0a25c62964987e5dbcf7a20d2ec7?s=96&d=mm&r=g","contentUrl":"https:\/\/secure.gravatar.com\/avatar\/1f9eb71be33845f0afabce3791bc1c58ecdb0a25c62964987e5dbcf7a20d2ec7?s=96&d=mm&r=g","caption":"tereza"},"url":"https:\/\/www.welovecycling.com\/wide\/author\/tereza\/"}]}},"_links":{"self":[{"href":"https:\/\/www.welovecycling.com\/wide\/wp-json\/wp\/v2\/posts\/187749","targetHints":{"allow":["GET"]}}],"collection":[{"href":"https:\/\/www.welovecycling.com\/wide\/wp-json\/wp\/v2\/posts"}],"about":[{"href":"https:\/\/www.welovecycling.com\/wide\/wp-json\/wp\/v2\/types\/post"}],"author":[{"embeddable":true,"href":"https:\/\/www.welovecycling.com\/wide\/wp-json\/wp\/v2\/users\/99"}],"replies":[{"embeddable":true,"href":"https:\/\/www.welovecycling.com\/wide\/wp-json\/wp\/v2\/comments?post=187749"}],"version-history":[{"count":2,"href":"https:\/\/www.welovecycling.com\/wide\/wp-json\/wp\/v2\/posts\/187749\/revisions"}],"predecessor-version":[{"id":187757,"href":"https:\/\/www.welovecycling.com\/wide\/wp-json\/wp\/v2\/posts\/187749\/revisions\/187757"}],"wp:featuredmedia":[{"embeddable":true,"href":"https:\/\/www.welovecycling.com\/wide\/wp-json\/wp\/v2\/media\/187753"}],"wp:attachment":[{"href":"https:\/\/www.welovecycling.com\/wide\/wp-json\/wp\/v2\/media?parent=187749"}],"wp:term":[{"taxonomy":"category","embeddable":true,"href":"https:\/\/www.welovecycling.com\/wide\/wp-json\/wp\/v2\/categories?post=187749"},{"taxonomy":"post_tag","embeddable":true,"href":"https:\/\/www.welovecycling.com\/wide\/wp-json\/wp\/v2\/tags?post=187749"},{"taxonomy":"global-categories","embeddable":true,"href":"https:\/\/www.welovecycling.com\/wide\/wp-json\/wp\/v2\/global-categories?post=187749"}],"curies":[{"name":"wp","href":"https:\/\/api.w.org\/{rel}","templated":true}]}}