{"id":187533,"date":"2021-11-24T05:02:48","date_gmt":"2021-11-24T05:02:48","guid":{"rendered":"https:\/\/www.welovecycling.com\/wide\/?p=187533"},"modified":"2021-11-29T10:33:42","modified_gmt":"2021-11-29T10:33:42","slug":"the-best-of-the-cycling-black-friday-deals","status":"publish","type":"post","link":"https:\/\/www.welovecycling.com\/wide\/2021\/11\/24\/the-best-of-the-cycling-black-friday-deals\/","title":{"rendered":"The Best of the Cycling Black Friday Deals"},"content":{"rendered":"<p><strong>The official Black Friday is still a few days away. However, most brands have already unveiled their deals to the world. We\u2019ve assembled a list so you won\u2019t miss out on any of the opportunities.<\/strong><!--more--><\/p>\n<h2><strong>Wiggle and the Garmins<\/strong><\/h2>\n<p>The <a href=\"https:\/\/www.wiggle.co.uk\/black-friday\">UK shop offers<\/a> 35% off on Garmin tech and turbo trainers and more. Be sure to check it out.<\/p>\n<figure id=\"attachment_187536\" aria-describedby=\"caption-attachment-187536\" style=\"width: 430px\" class=\"wp-caption alignnone\"><img loading=\"lazy\" decoding=\"async\" class=\"size-full wp-image-187536\" src=\"https:\/\/d2p6e6u75xmxt8.cloudfront.net\/2\/2021\/11\/Edge130Plus_HR_1000.14-1.jpg\" alt=\"\" width=\"430\" height=\"430\" \/><figcaption id=\"caption-attachment-187536\" class=\"wp-caption-text\">Garmin Edge 130 Plus GPS Cycle Computer &#8211; \u20ac144.39<\/figcaption><\/figure>\n<h2><strong>Rapha sale<\/strong><\/h2>\n<p>Pro-team kits, winter tights, Rapha has it all <a href=\"https:\/\/www.rapha.cc\/gb\/en\/archive-sale\/category\/archive\">for sale<\/a>.<\/p>\n<figure id=\"attachment_187537\" aria-describedby=\"caption-attachment-187537\" style=\"width: 1000px\" class=\"wp-caption alignnone\"><img loading=\"lazy\" decoding=\"async\" class=\"size-full wp-image-187537\" src=\"https:\/\/d2p6e6u75xmxt8.cloudfront.net\/2\/2021\/11\/CAN01XX_PUR_product_H119_01.jpg\" alt=\"\" width=\"1000\" height=\"1000\" \/><figcaption id=\"caption-attachment-187537\" class=\"wp-caption-text\">CANYON\/\/SRAM TRAINING JERSEY &#8211; \u00a342.00<\/figcaption><\/figure>\n<h2><strong>Chain reaction<\/strong><\/h2>\n<p>A lot of deals worthy of <a href=\"https:\/\/www.chainreactioncycles.com\/r-pm\/blackfriday\">browsing, through<\/a>.<\/p>\n<figure id=\"attachment_187539\" aria-describedby=\"caption-attachment-187539\" style=\"width: 500px\" class=\"wp-caption alignnone\"><img loading=\"lazy\" decoding=\"async\" class=\"size-full wp-image-187539\" src=\"https:\/\/d2p6e6u75xmxt8.cloudfront.net\/2\/2021\/11\/prod198085_Black_NE_01.jpg\" alt=\"\" width=\"500\" height=\"505\" \/><figcaption id=\"caption-attachment-187539\" class=\"wp-caption-text\">LifeLine Xplova NOZA S Smart Trainer &#8211; \u00a3379.99<\/figcaption><\/figure>\n<h2><strong>Sigma Sports<\/strong><\/h2>\n<p>36% off shoes, 41% off helmets. Doesn\u2019t get much better than that. <a href=\"https:\/\/www.sigmasports.com\/black-friday\">Shop here<\/a>.<\/p>\n<figure id=\"attachment_187540\" aria-describedby=\"caption-attachment-187540\" style=\"width: 1255px\" class=\"wp-caption alignnone\"><img loading=\"lazy\" decoding=\"async\" class=\"size-full wp-image-187540\" src=\"https:\/\/d2p6e6u75xmxt8.cloudfront.net\/2\/2021\/11\/1280x1280_PC107211001_main.jpg\" alt=\"\" width=\"1255\" height=\"1280\" \/><figcaption id=\"caption-attachment-187540\" class=\"wp-caption-text\">POC Omne AIR SPIN &#8211; <span id=\"js-purchase-price\" class=\"product-price__purchase-price js-item-purchase-price js-gtm-product-price\" data-price=\"82\">\u00a382.00<\/span><\/figcaption><\/figure>\n<h2><strong>Evans Cycles<\/strong><\/h2>\n<p>50 pounds for every 250 pounds spent. <a href=\"https:\/\/www.evanscycles.com\/sale\">Sounds good<\/a>.<\/p>\n<figure id=\"attachment_187542\" aria-describedby=\"caption-attachment-187542\" style=\"width: 772px\" class=\"wp-caption alignnone\"><img loading=\"lazy\" decoding=\"async\" class=\"size-full wp-image-187542\" src=\"https:\/\/d2p6e6u75xmxt8.cloudfront.net\/2\/2021\/11\/4848747.JPG.jpg\" alt=\"\" width=\"772\" height=\"469\" \/><figcaption id=\"caption-attachment-187542\" class=\"wp-caption-text\">Pinnacle Arkose 1 2021 Gravel Bike &#8211; \u00a3800.00<\/figcaption><\/figure>\n<h2><strong>Tredz.co.uk<\/strong><\/h2>\n<p>They claim to be <a href=\"https:\/\/www.tredz.co.uk\/bike-clearance\">clearing the warehouse<\/a> and there are <a href=\"https:\/\/www.tredz.co.uk\/search?product_black_friday=true\">some good deals<\/a> to be found.<\/p>\n<figure id=\"attachment_187543\" aria-describedby=\"caption-attachment-187543\" style=\"width: 497px\" class=\"wp-caption alignnone\"><img loading=\"lazy\" decoding=\"async\" class=\"size-full wp-image-187543\" src=\"https:\/\/d2p6e6u75xmxt8.cloudfront.net\/2\/2021\/11\/237930-792392_1_Zoom.jpg\" alt=\"\" width=\"497\" height=\"370\" \/><figcaption id=\"caption-attachment-187543\" class=\"wp-caption-text\">Fulcrum WIND 40 DB HG Wheelset With Free GP5000 Tyres &amp; Tubes &#8211; \u00a3749.00<\/figcaption><\/figure>\n<h2><strong>Rutland cycling<\/strong><\/h2>\n<p>They promise a lot and seem to have the best turbo trainer deals. Worthy of <a href=\"https:\/\/www.rutlandcycling.com\/black-friday\/\">checking out<\/a>.<\/p>\n<p><img loading=\"lazy\" decoding=\"async\" class=\"alignnone size-full wp-image-187547\" src=\"https:\/\/d2p6e6u75xmxt8.cloudfront.net\/2\/2021\/11\/745487486.JPG.jpg\" alt=\"\" width=\"1995\" height=\"663\" \/><\/p>\n<h2><strong>GoPro<\/strong><\/h2>\n<p>You know you want to treat yourself to <a href=\"https:\/\/gopro.com\/en\/gb\/shop\/cameras\">one of those<\/a>.<\/p>\n<figure id=\"attachment_187544\" aria-describedby=\"caption-attachment-187544\" style=\"width: 1334px\" class=\"wp-caption alignnone\"><img loading=\"lazy\" decoding=\"async\" class=\"wp-image-187544 size-full\" src=\"https:\/\/d2p6e6u75xmxt8.cloudfront.net\/2\/2021\/11\/4545415.JPG.jpg\" alt=\"\" width=\"1334\" height=\"903\" \/><figcaption id=\"caption-attachment-187544\" class=\"wp-caption-text\">HERO10 Black Bundle with 1-year GoPro Subscription &#8211; \u00a3379.98<\/figcaption><\/figure>\n","protected":false},"excerpt":{"rendered":"<p>The official Black Friday is still a few days away. However, most brands have already unveiled their deals to the [&hellip;]<\/p>\n","protected":false},"author":12,"featured_media":187546,"comment_status":"open","ping_status":"open","sticky":false,"template":"","format":"standard","meta":{"footnotes":""},"categories":[334],"tags":[4640,5876,1552,2898,809],"global-categories":[3366],"class_list":["post-187533","post","type-post","status-publish","format-standard","has-post-thumbnail","hentry","category-socialising-and-culture","tag-black-friday","tag-cycling-black-friday","tag-garmin","tag-poc","tag-rapha","global-categories-cycling"],"yoast_head":"<!-- This site is optimized with the Yoast SEO Premium plugin v25.3 (Yoast SEO v25.9) - https:\/\/yoast.com\/wordpress\/plugins\/seo\/ -->\n<title>The Best of the Cycling Black Friday Deals - \u0160koda We Love Cycling<\/title>\n<meta name=\"description\" content=\"The official Black Friday is still a few days away. However, most brands have already unveiled their deals to the world. We\u2019ve assembled a list so you\" \/>\n<meta name=\"robots\" content=\"index, follow, max-snippet:-1, max-image-preview:large, max-video-preview:-1\" \/>\n<link rel=\"canonical\" href=\"https:\/\/www.welovecycling.com\/wide\/2021\/11\/24\/the-best-of-the-cycling-black-friday-deals\/\" \/>\n<meta property=\"og:locale\" content=\"en_US\" \/>\n<meta property=\"og:type\" content=\"article\" \/>\n<meta property=\"og:title\" content=\"The Best of the Cycling Black Friday Deals\" \/>\n<meta property=\"og:description\" content=\"The official Black Friday is still a few days away. However, most brands have already unveiled their deals to the world. We\u2019ve assembled a list so you\" \/>\n<meta property=\"og:url\" content=\"https:\/\/www.welovecycling.com\/wide\/2021\/11\/24\/the-best-of-the-cycling-black-friday-deals\/\" \/>\n<meta property=\"og:site_name\" content=\"\u0160koda We Love Cycling\" \/>\n<meta property=\"article:published_time\" content=\"2021-11-24T05:02:48+00:00\" \/>\n<meta property=\"article:modified_time\" content=\"2021-11-29T10:33:42+00:00\" \/>\n<meta property=\"og:image\" content=\"https:\/\/d2p6e6u75xmxt8.cloudfront.net\/2\/2021\/11\/Black-Friday-CVR-profimedia-0475962453.webp\" \/>\n\t<meta property=\"og:image:width\" content=\"900\" \/>\n\t<meta property=\"og:image:height\" content=\"600\" \/>\n\t<meta property=\"og:image:type\" content=\"image\/webp\" \/>\n<meta name=\"twitter:card\" content=\"summary_large_image\" \/>\n<meta name=\"twitter:label1\" content=\"Written by\" \/>\n\t<meta name=\"twitter:data1\" content=\"Monica Buck\" \/>\n\t<meta name=\"twitter:label2\" content=\"Est. reading time\" \/>\n\t<meta name=\"twitter:data2\" content=\"4\" \/>\n<script type=\"application\/ld+json\" class=\"yoast-schema-graph\">{\"@context\":\"https:\/\/schema.org\",\"@graph\":[{\"@type\":\"WebPage\",\"@id\":\"https:\/\/www.welovecycling.com\/wide\/2021\/11\/24\/the-best-of-the-cycling-black-friday-deals\/\",\"url\":\"https:\/\/www.welovecycling.com\/wide\/2021\/11\/24\/the-best-of-the-cycling-black-friday-deals\/\",\"name\":\"The Best of the Cycling Black Friday Deals - \u0160koda We Love Cycling\",\"isPartOf\":{\"@id\":\"https:\/\/www.welovecycling.com\/wide\/#website\"},\"primaryImageOfPage\":{\"@id\":\"https:\/\/www.welovecycling.com\/wide\/2021\/11\/24\/the-best-of-the-cycling-black-friday-deals\/#primaryimage\"},\"image\":{\"@id\":\"https:\/\/www.welovecycling.com\/wide\/2021\/11\/24\/the-best-of-the-cycling-black-friday-deals\/#primaryimage\"},\"thumbnailUrl\":\"https:\/\/d2p6e6u75xmxt8.cloudfront.net\/2\/2021\/11\/Black-Friday-CVR-profimedia-0475962453.webp\",\"datePublished\":\"2021-11-24T05:02:48+00:00\",\"dateModified\":\"2021-11-29T10:33:42+00:00\",\"author\":{\"@id\":\"\"},\"description\":\"The official Black Friday is still a few days away. However, most brands have already unveiled their deals to the world. We\u2019ve assembled a list so you\",\"breadcrumb\":{\"@id\":\"https:\/\/www.welovecycling.com\/wide\/2021\/11\/24\/the-best-of-the-cycling-black-friday-deals\/#breadcrumb\"},\"inLanguage\":\"en-US\",\"potentialAction\":[{\"@type\":\"ReadAction\",\"target\":[\"https:\/\/www.welovecycling.com\/wide\/2021\/11\/24\/the-best-of-the-cycling-black-friday-deals\/\"]}]},{\"@type\":\"ImageObject\",\"inLanguage\":\"en-US\",\"@id\":\"https:\/\/www.welovecycling.com\/wide\/2021\/11\/24\/the-best-of-the-cycling-black-friday-deals\/#primaryimage\",\"url\":\"https:\/\/d2p6e6u75xmxt8.cloudfront.net\/2\/2021\/11\/Black-Friday-CVR-profimedia-0475962453.webp\",\"contentUrl\":\"https:\/\/d2p6e6u75xmxt8.cloudfront.net\/2\/2021\/11\/Black-Friday-CVR-profimedia-0475962453.webp\",\"width\":900,\"height\":600,\"caption\":\"Black Friday\"},{\"@type\":\"BreadcrumbList\",\"@id\":\"https:\/\/www.welovecycling.com\/wide\/2021\/11\/24\/the-best-of-the-cycling-black-friday-deals\/#breadcrumb\",\"itemListElement\":[{\"@type\":\"ListItem\",\"position\":1,\"name\":\"Home\",\"item\":\"https:\/\/www.welovecycling.com\/wide\/\"},{\"@type\":\"ListItem\",\"position\":2,\"name\":\"The Best of the Cycling Black Friday Deals\"}]},{\"@type\":\"WebSite\",\"@id\":\"https:\/\/www.welovecycling.com\/wide\/#website\",\"url\":\"https:\/\/www.welovecycling.com\/wide\/\",\"name\":\"\u0160koda We Love Cycling\",\"description\":\"\u0160koda We Love Cycling magazine\",\"alternateName\":\"\u0160koda WLC\",\"potentialAction\":[{\"@type\":\"SearchAction\",\"target\":{\"@type\":\"EntryPoint\",\"urlTemplate\":\"https:\/\/www.welovecycling.com\/wide\/?s={search_term_string}\"},\"query-input\":{\"@type\":\"PropertyValueSpecification\",\"valueRequired\":true,\"valueName\":\"search_term_string\"}}],\"inLanguage\":\"en-US\"},{\"@type\":\"Person\",\"@id\":\"\",\"url\":\"https:\/\/www.welovecycling.com\/wide\/author\/\"}]}<\/script>\n<!-- \/ Yoast SEO Premium plugin. -->","yoast_head_json":{"title":"The Best of the Cycling Black Friday Deals - \u0160koda We Love Cycling","description":"The official Black Friday is still a few days away. However, most brands have already unveiled their deals to the world. We\u2019ve assembled a list so you","robots":{"index":"index","follow":"follow","max-snippet":"max-snippet:-1","max-image-preview":"max-image-preview:large","max-video-preview":"max-video-preview:-1"},"canonical":"https:\/\/www.welovecycling.com\/wide\/2021\/11\/24\/the-best-of-the-cycling-black-friday-deals\/","og_locale":"en_US","og_type":"article","og_title":"The Best of the Cycling Black Friday Deals","og_description":"The official Black Friday is still a few days away. However, most brands have already unveiled their deals to the world. We\u2019ve assembled a list so you","og_url":"https:\/\/www.welovecycling.com\/wide\/2021\/11\/24\/the-best-of-the-cycling-black-friday-deals\/","og_site_name":"\u0160koda We Love Cycling","article_published_time":"2021-11-24T05:02:48+00:00","article_modified_time":"2021-11-29T10:33:42+00:00","og_image":[{"width":900,"height":600,"url":"https:\/\/d2p6e6u75xmxt8.cloudfront.net\/2\/2021\/11\/Black-Friday-CVR-profimedia-0475962453.webp","type":"image\/webp"}],"twitter_card":"summary_large_image","twitter_misc":{"Written by":"Monica Buck","Est. reading time":"4"},"schema":{"@context":"https:\/\/schema.org","@graph":[{"@type":"WebPage","@id":"https:\/\/www.welovecycling.com\/wide\/2021\/11\/24\/the-best-of-the-cycling-black-friday-deals\/","url":"https:\/\/www.welovecycling.com\/wide\/2021\/11\/24\/the-best-of-the-cycling-black-friday-deals\/","name":"The Best of the Cycling Black Friday Deals - \u0160koda We Love Cycling","isPartOf":{"@id":"https:\/\/www.welovecycling.com\/wide\/#website"},"primaryImageOfPage":{"@id":"https:\/\/www.welovecycling.com\/wide\/2021\/11\/24\/the-best-of-the-cycling-black-friday-deals\/#primaryimage"},"image":{"@id":"https:\/\/www.welovecycling.com\/wide\/2021\/11\/24\/the-best-of-the-cycling-black-friday-deals\/#primaryimage"},"thumbnailUrl":"https:\/\/d2p6e6u75xmxt8.cloudfront.net\/2\/2021\/11\/Black-Friday-CVR-profimedia-0475962453.webp","datePublished":"2021-11-24T05:02:48+00:00","dateModified":"2021-11-29T10:33:42+00:00","author":{"@id":""},"description":"The official Black Friday is still a few days away. However, most brands have already unveiled their deals to the world. We\u2019ve assembled a list so you","breadcrumb":{"@id":"https:\/\/www.welovecycling.com\/wide\/2021\/11\/24\/the-best-of-the-cycling-black-friday-deals\/#breadcrumb"},"inLanguage":"en-US","potentialAction":[{"@type":"ReadAction","target":["https:\/\/www.welovecycling.com\/wide\/2021\/11\/24\/the-best-of-the-cycling-black-friday-deals\/"]}]},{"@type":"ImageObject","inLanguage":"en-US","@id":"https:\/\/www.welovecycling.com\/wide\/2021\/11\/24\/the-best-of-the-cycling-black-friday-deals\/#primaryimage","url":"https:\/\/d2p6e6u75xmxt8.cloudfront.net\/2\/2021\/11\/Black-Friday-CVR-profimedia-0475962453.webp","contentUrl":"https:\/\/d2p6e6u75xmxt8.cloudfront.net\/2\/2021\/11\/Black-Friday-CVR-profimedia-0475962453.webp","width":900,"height":600,"caption":"Black Friday"},{"@type":"BreadcrumbList","@id":"https:\/\/www.welovecycling.com\/wide\/2021\/11\/24\/the-best-of-the-cycling-black-friday-deals\/#breadcrumb","itemListElement":[{"@type":"ListItem","position":1,"name":"Home","item":"https:\/\/www.welovecycling.com\/wide\/"},{"@type":"ListItem","position":2,"name":"The Best of the Cycling Black Friday Deals"}]},{"@type":"WebSite","@id":"https:\/\/www.welovecycling.com\/wide\/#website","url":"https:\/\/www.welovecycling.com\/wide\/","name":"\u0160koda We Love Cycling","description":"\u0160koda We Love Cycling magazine","alternateName":"\u0160koda WLC","potentialAction":[{"@type":"SearchAction","target":{"@type":"EntryPoint","urlTemplate":"https:\/\/www.welovecycling.com\/wide\/?s={search_term_string}"},"query-input":{"@type":"PropertyValueSpecification","valueRequired":true,"valueName":"search_term_string"}}],"inLanguage":"en-US"},{"@type":"Person","@id":"","url":"https:\/\/www.welovecycling.com\/wide\/author\/"}]}},"_links":{"self":[{"href":"https:\/\/www.welovecycling.com\/wide\/wp-json\/wp\/v2\/posts\/187533","targetHints":{"allow":["GET"]}}],"collection":[{"href":"https:\/\/www.welovecycling.com\/wide\/wp-json\/wp\/v2\/posts"}],"about":[{"href":"https:\/\/www.welovecycling.com\/wide\/wp-json\/wp\/v2\/types\/post"}],"author":[{"embeddable":true,"href":"https:\/\/www.welovecycling.com\/wide\/wp-json\/wp\/v2\/users\/12"}],"replies":[{"embeddable":true,"href":"https:\/\/www.welovecycling.com\/wide\/wp-json\/wp\/v2\/comments?post=187533"}],"version-history":[{"count":2,"href":"https:\/\/www.welovecycling.com\/wide\/wp-json\/wp\/v2\/posts\/187533\/revisions"}],"predecessor-version":[{"id":187548,"href":"https:\/\/www.welovecycling.com\/wide\/wp-json\/wp\/v2\/posts\/187533\/revisions\/187548"}],"wp:featuredmedia":[{"embeddable":true,"href":"https:\/\/www.welovecycling.com\/wide\/wp-json\/wp\/v2\/media\/187546"}],"wp:attachment":[{"href":"https:\/\/www.welovecycling.com\/wide\/wp-json\/wp\/v2\/media?parent=187533"}],"wp:term":[{"taxonomy":"category","embeddable":true,"href":"https:\/\/www.welovecycling.com\/wide\/wp-json\/wp\/v2\/categories?post=187533"},{"taxonomy":"post_tag","embeddable":true,"href":"https:\/\/www.welovecycling.com\/wide\/wp-json\/wp\/v2\/tags?post=187533"},{"taxonomy":"global-categories","embeddable":true,"href":"https:\/\/www.welovecycling.com\/wide\/wp-json\/wp\/v2\/global-categories?post=187533"}],"curies":[{"name":"wp","href":"https:\/\/api.w.org\/{rel}","templated":true}]}}