{"id":187388,"date":"2021-11-12T14:41:10","date_gmt":"2021-11-12T14:41:10","guid":{"rendered":"https:\/\/www.welovecycling.com\/wide\/?p=187388"},"modified":"2021-11-12T14:41:40","modified_gmt":"2021-11-12T14:41:40","slug":"gallery-gran-fondo-fin-del-mundo-south-americas-most-challenging-endurance-bike-race","status":"publish","type":"post","link":"https:\/\/www.welovecycling.com\/wide\/2021\/11\/12\/gallery-gran-fondo-fin-del-mundo-south-americas-most-challenging-endurance-bike-race\/","title":{"rendered":"GALLERY: Gran Fondo Fin del Mundo \u2013 South America\u2019s Most Challenging Endurance Bike Race"},"content":{"rendered":"<p><strong>Are you eager to pair up your love of cycling with a passion for sightseeing \u2013 while also satisfying your competitive side? Join an endurance bike race such as the unbelievably scenic Gran Fondo Fin del Mundo (GFFDM) that has been taking place in charming Chile for the past seven years.<\/strong><\/p>\n<p><!--more--><\/p>\n<p>This year, the race was held on 31st October in Colb\u00fan in the Maule region and the course was split into two legs: a shorter one of 38 km with 1,570 metres of elevation and a killer one of 153 kilometres with 3,000 metres of elevation. More than 600 participants took up these challenges with the goal to make it to the finish at the foot of the stunning and picturesque Cerro Campanario, one of the most attractive mountains of the southern hemisphere.<\/p>\n<p><a href=\"https:\/\/d2p6e6u75xmxt8.cloudfront.net\/2\/2021\/11\/810_3891_HIGH.jpeg\"><img loading=\"lazy\" decoding=\"async\" class=\"alignnone wp-image-187390 size-full\" src=\"https:\/\/d2p6e6u75xmxt8.cloudfront.net\/2\/2021\/11\/810_3891_HIGH.jpeg\" alt=\"Gran Fondo Fin del Mundo\" width=\"1024\" height=\"683\" \/><\/a><\/p>\n<div id='gallery-1' class='gallery galleryid-187388 gallery-columns-2 gallery-size-large'><figure class='gallery-item'>\n\t\t\t<div class='gallery-icon landscape'>\n\t\t\t\t<a href='https:\/\/d2p6e6u75xmxt8.cloudfront.net\/2\/2021\/11\/810_4231_HIGH.webp'><img loading=\"lazy\" decoding=\"async\" width=\"1024\" height=\"683\" src=\"https:\/\/d2p6e6u75xmxt8.cloudfront.net\/2\/2021\/11\/810_4231_HIGH.webp\" class=\"attachment-large size-large\" alt=\"\" srcset=\"https:\/\/d2p6e6u75xmxt8.cloudfront.net\/2\/2021\/11\/810_4231_HIGH.webp 1024w, https:\/\/d2p6e6u75xmxt8.cloudfront.net\/2\/2021\/11\/810_4231_HIGH-300x200.webp 300w, https:\/\/d2p6e6u75xmxt8.cloudfront.net\/2\/2021\/11\/810_4231_HIGH-768x512.webp 768w, https:\/\/d2p6e6u75xmxt8.cloudfront.net\/2\/2021\/11\/810_4231_HIGH-272x182.webp 272w\" sizes=\"auto, (max-width: 1024px) 100vw, 1024px\" \/><\/a>\n\t\t\t<\/div><\/figure><figure class='gallery-item'>\n\t\t\t<div class='gallery-icon landscape'>\n\t\t\t\t<a href='https:\/\/d2p6e6u75xmxt8.cloudfront.net\/2\/2021\/11\/810_4442_HIGH.webp'><img loading=\"lazy\" decoding=\"async\" width=\"1024\" height=\"683\" src=\"https:\/\/d2p6e6u75xmxt8.cloudfront.net\/2\/2021\/11\/810_4442_HIGH.webp\" class=\"attachment-large size-large\" alt=\"\" srcset=\"https:\/\/d2p6e6u75xmxt8.cloudfront.net\/2\/2021\/11\/810_4442_HIGH.webp 1024w, https:\/\/d2p6e6u75xmxt8.cloudfront.net\/2\/2021\/11\/810_4442_HIGH-300x200.webp 300w, https:\/\/d2p6e6u75xmxt8.cloudfront.net\/2\/2021\/11\/810_4442_HIGH-768x512.webp 768w, https:\/\/d2p6e6u75xmxt8.cloudfront.net\/2\/2021\/11\/810_4442_HIGH-272x182.webp 272w\" sizes=\"auto, (max-width: 1024px) 100vw, 1024px\" \/><\/a>\n\t\t\t<\/div><\/figure>\n\t\t<\/div>\n\n<p>As decades-long supporters of cycling, \u0160koda took up the opportunity to become official partner of the race two years ago, with \u0160koda delivering four support cars for the GFFDM\u2019s 2021 edition, the KODIAQ, FABIA, KAMIQ and KAROQ. Support is crucial at events like these as the participants often find themselves in the arid Chilean wilderness with no refreshment points in sight and with bike malfunctions too serious to sort out by themselves, and that is where the \u0160koda cars and their crews step in.<\/p>\n<p>On the other hand, it\u2019s perfect for long-distance enthusiasts who enjoy their sweet solitude where you can go long stretches with just a few condors for company. For your struggles and stamina, you will be also rewarded with breath-taking sights of rugged volcanoes, winding rivers and grand mountain ranges. The pictures pretty much speak for themselves. So, are you ready to start preparing for the 2022 <a href=\"https:\/\/granfondofindelmundo.cl\/\" target=\"_blank\" rel=\"noopener\">Gran Fondo Fin del Mundo?<\/a><\/p>\n<figure id=\"attachment_187390\" aria-describedby=\"caption-attachment-187390\" style=\"width: 1024px\" class=\"wp-caption alignnone\"><a href=\"https:\/\/d2p6e6u75xmxt8.cloudfront.net\/2\/2021\/11\/810_3891_HIGH.jpeg\"><img loading=\"lazy\" decoding=\"async\" class=\"wp-image-187390 size-full\" src=\"https:\/\/d2p6e6u75xmxt8.cloudfront.net\/2\/2021\/11\/810_3891_HIGH.jpeg\" alt=\"Gran Fondo Fin del Mundo\" width=\"1024\" height=\"683\" \/><\/a><figcaption id=\"caption-attachment-187390\" class=\"wp-caption-text\">\u00a9 \u0160koda Chile<\/figcaption><\/figure>\n<figure id=\"attachment_187391\" aria-describedby=\"caption-attachment-187391\" style=\"width: 1024px\" class=\"wp-caption alignnone\"><a href=\"https:\/\/d2p6e6u75xmxt8.cloudfront.net\/2\/2021\/11\/810_3931_HIGH.jpeg\"><img loading=\"lazy\" decoding=\"async\" class=\"wp-image-187391 size-full\" src=\"https:\/\/d2p6e6u75xmxt8.cloudfront.net\/2\/2021\/11\/810_3931_HIGH.jpeg\" alt=\"Gran Fondo Fin del Mundo\" width=\"1024\" height=\"683\" \/><\/a><figcaption id=\"caption-attachment-187391\" class=\"wp-caption-text\">\u00a9 \u0160koda Chile<\/figcaption><\/figure>\n<figure id=\"attachment_187392\" aria-describedby=\"caption-attachment-187392\" style=\"width: 1024px\" class=\"wp-caption alignnone\"><a href=\"https:\/\/d2p6e6u75xmxt8.cloudfront.net\/2\/2021\/11\/810_3972_HIGH.jpeg\"><img loading=\"lazy\" decoding=\"async\" class=\"wp-image-187392 size-full\" src=\"https:\/\/d2p6e6u75xmxt8.cloudfront.net\/2\/2021\/11\/810_3972_HIGH.jpeg\" alt=\"Gran Fondo Fin del Mundo\" width=\"1024\" height=\"683\" \/><\/a><figcaption id=\"caption-attachment-187392\" class=\"wp-caption-text\">\u00a9 \u0160koda Chile<\/figcaption><\/figure>\n<figure id=\"attachment_187393\" aria-describedby=\"caption-attachment-187393\" style=\"width: 1024px\" class=\"wp-caption alignnone\"><a href=\"https:\/\/d2p6e6u75xmxt8.cloudfront.net\/2\/2021\/11\/810_4022_HIGH.jpeg\"><img loading=\"lazy\" decoding=\"async\" class=\"wp-image-187393 size-full\" src=\"https:\/\/d2p6e6u75xmxt8.cloudfront.net\/2\/2021\/11\/810_4022_HIGH.jpeg\" alt=\"Gran Fondo Fin del Mundo\" width=\"1024\" height=\"683\" \/><\/a><figcaption id=\"caption-attachment-187393\" class=\"wp-caption-text\">\u00a9 \u0160koda Chile<\/figcaption><\/figure>\n<figure id=\"attachment_187394\" aria-describedby=\"caption-attachment-187394\" style=\"width: 1024px\" class=\"wp-caption alignnone\"><a href=\"https:\/\/d2p6e6u75xmxt8.cloudfront.net\/2\/2021\/11\/810_4089_HIGH.jpeg\"><img loading=\"lazy\" decoding=\"async\" class=\"wp-image-187394 size-full\" src=\"https:\/\/d2p6e6u75xmxt8.cloudfront.net\/2\/2021\/11\/810_4089_HIGH.jpeg\" alt=\"\" width=\"1024\" height=\"683\" \/><\/a><figcaption id=\"caption-attachment-187394\" class=\"wp-caption-text\">\u00a9 \u0160koda Chile<\/figcaption><\/figure>\n<div class=\"mceTemp\"><\/div>\n<figure id=\"attachment_187404\" aria-describedby=\"caption-attachment-187404\" style=\"width: 1024px\" class=\"wp-caption alignnone\"><a href=\"https:\/\/d2p6e6u75xmxt8.cloudfront.net\/2\/2021\/11\/810_4184_HIGH.jpeg\"><img loading=\"lazy\" decoding=\"async\" class=\"size-full wp-image-187404\" src=\"https:\/\/d2p6e6u75xmxt8.cloudfront.net\/2\/2021\/11\/810_4184_HIGH.jpeg\" alt=\"\" width=\"1024\" height=\"683\" \/><\/a><figcaption id=\"caption-attachment-187404\" class=\"wp-caption-text\">\u00a9 \u0160koda Chile<\/figcaption><\/figure>\n<figure id=\"attachment_187405\" aria-describedby=\"caption-attachment-187405\" style=\"width: 1024px\" class=\"wp-caption alignnone\"><a href=\"https:\/\/d2p6e6u75xmxt8.cloudfront.net\/2\/2021\/11\/810_4229_HIGH.jpeg\"><img loading=\"lazy\" decoding=\"async\" class=\"size-full wp-image-187405\" src=\"https:\/\/d2p6e6u75xmxt8.cloudfront.net\/2\/2021\/11\/810_4229_HIGH.jpeg\" alt=\"\" width=\"1024\" height=\"683\" \/><\/a><figcaption id=\"caption-attachment-187405\" class=\"wp-caption-text\">\u00a9 \u0160koda Chile<\/figcaption><\/figure>\n<figure id=\"attachment_187406\" aria-describedby=\"caption-attachment-187406\" style=\"width: 1024px\" class=\"wp-caption alignnone\"><a href=\"https:\/\/d2p6e6u75xmxt8.cloudfront.net\/2\/2021\/11\/810_4491_HIGH.jpeg\"><img loading=\"lazy\" decoding=\"async\" class=\"size-full wp-image-187406\" src=\"https:\/\/d2p6e6u75xmxt8.cloudfront.net\/2\/2021\/11\/810_4491_HIGH.jpeg\" alt=\"\" width=\"1024\" height=\"683\" \/><\/a><figcaption id=\"caption-attachment-187406\" class=\"wp-caption-text\">\u00a9 \u0160koda Chile<\/figcaption><\/figure>\n<figure id=\"attachment_187407\" aria-describedby=\"caption-attachment-187407\" style=\"width: 1024px\" class=\"wp-caption alignnone\"><a href=\"https:\/\/d2p6e6u75xmxt8.cloudfront.net\/2\/2021\/11\/810_4613_HIGH.jpeg\"><img loading=\"lazy\" decoding=\"async\" class=\"size-full wp-image-187407\" src=\"https:\/\/d2p6e6u75xmxt8.cloudfront.net\/2\/2021\/11\/810_4613_HIGH.jpeg\" alt=\"\" width=\"1024\" height=\"683\" \/><\/a><figcaption id=\"caption-attachment-187407\" class=\"wp-caption-text\">\u00a9 \u0160koda Chile<\/figcaption><\/figure>\n<figure id=\"attachment_187397\" aria-describedby=\"caption-attachment-187397\" style=\"width: 1024px\" class=\"wp-caption alignnone\"><a href=\"https:\/\/d2p6e6u75xmxt8.cloudfront.net\/2\/2021\/11\/810_4506_HIGH.jpeg\"><img loading=\"lazy\" decoding=\"async\" class=\"wp-image-187397 size-full\" src=\"https:\/\/d2p6e6u75xmxt8.cloudfront.net\/2\/2021\/11\/810_4506_HIGH.jpeg\" alt=\"\" width=\"1024\" height=\"683\" \/><\/a><figcaption id=\"caption-attachment-187397\" class=\"wp-caption-text\">\u00a9 \u0160koda Chile<\/figcaption><\/figure>\n<figure id=\"attachment_187398\" aria-describedby=\"caption-attachment-187398\" style=\"width: 1024px\" class=\"wp-caption alignnone\"><a href=\"https:\/\/d2p6e6u75xmxt8.cloudfront.net\/2\/2021\/11\/810_4639_HIGH.jpeg\"><img loading=\"lazy\" decoding=\"async\" class=\"wp-image-187398 size-full\" src=\"https:\/\/d2p6e6u75xmxt8.cloudfront.net\/2\/2021\/11\/810_4639_HIGH.jpeg\" alt=\"Gran\" width=\"1024\" height=\"683\" \/><\/a><figcaption id=\"caption-attachment-187398\" class=\"wp-caption-text\">\u00a9 \u0160koda Chile<\/figcaption><\/figure>\n","protected":false},"excerpt":{"rendered":"<p>Are you eager to pair up your love of cycling with a passion for sightseeing \u2013 while also satisfying your [&hellip;]<\/p>\n","protected":false},"author":99,"featured_media":187389,"comment_status":"open","ping_status":"open","sticky":false,"template":"","format":"standard","meta":{"footnotes":""},"categories":[329],"tags":[569,5859,5858],"global-categories":[3366],"class_list":["post-187388","post","type-post","status-publish","format-standard","has-post-thumbnail","hentry","category-road-cycling","tag-chile","tag-cycling-in-chile","tag-gran-fondo-fin-del-mundo","global-categories-cycling"],"yoast_head":"<!-- This site is optimized with the Yoast SEO Premium plugin v25.3 (Yoast SEO v25.9) - https:\/\/yoast.com\/wordpress\/plugins\/seo\/ -->\n<title>Gran Fondo Fin del Mundo: Endurance Bike Race - We Love Cycling<\/title>\n<meta name=\"description\" content=\"Are you eager to pair up your love of cycling with a passion for sightseeing \u2013 while also satisfying your competitive side? Join an endurance bike race\" \/>\n<meta name=\"robots\" content=\"index, follow, max-snippet:-1, max-image-preview:large, max-video-preview:-1\" \/>\n<link rel=\"canonical\" href=\"https:\/\/www.welovecycling.com\/wide\/2021\/11\/12\/gallery-gran-fondo-fin-del-mundo-south-americas-most-challenging-endurance-bike-race\/\" \/>\n<meta property=\"og:locale\" content=\"en_US\" \/>\n<meta property=\"og:type\" content=\"article\" \/>\n<meta property=\"og:title\" content=\"GALLERY: Gran Fondo Fin del Mundo \u2013 South America\u2019s Most Challenging Endurance Bike Race\" \/>\n<meta property=\"og:description\" content=\"Are you eager to pair up your love of cycling with a passion for sightseeing \u2013 while also satisfying your competitive side? Join an endurance bike race\" \/>\n<meta property=\"og:url\" content=\"https:\/\/www.welovecycling.com\/wide\/2021\/11\/12\/gallery-gran-fondo-fin-del-mundo-south-americas-most-challenging-endurance-bike-race\/\" \/>\n<meta property=\"og:site_name\" content=\"\u0160koda We Love Cycling\" \/>\n<meta property=\"article:published_time\" content=\"2021-11-12T14:41:10+00:00\" \/>\n<meta property=\"article:modified_time\" content=\"2021-11-12T14:41:40+00:00\" \/>\n<meta property=\"og:image\" content=\"https:\/\/d2p6e6u75xmxt8.cloudfront.net\/2\/2021\/11\/Chile-race-CVR.webp\" \/>\n\t<meta property=\"og:image:width\" content=\"900\" \/>\n\t<meta property=\"og:image:height\" content=\"600\" \/>\n\t<meta property=\"og:image:type\" content=\"image\/webp\" \/>\n<meta name=\"author\" content=\"tereza\" \/>\n<meta name=\"twitter:card\" content=\"summary_large_image\" \/>\n<meta name=\"twitter:title\" content=\"GALLERY: Gran Fondo Fin del Mundo \u2013 South America\u2019s Most Challenging Endurance Bike Race\" \/>\n<meta name=\"twitter:label1\" content=\"Written by\" \/>\n\t<meta name=\"twitter:data1\" content=\"Frantiska Blazkova\" \/>\n\t<meta name=\"twitter:label2\" content=\"Est. reading time\" \/>\n\t<meta name=\"twitter:data2\" content=\"5\" \/>\n<script type=\"application\/ld+json\" class=\"yoast-schema-graph\">{\"@context\":\"https:\/\/schema.org\",\"@graph\":[{\"@type\":\"WebPage\",\"@id\":\"https:\/\/www.welovecycling.com\/wide\/2021\/11\/12\/gallery-gran-fondo-fin-del-mundo-south-americas-most-challenging-endurance-bike-race\/\",\"url\":\"https:\/\/www.welovecycling.com\/wide\/2021\/11\/12\/gallery-gran-fondo-fin-del-mundo-south-americas-most-challenging-endurance-bike-race\/\",\"name\":\"Gran Fondo Fin del Mundo: Endurance Bike Race - We Love Cycling\",\"isPartOf\":{\"@id\":\"https:\/\/www.welovecycling.com\/wide\/#website\"},\"primaryImageOfPage\":{\"@id\":\"https:\/\/www.welovecycling.com\/wide\/2021\/11\/12\/gallery-gran-fondo-fin-del-mundo-south-americas-most-challenging-endurance-bike-race\/#primaryimage\"},\"image\":{\"@id\":\"https:\/\/www.welovecycling.com\/wide\/2021\/11\/12\/gallery-gran-fondo-fin-del-mundo-south-americas-most-challenging-endurance-bike-race\/#primaryimage\"},\"thumbnailUrl\":\"https:\/\/d2p6e6u75xmxt8.cloudfront.net\/2\/2021\/11\/Chile-race-CVR.webp\",\"datePublished\":\"2021-11-12T14:41:10+00:00\",\"dateModified\":\"2021-11-12T14:41:40+00:00\",\"author\":{\"@id\":\"https:\/\/www.welovecycling.com\/wide\/#\/schema\/person\/50f01ecd18718d2333cf72e823c4f926\"},\"description\":\"Are you eager to pair up your love of cycling with a passion for sightseeing \u2013 while also satisfying your competitive side? Join an endurance bike race\",\"breadcrumb\":{\"@id\":\"https:\/\/www.welovecycling.com\/wide\/2021\/11\/12\/gallery-gran-fondo-fin-del-mundo-south-americas-most-challenging-endurance-bike-race\/#breadcrumb\"},\"inLanguage\":\"en-US\",\"potentialAction\":[{\"@type\":\"ReadAction\",\"target\":[\"https:\/\/www.welovecycling.com\/wide\/2021\/11\/12\/gallery-gran-fondo-fin-del-mundo-south-americas-most-challenging-endurance-bike-race\/\"]}]},{\"@type\":\"ImageObject\",\"inLanguage\":\"en-US\",\"@id\":\"https:\/\/www.welovecycling.com\/wide\/2021\/11\/12\/gallery-gran-fondo-fin-del-mundo-south-americas-most-challenging-endurance-bike-race\/#primaryimage\",\"url\":\"https:\/\/d2p6e6u75xmxt8.cloudfront.net\/2\/2021\/11\/Chile-race-CVR.webp\",\"contentUrl\":\"https:\/\/d2p6e6u75xmxt8.cloudfront.net\/2\/2021\/11\/Chile-race-CVR.webp\",\"width\":900,\"height\":600,\"caption\":\"Race in Chile\"},{\"@type\":\"BreadcrumbList\",\"@id\":\"https:\/\/www.welovecycling.com\/wide\/2021\/11\/12\/gallery-gran-fondo-fin-del-mundo-south-americas-most-challenging-endurance-bike-race\/#breadcrumb\",\"itemListElement\":[{\"@type\":\"ListItem\",\"position\":1,\"name\":\"Home\",\"item\":\"https:\/\/www.welovecycling.com\/wide\/\"},{\"@type\":\"ListItem\",\"position\":2,\"name\":\"GALLERY: Gran Fondo Fin del Mundo \u2013 South America\u2019s Most Challenging Endurance Bike Race\"}]},{\"@type\":\"WebSite\",\"@id\":\"https:\/\/www.welovecycling.com\/wide\/#website\",\"url\":\"https:\/\/www.welovecycling.com\/wide\/\",\"name\":\"\u0160koda We Love Cycling\",\"description\":\"\u0160koda We Love Cycling magazine\",\"alternateName\":\"\u0160koda WLC\",\"potentialAction\":[{\"@type\":\"SearchAction\",\"target\":{\"@type\":\"EntryPoint\",\"urlTemplate\":\"https:\/\/www.welovecycling.com\/wide\/?s={search_term_string}\"},\"query-input\":{\"@type\":\"PropertyValueSpecification\",\"valueRequired\":true,\"valueName\":\"search_term_string\"}}],\"inLanguage\":\"en-US\"},{\"@type\":\"Person\",\"@id\":\"https:\/\/www.welovecycling.com\/wide\/#\/schema\/person\/50f01ecd18718d2333cf72e823c4f926\",\"name\":\"tereza\",\"image\":{\"@type\":\"ImageObject\",\"inLanguage\":\"en-US\",\"@id\":\"https:\/\/www.welovecycling.com\/wide\/#\/schema\/person\/image\/\",\"url\":\"https:\/\/secure.gravatar.com\/avatar\/1f9eb71be33845f0afabce3791bc1c58ecdb0a25c62964987e5dbcf7a20d2ec7?s=96&d=mm&r=g\",\"contentUrl\":\"https:\/\/secure.gravatar.com\/avatar\/1f9eb71be33845f0afabce3791bc1c58ecdb0a25c62964987e5dbcf7a20d2ec7?s=96&d=mm&r=g\",\"caption\":\"tereza\"},\"url\":\"https:\/\/www.welovecycling.com\/wide\/author\/tereza\/\"}]}<\/script>\n<!-- \/ Yoast SEO Premium plugin. -->","yoast_head_json":{"title":"Gran Fondo Fin del Mundo: Endurance Bike Race - We Love Cycling","description":"Are you eager to pair up your love of cycling with a passion for sightseeing \u2013 while also satisfying your competitive side? Join an endurance bike race","robots":{"index":"index","follow":"follow","max-snippet":"max-snippet:-1","max-image-preview":"max-image-preview:large","max-video-preview":"max-video-preview:-1"},"canonical":"https:\/\/www.welovecycling.com\/wide\/2021\/11\/12\/gallery-gran-fondo-fin-del-mundo-south-americas-most-challenging-endurance-bike-race\/","og_locale":"en_US","og_type":"article","og_title":"GALLERY: Gran Fondo Fin del Mundo \u2013 South America\u2019s Most Challenging Endurance Bike Race","og_description":"Are you eager to pair up your love of cycling with a passion for sightseeing \u2013 while also satisfying your competitive side? Join an endurance bike race","og_url":"https:\/\/www.welovecycling.com\/wide\/2021\/11\/12\/gallery-gran-fondo-fin-del-mundo-south-americas-most-challenging-endurance-bike-race\/","og_site_name":"\u0160koda We Love Cycling","article_published_time":"2021-11-12T14:41:10+00:00","article_modified_time":"2021-11-12T14:41:40+00:00","og_image":[{"width":900,"height":600,"url":"https:\/\/d2p6e6u75xmxt8.cloudfront.net\/2\/2021\/11\/Chile-race-CVR.webp","type":"image\/webp"}],"author":"tereza","twitter_card":"summary_large_image","twitter_title":"GALLERY: Gran Fondo Fin del Mundo \u2013 South America\u2019s Most Challenging Endurance Bike Race","twitter_misc":{"Written by":"Frantiska Blazkova","Est. reading time":"5"},"schema":{"@context":"https:\/\/schema.org","@graph":[{"@type":"WebPage","@id":"https:\/\/www.welovecycling.com\/wide\/2021\/11\/12\/gallery-gran-fondo-fin-del-mundo-south-americas-most-challenging-endurance-bike-race\/","url":"https:\/\/www.welovecycling.com\/wide\/2021\/11\/12\/gallery-gran-fondo-fin-del-mundo-south-americas-most-challenging-endurance-bike-race\/","name":"Gran Fondo Fin del Mundo: Endurance Bike Race - We Love Cycling","isPartOf":{"@id":"https:\/\/www.welovecycling.com\/wide\/#website"},"primaryImageOfPage":{"@id":"https:\/\/www.welovecycling.com\/wide\/2021\/11\/12\/gallery-gran-fondo-fin-del-mundo-south-americas-most-challenging-endurance-bike-race\/#primaryimage"},"image":{"@id":"https:\/\/www.welovecycling.com\/wide\/2021\/11\/12\/gallery-gran-fondo-fin-del-mundo-south-americas-most-challenging-endurance-bike-race\/#primaryimage"},"thumbnailUrl":"https:\/\/d2p6e6u75xmxt8.cloudfront.net\/2\/2021\/11\/Chile-race-CVR.webp","datePublished":"2021-11-12T14:41:10+00:00","dateModified":"2021-11-12T14:41:40+00:00","author":{"@id":"https:\/\/www.welovecycling.com\/wide\/#\/schema\/person\/50f01ecd18718d2333cf72e823c4f926"},"description":"Are you eager to pair up your love of cycling with a passion for sightseeing \u2013 while also satisfying your competitive side? Join an endurance bike race","breadcrumb":{"@id":"https:\/\/www.welovecycling.com\/wide\/2021\/11\/12\/gallery-gran-fondo-fin-del-mundo-south-americas-most-challenging-endurance-bike-race\/#breadcrumb"},"inLanguage":"en-US","potentialAction":[{"@type":"ReadAction","target":["https:\/\/www.welovecycling.com\/wide\/2021\/11\/12\/gallery-gran-fondo-fin-del-mundo-south-americas-most-challenging-endurance-bike-race\/"]}]},{"@type":"ImageObject","inLanguage":"en-US","@id":"https:\/\/www.welovecycling.com\/wide\/2021\/11\/12\/gallery-gran-fondo-fin-del-mundo-south-americas-most-challenging-endurance-bike-race\/#primaryimage","url":"https:\/\/d2p6e6u75xmxt8.cloudfront.net\/2\/2021\/11\/Chile-race-CVR.webp","contentUrl":"https:\/\/d2p6e6u75xmxt8.cloudfront.net\/2\/2021\/11\/Chile-race-CVR.webp","width":900,"height":600,"caption":"Race in Chile"},{"@type":"BreadcrumbList","@id":"https:\/\/www.welovecycling.com\/wide\/2021\/11\/12\/gallery-gran-fondo-fin-del-mundo-south-americas-most-challenging-endurance-bike-race\/#breadcrumb","itemListElement":[{"@type":"ListItem","position":1,"name":"Home","item":"https:\/\/www.welovecycling.com\/wide\/"},{"@type":"ListItem","position":2,"name":"GALLERY: Gran Fondo Fin del Mundo \u2013 South America\u2019s Most Challenging Endurance Bike Race"}]},{"@type":"WebSite","@id":"https:\/\/www.welovecycling.com\/wide\/#website","url":"https:\/\/www.welovecycling.com\/wide\/","name":"\u0160koda We Love Cycling","description":"\u0160koda We Love Cycling magazine","alternateName":"\u0160koda WLC","potentialAction":[{"@type":"SearchAction","target":{"@type":"EntryPoint","urlTemplate":"https:\/\/www.welovecycling.com\/wide\/?s={search_term_string}"},"query-input":{"@type":"PropertyValueSpecification","valueRequired":true,"valueName":"search_term_string"}}],"inLanguage":"en-US"},{"@type":"Person","@id":"https:\/\/www.welovecycling.com\/wide\/#\/schema\/person\/50f01ecd18718d2333cf72e823c4f926","name":"tereza","image":{"@type":"ImageObject","inLanguage":"en-US","@id":"https:\/\/www.welovecycling.com\/wide\/#\/schema\/person\/image\/","url":"https:\/\/secure.gravatar.com\/avatar\/1f9eb71be33845f0afabce3791bc1c58ecdb0a25c62964987e5dbcf7a20d2ec7?s=96&d=mm&r=g","contentUrl":"https:\/\/secure.gravatar.com\/avatar\/1f9eb71be33845f0afabce3791bc1c58ecdb0a25c62964987e5dbcf7a20d2ec7?s=96&d=mm&r=g","caption":"tereza"},"url":"https:\/\/www.welovecycling.com\/wide\/author\/tereza\/"}]}},"_links":{"self":[{"href":"https:\/\/www.welovecycling.com\/wide\/wp-json\/wp\/v2\/posts\/187388","targetHints":{"allow":["GET"]}}],"collection":[{"href":"https:\/\/www.welovecycling.com\/wide\/wp-json\/wp\/v2\/posts"}],"about":[{"href":"https:\/\/www.welovecycling.com\/wide\/wp-json\/wp\/v2\/types\/post"}],"author":[{"embeddable":true,"href":"https:\/\/www.welovecycling.com\/wide\/wp-json\/wp\/v2\/users\/99"}],"replies":[{"embeddable":true,"href":"https:\/\/www.welovecycling.com\/wide\/wp-json\/wp\/v2\/comments?post=187388"}],"version-history":[{"count":2,"href":"https:\/\/www.welovecycling.com\/wide\/wp-json\/wp\/v2\/posts\/187388\/revisions"}],"predecessor-version":[{"id":187408,"href":"https:\/\/www.welovecycling.com\/wide\/wp-json\/wp\/v2\/posts\/187388\/revisions\/187408"}],"wp:featuredmedia":[{"embeddable":true,"href":"https:\/\/www.welovecycling.com\/wide\/wp-json\/wp\/v2\/media\/187389"}],"wp:attachment":[{"href":"https:\/\/www.welovecycling.com\/wide\/wp-json\/wp\/v2\/media?parent=187388"}],"wp:term":[{"taxonomy":"category","embeddable":true,"href":"https:\/\/www.welovecycling.com\/wide\/wp-json\/wp\/v2\/categories?post=187388"},{"taxonomy":"post_tag","embeddable":true,"href":"https:\/\/www.welovecycling.com\/wide\/wp-json\/wp\/v2\/tags?post=187388"},{"taxonomy":"global-categories","embeddable":true,"href":"https:\/\/www.welovecycling.com\/wide\/wp-json\/wp\/v2\/global-categories?post=187388"}],"curies":[{"name":"wp","href":"https:\/\/api.w.org\/{rel}","templated":true}]}}