{"id":187121,"date":"2021-11-01T10:33:04","date_gmt":"2021-11-01T10:33:04","guid":{"rendered":"https:\/\/www.welovecycling.com\/wide\/?p=187121"},"modified":"2021-11-01T10:39:24","modified_gmt":"2021-11-01T10:39:24","slug":"is-remco-evenepoel-cyclings-next-superstar","status":"publish","type":"post","link":"https:\/\/www.welovecycling.com\/wide\/2021\/11\/01\/is-remco-evenepoel-cyclings-next-superstar\/","title":{"rendered":"Is Remco Evenepoel Cycling\u2019s Next Superstar?"},"content":{"rendered":"<p><strong>Maybe. The 21-year-old Belgian rider clearly thinks so, but he knows that he has to improve.<\/strong><\/p>\n<p><!--more--><\/p>\n<p>&#8220;I still have some steps to take before I can challenge [Tadej] Poga\u010dar, [Egan] Bernal and [Primo\u017e] Rogli\u010d, and above all be able to beat them,\u201d he told the Belgian daily <a href=\"https:\/\/www.dhnet.be\/sports\/cyclisme\/remco-evenepoel-part-en-vacances-avec-une-idee-en-tete-je-veux-battre-les-meilleurs-des-l-an-prochain-616c78239978e213aedf3f11\" target=\"_blank\" rel=\"noopener\"><em>La Derni<\/em><em>\u00e8<\/em><em>re Heure<\/em><\/a>. \u201cI hope it will be the case as of next season.&#8221;<\/p>\n<p>Not that the <a href=\"https:\/\/en.wikipedia.org\/wiki\/Deceuninck%E2%80%93Quick-Step\" target=\"_blank\" rel=\"noopener\">Deceuninck\u2013Quick-Step<\/a> rider had a bad 2021. His CV for the year includes victories in the Baloise Belgium Tour, the Tour of Denmark, the Brussels Cycling Classic and the Coppa Bernocchi, second place in the UEC European Road Championships Road Race and third in the Individual Time Trial (ITT) and a third place in the World Championships ITT.<\/p>\n<figure id=\"attachment_187124\" aria-describedby=\"caption-attachment-187124\" style=\"width: 1000px\" class=\"wp-caption alignnone\"><a href=\"https:\/\/d2p6e6u75xmxt8.cloudfront.net\/2\/2021\/11\/Remco-Evenpoel-profimedia-0626815263.jpg\"><img loading=\"lazy\" decoding=\"async\" class=\"wp-image-187124 size-full\" src=\"https:\/\/d2p6e6u75xmxt8.cloudfront.net\/2\/2021\/11\/Remco-Evenpoel-profimedia-0626815263.jpg\" alt=\"Remco Evenpoel\" width=\"1000\" height=\"666\" \/><\/a><figcaption id=\"caption-attachment-187124\" class=\"wp-caption-text\">Celebrating the Tour of Denmark win. \u00a9 Profimedia<\/figcaption><\/figure>\n<p>What makes these results even more impressive was that Evenepoel had suffered a fractured pelvis at <a href=\"https:\/\/www.welovecycling.com\/wide\/2021\/10\/11\/tadej-pogacar-triumphs-at-il-lombardia-and-other-cool-news-from-the-world-of-cycling\/\">Il Lombardia<\/a> in August 2020, which led to him being off the bike for eight months. He returned to road racing at the Giro D\u2019Italia, where he put in a solid performance, standing second in the GC before dropping out of contention in the mountains and abandoning after stage 17. That was his first taste of grand tour racing and remains his only experience so far of road racing\u2019s greatest challenge.<\/p>\n<p>Still, the past year was not without disappointments and well-publicised crises for Evenepoel, such as the run-up to the World Championships and the race itself.<\/p>\n<p>Evenepoel has been a star in the making since his performances as a 19-year-old, when he\u00a0<a href=\"https:\/\/www.cyclingnews.com\/races\/uci-road-world-championships-2018\/mens-junior-individual-time-trial\/results\/\" target=\"_blank\" rel=\"noopener\">won the junior men&#8217;s time trial<\/a>\u00a0at the\u00a0<a href=\"https:\/\/www.cyclingnews.com\/races\/uci-road-world-championships-2018\/\" target=\"_blank\" rel=\"noopener\">World Championships<\/a>\u00a0by over a minute and won 34 of the 44 races he competed in over a period of 18 months. This led some cycling aficionados to call him \u2018the next <a href=\"https:\/\/forum.cyclingnews.com\/threads\/the-remco-evenepoel-is-the-next-eddy-merckx-thread.34086\/\" target=\"_blank\" rel=\"noopener\">Eddy Merckx\u2019<\/a>. So, it came as a shock when the man himself slammed what he considered Evenepoel\u2019s lack of team spirit and suggested he shouldn\u2019t have been selected for the Belgian team for the 2021 Worlds.<\/p>\n<figure id=\"attachment_187123\" aria-describedby=\"caption-attachment-187123\" style=\"width: 1000px\" class=\"wp-caption alignnone\"><a href=\"https:\/\/d2p6e6u75xmxt8.cloudfront.net\/2\/2021\/11\/Remco-Evenpoel-2018-profimedia-0388887975.jpg\"><img loading=\"lazy\" decoding=\"async\" class=\"wp-image-187123 size-full\" src=\"https:\/\/d2p6e6u75xmxt8.cloudfront.net\/2\/2021\/11\/Remco-Evenpoel-2018-profimedia-0388887975.jpg\" alt=\"Remco Evenpoel\" width=\"1000\" height=\"682\" \/><\/a><figcaption id=\"caption-attachment-187123\" class=\"wp-caption-text\">Evenpoel&#8217;s triumph at Men Juniors Road Race. \u00a9 Profimedia<\/figcaption><\/figure>\n<p>&#8220;If there is only one leader, you really shouldn&#8217;t take Evenepoel,&#8221; Merckx said at the time. &#8220;He rides mainly for himself; we saw that at the Olympics.&#8221;<\/p>\n<p>Evenepoel was quick to respond, telling journalists at the Worlds: &#8220;[Merckx] always has to say something and that&#8217;s a shame. I have a lot of respect for Eddy and apparently that is not mutual.\u201d<\/p>\n<p>Evenepoel ended up following team instructions to the letter in the road race, chasing down escapes and working for team leader <a href=\"https:\/\/www.welovecycling.com\/wide\/2021\/08\/04\/who-will-be-the-next-mathieu-van-der-poel-or-wout-van-aert\/\" target=\"_blank\" rel=\"noopener\">Wout van Aert.<\/a> But it was in vain, as van Aert tired at the end, finishing 11<sup>th<\/sup>, while Evenepoel came in 49<sup>th<\/sup>. After the race, Evenepoel let it be known that <a href=\"https:\/\/www.cyclingnews.com\/news\/remco-evenepoel-i-had-the-legs-to-become-world-champion\/\">he had the legs<\/a> to beat winner <a href=\"https:\/\/www.welovecycling.com\/wide\/2021\/11\/01\/julian-alaphilippe-on-the-curse-of-the-rainbow-jersey-and-other-cool-news-from-the-world-of-cycling\/\">Julian Alaphilippe<\/a> if he\u2019d been allowed to ride his race.<\/p>\n<p>And what\u2019s more, Merckx agreed, sort of, telling <em>Het Laatste Nieuws<\/em>\u00a0that the Belgians\u2019 great error at the Worlds was in team selection.<\/p>\n<div class=\"embed-controller-wrapper\">\n<blockquote class=\"twitter-tweet\" data-width=\"500\" data-dnt=\"true\">\n<p lang=\"en\" dir=\"ltr\">Beyond grateful to be at the start and finish <a href=\"https:\/\/twitter.com\/ILombardia?ref_src=twsrc%5Etfw\">@ilombardia<\/a> 2021. Case closed. <br \/>What an impressive ride of <a href=\"https:\/\/twitter.com\/fausto_masnada?ref_src=twsrc%5Etfw\">@fausto_masnada<\/a> ! <a href=\"https:\/\/twitter.com\/hashtag\/incredibile?src=hash&amp;ref_src=twsrc%5Etfw\">#incredibile<\/a> <a href=\"https:\/\/twitter.com\/hashtag\/TheWolfpack?src=hash&amp;ref_src=twsrc%5Etfw\">#TheWolfpack<\/a> <\/p>\n<p>Photo: <a href=\"https:\/\/twitter.com\/GettySport?ref_src=twsrc%5Etfw\">@GettySport<\/a> <a href=\"https:\/\/t.co\/9ms9aIgTDg\">pic.twitter.com\/9ms9aIgTDg<\/a><\/p>\n<p>&mdash; Remco Evenepoel (@EvenepoelRemco) <a href=\"https:\/\/twitter.com\/EvenepoelRemco\/status\/1446893927353696261?ref_src=twsrc%5Etfw\">October 9, 2021<\/a><\/p><\/blockquote>\n<p><script async data-src=\"https:\/\/platform.twitter.com\/widgets.js\" charset=\"utf-8\"><\/script><\/div>\n<p>\u201cThe biggest mistake was Remco,\u201d he said. \u201cIf you take him, it can\u2019t be as a domestique.\u201d Which is what he\u2019d intended to convey by his original criticism, <a href=\"https:\/\/www.welovecycling.com\/wide\/2021\/06\/30\/the-fall-of-eddy-merckx-the-greatest-tour-de-france-champion\/\">Merckx<\/a> said, adding: \u201cI\u2019m a big fan of Remco \u2013 let that be clear.\u201d<\/p>\n<p>With that controversy now all settled, Evenepoel can continue his assault on road racing\u2019s elite with a clear conscience. And that is his plan.<\/p>\n<p>&#8220;I returned to the level of the best, to an excellent level [after the crash at Il Lombardia], but not yet what we wanted and hoped for with the team,&#8221; he said. &#8220;We know that I have the possibility to be doing better but we still need a little patience. The time will come, for sure. You need to have the legs, know how to choose the moment and spend a winter without problems.\u201d<\/p>\n<p>In any case, he has time to develop. Have I already mentioned that he is only 21?<\/p>\n","protected":false},"excerpt":{"rendered":"<p>Maybe. The 21-year-old Belgian rider clearly thinks so, but he knows that he has to improve.<\/p>\n","protected":false},"author":99,"featured_media":187125,"comment_status":"open","ping_status":"open","sticky":false,"template":"","format":"standard","meta":{"footnotes":""},"categories":[329],"tags":[5813,2741,2621,1221,3544,583,3415],"global-categories":[3366],"class_list":["post-187121","post","type-post","status-publish","format-standard","has-post-thumbnail","hentry","category-road-cycling","tag-coppa-bernocchi","tag-deceuninck-quick-step","tag-egan-bernal","tag-primoz-roglic","tag-remco-evenepoel","tag-road-cycling","tag-tadej-pogacar","global-categories-cycling"],"yoast_head":"<!-- This site is optimized with the Yoast SEO Premium plugin v25.3 (Yoast SEO v25.9) - https:\/\/yoast.com\/wordpress\/plugins\/seo\/ -->\n<title>Remco Evenepoel: Is He the Next Cycling Superstar?<\/title>\n<meta name=\"description\" content=\"Maybe. The 21-year-old Belgian rider clearly thinks so, but he knows that he has to improve. &quot;I still have some steps to take before I can challenge\" \/>\n<meta name=\"robots\" content=\"index, follow, max-snippet:-1, max-image-preview:large, max-video-preview:-1\" \/>\n<link rel=\"canonical\" href=\"https:\/\/www.welovecycling.com\/wide\/2021\/11\/01\/is-remco-evenepoel-cyclings-next-superstar\/\" \/>\n<meta property=\"og:locale\" content=\"en_US\" \/>\n<meta property=\"og:type\" content=\"article\" \/>\n<meta property=\"og:title\" content=\"Is Remco Evenepoel Cycling\u2019s Next Superstar?\" \/>\n<meta property=\"og:description\" content=\"Maybe. The 21-year-old Belgian rider clearly thinks so, but he knows that he has to improve. &quot;I still have some steps to take before I can challenge\" \/>\n<meta property=\"og:url\" content=\"https:\/\/www.welovecycling.com\/wide\/2021\/11\/01\/is-remco-evenepoel-cyclings-next-superstar\/\" \/>\n<meta property=\"og:site_name\" content=\"\u0160koda We Love Cycling\" \/>\n<meta property=\"article:published_time\" content=\"2021-11-01T10:33:04+00:00\" \/>\n<meta property=\"article:modified_time\" content=\"2021-11-01T10:39:24+00:00\" \/>\n<meta property=\"og:image\" content=\"https:\/\/d2p6e6u75xmxt8.cloudfront.net\/2\/2021\/11\/Remco-Evenepoel-profimedia-0637313696-CVR.webp\" \/>\n\t<meta property=\"og:image:width\" content=\"900\" \/>\n\t<meta property=\"og:image:height\" content=\"600\" \/>\n\t<meta property=\"og:image:type\" content=\"image\/webp\" \/>\n<meta name=\"author\" content=\"tereza\" \/>\n<meta name=\"twitter:card\" content=\"summary_large_image\" \/>\n<meta name=\"twitter:label1\" content=\"Written by\" \/>\n\t<meta name=\"twitter:data1\" content=\"Siegfried Mortkowitz\" \/>\n\t<meta name=\"twitter:label2\" content=\"Est. reading time\" \/>\n\t<meta name=\"twitter:data2\" content=\"6\" \/>\n<script type=\"application\/ld+json\" class=\"yoast-schema-graph\">{\"@context\":\"https:\/\/schema.org\",\"@graph\":[{\"@type\":\"WebPage\",\"@id\":\"https:\/\/www.welovecycling.com\/wide\/2021\/11\/01\/is-remco-evenepoel-cyclings-next-superstar\/\",\"url\":\"https:\/\/www.welovecycling.com\/wide\/2021\/11\/01\/is-remco-evenepoel-cyclings-next-superstar\/\",\"name\":\"Remco Evenepoel: Is He the Next Cycling Superstar?\",\"isPartOf\":{\"@id\":\"https:\/\/www.welovecycling.com\/wide\/#website\"},\"primaryImageOfPage\":{\"@id\":\"https:\/\/www.welovecycling.com\/wide\/2021\/11\/01\/is-remco-evenepoel-cyclings-next-superstar\/#primaryimage\"},\"image\":{\"@id\":\"https:\/\/www.welovecycling.com\/wide\/2021\/11\/01\/is-remco-evenepoel-cyclings-next-superstar\/#primaryimage\"},\"thumbnailUrl\":\"https:\/\/d2p6e6u75xmxt8.cloudfront.net\/2\/2021\/11\/Remco-Evenepoel-profimedia-0637313696-CVR.webp\",\"datePublished\":\"2021-11-01T10:33:04+00:00\",\"dateModified\":\"2021-11-01T10:39:24+00:00\",\"author\":{\"@id\":\"https:\/\/www.welovecycling.com\/wide\/#\/schema\/person\/50f01ecd18718d2333cf72e823c4f926\"},\"description\":\"Maybe. The 21-year-old Belgian rider clearly thinks so, but he knows that he has to improve. \\\"I still have some steps to take before I can challenge\",\"breadcrumb\":{\"@id\":\"https:\/\/www.welovecycling.com\/wide\/2021\/11\/01\/is-remco-evenepoel-cyclings-next-superstar\/#breadcrumb\"},\"inLanguage\":\"en-US\",\"potentialAction\":[{\"@type\":\"ReadAction\",\"target\":[\"https:\/\/www.welovecycling.com\/wide\/2021\/11\/01\/is-remco-evenepoel-cyclings-next-superstar\/\"]}]},{\"@type\":\"ImageObject\",\"inLanguage\":\"en-US\",\"@id\":\"https:\/\/www.welovecycling.com\/wide\/2021\/11\/01\/is-remco-evenepoel-cyclings-next-superstar\/#primaryimage\",\"url\":\"https:\/\/d2p6e6u75xmxt8.cloudfront.net\/2\/2021\/11\/Remco-Evenepoel-profimedia-0637313696-CVR.webp\",\"contentUrl\":\"https:\/\/d2p6e6u75xmxt8.cloudfront.net\/2\/2021\/11\/Remco-Evenepoel-profimedia-0637313696-CVR.webp\",\"width\":900,\"height\":600},{\"@type\":\"BreadcrumbList\",\"@id\":\"https:\/\/www.welovecycling.com\/wide\/2021\/11\/01\/is-remco-evenepoel-cyclings-next-superstar\/#breadcrumb\",\"itemListElement\":[{\"@type\":\"ListItem\",\"position\":1,\"name\":\"Home\",\"item\":\"https:\/\/www.welovecycling.com\/wide\/\"},{\"@type\":\"ListItem\",\"position\":2,\"name\":\"Is Remco Evenepoel Cycling\u2019s Next Superstar?\"}]},{\"@type\":\"WebSite\",\"@id\":\"https:\/\/www.welovecycling.com\/wide\/#website\",\"url\":\"https:\/\/www.welovecycling.com\/wide\/\",\"name\":\"\u0160koda We Love Cycling\",\"description\":\"\u0160koda We Love Cycling magazine\",\"alternateName\":\"\u0160koda WLC\",\"potentialAction\":[{\"@type\":\"SearchAction\",\"target\":{\"@type\":\"EntryPoint\",\"urlTemplate\":\"https:\/\/www.welovecycling.com\/wide\/?s={search_term_string}\"},\"query-input\":{\"@type\":\"PropertyValueSpecification\",\"valueRequired\":true,\"valueName\":\"search_term_string\"}}],\"inLanguage\":\"en-US\"},{\"@type\":\"Person\",\"@id\":\"https:\/\/www.welovecycling.com\/wide\/#\/schema\/person\/50f01ecd18718d2333cf72e823c4f926\",\"name\":\"tereza\",\"image\":{\"@type\":\"ImageObject\",\"inLanguage\":\"en-US\",\"@id\":\"https:\/\/www.welovecycling.com\/wide\/#\/schema\/person\/image\/\",\"url\":\"https:\/\/secure.gravatar.com\/avatar\/1f9eb71be33845f0afabce3791bc1c58ecdb0a25c62964987e5dbcf7a20d2ec7?s=96&d=mm&r=g\",\"contentUrl\":\"https:\/\/secure.gravatar.com\/avatar\/1f9eb71be33845f0afabce3791bc1c58ecdb0a25c62964987e5dbcf7a20d2ec7?s=96&d=mm&r=g\",\"caption\":\"tereza\"},\"url\":\"https:\/\/www.welovecycling.com\/wide\/author\/tereza\/\"}]}<\/script>\n<!-- \/ Yoast SEO Premium plugin. -->","yoast_head_json":{"title":"Remco Evenepoel: Is He the Next Cycling Superstar?","description":"Maybe. The 21-year-old Belgian rider clearly thinks so, but he knows that he has to improve. \"I still have some steps to take before I can challenge","robots":{"index":"index","follow":"follow","max-snippet":"max-snippet:-1","max-image-preview":"max-image-preview:large","max-video-preview":"max-video-preview:-1"},"canonical":"https:\/\/www.welovecycling.com\/wide\/2021\/11\/01\/is-remco-evenepoel-cyclings-next-superstar\/","og_locale":"en_US","og_type":"article","og_title":"Is Remco Evenepoel Cycling\u2019s Next Superstar?","og_description":"Maybe. The 21-year-old Belgian rider clearly thinks so, but he knows that he has to improve. \"I still have some steps to take before I can challenge","og_url":"https:\/\/www.welovecycling.com\/wide\/2021\/11\/01\/is-remco-evenepoel-cyclings-next-superstar\/","og_site_name":"\u0160koda We Love Cycling","article_published_time":"2021-11-01T10:33:04+00:00","article_modified_time":"2021-11-01T10:39:24+00:00","og_image":[{"width":900,"height":600,"url":"https:\/\/d2p6e6u75xmxt8.cloudfront.net\/2\/2021\/11\/Remco-Evenepoel-profimedia-0637313696-CVR.webp","type":"image\/webp"}],"author":"tereza","twitter_card":"summary_large_image","twitter_misc":{"Written by":"Siegfried Mortkowitz","Est. reading time":"6"},"schema":{"@context":"https:\/\/schema.org","@graph":[{"@type":"WebPage","@id":"https:\/\/www.welovecycling.com\/wide\/2021\/11\/01\/is-remco-evenepoel-cyclings-next-superstar\/","url":"https:\/\/www.welovecycling.com\/wide\/2021\/11\/01\/is-remco-evenepoel-cyclings-next-superstar\/","name":"Remco Evenepoel: Is He the Next Cycling Superstar?","isPartOf":{"@id":"https:\/\/www.welovecycling.com\/wide\/#website"},"primaryImageOfPage":{"@id":"https:\/\/www.welovecycling.com\/wide\/2021\/11\/01\/is-remco-evenepoel-cyclings-next-superstar\/#primaryimage"},"image":{"@id":"https:\/\/www.welovecycling.com\/wide\/2021\/11\/01\/is-remco-evenepoel-cyclings-next-superstar\/#primaryimage"},"thumbnailUrl":"https:\/\/d2p6e6u75xmxt8.cloudfront.net\/2\/2021\/11\/Remco-Evenepoel-profimedia-0637313696-CVR.webp","datePublished":"2021-11-01T10:33:04+00:00","dateModified":"2021-11-01T10:39:24+00:00","author":{"@id":"https:\/\/www.welovecycling.com\/wide\/#\/schema\/person\/50f01ecd18718d2333cf72e823c4f926"},"description":"Maybe. The 21-year-old Belgian rider clearly thinks so, but he knows that he has to improve. \"I still have some steps to take before I can challenge","breadcrumb":{"@id":"https:\/\/www.welovecycling.com\/wide\/2021\/11\/01\/is-remco-evenepoel-cyclings-next-superstar\/#breadcrumb"},"inLanguage":"en-US","potentialAction":[{"@type":"ReadAction","target":["https:\/\/www.welovecycling.com\/wide\/2021\/11\/01\/is-remco-evenepoel-cyclings-next-superstar\/"]}]},{"@type":"ImageObject","inLanguage":"en-US","@id":"https:\/\/www.welovecycling.com\/wide\/2021\/11\/01\/is-remco-evenepoel-cyclings-next-superstar\/#primaryimage","url":"https:\/\/d2p6e6u75xmxt8.cloudfront.net\/2\/2021\/11\/Remco-Evenepoel-profimedia-0637313696-CVR.webp","contentUrl":"https:\/\/d2p6e6u75xmxt8.cloudfront.net\/2\/2021\/11\/Remco-Evenepoel-profimedia-0637313696-CVR.webp","width":900,"height":600},{"@type":"BreadcrumbList","@id":"https:\/\/www.welovecycling.com\/wide\/2021\/11\/01\/is-remco-evenepoel-cyclings-next-superstar\/#breadcrumb","itemListElement":[{"@type":"ListItem","position":1,"name":"Home","item":"https:\/\/www.welovecycling.com\/wide\/"},{"@type":"ListItem","position":2,"name":"Is Remco Evenepoel Cycling\u2019s Next Superstar?"}]},{"@type":"WebSite","@id":"https:\/\/www.welovecycling.com\/wide\/#website","url":"https:\/\/www.welovecycling.com\/wide\/","name":"\u0160koda We Love Cycling","description":"\u0160koda We Love Cycling magazine","alternateName":"\u0160koda WLC","potentialAction":[{"@type":"SearchAction","target":{"@type":"EntryPoint","urlTemplate":"https:\/\/www.welovecycling.com\/wide\/?s={search_term_string}"},"query-input":{"@type":"PropertyValueSpecification","valueRequired":true,"valueName":"search_term_string"}}],"inLanguage":"en-US"},{"@type":"Person","@id":"https:\/\/www.welovecycling.com\/wide\/#\/schema\/person\/50f01ecd18718d2333cf72e823c4f926","name":"tereza","image":{"@type":"ImageObject","inLanguage":"en-US","@id":"https:\/\/www.welovecycling.com\/wide\/#\/schema\/person\/image\/","url":"https:\/\/secure.gravatar.com\/avatar\/1f9eb71be33845f0afabce3791bc1c58ecdb0a25c62964987e5dbcf7a20d2ec7?s=96&d=mm&r=g","contentUrl":"https:\/\/secure.gravatar.com\/avatar\/1f9eb71be33845f0afabce3791bc1c58ecdb0a25c62964987e5dbcf7a20d2ec7?s=96&d=mm&r=g","caption":"tereza"},"url":"https:\/\/www.welovecycling.com\/wide\/author\/tereza\/"}]}},"_links":{"self":[{"href":"https:\/\/www.welovecycling.com\/wide\/wp-json\/wp\/v2\/posts\/187121","targetHints":{"allow":["GET"]}}],"collection":[{"href":"https:\/\/www.welovecycling.com\/wide\/wp-json\/wp\/v2\/posts"}],"about":[{"href":"https:\/\/www.welovecycling.com\/wide\/wp-json\/wp\/v2\/types\/post"}],"author":[{"embeddable":true,"href":"https:\/\/www.welovecycling.com\/wide\/wp-json\/wp\/v2\/users\/99"}],"replies":[{"embeddable":true,"href":"https:\/\/www.welovecycling.com\/wide\/wp-json\/wp\/v2\/comments?post=187121"}],"version-history":[{"count":2,"href":"https:\/\/www.welovecycling.com\/wide\/wp-json\/wp\/v2\/posts\/187121\/revisions"}],"predecessor-version":[{"id":187127,"href":"https:\/\/www.welovecycling.com\/wide\/wp-json\/wp\/v2\/posts\/187121\/revisions\/187127"}],"wp:featuredmedia":[{"embeddable":true,"href":"https:\/\/www.welovecycling.com\/wide\/wp-json\/wp\/v2\/media\/187125"}],"wp:attachment":[{"href":"https:\/\/www.welovecycling.com\/wide\/wp-json\/wp\/v2\/media?parent=187121"}],"wp:term":[{"taxonomy":"category","embeddable":true,"href":"https:\/\/www.welovecycling.com\/wide\/wp-json\/wp\/v2\/categories?post=187121"},{"taxonomy":"post_tag","embeddable":true,"href":"https:\/\/www.welovecycling.com\/wide\/wp-json\/wp\/v2\/tags?post=187121"},{"taxonomy":"global-categories","embeddable":true,"href":"https:\/\/www.welovecycling.com\/wide\/wp-json\/wp\/v2\/global-categories?post=187121"}],"curies":[{"name":"wp","href":"https:\/\/api.w.org\/{rel}","templated":true}]}}