{"id":186730,"date":"2021-10-06T10:08:21","date_gmt":"2021-10-06T10:08:21","guid":{"rendered":"https:\/\/www.welovecycling.com\/wide\/?p=186730"},"modified":"2021-10-06T10:08:21","modified_gmt":"2021-10-06T10:08:21","slug":"a-personal-take-on-the-best-autumn-wear-for-2021","status":"publish","type":"post","link":"https:\/\/www.welovecycling.com\/wide\/2021\/10\/06\/a-personal-take-on-the-best-autumn-wear-for-2021\/","title":{"rendered":"A Personal Take on The Best Autumn Wear for 2021"},"content":{"rendered":"<p><strong>Peeling back the covers isn\u2019t the challenge it will surely be in another two months. What\u2019s holding you back? You don\u2019t know what to wear?\u00a0<\/strong><\/p>\n<p><!--more--><\/p>\n<p>Dressing during this time of the year can be a challenge but you are in luck as we are sharing some top autumn wear picks you\u2019ll be comfortable in from the first pedal stroke. So, get up! Get out there! Enjoy this transitional period while you can. Winter is coming. Let\u2019s look at some of the best autumn cycling wear for 2021.<\/p>\n<figure id=\"attachment_186739\" aria-describedby=\"caption-attachment-186739\" style=\"width: 1000px\" class=\"wp-caption alignnone\"><a href=\"https:\/\/d2p6e6u75xmxt8.cloudfront.net\/2\/2021\/10\/Autumn-cycling-profimedia-0625744078.jpg\"><img loading=\"lazy\" decoding=\"async\" class=\"wp-image-186739 size-full\" src=\"https:\/\/d2p6e6u75xmxt8.cloudfront.net\/2\/2021\/10\/Autumn-cycling-profimedia-0625744078.jpg\" alt=\"Autumn cycling\" width=\"1000\" height=\"666\" \/><\/a><figcaption id=\"caption-attachment-186739\" class=\"wp-caption-text\">Ready for your autumn rides? \u00a9 Profimedia<\/figcaption><\/figure>\n<h2><strong>Merino wool, base layers and more<\/strong><\/h2>\n<p>The secret is in layering. It may not be news to you but I\u2019m here to convince you to get on the Merino wool bandwagon. I\u2019m one of its biggest cheerleaders and you will be too once you\u2019ve tried it. Wool is nature\u2019s <a href=\"https:\/\/www.welovecycling.com\/wide\/2021\/02\/19\/cycling-clothes-materials-under-the-spotlight\/\">technical material.<\/a> In fact, cycling clothes used to be wool only until the entrance of scientifically created technical fabrics. Funny how things come full circle. Merino wool is on the rise, giving this natural fibre a well-deserved publicity boost.<\/p>\n<p>Look to <a href=\"https:\/\/dhbsport.com\/collections\/merino\">brands like dhb<\/a> who make an impressive palette of Merino products. Jerseys, tights and other accessories are made of the stuff too but I\u2019m shouting a particular \u201churrah\u201d for base layers. Merino\u2019s superhero properties make it wearable year round, which is why you can find them in short and sleeveless versions, too.<\/p>\n<p><a href=\"https:\/\/d2p6e6u75xmxt8.cloudfront.net\/2\/2021\/10\/dhb-jacket.jpg\"><img loading=\"lazy\" decoding=\"async\" class=\"alignnone size-full wp-image-186734\" src=\"https:\/\/d2p6e6u75xmxt8.cloudfront.net\/2\/2021\/10\/dhb-jacket.jpg\" alt=\"\" width=\"1001\" height=\"805\" \/><\/a><\/p>\n<p>Slip into a crew neck long sleeve or the zip turtleneck when Old Man Winter comes knocking. Merino wicks away moisture and adapts to your body temperature, keeping you comfortable and dry. It is machine washable but unlike synthetic technical fabrics, Merino doesn\u2019t retain odour.<\/p>\n<p>Another thing that ranks high for Merino is that you can wear it off the bike too! We are talking solids and no spunky prints but that suits me as any of the colours go with jeans, shorts, khakis, etc. But to each his own.<\/p>\n<p>Once you are a fan, and you will be, branch out into Merino accessories like socks, neck tubes, gloves and hats. One piece of advice, read the label before you buy, as Merino may be in a product name but only as a low-percentage blend. Most dbh Merino products are 100% Merino. Anything else may disappoint you.<\/p>\n<h2><strong>Versatile jerseys and jackets<\/strong><\/h2>\n<h4><strong>Alpha ROS 2 Jacket<\/strong><strong>\u00a0<\/strong><\/h4>\n<p><a href=\"https:\/\/d2p6e6u75xmxt8.cloudfront.net\/2\/2021\/10\/Alpha-Jacket.jpg\"><img loading=\"lazy\" decoding=\"async\" class=\"alignnone size-full wp-image-186735\" src=\"https:\/\/d2p6e6u75xmxt8.cloudfront.net\/2\/2021\/10\/Alpha-Jacket.jpg\" alt=\"Alpha jacket\" width=\"1286\" height=\"1028\" \/><\/a><\/p>\n<p>What better way to dress for autumn than in an intelligent and versatile jacket! I mean well thought out pieces of clothing that do the job, and do it well. They aren\u2019t inexpensive but think of them as an investment in style, comfort, and performance. Like any wardrobe, a few quality pieces make the difference.<\/p>\n<p>A top pick is <a href=\"https:\/\/www.castelli-cycling.com\/gb\/men\/tops\/cycling-jackets\/p\/452050221A-034\">Castelli\u2019s Alpha ROS 2 Jacket.<\/a> ROS stands for Rain or Shine. It is breathable and rated for temps between -5 and 10\u00b0C (23-50\u00b0F). I found it comfortable to wear in slightly warmer temps with just a short-sleeve base layer underneath. What is its secret power? A genius zipped inner vest you can close or open depending on your temperature.<\/p>\n<p>Too hot? Open up the jacket and let out some heat without exposing your core to the elements or a bazooka blast of cold air. Quality name brand textiles mean it\u2019s windproof while sealed seams and an external zipper with a protective flap mean no water gets in during the rain. The fabric stretches, so the jacket moves with you. It is the perfect choice for autumn rides in dry or wet conditions.<\/p>\n<p>It is available in men\u2019s and women\u2019s models but ladies, don&#8217;t shy away from the men\u2019s section. I fall between options in most women\u2019s clothing while the smaller men\u2019s sizes do the trick to perfection and are the first to go on sale! I\u2019ve purchased several at an impressive discount. Who doesn\u2019t love a good deal?<\/p>\n<h4><strong>Perfetto ROS Convertible Jacket<\/strong><\/h4>\n<figure id=\"attachment_186737\" aria-describedby=\"caption-attachment-186737\" style=\"width: 1266px\" class=\"wp-caption alignnone\"><a href=\"https:\/\/d2p6e6u75xmxt8.cloudfront.net\/2\/2021\/10\/Castelli-jacket.jpg\"><img loading=\"lazy\" decoding=\"async\" class=\"wp-image-186737 size-full\" src=\"https:\/\/d2p6e6u75xmxt8.cloudfront.net\/2\/2021\/10\/Castelli-jacket.jpg\" alt=\"Castelli Perfetto Jacket\" width=\"1266\" height=\"940\" \/><\/a><figcaption id=\"caption-attachment-186737\" class=\"wp-caption-text\">\u00a9 Castelli<\/figcaption><\/figure>\n<p>I\u2019m tooting the horn for another Castelli product but it\u2019s a worthy article. Castelli has been making the <a href=\"https:\/\/www.castelli-cycling.com\/us\/gabba-ros\/p\/451950221A-710\">Gabba Jersey<\/a> since 2010 when it was introduced to the pro peloton. If you\u2019ve watched any pro racing in foul weather (the 2021 Paris-Roubaix!), you\u2019ve seen it in action on the pro riders. The Italian brand took the concept of the ever-popular Gabba and morphed it into the <a href=\"https:\/\/www.castelli-cycling.com\/us\/men\/tops\/cycling-jackets\/p\/451950121A-085\">Perfetto ROS Convertible Jacket.<\/a><\/p>\n<p>Is it a short-sleeved jersey or a jacket? Both, actually. When the mercury rises, remove the sleeves via the convenient zipper, and Boom!, you\u2019ve got a short-sleeved Gabba jersey ready for rain or shine. Roll up the arms and slip them into one of the two generous rear pockets for later. The short sleeves provide coverage to just above the elbow.<\/p>\n<p>And to top it off, it\u2019s breathable, comfortable, and water and wind resistant. Thermal rated for 4-16\u00b0C \/ 39-61\u00b0F, wear it alone or over a jersey. I love its cosy, tall neck that keeps the wind out. It comes in four different colours, from be-seen fluorescents to more earthy tones if that is your preferred colour scheme.<\/p>\n<p>Warm but not hot? Unzip the side vents to release some steam. As the calendar brings brisk weather synonymous with the end of the year (here in the Northern Hemisphere), the Perfetto offers the perfect balance of insulation, utility, and protection from wind and rain through a variety of seasonal temperatures.<\/p>\n<h2><strong>Keep your pants on!\u00a0<\/strong><\/h2>\n<p><a href=\"https:\/\/d2p6e6u75xmxt8.cloudfront.net\/2\/2021\/10\/GORE_bibs.jpeg\"><img loading=\"lazy\" decoding=\"async\" class=\"alignnone size-full wp-image-186738\" src=\"https:\/\/d2p6e6u75xmxt8.cloudfront.net\/2\/2021\/10\/GORE_bibs.jpeg\" alt=\"GORE bibs\" width=\"1800\" height=\"1800\" \/><\/a><\/p>\n<p>That got your attention, didn\u2019t it? I should really say, keep your bib shorts on, ladies\u2019 bib shorts when nature calls, that is. What am I talking about? <a href=\"https:\/\/www.gorewear.com\/uk\/en-uk\/ardent-bib-shorts-womens-100733.html?dwvar_100733_color=9900&amp;cgid=gw_women_bottom_bibshorts#start=4&amp;cgid=gw_women_bottom_bibshorts\">Gore\u2019s Women\u2019s Ardent Bib Shorts<\/a> have built-in side stretch side zippers that make nature breaks a snap or, should I say, a zip.<\/p>\n<p>Say goodbye to the cycling striptease to get to the straps and exposing yourself to the autumn and winter cold when you gotta go. The zippers free up the backside so you can do what you gotta do with ease and discretion. No more nippy full moons behind a roadside bush or tree. Brilliant!<\/p>\n<p>Wear cold-weather tights over the top and you are ready for anything. Curiosity impels me to ponder if a man or a woman designed it but regardless, females everywhere are sending their hearty thank yous. A men\u2019s version of the Ardent exists but without the zips, of course.<\/p>\n<figure id=\"attachment_186740\" aria-describedby=\"caption-attachment-186740\" style=\"width: 1250px\" class=\"wp-caption alignnone\"><a href=\"https:\/\/d2p6e6u75xmxt8.cloudfront.net\/2\/2021\/10\/profimedia-0620478458.jpg\"><img loading=\"lazy\" decoding=\"async\" class=\"wp-image-186740 size-full\" src=\"https:\/\/d2p6e6u75xmxt8.cloudfront.net\/2\/2021\/10\/profimedia-0620478458.jpg\" alt=\"Autumn cycling\" width=\"1250\" height=\"833\" \/><\/a><figcaption id=\"caption-attachment-186740\" class=\"wp-caption-text\">There\u2019s no weather unfit for cycling \u2013 only poorly chosen clothes. \u00a9 Profimedia<\/figcaption><\/figure>\n<p>Ladies, if straps on your bibs get in the way of the twins, another nature-break friendly short is the <a href=\"https:\/\/www.endurasport.com\/womens-pro-sl-bibshorts-black\/12924666.html\">Endura Pro SL Bibshort.<\/a> Similar to Gore\u2019s product but without the zips, the Endura\u2019s have a super stretchy back panel you pull down like regular shorts to get to business. They have also moved away from traditional straps to more full-coverage up front, which may be to your liking.<\/p>\n<h2><strong>Stay warm out there<\/strong><\/h2>\n<p>I\u2019ve brought a few personal favourites to your attention but the fact remains that there are many brands and products doing fabulous things to help keep cyclists warm and comfortable throughout the change of seasons. Consumers having options and versatility is increasingly becoming the key to every cyclist\u2019s wardrobe.<\/p>\n<p>What are your favourite pieces of autumn clothing? Share your knowledge and experience with us and help the cycling community make smarter choices.<\/p>\n","protected":false},"excerpt":{"rendered":"<p>Peeling back the covers isn\u2019t the challenge it will surely be in another two months. What\u2019s holding you back? You [&hellip;]<\/p>\n","protected":false},"author":99,"featured_media":186732,"comment_status":"open","ping_status":"open","sticky":false,"template":"","format":"standard","meta":{"footnotes":""},"categories":[334],"tags":[5732,5729,5730,5731,4932,5733],"global-categories":[3366],"class_list":["post-186730","post","type-post","status-publish","format-standard","has-post-thumbnail","hentry","category-socialising-and-culture","tag-alpha-ros-2-jacket","tag-autumn-cycling-wear","tag-cycling-jackets","tag-cycling-jerseys","tag-merino-wool","tag-perfetto-ros","global-categories-cycling"],"yoast_head":"<!-- This site is optimized with the Yoast SEO Premium plugin v25.3 (Yoast SEO v25.9) - https:\/\/yoast.com\/wordpress\/plugins\/seo\/ -->\n<title>Best Autumn Cycling Wear for 2021 - We Love Cycling Magazine<\/title>\n<meta name=\"description\" content=\"Peeling back the covers isn\u2019t the challenge it will surely be in another two months. What\u2019s holding you back? You don\u2019t know what to wear?\u00a0 Dressing\" \/>\n<meta name=\"robots\" content=\"index, follow, max-snippet:-1, max-image-preview:large, max-video-preview:-1\" \/>\n<link rel=\"canonical\" href=\"https:\/\/www.welovecycling.com\/wide\/2021\/10\/06\/a-personal-take-on-the-best-autumn-wear-for-2021\/\" \/>\n<meta property=\"og:locale\" content=\"en_US\" \/>\n<meta property=\"og:type\" content=\"article\" \/>\n<meta property=\"og:title\" content=\"A Personal Take on The Best Autumn Wear for 2021\" \/>\n<meta property=\"og:description\" content=\"Peeling back the covers isn\u2019t the challenge it will surely be in another two months. What\u2019s holding you back? You don\u2019t know what to wear?\u00a0 Dressing\" \/>\n<meta property=\"og:url\" content=\"https:\/\/www.welovecycling.com\/wide\/2021\/10\/06\/a-personal-take-on-the-best-autumn-wear-for-2021\/\" \/>\n<meta property=\"og:site_name\" content=\"\u0160koda We Love Cycling\" \/>\n<meta property=\"article:published_time\" content=\"2021-10-06T10:08:21+00:00\" \/>\n<meta property=\"og:image\" content=\"https:\/\/d2p6e6u75xmxt8.cloudfront.net\/2\/2021\/10\/Autumn-cycling-profimedia-0635062453-CVR.webp\" \/>\n\t<meta property=\"og:image:width\" content=\"900\" \/>\n\t<meta property=\"og:image:height\" content=\"600\" \/>\n\t<meta property=\"og:image:type\" content=\"image\/webp\" \/>\n<meta name=\"author\" content=\"tereza\" \/>\n<meta name=\"twitter:card\" content=\"summary_large_image\" \/>\n<meta name=\"twitter:label1\" content=\"Written by\" \/>\n\t<meta name=\"twitter:data1\" content=\"Andrea Champredonde\" \/>\n\t<meta name=\"twitter:label2\" content=\"Est. reading time\" \/>\n\t<meta name=\"twitter:data2\" content=\"7\" \/>\n<script type=\"application\/ld+json\" class=\"yoast-schema-graph\">{\"@context\":\"https:\/\/schema.org\",\"@graph\":[{\"@type\":\"WebPage\",\"@id\":\"https:\/\/www.welovecycling.com\/wide\/2021\/10\/06\/a-personal-take-on-the-best-autumn-wear-for-2021\/\",\"url\":\"https:\/\/www.welovecycling.com\/wide\/2021\/10\/06\/a-personal-take-on-the-best-autumn-wear-for-2021\/\",\"name\":\"Best Autumn Cycling Wear for 2021 - We Love Cycling Magazine\",\"isPartOf\":{\"@id\":\"https:\/\/www.welovecycling.com\/wide\/#website\"},\"primaryImageOfPage\":{\"@id\":\"https:\/\/www.welovecycling.com\/wide\/2021\/10\/06\/a-personal-take-on-the-best-autumn-wear-for-2021\/#primaryimage\"},\"image\":{\"@id\":\"https:\/\/www.welovecycling.com\/wide\/2021\/10\/06\/a-personal-take-on-the-best-autumn-wear-for-2021\/#primaryimage\"},\"thumbnailUrl\":\"https:\/\/d2p6e6u75xmxt8.cloudfront.net\/2\/2021\/10\/Autumn-cycling-profimedia-0635062453-CVR.webp\",\"datePublished\":\"2021-10-06T10:08:21+00:00\",\"author\":{\"@id\":\"https:\/\/www.welovecycling.com\/wide\/#\/schema\/person\/50f01ecd18718d2333cf72e823c4f926\"},\"description\":\"Peeling back the covers isn\u2019t the challenge it will surely be in another two months. What\u2019s holding you back? You don\u2019t know what to wear?\u00a0 Dressing\",\"breadcrumb\":{\"@id\":\"https:\/\/www.welovecycling.com\/wide\/2021\/10\/06\/a-personal-take-on-the-best-autumn-wear-for-2021\/#breadcrumb\"},\"inLanguage\":\"en-US\",\"potentialAction\":[{\"@type\":\"ReadAction\",\"target\":[\"https:\/\/www.welovecycling.com\/wide\/2021\/10\/06\/a-personal-take-on-the-best-autumn-wear-for-2021\/\"]}]},{\"@type\":\"ImageObject\",\"inLanguage\":\"en-US\",\"@id\":\"https:\/\/www.welovecycling.com\/wide\/2021\/10\/06\/a-personal-take-on-the-best-autumn-wear-for-2021\/#primaryimage\",\"url\":\"https:\/\/d2p6e6u75xmxt8.cloudfront.net\/2\/2021\/10\/Autumn-cycling-profimedia-0635062453-CVR.webp\",\"contentUrl\":\"https:\/\/d2p6e6u75xmxt8.cloudfront.net\/2\/2021\/10\/Autumn-cycling-profimedia-0635062453-CVR.webp\",\"width\":900,\"height\":600,\"caption\":\"Autumn cycling\"},{\"@type\":\"BreadcrumbList\",\"@id\":\"https:\/\/www.welovecycling.com\/wide\/2021\/10\/06\/a-personal-take-on-the-best-autumn-wear-for-2021\/#breadcrumb\",\"itemListElement\":[{\"@type\":\"ListItem\",\"position\":1,\"name\":\"Home\",\"item\":\"https:\/\/www.welovecycling.com\/wide\/\"},{\"@type\":\"ListItem\",\"position\":2,\"name\":\"A Personal Take on The Best Autumn Wear for 2021\"}]},{\"@type\":\"WebSite\",\"@id\":\"https:\/\/www.welovecycling.com\/wide\/#website\",\"url\":\"https:\/\/www.welovecycling.com\/wide\/\",\"name\":\"\u0160koda We Love Cycling\",\"description\":\"\u0160koda We Love Cycling magazine\",\"alternateName\":\"\u0160koda WLC\",\"potentialAction\":[{\"@type\":\"SearchAction\",\"target\":{\"@type\":\"EntryPoint\",\"urlTemplate\":\"https:\/\/www.welovecycling.com\/wide\/?s={search_term_string}\"},\"query-input\":{\"@type\":\"PropertyValueSpecification\",\"valueRequired\":true,\"valueName\":\"search_term_string\"}}],\"inLanguage\":\"en-US\"},{\"@type\":\"Person\",\"@id\":\"https:\/\/www.welovecycling.com\/wide\/#\/schema\/person\/50f01ecd18718d2333cf72e823c4f926\",\"name\":\"tereza\",\"image\":{\"@type\":\"ImageObject\",\"inLanguage\":\"en-US\",\"@id\":\"https:\/\/www.welovecycling.com\/wide\/#\/schema\/person\/image\/\",\"url\":\"https:\/\/secure.gravatar.com\/avatar\/1f9eb71be33845f0afabce3791bc1c58ecdb0a25c62964987e5dbcf7a20d2ec7?s=96&d=mm&r=g\",\"contentUrl\":\"https:\/\/secure.gravatar.com\/avatar\/1f9eb71be33845f0afabce3791bc1c58ecdb0a25c62964987e5dbcf7a20d2ec7?s=96&d=mm&r=g\",\"caption\":\"tereza\"},\"url\":\"https:\/\/www.welovecycling.com\/wide\/author\/tereza\/\"}]}<\/script>\n<!-- \/ Yoast SEO Premium plugin. -->","yoast_head_json":{"title":"Best Autumn Cycling Wear for 2021 - We Love Cycling Magazine","description":"Peeling back the covers isn\u2019t the challenge it will surely be in another two months. What\u2019s holding you back? You don\u2019t know what to wear?\u00a0 Dressing","robots":{"index":"index","follow":"follow","max-snippet":"max-snippet:-1","max-image-preview":"max-image-preview:large","max-video-preview":"max-video-preview:-1"},"canonical":"https:\/\/www.welovecycling.com\/wide\/2021\/10\/06\/a-personal-take-on-the-best-autumn-wear-for-2021\/","og_locale":"en_US","og_type":"article","og_title":"A Personal Take on The Best Autumn Wear for 2021","og_description":"Peeling back the covers isn\u2019t the challenge it will surely be in another two months. What\u2019s holding you back? You don\u2019t know what to wear?\u00a0 Dressing","og_url":"https:\/\/www.welovecycling.com\/wide\/2021\/10\/06\/a-personal-take-on-the-best-autumn-wear-for-2021\/","og_site_name":"\u0160koda We Love Cycling","article_published_time":"2021-10-06T10:08:21+00:00","og_image":[{"width":900,"height":600,"url":"https:\/\/d2p6e6u75xmxt8.cloudfront.net\/2\/2021\/10\/Autumn-cycling-profimedia-0635062453-CVR.webp","type":"image\/webp"}],"author":"tereza","twitter_card":"summary_large_image","twitter_misc":{"Written by":"Andrea Champredonde","Est. reading time":"7"},"schema":{"@context":"https:\/\/schema.org","@graph":[{"@type":"WebPage","@id":"https:\/\/www.welovecycling.com\/wide\/2021\/10\/06\/a-personal-take-on-the-best-autumn-wear-for-2021\/","url":"https:\/\/www.welovecycling.com\/wide\/2021\/10\/06\/a-personal-take-on-the-best-autumn-wear-for-2021\/","name":"Best Autumn Cycling Wear for 2021 - We Love Cycling Magazine","isPartOf":{"@id":"https:\/\/www.welovecycling.com\/wide\/#website"},"primaryImageOfPage":{"@id":"https:\/\/www.welovecycling.com\/wide\/2021\/10\/06\/a-personal-take-on-the-best-autumn-wear-for-2021\/#primaryimage"},"image":{"@id":"https:\/\/www.welovecycling.com\/wide\/2021\/10\/06\/a-personal-take-on-the-best-autumn-wear-for-2021\/#primaryimage"},"thumbnailUrl":"https:\/\/d2p6e6u75xmxt8.cloudfront.net\/2\/2021\/10\/Autumn-cycling-profimedia-0635062453-CVR.webp","datePublished":"2021-10-06T10:08:21+00:00","author":{"@id":"https:\/\/www.welovecycling.com\/wide\/#\/schema\/person\/50f01ecd18718d2333cf72e823c4f926"},"description":"Peeling back the covers isn\u2019t the challenge it will surely be in another two months. What\u2019s holding you back? You don\u2019t know what to wear?\u00a0 Dressing","breadcrumb":{"@id":"https:\/\/www.welovecycling.com\/wide\/2021\/10\/06\/a-personal-take-on-the-best-autumn-wear-for-2021\/#breadcrumb"},"inLanguage":"en-US","potentialAction":[{"@type":"ReadAction","target":["https:\/\/www.welovecycling.com\/wide\/2021\/10\/06\/a-personal-take-on-the-best-autumn-wear-for-2021\/"]}]},{"@type":"ImageObject","inLanguage":"en-US","@id":"https:\/\/www.welovecycling.com\/wide\/2021\/10\/06\/a-personal-take-on-the-best-autumn-wear-for-2021\/#primaryimage","url":"https:\/\/d2p6e6u75xmxt8.cloudfront.net\/2\/2021\/10\/Autumn-cycling-profimedia-0635062453-CVR.webp","contentUrl":"https:\/\/d2p6e6u75xmxt8.cloudfront.net\/2\/2021\/10\/Autumn-cycling-profimedia-0635062453-CVR.webp","width":900,"height":600,"caption":"Autumn cycling"},{"@type":"BreadcrumbList","@id":"https:\/\/www.welovecycling.com\/wide\/2021\/10\/06\/a-personal-take-on-the-best-autumn-wear-for-2021\/#breadcrumb","itemListElement":[{"@type":"ListItem","position":1,"name":"Home","item":"https:\/\/www.welovecycling.com\/wide\/"},{"@type":"ListItem","position":2,"name":"A Personal Take on The Best Autumn Wear for 2021"}]},{"@type":"WebSite","@id":"https:\/\/www.welovecycling.com\/wide\/#website","url":"https:\/\/www.welovecycling.com\/wide\/","name":"\u0160koda We Love Cycling","description":"\u0160koda We Love Cycling magazine","alternateName":"\u0160koda WLC","potentialAction":[{"@type":"SearchAction","target":{"@type":"EntryPoint","urlTemplate":"https:\/\/www.welovecycling.com\/wide\/?s={search_term_string}"},"query-input":{"@type":"PropertyValueSpecification","valueRequired":true,"valueName":"search_term_string"}}],"inLanguage":"en-US"},{"@type":"Person","@id":"https:\/\/www.welovecycling.com\/wide\/#\/schema\/person\/50f01ecd18718d2333cf72e823c4f926","name":"tereza","image":{"@type":"ImageObject","inLanguage":"en-US","@id":"https:\/\/www.welovecycling.com\/wide\/#\/schema\/person\/image\/","url":"https:\/\/secure.gravatar.com\/avatar\/1f9eb71be33845f0afabce3791bc1c58ecdb0a25c62964987e5dbcf7a20d2ec7?s=96&d=mm&r=g","contentUrl":"https:\/\/secure.gravatar.com\/avatar\/1f9eb71be33845f0afabce3791bc1c58ecdb0a25c62964987e5dbcf7a20d2ec7?s=96&d=mm&r=g","caption":"tereza"},"url":"https:\/\/www.welovecycling.com\/wide\/author\/tereza\/"}]}},"_links":{"self":[{"href":"https:\/\/www.welovecycling.com\/wide\/wp-json\/wp\/v2\/posts\/186730","targetHints":{"allow":["GET"]}}],"collection":[{"href":"https:\/\/www.welovecycling.com\/wide\/wp-json\/wp\/v2\/posts"}],"about":[{"href":"https:\/\/www.welovecycling.com\/wide\/wp-json\/wp\/v2\/types\/post"}],"author":[{"embeddable":true,"href":"https:\/\/www.welovecycling.com\/wide\/wp-json\/wp\/v2\/users\/99"}],"replies":[{"embeddable":true,"href":"https:\/\/www.welovecycling.com\/wide\/wp-json\/wp\/v2\/comments?post=186730"}],"version-history":[{"count":2,"href":"https:\/\/www.welovecycling.com\/wide\/wp-json\/wp\/v2\/posts\/186730\/revisions"}],"predecessor-version":[{"id":186743,"href":"https:\/\/www.welovecycling.com\/wide\/wp-json\/wp\/v2\/posts\/186730\/revisions\/186743"}],"wp:featuredmedia":[{"embeddable":true,"href":"https:\/\/www.welovecycling.com\/wide\/wp-json\/wp\/v2\/media\/186732"}],"wp:attachment":[{"href":"https:\/\/www.welovecycling.com\/wide\/wp-json\/wp\/v2\/media?parent=186730"}],"wp:term":[{"taxonomy":"category","embeddable":true,"href":"https:\/\/www.welovecycling.com\/wide\/wp-json\/wp\/v2\/categories?post=186730"},{"taxonomy":"post_tag","embeddable":true,"href":"https:\/\/www.welovecycling.com\/wide\/wp-json\/wp\/v2\/tags?post=186730"},{"taxonomy":"global-categories","embeddable":true,"href":"https:\/\/www.welovecycling.com\/wide\/wp-json\/wp\/v2\/global-categories?post=186730"}],"curies":[{"name":"wp","href":"https:\/\/api.w.org\/{rel}","templated":true}]}}