{"id":186708,"date":"2021-10-04T11:49:03","date_gmt":"2021-10-04T11:49:03","guid":{"rendered":"https:\/\/www.welovecycling.com\/wide\/?p=186708"},"modified":"2021-10-04T11:49:03","modified_gmt":"2021-10-04T11:49:03","slug":"lizzie-deignan-soars-to-victory-at-the-inaugural-paris-roubaix-femmes","status":"publish","type":"post","link":"https:\/\/www.welovecycling.com\/wide\/2021\/10\/04\/lizzie-deignan-soars-to-victory-at-the-inaugural-paris-roubaix-femmes\/","title":{"rendered":"Lizzie Deignan Soars to Victory at The Inaugural Paris-Roubaix Femmes"},"content":{"rendered":"<p><strong>This past weekend, the women\u2019s peloton took to the famous cobbles for the first-ever Paris-Roubaix Femmes\u2014and wow, did they put on a show! Lizzie Deignan (Trek-Segafredo) confirmed her already solid status as a tough as nails rider, providing a stunning display of skill, determination and strength, as she soloed for over 80 kilometres to claim top spot at the first women&#8217;s Paris-Roubaix.<\/strong><\/p>\n<p><!--more--><\/p>\n<p>Rounding out the podium, we saw Marianne Vos (Jumbo-Visma) chase in for an impressive second ahead of Deignan\u2019s teammate Elisa Longo Borghini who took third. It was a wet and muddy affair, and in addition to the queen of British cycling\u2019s decisive win, there was plenty of action to enjoy. Attacks and counterattacks, wipeouts, drama, and dropped riders all fueled the inaugural performance by the women. Let\u2019s take a closer look at how it all went down.<\/p>\n<div class=\"embed-controller-wrapper\">\n<blockquote class=\"twitter-tweet\" data-width=\"500\" data-dnt=\"true\">\n<p lang=\"en\" dir=\"ltr\">About last weekend&#8230;<a href=\"https:\/\/twitter.com\/hashtag\/ParisRoubaix?src=hash&amp;ref_src=twsrc%5Etfw\">#ParisRoubaix<\/a> | <a href=\"https:\/\/twitter.com\/hashtag\/ParisRoubaixFemmes?src=hash&amp;ref_src=twsrc%5Etfw\">#ParisRoubaixFemmes<\/a> <a href=\"https:\/\/t.co\/S9MyqBYYbN\">pic.twitter.com\/S9MyqBYYbN<\/a><\/p>\n<p>&mdash; Paris-Roubaix (@parisroubaix) <a href=\"https:\/\/twitter.com\/parisroubaix\/status\/1444982257735843840?ref_src=twsrc%5Etfw\">October 4, 2021<\/a><\/p><\/blockquote>\n<p><script async data-src=\"https:\/\/platform.twitter.com\/widgets.js\" charset=\"utf-8\"><\/script><\/div>\n<h2><strong>The route\u00a0<\/strong><\/h2>\n<p>The race began in Denain, south of Roubaix, from where the peloton raced 116 km before finishing at the famous V\u00e9lodrome Andr\u00e9-P\u00e9trieux in Roubaix. The course featured 17 sectors of cobbled roads with the pav\u00e9 beginning after just 20km of racing. The women\u2019s route included the famous five-star sectors Mons-en-P\u00e9v\u00e8le and the Carrefour de l\u2019Arbre. The cobbles accounted for around 30km of the race route, meaning a quarter of the action took place on the famous stones of northern France. So although the peloton did not take on the famed Arenberg Forest\u2014which serves as the traditional opening stretch in the men\u2019s race\u2014there is no doubt that they were faced with a highly challenging course.<\/p>\n<h2><strong>How the women tackled it\u00a0<\/strong><\/h2>\n<p>The race got off to a predictably feisty start with a strong first lap of the Denain circuit, during which the peloton remained together. Attacks starting coming in hot, though, before the first cobbled sector from Hornaing to Wandignies saw a few attempts reeled back. At this point, Deignan decided to go for it and managed to put distance between herself and the chasing field.<\/p>\n<p>With 50km remaining on the five-star Mons-en-P\u00e9v\u00e8le sector, she had expanded her lead to two minutes, with the field behind her further reducing to under 30 riders. Set back by crashes and punctures, many pre-race favourites\u2014including Ellen van Dijk, Belgian national champion Lotte Kopecky, and <a href=\"https:\/\/www.welovecycling.com\/wide\/2021\/09\/27\/elisa-balsamo-wins-road-world-championships-and-other-cool-news-from-the-world-of-cycling\/\">the new World Champion, Elisa Balsamo<\/a>\u2014were out of the running.<\/p>\n<figure id=\"attachment_186712\" aria-describedby=\"caption-attachment-186712\" style=\"width: 1000px\" class=\"wp-caption alignnone\"><a href=\"https:\/\/d2p6e6u75xmxt8.cloudfront.net\/2\/2021\/10\/Paris-Roubaix-profimedia-0636009708.jpg\"><img loading=\"lazy\" decoding=\"async\" class=\"wp-image-186712 size-full\" src=\"https:\/\/d2p6e6u75xmxt8.cloudfront.net\/2\/2021\/10\/Paris-Roubaix-profimedia-0636009708.jpg\" alt=\"Paris-Roubaix Femmes\" width=\"1000\" height=\"711\" \/><\/a><figcaption id=\"caption-attachment-186712\" class=\"wp-caption-text\">The race got feisty right at the beginning. \u00a9 Profimedia<\/figcaption><\/figure>\n<p>It was clear to the others that it was now or never. A sense of urgency prompted a group consisting of Vos, Majerus, Cordon-Ragot, Brennauer, Biannic and Bastianelli to hit the pursuit. A few other riders managed to join the second-place pack, and with a renewed confidence in the chase, they were able to make some gains on Deignan\u2019s advantage. With the uptick in energy, Vos saw that her best chance of success was to go at it alone, and by the time she reached the Carrefour de l\u2019Arbre, she was just over 1:30 in arrears.<\/p>\n<h2><strong>Deignan sails to victory<\/strong><\/h2>\n<p>Ultimately, though, with rain turning some sectors into treacherous mud puddles, Deignan&#8217;s early strategy of going solo paid off. Her independent march meant that she was among the few riders who could avoid crashing. Vos and Longo Borghini, meanwhile, each fell at least once.<\/p>\n<p>Claiming the title of queen of the cobbles, Deignan was indisputably the strongest rider of the day. Even a mechanical suffered by the Trek-Segafredo team car wasn\u2019t enough to diminish her commanding victory. She entered the famed velodrome, crossed the line, and raised her bloody hands in the air to claim an historic win.<\/p>\n<figure id=\"attachment_186713\" aria-describedby=\"caption-attachment-186713\" style=\"width: 1000px\" class=\"wp-caption alignnone\"><a href=\"https:\/\/d2p6e6u75xmxt8.cloudfront.net\/2\/2021\/10\/Paris-Roubaix-Femmes-profimedia-0636026795.jpg\"><img loading=\"lazy\" decoding=\"async\" class=\"size-full wp-image-186713\" src=\"https:\/\/d2p6e6u75xmxt8.cloudfront.net\/2\/2021\/10\/Paris-Roubaix-Femmes-profimedia-0636026795.jpg\" alt=\"Paris-Roubaix Femmes\" width=\"1000\" height=\"666\" \/><\/a><figcaption id=\"caption-attachment-186713\" class=\"wp-caption-text\">Marianne Vos, Elizabeth Deignan and Elisa Longo Borghini on the podium. \u00a9 Profimedia<\/figcaption><\/figure>\n<h2><strong>A winning statement\u00a0<\/strong><\/h2>\n<p>After the race, <a href=\"https:\/\/www.welovecycling.com\/wide\/2021\/10\/04\/sonny-colbrelli-wins-the-epic-2021-paris-roubaix-and-other-cool-news-from-the-world-of-cycling\/\">Deignan commented:<\/a> \u201cI just feel so incredibly proud. Women&#8217;s cycling is at a turning point and it&#8217;s part of history. I&#8217;m also proud to be part of a team that also makes history. We&#8217;re so grateful to everyone behind the scenes, all the viewers watching, every fan watching is also making history. It proves there&#8217;s an appetite for women&#8217;s cycling and the athletes here can do one of the hardest races in the world. I&#8217;m so proud I can say I&#8217;m the first-ever winner. That was really not the plan. I needed to be at the front in the first cobble section to protect my leaders.\u00a0 Actually today, I was kind of the third rider&#8230; I looked behind after the first cobbles, and I thought at least if I&#8217;m in the front they have to chase me, so I just kept going.&#8221;<\/p>\n<p>Indeed, it cannot be understated what a critical moment this first women&#8217;s Paris-Roubaix was for the sport. The women more than proved they can handle the challenge posed by the jarring cobblestones and didn\u2019t bat an eye when confronted with the inevitable crashes that awaited them.<\/p>\n<p>Lizzie Deignan&#8217;s heroic 80+ kilometre solo attack was as inspirational as any victories the great sport of cycling has seen, and she has added another entry under her name that is already firmly etched into the history books. We congratulate the British star on a truly spectacular win and look forward to seeing the women\u2019s peloton take on more iconic races (including next year\u2019s Tour de France) in the future!<\/p>\n","protected":false},"excerpt":{"rendered":"<p>This past weekend, the women\u2019s peloton took to the famous cobbles for the first-ever Paris-Roubaix Femmes\u2014and wow, did they put [&hellip;]<\/p>\n","protected":false},"author":99,"featured_media":186709,"comment_status":"open","ping_status":"open","sticky":false,"template":"","format":"standard","meta":{"footnotes":""},"categories":[329],"tags":[5064,5706,2711,5724,5723,538,2264],"global-categories":[3366],"class_list":["post-186708","post","type-post","status-publish","format-standard","has-post-thumbnail","hentry","category-road-cycling","tag-2021-paris-roubaix","tag-elisa-balsamo","tag-elisa-longo-borghini","tag-lotte-kopecky","tag-paris-roubaix-femmes","tag-women-cycling","tag-womens-cycling","global-categories-cycling"],"yoast_head":"<!-- This site is optimized with the Yoast SEO Premium plugin v25.3 (Yoast SEO v25.9) - https:\/\/yoast.com\/wordpress\/plugins\/seo\/ -->\n<title>Lizzie Deignan Soars to Victory at The Inaugural Paris-Roubaix Femmes<\/title>\n<meta name=\"description\" content=\"This past weekend, the women\u2019s peloton took to the famous cobbles for the first-ever Paris-Roubaix Femmes\u2014and wow, did they put on a show! Lizzie Deignan\" \/>\n<meta name=\"robots\" content=\"index, follow, max-snippet:-1, max-image-preview:large, max-video-preview:-1\" \/>\n<link rel=\"canonical\" href=\"https:\/\/www.welovecycling.com\/wide\/2021\/10\/04\/lizzie-deignan-soars-to-victory-at-the-inaugural-paris-roubaix-femmes\/\" \/>\n<meta property=\"og:locale\" content=\"en_US\" \/>\n<meta property=\"og:type\" content=\"article\" \/>\n<meta property=\"og:title\" content=\"Lizzie Deignan Soars to Victory at The Inaugural Paris-Roubaix Femmes\" \/>\n<meta property=\"og:description\" content=\"This past weekend, the women\u2019s peloton took to the famous cobbles for the first-ever Paris-Roubaix Femmes\u2014and wow, did they put on a show! Lizzie Deignan\" \/>\n<meta property=\"og:url\" content=\"https:\/\/www.welovecycling.com\/wide\/2021\/10\/04\/lizzie-deignan-soars-to-victory-at-the-inaugural-paris-roubaix-femmes\/\" \/>\n<meta property=\"og:site_name\" content=\"\u0160koda We Love Cycling\" \/>\n<meta property=\"article:published_time\" content=\"2021-10-04T11:49:03+00:00\" \/>\n<meta property=\"og:image\" content=\"https:\/\/d2p6e6u75xmxt8.cloudfront.net\/2\/2021\/10\/Lizzie-Deignan-profimedia-0636019543-CVR.webp\" \/>\n\t<meta property=\"og:image:width\" content=\"900\" \/>\n\t<meta property=\"og:image:height\" content=\"600\" \/>\n\t<meta property=\"og:image:type\" content=\"image\/webp\" \/>\n<meta name=\"author\" content=\"tereza\" \/>\n<meta name=\"twitter:card\" content=\"summary_large_image\" \/>\n<meta name=\"twitter:label1\" content=\"Written by\" \/>\n\t<meta name=\"twitter:data1\" content=\"Megan Flottorp\" \/>\n\t<meta name=\"twitter:label2\" content=\"Est. reading time\" \/>\n\t<meta name=\"twitter:data2\" content=\"5\" \/>\n<script type=\"application\/ld+json\" class=\"yoast-schema-graph\">{\"@context\":\"https:\/\/schema.org\",\"@graph\":[{\"@type\":\"WebPage\",\"@id\":\"https:\/\/www.welovecycling.com\/wide\/2021\/10\/04\/lizzie-deignan-soars-to-victory-at-the-inaugural-paris-roubaix-femmes\/\",\"url\":\"https:\/\/www.welovecycling.com\/wide\/2021\/10\/04\/lizzie-deignan-soars-to-victory-at-the-inaugural-paris-roubaix-femmes\/\",\"name\":\"Lizzie Deignan Soars to Victory at The Inaugural Paris-Roubaix Femmes\",\"isPartOf\":{\"@id\":\"https:\/\/www.welovecycling.com\/wide\/#website\"},\"primaryImageOfPage\":{\"@id\":\"https:\/\/www.welovecycling.com\/wide\/2021\/10\/04\/lizzie-deignan-soars-to-victory-at-the-inaugural-paris-roubaix-femmes\/#primaryimage\"},\"image\":{\"@id\":\"https:\/\/www.welovecycling.com\/wide\/2021\/10\/04\/lizzie-deignan-soars-to-victory-at-the-inaugural-paris-roubaix-femmes\/#primaryimage\"},\"thumbnailUrl\":\"https:\/\/d2p6e6u75xmxt8.cloudfront.net\/2\/2021\/10\/Lizzie-Deignan-profimedia-0636019543-CVR.webp\",\"datePublished\":\"2021-10-04T11:49:03+00:00\",\"author\":{\"@id\":\"https:\/\/www.welovecycling.com\/wide\/#\/schema\/person\/50f01ecd18718d2333cf72e823c4f926\"},\"description\":\"This past weekend, the women\u2019s peloton took to the famous cobbles for the first-ever Paris-Roubaix Femmes\u2014and wow, did they put on a show! Lizzie Deignan\",\"breadcrumb\":{\"@id\":\"https:\/\/www.welovecycling.com\/wide\/2021\/10\/04\/lizzie-deignan-soars-to-victory-at-the-inaugural-paris-roubaix-femmes\/#breadcrumb\"},\"inLanguage\":\"en-US\",\"potentialAction\":[{\"@type\":\"ReadAction\",\"target\":[\"https:\/\/www.welovecycling.com\/wide\/2021\/10\/04\/lizzie-deignan-soars-to-victory-at-the-inaugural-paris-roubaix-femmes\/\"]}]},{\"@type\":\"ImageObject\",\"inLanguage\":\"en-US\",\"@id\":\"https:\/\/www.welovecycling.com\/wide\/2021\/10\/04\/lizzie-deignan-soars-to-victory-at-the-inaugural-paris-roubaix-femmes\/#primaryimage\",\"url\":\"https:\/\/d2p6e6u75xmxt8.cloudfront.net\/2\/2021\/10\/Lizzie-Deignan-profimedia-0636019543-CVR.webp\",\"contentUrl\":\"https:\/\/d2p6e6u75xmxt8.cloudfront.net\/2\/2021\/10\/Lizzie-Deignan-profimedia-0636019543-CVR.webp\",\"width\":900,\"height\":600,\"caption\":\"Lizzie Deignan\"},{\"@type\":\"BreadcrumbList\",\"@id\":\"https:\/\/www.welovecycling.com\/wide\/2021\/10\/04\/lizzie-deignan-soars-to-victory-at-the-inaugural-paris-roubaix-femmes\/#breadcrumb\",\"itemListElement\":[{\"@type\":\"ListItem\",\"position\":1,\"name\":\"Home\",\"item\":\"https:\/\/www.welovecycling.com\/wide\/\"},{\"@type\":\"ListItem\",\"position\":2,\"name\":\"Lizzie Deignan Soars to Victory at The Inaugural Paris-Roubaix Femmes\"}]},{\"@type\":\"WebSite\",\"@id\":\"https:\/\/www.welovecycling.com\/wide\/#website\",\"url\":\"https:\/\/www.welovecycling.com\/wide\/\",\"name\":\"\u0160koda We Love Cycling\",\"description\":\"\u0160koda We Love Cycling magazine\",\"alternateName\":\"\u0160koda WLC\",\"potentialAction\":[{\"@type\":\"SearchAction\",\"target\":{\"@type\":\"EntryPoint\",\"urlTemplate\":\"https:\/\/www.welovecycling.com\/wide\/?s={search_term_string}\"},\"query-input\":{\"@type\":\"PropertyValueSpecification\",\"valueRequired\":true,\"valueName\":\"search_term_string\"}}],\"inLanguage\":\"en-US\"},{\"@type\":\"Person\",\"@id\":\"https:\/\/www.welovecycling.com\/wide\/#\/schema\/person\/50f01ecd18718d2333cf72e823c4f926\",\"name\":\"tereza\",\"image\":{\"@type\":\"ImageObject\",\"inLanguage\":\"en-US\",\"@id\":\"https:\/\/www.welovecycling.com\/wide\/#\/schema\/person\/image\/\",\"url\":\"https:\/\/secure.gravatar.com\/avatar\/1f9eb71be33845f0afabce3791bc1c58ecdb0a25c62964987e5dbcf7a20d2ec7?s=96&d=mm&r=g\",\"contentUrl\":\"https:\/\/secure.gravatar.com\/avatar\/1f9eb71be33845f0afabce3791bc1c58ecdb0a25c62964987e5dbcf7a20d2ec7?s=96&d=mm&r=g\",\"caption\":\"tereza\"},\"url\":\"https:\/\/www.welovecycling.com\/wide\/author\/tereza\/\"}]}<\/script>\n<!-- \/ Yoast SEO Premium plugin. -->","yoast_head_json":{"title":"Lizzie Deignan Soars to Victory at The Inaugural Paris-Roubaix Femmes","description":"This past weekend, the women\u2019s peloton took to the famous cobbles for the first-ever Paris-Roubaix Femmes\u2014and wow, did they put on a show! Lizzie Deignan","robots":{"index":"index","follow":"follow","max-snippet":"max-snippet:-1","max-image-preview":"max-image-preview:large","max-video-preview":"max-video-preview:-1"},"canonical":"https:\/\/www.welovecycling.com\/wide\/2021\/10\/04\/lizzie-deignan-soars-to-victory-at-the-inaugural-paris-roubaix-femmes\/","og_locale":"en_US","og_type":"article","og_title":"Lizzie Deignan Soars to Victory at The Inaugural Paris-Roubaix Femmes","og_description":"This past weekend, the women\u2019s peloton took to the famous cobbles for the first-ever Paris-Roubaix Femmes\u2014and wow, did they put on a show! Lizzie Deignan","og_url":"https:\/\/www.welovecycling.com\/wide\/2021\/10\/04\/lizzie-deignan-soars-to-victory-at-the-inaugural-paris-roubaix-femmes\/","og_site_name":"\u0160koda We Love Cycling","article_published_time":"2021-10-04T11:49:03+00:00","og_image":[{"width":900,"height":600,"url":"https:\/\/d2p6e6u75xmxt8.cloudfront.net\/2\/2021\/10\/Lizzie-Deignan-profimedia-0636019543-CVR.webp","type":"image\/webp"}],"author":"tereza","twitter_card":"summary_large_image","twitter_misc":{"Written by":"Megan Flottorp","Est. reading time":"5"},"schema":{"@context":"https:\/\/schema.org","@graph":[{"@type":"WebPage","@id":"https:\/\/www.welovecycling.com\/wide\/2021\/10\/04\/lizzie-deignan-soars-to-victory-at-the-inaugural-paris-roubaix-femmes\/","url":"https:\/\/www.welovecycling.com\/wide\/2021\/10\/04\/lizzie-deignan-soars-to-victory-at-the-inaugural-paris-roubaix-femmes\/","name":"Lizzie Deignan Soars to Victory at The Inaugural Paris-Roubaix Femmes","isPartOf":{"@id":"https:\/\/www.welovecycling.com\/wide\/#website"},"primaryImageOfPage":{"@id":"https:\/\/www.welovecycling.com\/wide\/2021\/10\/04\/lizzie-deignan-soars-to-victory-at-the-inaugural-paris-roubaix-femmes\/#primaryimage"},"image":{"@id":"https:\/\/www.welovecycling.com\/wide\/2021\/10\/04\/lizzie-deignan-soars-to-victory-at-the-inaugural-paris-roubaix-femmes\/#primaryimage"},"thumbnailUrl":"https:\/\/d2p6e6u75xmxt8.cloudfront.net\/2\/2021\/10\/Lizzie-Deignan-profimedia-0636019543-CVR.webp","datePublished":"2021-10-04T11:49:03+00:00","author":{"@id":"https:\/\/www.welovecycling.com\/wide\/#\/schema\/person\/50f01ecd18718d2333cf72e823c4f926"},"description":"This past weekend, the women\u2019s peloton took to the famous cobbles for the first-ever Paris-Roubaix Femmes\u2014and wow, did they put on a show! Lizzie Deignan","breadcrumb":{"@id":"https:\/\/www.welovecycling.com\/wide\/2021\/10\/04\/lizzie-deignan-soars-to-victory-at-the-inaugural-paris-roubaix-femmes\/#breadcrumb"},"inLanguage":"en-US","potentialAction":[{"@type":"ReadAction","target":["https:\/\/www.welovecycling.com\/wide\/2021\/10\/04\/lizzie-deignan-soars-to-victory-at-the-inaugural-paris-roubaix-femmes\/"]}]},{"@type":"ImageObject","inLanguage":"en-US","@id":"https:\/\/www.welovecycling.com\/wide\/2021\/10\/04\/lizzie-deignan-soars-to-victory-at-the-inaugural-paris-roubaix-femmes\/#primaryimage","url":"https:\/\/d2p6e6u75xmxt8.cloudfront.net\/2\/2021\/10\/Lizzie-Deignan-profimedia-0636019543-CVR.webp","contentUrl":"https:\/\/d2p6e6u75xmxt8.cloudfront.net\/2\/2021\/10\/Lizzie-Deignan-profimedia-0636019543-CVR.webp","width":900,"height":600,"caption":"Lizzie Deignan"},{"@type":"BreadcrumbList","@id":"https:\/\/www.welovecycling.com\/wide\/2021\/10\/04\/lizzie-deignan-soars-to-victory-at-the-inaugural-paris-roubaix-femmes\/#breadcrumb","itemListElement":[{"@type":"ListItem","position":1,"name":"Home","item":"https:\/\/www.welovecycling.com\/wide\/"},{"@type":"ListItem","position":2,"name":"Lizzie Deignan Soars to Victory at The Inaugural Paris-Roubaix Femmes"}]},{"@type":"WebSite","@id":"https:\/\/www.welovecycling.com\/wide\/#website","url":"https:\/\/www.welovecycling.com\/wide\/","name":"\u0160koda We Love Cycling","description":"\u0160koda We Love Cycling magazine","alternateName":"\u0160koda WLC","potentialAction":[{"@type":"SearchAction","target":{"@type":"EntryPoint","urlTemplate":"https:\/\/www.welovecycling.com\/wide\/?s={search_term_string}"},"query-input":{"@type":"PropertyValueSpecification","valueRequired":true,"valueName":"search_term_string"}}],"inLanguage":"en-US"},{"@type":"Person","@id":"https:\/\/www.welovecycling.com\/wide\/#\/schema\/person\/50f01ecd18718d2333cf72e823c4f926","name":"tereza","image":{"@type":"ImageObject","inLanguage":"en-US","@id":"https:\/\/www.welovecycling.com\/wide\/#\/schema\/person\/image\/","url":"https:\/\/secure.gravatar.com\/avatar\/1f9eb71be33845f0afabce3791bc1c58ecdb0a25c62964987e5dbcf7a20d2ec7?s=96&d=mm&r=g","contentUrl":"https:\/\/secure.gravatar.com\/avatar\/1f9eb71be33845f0afabce3791bc1c58ecdb0a25c62964987e5dbcf7a20d2ec7?s=96&d=mm&r=g","caption":"tereza"},"url":"https:\/\/www.welovecycling.com\/wide\/author\/tereza\/"}]}},"_links":{"self":[{"href":"https:\/\/www.welovecycling.com\/wide\/wp-json\/wp\/v2\/posts\/186708","targetHints":{"allow":["GET"]}}],"collection":[{"href":"https:\/\/www.welovecycling.com\/wide\/wp-json\/wp\/v2\/posts"}],"about":[{"href":"https:\/\/www.welovecycling.com\/wide\/wp-json\/wp\/v2\/types\/post"}],"author":[{"embeddable":true,"href":"https:\/\/www.welovecycling.com\/wide\/wp-json\/wp\/v2\/users\/99"}],"replies":[{"embeddable":true,"href":"https:\/\/www.welovecycling.com\/wide\/wp-json\/wp\/v2\/comments?post=186708"}],"version-history":[{"count":2,"href":"https:\/\/www.welovecycling.com\/wide\/wp-json\/wp\/v2\/posts\/186708\/revisions"}],"predecessor-version":[{"id":186715,"href":"https:\/\/www.welovecycling.com\/wide\/wp-json\/wp\/v2\/posts\/186708\/revisions\/186715"}],"wp:featuredmedia":[{"embeddable":true,"href":"https:\/\/www.welovecycling.com\/wide\/wp-json\/wp\/v2\/media\/186709"}],"wp:attachment":[{"href":"https:\/\/www.welovecycling.com\/wide\/wp-json\/wp\/v2\/media?parent=186708"}],"wp:term":[{"taxonomy":"category","embeddable":true,"href":"https:\/\/www.welovecycling.com\/wide\/wp-json\/wp\/v2\/categories?post=186708"},{"taxonomy":"post_tag","embeddable":true,"href":"https:\/\/www.welovecycling.com\/wide\/wp-json\/wp\/v2\/tags?post=186708"},{"taxonomy":"global-categories","embeddable":true,"href":"https:\/\/www.welovecycling.com\/wide\/wp-json\/wp\/v2\/global-categories?post=186708"}],"curies":[{"name":"wp","href":"https:\/\/api.w.org\/{rel}","templated":true}]}}