{"id":186627,"date":"2021-09-30T09:10:50","date_gmt":"2021-09-30T09:10:50","guid":{"rendered":"https:\/\/www.welovecycling.com\/wide\/?p=186627"},"modified":"2021-09-30T09:11:18","modified_gmt":"2021-09-30T09:11:18","slug":"peter-sagan-not-afraid-of-a-wet-paris-roubaix","status":"publish","type":"post","link":"https:\/\/www.welovecycling.com\/wide\/2021\/09\/30\/peter-sagan-not-afraid-of-a-wet-paris-roubaix\/","title":{"rendered":"Peter Sagan Not Afraid of a Wet Paris-Roubaix"},"content":{"rendered":"<p><strong>The 2018 winner believes wet conditions could make this weekend\u2019s race an extra special edition.<\/strong><\/p>\n<p><!--more--><\/p>\n<p>The Sunday in Hell could be the first wet one since 2002. Peter Sagan has experienced the Roubaix cobbles in wet and windy conditions during the 2014 Tour de France. He finished fifth in the last edition of the race in 2019 and with the points classification from the Giro under his belt and overall win at the <a href=\"https:\/\/twitter.com\/tourofslovakia?lang=en\">Tour of Slovakia<\/a> this month, he should be counted as one of the serious contenders.<\/p>\n<figure id=\"attachment_186629\" aria-describedby=\"caption-attachment-186629\" style=\"width: 1000px\" class=\"wp-caption alignnone\"><a href=\"https:\/\/d2p6e6u75xmxt8.cloudfront.net\/2\/2021\/09\/Peter-Sagan-profimedia-0611186517.jpg\"><img loading=\"lazy\" decoding=\"async\" class=\"size-full wp-image-186629\" src=\"https:\/\/d2p6e6u75xmxt8.cloudfront.net\/2\/2021\/09\/Peter-Sagan-profimedia-0611186517.jpg\" alt=\"Peter Sagan\" width=\"1000\" height=\"666\" \/><\/a><figcaption id=\"caption-attachment-186629\" class=\"wp-caption-text\">Sagan at the Tour of Slovakia. \u00a9 Profimedia<\/figcaption><\/figure>\n<p>\u201cI have never ridden an edition of <a href=\"https:\/\/www.welovecycling.com\/wide\/2019\/04\/24\/andrea-tafi-paris-roubaix-is-a-love-hate-challenge\/\">Paris-Roubaix<\/a> in the rain,\u201d Sagan told Belga. \u201cSometimes it&#8217;s wet on a few slivers from the rain in the days before but on the day itself, we never got any rain on us.<\/p>\n<p>&#8220;I do remember the 2014 Roubaix ride. It was very special. Well, a Roubaix stage in the Tour is always different because the classification riders also have their interests. In the spring, you only see the classic riders, everyone is even more nervous [at] the Tour. I remember that then on the first stretch, everything fell apart and it went really fast, from the start in Ypres to the end.<\/p>\n<p>&#8220;No, I&#8217;m not going to be afraid if it&#8217;s wet but I do know that it will be special. Anyway, you can&#8217;t compare those few lanes in a Roubaix stage at the Tour with the real Roubaix. That is a battle of attrition and rain makes it even more difficult. I know that from 2014.\u201d<\/p>\n<div class=\"embed-controller-wrapper\">\n<blockquote class=\"twitter-tweet\" data-width=\"500\" data-dnt=\"true\">\n<p lang=\"en\" dir=\"ltr\">Just four days left until the start of one of the hardest but most beautiful races of the season @Paris_Roubaix <a href=\"https:\/\/twitter.com\/BORAhansgrohe?ref_src=twsrc%5Etfw\">@BORAhansgrohe<\/a> @BORAGmbH  <a href=\"https:\/\/twitter.com\/Hansgrohe_PR?ref_src=twsrc%5Etfw\">@Hansgrohe_PR<\/a>  <a href=\"https:\/\/twitter.com\/iamspecialized?ref_src=twsrc%5Etfw\">@iamspecialized<\/a> <a href=\"https:\/\/twitter.com\/sportful?ref_src=twsrc%5Etfw\">@sportful<\/a> <a href=\"https:\/\/twitter.com\/ride100percent?ref_src=twsrc%5Etfw\">@ride100percent<\/a> <\/p>\n<p>(Photos <a href=\"https:\/\/twitter.com\/bettiniphoto?ref_src=twsrc%5Etfw\">@bettiniphoto<\/a>) <a href=\"https:\/\/t.co\/JJi42uspnq\">pic.twitter.com\/JJi42uspnq<\/a><\/p>\n<p>&mdash; Peter Sagan (@petosagan) <a href=\"https:\/\/twitter.com\/petosagan\/status\/1443252567476260870?ref_src=twsrc%5Etfw\">September 29, 2021<\/a><\/p><\/blockquote>\n<p><script async data-src=\"https:\/\/platform.twitter.com\/widgets.js\" charset=\"utf-8\"><\/script><\/div>\n<p>The 31-year-old has <a href=\"https:\/\/www.welovecycling.com\/wide\/2021\/08\/04\/peter-sagan-joins-team-totalenergies\/\">moved to Team Total Energies<\/a> for the 2022 season and will be looking to end his spell at Bora-Hansgrohe with a big bang. And Paris-Roubaix could provide just that. It is a special race and it is special to Peter Sagan as well.<\/p>\n<p>\u201cI actually have a love-hate relationship with that race. If you are lucky that day then Roubaix is a great race but if you are unlucky, Roubaix can be a very long and terrible race,&#8221; Sagan said. &#8220;Look at the honours list: there are many different winners. Either they win by luck or they have &#8216;top legs&#8217; that day.<\/p>\n<p>https:\/\/twitter.com\/petosagan\/status\/1442051950447456259<\/p>\n<p>&#8220;A thousand things can happen along the way. You can puncture at the wrong time or fall or be held up by a fall and that can play tricks on you for the rest of the race.<\/p>\n<p>&#8220;You can lose a lot of energy in Paris-Roubaix at stupid moments and then you have to chase. Even if you are not the best in Roubaix, you can still win there. You see that in history too. Anyway, it&#8217;s certainly a nice course to watch on TV, I understand that.&#8221;<\/p>\n<p>It certainly is. We can\u2019t wait for it to start.<\/p>\n","protected":false},"excerpt":{"rendered":"<p>The 2018 winner believes wet conditions could make this weekend\u2019s race an extra special edition.<\/p>\n","protected":false},"author":99,"featured_media":186630,"comment_status":"open","ping_status":"open","sticky":false,"template":"","format":"standard","meta":{"footnotes":""},"categories":[329],"tags":[5064,1253,4619,893,381,5715],"global-categories":[3366],"class_list":["post-186627","post","type-post","status-publish","format-standard","has-post-thumbnail","hentry","category-road-cycling","tag-2021-paris-roubaix","tag-bora-hansgrohe","tag-cycling-news","tag-paris-roubaix","tag-peter-sagan","tag-team-total-energies","global-categories-cycling"],"yoast_head":"<!-- This site is optimized with the Yoast SEO Premium plugin v25.3 (Yoast SEO v25.9) - https:\/\/yoast.com\/wordpress\/plugins\/seo\/ -->\n<title>Peter Sagan Not Afraid of a Wet Paris-Roubaix - We Love Cycling<\/title>\n<meta name=\"description\" content=\"The 2018 winner believes wet conditions could make this weekend\u2019s race an extra special edition. The Sunday in Hell could be the first wet one since 2002.\" \/>\n<meta name=\"robots\" content=\"index, follow, max-snippet:-1, max-image-preview:large, max-video-preview:-1\" \/>\n<link rel=\"canonical\" href=\"https:\/\/www.welovecycling.com\/wide\/2021\/09\/30\/peter-sagan-not-afraid-of-a-wet-paris-roubaix\/\" \/>\n<meta property=\"og:locale\" content=\"en_US\" \/>\n<meta property=\"og:type\" content=\"article\" \/>\n<meta property=\"og:title\" content=\"Peter Sagan Not Afraid of a Wet Paris-Roubaix\" \/>\n<meta property=\"og:description\" content=\"The 2018 winner believes wet conditions could make this weekend\u2019s race an extra special edition. The Sunday in Hell could be the first wet one since 2002.\" \/>\n<meta property=\"og:url\" content=\"https:\/\/www.welovecycling.com\/wide\/2021\/09\/30\/peter-sagan-not-afraid-of-a-wet-paris-roubaix\/\" \/>\n<meta property=\"og:site_name\" content=\"\u0160koda We Love Cycling\" \/>\n<meta property=\"article:published_time\" content=\"2021-09-30T09:10:50+00:00\" \/>\n<meta property=\"article:modified_time\" content=\"2021-09-30T09:11:18+00:00\" \/>\n<meta property=\"og:image\" content=\"https:\/\/d2p6e6u75xmxt8.cloudfront.net\/2\/2021\/09\/Peter-Sagan-profimedia-0629475162-CVR.webp\" \/>\n\t<meta property=\"og:image:width\" content=\"900\" \/>\n\t<meta property=\"og:image:height\" content=\"600\" \/>\n\t<meta property=\"og:image:type\" content=\"image\/webp\" \/>\n<meta name=\"author\" content=\"tereza\" \/>\n<meta name=\"twitter:card\" content=\"summary_large_image\" \/>\n<meta name=\"twitter:label1\" content=\"Written by\" \/>\n\t<meta name=\"twitter:data1\" content=\"Monica Buck\" \/>\n\t<meta name=\"twitter:label2\" content=\"Est. reading time\" \/>\n\t<meta name=\"twitter:data2\" content=\"5\" \/>\n<script type=\"application\/ld+json\" class=\"yoast-schema-graph\">{\"@context\":\"https:\/\/schema.org\",\"@graph\":[{\"@type\":\"WebPage\",\"@id\":\"https:\/\/www.welovecycling.com\/wide\/2021\/09\/30\/peter-sagan-not-afraid-of-a-wet-paris-roubaix\/\",\"url\":\"https:\/\/www.welovecycling.com\/wide\/2021\/09\/30\/peter-sagan-not-afraid-of-a-wet-paris-roubaix\/\",\"name\":\"Peter Sagan Not Afraid of a Wet Paris-Roubaix - We Love Cycling\",\"isPartOf\":{\"@id\":\"https:\/\/www.welovecycling.com\/wide\/#website\"},\"primaryImageOfPage\":{\"@id\":\"https:\/\/www.welovecycling.com\/wide\/2021\/09\/30\/peter-sagan-not-afraid-of-a-wet-paris-roubaix\/#primaryimage\"},\"image\":{\"@id\":\"https:\/\/www.welovecycling.com\/wide\/2021\/09\/30\/peter-sagan-not-afraid-of-a-wet-paris-roubaix\/#primaryimage\"},\"thumbnailUrl\":\"https:\/\/d2p6e6u75xmxt8.cloudfront.net\/2\/2021\/09\/Peter-Sagan-profimedia-0629475162-CVR.webp\",\"datePublished\":\"2021-09-30T09:10:50+00:00\",\"dateModified\":\"2021-09-30T09:11:18+00:00\",\"author\":{\"@id\":\"https:\/\/www.welovecycling.com\/wide\/#\/schema\/person\/50f01ecd18718d2333cf72e823c4f926\"},\"description\":\"The 2018 winner believes wet conditions could make this weekend\u2019s race an extra special edition. The Sunday in Hell could be the first wet one since 2002.\",\"breadcrumb\":{\"@id\":\"https:\/\/www.welovecycling.com\/wide\/2021\/09\/30\/peter-sagan-not-afraid-of-a-wet-paris-roubaix\/#breadcrumb\"},\"inLanguage\":\"en-US\",\"potentialAction\":[{\"@type\":\"ReadAction\",\"target\":[\"https:\/\/www.welovecycling.com\/wide\/2021\/09\/30\/peter-sagan-not-afraid-of-a-wet-paris-roubaix\/\"]}]},{\"@type\":\"ImageObject\",\"inLanguage\":\"en-US\",\"@id\":\"https:\/\/www.welovecycling.com\/wide\/2021\/09\/30\/peter-sagan-not-afraid-of-a-wet-paris-roubaix\/#primaryimage\",\"url\":\"https:\/\/d2p6e6u75xmxt8.cloudfront.net\/2\/2021\/09\/Peter-Sagan-profimedia-0629475162-CVR.webp\",\"contentUrl\":\"https:\/\/d2p6e6u75xmxt8.cloudfront.net\/2\/2021\/09\/Peter-Sagan-profimedia-0629475162-CVR.webp\",\"width\":900,\"height\":600,\"caption\":\"Peter Sagan\"},{\"@type\":\"BreadcrumbList\",\"@id\":\"https:\/\/www.welovecycling.com\/wide\/2021\/09\/30\/peter-sagan-not-afraid-of-a-wet-paris-roubaix\/#breadcrumb\",\"itemListElement\":[{\"@type\":\"ListItem\",\"position\":1,\"name\":\"Home\",\"item\":\"https:\/\/www.welovecycling.com\/wide\/\"},{\"@type\":\"ListItem\",\"position\":2,\"name\":\"Peter Sagan Not Afraid of a Wet Paris-Roubaix\"}]},{\"@type\":\"WebSite\",\"@id\":\"https:\/\/www.welovecycling.com\/wide\/#website\",\"url\":\"https:\/\/www.welovecycling.com\/wide\/\",\"name\":\"\u0160koda We Love Cycling\",\"description\":\"\u0160koda We Love Cycling magazine\",\"alternateName\":\"\u0160koda WLC\",\"potentialAction\":[{\"@type\":\"SearchAction\",\"target\":{\"@type\":\"EntryPoint\",\"urlTemplate\":\"https:\/\/www.welovecycling.com\/wide\/?s={search_term_string}\"},\"query-input\":{\"@type\":\"PropertyValueSpecification\",\"valueRequired\":true,\"valueName\":\"search_term_string\"}}],\"inLanguage\":\"en-US\"},{\"@type\":\"Person\",\"@id\":\"https:\/\/www.welovecycling.com\/wide\/#\/schema\/person\/50f01ecd18718d2333cf72e823c4f926\",\"name\":\"tereza\",\"image\":{\"@type\":\"ImageObject\",\"inLanguage\":\"en-US\",\"@id\":\"https:\/\/www.welovecycling.com\/wide\/#\/schema\/person\/image\/\",\"url\":\"https:\/\/secure.gravatar.com\/avatar\/1f9eb71be33845f0afabce3791bc1c58ecdb0a25c62964987e5dbcf7a20d2ec7?s=96&d=mm&r=g\",\"contentUrl\":\"https:\/\/secure.gravatar.com\/avatar\/1f9eb71be33845f0afabce3791bc1c58ecdb0a25c62964987e5dbcf7a20d2ec7?s=96&d=mm&r=g\",\"caption\":\"tereza\"},\"url\":\"https:\/\/www.welovecycling.com\/wide\/author\/tereza\/\"}]}<\/script>\n<!-- \/ Yoast SEO Premium plugin. -->","yoast_head_json":{"title":"Peter Sagan Not Afraid of a Wet Paris-Roubaix - We Love Cycling","description":"The 2018 winner believes wet conditions could make this weekend\u2019s race an extra special edition. The Sunday in Hell could be the first wet one since 2002.","robots":{"index":"index","follow":"follow","max-snippet":"max-snippet:-1","max-image-preview":"max-image-preview:large","max-video-preview":"max-video-preview:-1"},"canonical":"https:\/\/www.welovecycling.com\/wide\/2021\/09\/30\/peter-sagan-not-afraid-of-a-wet-paris-roubaix\/","og_locale":"en_US","og_type":"article","og_title":"Peter Sagan Not Afraid of a Wet Paris-Roubaix","og_description":"The 2018 winner believes wet conditions could make this weekend\u2019s race an extra special edition. The Sunday in Hell could be the first wet one since 2002.","og_url":"https:\/\/www.welovecycling.com\/wide\/2021\/09\/30\/peter-sagan-not-afraid-of-a-wet-paris-roubaix\/","og_site_name":"\u0160koda We Love Cycling","article_published_time":"2021-09-30T09:10:50+00:00","article_modified_time":"2021-09-30T09:11:18+00:00","og_image":[{"width":900,"height":600,"url":"https:\/\/d2p6e6u75xmxt8.cloudfront.net\/2\/2021\/09\/Peter-Sagan-profimedia-0629475162-CVR.webp","type":"image\/webp"}],"author":"tereza","twitter_card":"summary_large_image","twitter_misc":{"Written by":"Monica Buck","Est. reading time":"5"},"schema":{"@context":"https:\/\/schema.org","@graph":[{"@type":"WebPage","@id":"https:\/\/www.welovecycling.com\/wide\/2021\/09\/30\/peter-sagan-not-afraid-of-a-wet-paris-roubaix\/","url":"https:\/\/www.welovecycling.com\/wide\/2021\/09\/30\/peter-sagan-not-afraid-of-a-wet-paris-roubaix\/","name":"Peter Sagan Not Afraid of a Wet Paris-Roubaix - We Love Cycling","isPartOf":{"@id":"https:\/\/www.welovecycling.com\/wide\/#website"},"primaryImageOfPage":{"@id":"https:\/\/www.welovecycling.com\/wide\/2021\/09\/30\/peter-sagan-not-afraid-of-a-wet-paris-roubaix\/#primaryimage"},"image":{"@id":"https:\/\/www.welovecycling.com\/wide\/2021\/09\/30\/peter-sagan-not-afraid-of-a-wet-paris-roubaix\/#primaryimage"},"thumbnailUrl":"https:\/\/d2p6e6u75xmxt8.cloudfront.net\/2\/2021\/09\/Peter-Sagan-profimedia-0629475162-CVR.webp","datePublished":"2021-09-30T09:10:50+00:00","dateModified":"2021-09-30T09:11:18+00:00","author":{"@id":"https:\/\/www.welovecycling.com\/wide\/#\/schema\/person\/50f01ecd18718d2333cf72e823c4f926"},"description":"The 2018 winner believes wet conditions could make this weekend\u2019s race an extra special edition. The Sunday in Hell could be the first wet one since 2002.","breadcrumb":{"@id":"https:\/\/www.welovecycling.com\/wide\/2021\/09\/30\/peter-sagan-not-afraid-of-a-wet-paris-roubaix\/#breadcrumb"},"inLanguage":"en-US","potentialAction":[{"@type":"ReadAction","target":["https:\/\/www.welovecycling.com\/wide\/2021\/09\/30\/peter-sagan-not-afraid-of-a-wet-paris-roubaix\/"]}]},{"@type":"ImageObject","inLanguage":"en-US","@id":"https:\/\/www.welovecycling.com\/wide\/2021\/09\/30\/peter-sagan-not-afraid-of-a-wet-paris-roubaix\/#primaryimage","url":"https:\/\/d2p6e6u75xmxt8.cloudfront.net\/2\/2021\/09\/Peter-Sagan-profimedia-0629475162-CVR.webp","contentUrl":"https:\/\/d2p6e6u75xmxt8.cloudfront.net\/2\/2021\/09\/Peter-Sagan-profimedia-0629475162-CVR.webp","width":900,"height":600,"caption":"Peter Sagan"},{"@type":"BreadcrumbList","@id":"https:\/\/www.welovecycling.com\/wide\/2021\/09\/30\/peter-sagan-not-afraid-of-a-wet-paris-roubaix\/#breadcrumb","itemListElement":[{"@type":"ListItem","position":1,"name":"Home","item":"https:\/\/www.welovecycling.com\/wide\/"},{"@type":"ListItem","position":2,"name":"Peter Sagan Not Afraid of a Wet Paris-Roubaix"}]},{"@type":"WebSite","@id":"https:\/\/www.welovecycling.com\/wide\/#website","url":"https:\/\/www.welovecycling.com\/wide\/","name":"\u0160koda We Love Cycling","description":"\u0160koda We Love Cycling magazine","alternateName":"\u0160koda WLC","potentialAction":[{"@type":"SearchAction","target":{"@type":"EntryPoint","urlTemplate":"https:\/\/www.welovecycling.com\/wide\/?s={search_term_string}"},"query-input":{"@type":"PropertyValueSpecification","valueRequired":true,"valueName":"search_term_string"}}],"inLanguage":"en-US"},{"@type":"Person","@id":"https:\/\/www.welovecycling.com\/wide\/#\/schema\/person\/50f01ecd18718d2333cf72e823c4f926","name":"tereza","image":{"@type":"ImageObject","inLanguage":"en-US","@id":"https:\/\/www.welovecycling.com\/wide\/#\/schema\/person\/image\/","url":"https:\/\/secure.gravatar.com\/avatar\/1f9eb71be33845f0afabce3791bc1c58ecdb0a25c62964987e5dbcf7a20d2ec7?s=96&d=mm&r=g","contentUrl":"https:\/\/secure.gravatar.com\/avatar\/1f9eb71be33845f0afabce3791bc1c58ecdb0a25c62964987e5dbcf7a20d2ec7?s=96&d=mm&r=g","caption":"tereza"},"url":"https:\/\/www.welovecycling.com\/wide\/author\/tereza\/"}]}},"_links":{"self":[{"href":"https:\/\/www.welovecycling.com\/wide\/wp-json\/wp\/v2\/posts\/186627","targetHints":{"allow":["GET"]}}],"collection":[{"href":"https:\/\/www.welovecycling.com\/wide\/wp-json\/wp\/v2\/posts"}],"about":[{"href":"https:\/\/www.welovecycling.com\/wide\/wp-json\/wp\/v2\/types\/post"}],"author":[{"embeddable":true,"href":"https:\/\/www.welovecycling.com\/wide\/wp-json\/wp\/v2\/users\/99"}],"replies":[{"embeddable":true,"href":"https:\/\/www.welovecycling.com\/wide\/wp-json\/wp\/v2\/comments?post=186627"}],"version-history":[{"count":2,"href":"https:\/\/www.welovecycling.com\/wide\/wp-json\/wp\/v2\/posts\/186627\/revisions"}],"predecessor-version":[{"id":186634,"href":"https:\/\/www.welovecycling.com\/wide\/wp-json\/wp\/v2\/posts\/186627\/revisions\/186634"}],"wp:featuredmedia":[{"embeddable":true,"href":"https:\/\/www.welovecycling.com\/wide\/wp-json\/wp\/v2\/media\/186630"}],"wp:attachment":[{"href":"https:\/\/www.welovecycling.com\/wide\/wp-json\/wp\/v2\/media?parent=186627"}],"wp:term":[{"taxonomy":"category","embeddable":true,"href":"https:\/\/www.welovecycling.com\/wide\/wp-json\/wp\/v2\/categories?post=186627"},{"taxonomy":"post_tag","embeddable":true,"href":"https:\/\/www.welovecycling.com\/wide\/wp-json\/wp\/v2\/tags?post=186627"},{"taxonomy":"global-categories","embeddable":true,"href":"https:\/\/www.welovecycling.com\/wide\/wp-json\/wp\/v2\/global-categories?post=186627"}],"curies":[{"name":"wp","href":"https:\/\/api.w.org\/{rel}","templated":true}]}}