{"id":186497,"date":"2021-09-22T08:49:55","date_gmt":"2021-09-22T08:49:55","guid":{"rendered":"https:\/\/www.welovecycling.com\/wide\/?p=186497"},"modified":"2025-12-16T09:46:44","modified_gmt":"2025-12-16T09:46:44","slug":"tour-de-tietema-turning-cycling-upside-down","status":"publish","type":"post","link":"https:\/\/www.welovecycling.com\/wide\/2021\/09\/22\/tour-de-tietema-turning-cycling-upside-down\/","title":{"rendered":"Tour De Tietema: Turning Cycling Upside Down"},"content":{"rendered":"<p><strong>In just two years, Tour De Tietema has become a hit with the cycling community while taking YouTube by storm and rising to be one of the leading channels of the sport.<\/strong><!--more--><\/p>\n<p>Now, they are looking to push cycling itself towards this level of popularity. We Love Cycling sat down with Bas Tietema, one-third of the channel creators alongside Devin van der Wiel and Josse Wester, to discuss the success of the company and what can be realised by the outfit after its incredible first two years.<\/p>\n<p>Bas who has been born and raised in the Netherlands used to be a top up-and-coming rider in the youth ranks with BMC. He not only rode with the likes of Mathieu van der Poel and Sam Oomen but also had great results, most notably a third place at the Paris-Roubaix Espoirs in 2014.<\/p>\n<p>https:\/\/www.instagram.com\/p\/CUF7VDgslM2\/<\/p>\n<p>Despite the serious potential, the Dutchman struggled with injury and illness, which caused him to leave road racing behind a few years ago. He started by telling We Love Cycling: \u201cI had three years with the BMC Development team with good results and the races like Paris-Roubaix really suited me. But, in the second year, I broke my collar bone. In the surgery, I got some painkillers and other medication, which gave me a skin problem. After the injury, every time I rode my bike, my skin would heat up and I would get a rash. This was every time I rode my bike so I struggled with that, less training, worse results. All of that.<\/p>\n<p>\u201cI knew my level and what I could do, and you&#8217;re riding with those big names and my level wasn\u2019t improving, but they were. I now love what I do, but you have so many guys in cycling who don\u2019t earn much money, don\u2019t finish. I\u2019m happy that I can do what I want and make money off it.\u201d<\/p>\n<p>It was in 2019 when Bas saw a gap on the market, noticing that cycling has somewhat of a problem creating fun content to connect both fans and riders together. It is a sport where fans are as close to their heroes as they could possibly be, yet a rider\u2019s personality can sometimes be hard to decipher.<\/p>\n<p>Alongside Devin (who he credits as the creative mastermind behind each video) and Josse, they looked for a new way of sharing the stories of both the athletes and the sport.<\/p>\n<p><img loading=\"lazy\" decoding=\"async\" class=\"alignnone size-full wp-image-186504\" src=\"https:\/\/d2p6e6u75xmxt8.cloudfront.net\/2\/2021\/09\/Tour-de-Tietema-2.jpg\" alt=\"\" width=\"1200\" height=\"800\" \/><\/p>\n<p>\u201cMy idea was for people to watch the videos and enjoy cycling even if they didn\u2019t know all of the riders. I was looking for people who believed in the story as well and I came into contact with Josse and Devin, and Devin had just done an internship with Jumbo-Visma. He had never been into cycling \u2013 he came to it from football \u2013 and he didn\u2019t have any idea who the riders were, but he was very good at storytelling. He wanted to make his own stories, so it was all the right time, right moment. That\u2019s how the story started back at the 2019 Tour De France.\u201d<\/p>\n<p>The channel has gone from strength to strength since then. At the start, there was just three of them. Now, they are joined by two freelancers, one full-time employee, and another person focusing on their website \u2013 launched this year with an added subscription model and shipping logistics.<\/p>\n<p>This is a serious venture, really looking to change the face of the sport, whether by returning home from Sicily in the same amount of time as the 2020 Giro D\u2019Italia takes or delivering their now-classic pizzas on the Champs Elys\u00e9es at the end of the Tour de France.<\/p>\n<p>Speaking about those early days and his relationship with the pro peloton, he explained: \u201cIn the early days, it was tough. The cyclists see you as belonging to the journalists, they know broadcasting. It is an old-fashioned sport, and YouTube can have a negative image. People kept their distance and were wondering what we were going to do.<\/p>\n<blockquote class=\"instagram-media\" style=\"background: #FFF; border: 0; border-radius: 3px; box-shadow: 0 0 1px 0 rgba(0,0,0,0.5),0 1px 10px 0 rgba(0,0,0,0.15); margin: 1px; max-width: 540px; min-width: 326px; padding: 0; width: calc(100% - 2px);\" data-instgrm-captioned=\"\" data-instgrm-permalink=\"https:\/\/www.instagram.com\/p\/CUF7VDgslM2\/?utm_source=ig_embed&amp;utm_campaign=loading\" data-instgrm-version=\"14\">\n<div style=\"padding: 16px;\">\n<p>&nbsp;<\/p>\n<div style=\"display: flex; flex-direction: row; align-items: center;\">\n<div style=\"background-color: #f4f4f4; border-radius: 50%; flex-grow: 0; height: 40px; margin-right: 14px; width: 40px;\"><\/div>\n<div style=\"display: flex; flex-direction: column; flex-grow: 1; justify-content: center;\">\n<div style=\"background-color: #f4f4f4; border-radius: 4px; flex-grow: 0; height: 14px; margin-bottom: 6px; width: 100px;\"><\/div>\n<div style=\"background-color: #f4f4f4; border-radius: 4px; flex-grow: 0; height: 14px; width: 60px;\"><\/div>\n<\/div>\n<\/div>\n<div style=\"padding: 19% 0;\"><\/div>\n<div style=\"display: block; height: 50px; margin: 0 auto 12px; width: 50px;\"><\/div>\n<div style=\"padding-top: 8px;\">\n<div style=\"color: #3897f0; font-family: Arial,sans-serif; font-size: 14px; font-style: normal; font-weight: 550; line-height: 18px;\">Zobrazit p\u0159\u00edsp\u011bvek na Instagramu<\/div>\n<\/div>\n<div style=\"padding: 12.5% 0;\"><\/div>\n<div style=\"display: flex; flex-direction: row; margin-bottom: 14px; align-items: center;\">\n<div>\n<div style=\"background-color: #f4f4f4; border-radius: 50%; height: 12.5px; width: 12.5px; transform: translateX(0px) translateY(7px);\"><\/div>\n<div style=\"background-color: #f4f4f4; height: 12.5px; transform: rotate(-45deg) translateX(3px) translateY(1px); width: 12.5px; flex-grow: 0; margin-right: 14px; margin-left: 2px;\"><\/div>\n<div style=\"background-color: #f4f4f4; border-radius: 50%; height: 12.5px; width: 12.5px; transform: translateX(9px) translateY(-18px);\"><\/div>\n<\/div>\n<div style=\"margin-left: 8px;\">\n<div style=\"background-color: #f4f4f4; border-radius: 50%; flex-grow: 0; height: 20px; width: 20px;\"><\/div>\n<div style=\"width: 0; height: 0; border-top: 2px solid transparent; border-left: 6px solid #f4f4f4; border-bottom: 2px solid transparent; transform: translateX(16px) translateY(-4px) rotate(30deg);\"><\/div>\n<\/div>\n<div style=\"margin-left: auto;\">\n<div style=\"width: 0px; border-top: 8px solid #F4F4F4; border-right: 8px solid transparent; transform: translateY(16px);\"><\/div>\n<div style=\"background-color: #f4f4f4; flex-grow: 0; height: 12px; width: 16px; transform: translateY(-4px);\"><\/div>\n<div style=\"width: 0; height: 0; border-top: 8px solid #F4F4F4; border-left: 8px solid transparent; transform: translateY(-4px) translateX(8px);\"><\/div>\n<\/div>\n<\/div>\n<div style=\"display: flex; flex-direction: column; flex-grow: 1; justify-content: center; margin-bottom: 24px;\">\n<div style=\"background-color: #f4f4f4; border-radius: 4px; flex-grow: 0; height: 14px; margin-bottom: 6px; width: 224px;\"><\/div>\n<div style=\"background-color: #f4f4f4; border-radius: 4px; flex-grow: 0; height: 14px; width: 144px;\"><\/div>\n<\/div>\n<p>&nbsp;<\/p>\n<p style=\"color: #c9c8cd; font-family: Arial,sans-serif; font-size: 14px; line-height: 17px; margin-bottom: 0; margin-top: 8px; overflow: hidden; padding: 8px 0 7px; text-align: center; text-overflow: ellipsis; white-space: nowrap;\"><a style=\"color: #c9c8cd; font-family: Arial,sans-serif; font-size: 14px; font-style: normal; font-weight: normal; line-height: 17px; text-decoration: none;\" href=\"https:\/\/www.instagram.com\/p\/CUF7VDgslM2\/?utm_source=ig_embed&amp;utm_campaign=loading\" target=\"_blank\" rel=\"noopener\">P\u0159\u00edsp\u011bvek sd\u00edlen\u00fd Unibet Rose Rockets (@rocketscycling)<\/a><\/p>\n<\/div>\n<\/blockquote>\n<p><script async src=\"\/\/www.instagram.com\/embed.js\"><\/script>\u201cSince then, the riders started trusting us and know that anything we make is always in a positive light for cycling. We are not there to make the headlines with negative stuff, we have built that trust and now we see those guys watching our videos. Around 60 to 70 of the riders at the Tour this year knew about us and watched our content, so we have that trust now.\u201d<\/p>\n<p>With the pizza orders set for a year-on-year increase, it helps that they can offset those costs with a channel that, although niche, is arguably the biggest of its kind and that growth has taken the team by surprise.<\/p>\n<p>\u201cYou say we now have 120,000 subscribers and that is quite unbelievable. You know, how many people are interested in cycling content? When you are looking at YouTube, you look at lifestyle, cars, more general stuff. And cycling is still a niche. When we did the first Tour De France, the plans were to do other sports like the European Championships in football and the Olympics \u2013 a wider range.<\/p>\n<p>\u201cBecause all of those events were cancelled due to Covid, that\u2019s how the journey of us riding our bikes started. Devin and Josse bought their first bikes, and we noticed that this could be something interesting as more and more people were buying bikes. That\u2019s how we started with the Flanders series, going from not riding bikes to riding the Tour of Flanders. What\u2019s unbelievable is that we are getting 200,000 to 300,000 views on each video and there is no cycling-team channel that can reach those numbers.\u201d<\/p>\n<figure id=\"attachment_186501\" aria-describedby=\"caption-attachment-186501\" style=\"width: 1149px\" class=\"wp-caption alignnone\"><img loading=\"lazy\" decoding=\"async\" class=\"wp-image-186501 size-full\" src=\"https:\/\/d2p6e6u75xmxt8.cloudfront.net\/2\/2021\/09\/Tour-de-Tietema-1.jpg\" alt=\"\" width=\"1149\" height=\"766\" \/><figcaption id=\"caption-attachment-186501\" class=\"wp-caption-text\">Tour De Tietema with their team car from \u0160koda.<\/figcaption><\/figure>\n<p>Now, they are also looking to achieve more on the bike through their current series, Josse Goes for Gold, seeing how far Josse can go starting as a novice rider. \u0160koda proudly supports Josse in his endeavour and provided him with a special team car.<\/p>\n<p>He has already received help from Team Jumbo-Visma in his pursuit of glory and Bas is hoping his journey can give the team even more identity as they move forward.<\/p>\n<p>He explained: \u201cJosse is riding on the lowest, lowest level in Holland, but thousands of people are watching him. If you can make a good story and that is something I see, that everyone is focused on results in cycling. You may win a stage of the Tour of Turkey for example, but as a rider you can make a story about yourself and show yourself as someone different. That\u2019s important now.\u201d<\/p>\n<p>A new wave of people, some former World Tour riders like Laurens Ten Dam, are also jumping into this world, with his Live Slow Ride Fast channel.<\/p>\n<p>Bas sees these alternatives as a way to grow and enhance the sport.<\/p>\n<p>https:\/\/www.instagram.com\/p\/CUDBW-ms4rB\/<\/p>\n<p>\u201cI see that cycling has a strange model. You now see some riders like Sagan, Cavendish \u2013 they know how the sport works, it\u2019s entertainment. They are there for entertainment. People like Lachlan Morton, Ten Dam and the Legion Team in the States are not always riding at the highest level, but they have a big following and are making more money than some World Tour riders.\u201d<\/p>\n<p>With a six-digit following at the time of interview, Bas and his team are showing big companies like Ineos Grenadiers and Rapha (both have a smaller audience) the way forward in creating engaging content for younger fans.<\/p>\n<p>But what does the future hold for the Dutch team?<\/p>\n<p>\u201cWe still don\u2019t know whether we are going to go into more road racing or are we going in the future to different sports? We haven\u2019t made a decision because everything is changing so quickly. From one year ago, if you told me we were making this type of series (Josse Goes For Gold), then I would have said no, so it\u2019s really hard. There is potential to grow this into an international team, who knows?\u201d<\/p>\n<p>Whatever the future holds for the trio, they have got into the heart of cycling fans &#8211; and riders &#8211; all over the world. Their goal was to turn cycling upside down \u2013 it seems like they are going the right way to doing just that.<\/p>\n","protected":false},"excerpt":{"rendered":"<p>In just two years, Tour De Tietema has become a hit with the cycling community while taking YouTube by storm [&hellip;]<\/p>\n","protected":false},"author":209,"featured_media":186499,"comment_status":"open","ping_status":"open","sticky":false,"template":"","format":"standard","meta":{"footnotes":""},"categories":[329],"tags":[5684,4828,5687,5685,5686,5683],"global-categories":[3366],"class_list":["post-186497","post","type-post","status-publish","format-standard","has-post-thumbnail","hentry","category-road-cycling","tag-bas-tietema","tag-bmc","tag-bmc-development-team","tag-devin-van-der-wiel","tag-josse-wester","tag-tour-de-tietema","global-categories-cycling"],"yoast_head":"<!-- This site is optimized with the Yoast SEO Premium plugin v25.3 (Yoast SEO v25.9) - https:\/\/yoast.com\/wordpress\/plugins\/seo\/ -->\n<title>Tour De Tietema: Turning Cycling Upside Down - \u0160koda We Love Cycling<\/title>\n<meta name=\"description\" content=\"In just two years, Tour De Tietema has become a hit with the cycling community while taking YouTube by storm and rising to be one of the leading channels\" \/>\n<meta name=\"robots\" content=\"index, follow, max-snippet:-1, max-image-preview:large, max-video-preview:-1\" \/>\n<link rel=\"canonical\" href=\"https:\/\/www.welovecycling.com\/wide\/2021\/09\/22\/tour-de-tietema-turning-cycling-upside-down\/\" \/>\n<meta property=\"og:locale\" content=\"en_US\" \/>\n<meta property=\"og:type\" content=\"article\" \/>\n<meta property=\"og:title\" content=\"Tour De Tietema: Turning Cycling Upside Down\" \/>\n<meta property=\"og:description\" content=\"In just two years, Tour De Tietema has become a hit with the cycling community while taking YouTube by storm and rising to be one of the leading channels\" \/>\n<meta property=\"og:url\" content=\"https:\/\/www.welovecycling.com\/wide\/2021\/09\/22\/tour-de-tietema-turning-cycling-upside-down\/\" \/>\n<meta property=\"og:site_name\" content=\"\u0160koda We Love Cycling\" \/>\n<meta property=\"article:published_time\" content=\"2021-09-22T08:49:55+00:00\" \/>\n<meta property=\"article:modified_time\" content=\"2025-12-16T09:46:44+00:00\" \/>\n<meta property=\"og:image\" content=\"https:\/\/d2p6e6u75xmxt8.cloudfront.net\/2\/2021\/09\/Tour-de-Tietema-CVR.webp\" \/>\n\t<meta property=\"og:image:width\" content=\"900\" \/>\n\t<meta property=\"og:image:height\" content=\"600\" \/>\n\t<meta property=\"og:image:type\" content=\"image\/webp\" \/>\n<meta name=\"author\" content=\"alenathelenova\" \/>\n<meta name=\"twitter:card\" content=\"summary_large_image\" \/>\n<meta name=\"twitter:label1\" content=\"Written by\" \/>\n\t<meta name=\"twitter:data1\" content=\"Josh Donaldson\" \/>\n\t<meta name=\"twitter:label2\" content=\"Est. reading time\" \/>\n\t<meta name=\"twitter:data2\" content=\"8\" \/>\n<script type=\"application\/ld+json\" class=\"yoast-schema-graph\">{\"@context\":\"https:\/\/schema.org\",\"@graph\":[{\"@type\":\"WebPage\",\"@id\":\"https:\/\/www.welovecycling.com\/wide\/2021\/09\/22\/tour-de-tietema-turning-cycling-upside-down\/\",\"url\":\"https:\/\/www.welovecycling.com\/wide\/2021\/09\/22\/tour-de-tietema-turning-cycling-upside-down\/\",\"name\":\"Tour De Tietema: Turning Cycling Upside Down - \u0160koda We Love Cycling\",\"isPartOf\":{\"@id\":\"https:\/\/www.welovecycling.com\/wide\/#website\"},\"primaryImageOfPage\":{\"@id\":\"https:\/\/www.welovecycling.com\/wide\/2021\/09\/22\/tour-de-tietema-turning-cycling-upside-down\/#primaryimage\"},\"image\":{\"@id\":\"https:\/\/www.welovecycling.com\/wide\/2021\/09\/22\/tour-de-tietema-turning-cycling-upside-down\/#primaryimage\"},\"thumbnailUrl\":\"https:\/\/d2p6e6u75xmxt8.cloudfront.net\/2\/2021\/09\/Tour-de-Tietema-CVR.webp\",\"datePublished\":\"2021-09-22T08:49:55+00:00\",\"dateModified\":\"2025-12-16T09:46:44+00:00\",\"author\":{\"@id\":\"https:\/\/www.welovecycling.com\/wide\/#\/schema\/person\/321abcdef3622e9febac54a8dc23a2ac\"},\"description\":\"In just two years, Tour De Tietema has become a hit with the cycling community while taking YouTube by storm and rising to be one of the leading channels\",\"breadcrumb\":{\"@id\":\"https:\/\/www.welovecycling.com\/wide\/2021\/09\/22\/tour-de-tietema-turning-cycling-upside-down\/#breadcrumb\"},\"inLanguage\":\"en-US\",\"potentialAction\":[{\"@type\":\"ReadAction\",\"target\":[\"https:\/\/www.welovecycling.com\/wide\/2021\/09\/22\/tour-de-tietema-turning-cycling-upside-down\/\"]}]},{\"@type\":\"ImageObject\",\"inLanguage\":\"en-US\",\"@id\":\"https:\/\/www.welovecycling.com\/wide\/2021\/09\/22\/tour-de-tietema-turning-cycling-upside-down\/#primaryimage\",\"url\":\"https:\/\/d2p6e6u75xmxt8.cloudfront.net\/2\/2021\/09\/Tour-de-Tietema-CVR.webp\",\"contentUrl\":\"https:\/\/d2p6e6u75xmxt8.cloudfront.net\/2\/2021\/09\/Tour-de-Tietema-CVR.webp\",\"width\":900,\"height\":600,\"caption\":\"Tour de Tietema\"},{\"@type\":\"BreadcrumbList\",\"@id\":\"https:\/\/www.welovecycling.com\/wide\/2021\/09\/22\/tour-de-tietema-turning-cycling-upside-down\/#breadcrumb\",\"itemListElement\":[{\"@type\":\"ListItem\",\"position\":1,\"name\":\"Home\",\"item\":\"https:\/\/www.welovecycling.com\/wide\/\"},{\"@type\":\"ListItem\",\"position\":2,\"name\":\"Tour De Tietema: Turning Cycling Upside Down\"}]},{\"@type\":\"WebSite\",\"@id\":\"https:\/\/www.welovecycling.com\/wide\/#website\",\"url\":\"https:\/\/www.welovecycling.com\/wide\/\",\"name\":\"\u0160koda We Love Cycling\",\"description\":\"\u0160koda We Love Cycling magazine\",\"alternateName\":\"\u0160koda WLC\",\"potentialAction\":[{\"@type\":\"SearchAction\",\"target\":{\"@type\":\"EntryPoint\",\"urlTemplate\":\"https:\/\/www.welovecycling.com\/wide\/?s={search_term_string}\"},\"query-input\":{\"@type\":\"PropertyValueSpecification\",\"valueRequired\":true,\"valueName\":\"search_term_string\"}}],\"inLanguage\":\"en-US\"},{\"@type\":\"Person\",\"@id\":\"https:\/\/www.welovecycling.com\/wide\/#\/schema\/person\/321abcdef3622e9febac54a8dc23a2ac\",\"name\":\"alenathelenova\",\"image\":{\"@type\":\"ImageObject\",\"inLanguage\":\"en-US\",\"@id\":\"https:\/\/www.welovecycling.com\/wide\/#\/schema\/person\/image\/\",\"url\":\"https:\/\/secure.gravatar.com\/avatar\/e643b2e993666210ae8caa3e290b4c176182b95a1641cd78a323cf879e436b74?s=96&d=mm&r=g\",\"contentUrl\":\"https:\/\/secure.gravatar.com\/avatar\/e643b2e993666210ae8caa3e290b4c176182b95a1641cd78a323cf879e436b74?s=96&d=mm&r=g\",\"caption\":\"alenathelenova\"},\"url\":\"https:\/\/www.welovecycling.com\/wide\/author\/alenathelenova\/\"}]}<\/script>\n<!-- \/ Yoast SEO Premium plugin. -->","yoast_head_json":{"title":"Tour De Tietema: Turning Cycling Upside Down - \u0160koda We Love Cycling","description":"In just two years, Tour De Tietema has become a hit with the cycling community while taking YouTube by storm and rising to be one of the leading channels","robots":{"index":"index","follow":"follow","max-snippet":"max-snippet:-1","max-image-preview":"max-image-preview:large","max-video-preview":"max-video-preview:-1"},"canonical":"https:\/\/www.welovecycling.com\/wide\/2021\/09\/22\/tour-de-tietema-turning-cycling-upside-down\/","og_locale":"en_US","og_type":"article","og_title":"Tour De Tietema: Turning Cycling Upside Down","og_description":"In just two years, Tour De Tietema has become a hit with the cycling community while taking YouTube by storm and rising to be one of the leading channels","og_url":"https:\/\/www.welovecycling.com\/wide\/2021\/09\/22\/tour-de-tietema-turning-cycling-upside-down\/","og_site_name":"\u0160koda We Love Cycling","article_published_time":"2021-09-22T08:49:55+00:00","article_modified_time":"2025-12-16T09:46:44+00:00","og_image":[{"width":900,"height":600,"url":"https:\/\/d2p6e6u75xmxt8.cloudfront.net\/2\/2021\/09\/Tour-de-Tietema-CVR.webp","type":"image\/webp"}],"author":"alenathelenova","twitter_card":"summary_large_image","twitter_misc":{"Written by":"Josh Donaldson","Est. reading time":"8"},"schema":{"@context":"https:\/\/schema.org","@graph":[{"@type":"WebPage","@id":"https:\/\/www.welovecycling.com\/wide\/2021\/09\/22\/tour-de-tietema-turning-cycling-upside-down\/","url":"https:\/\/www.welovecycling.com\/wide\/2021\/09\/22\/tour-de-tietema-turning-cycling-upside-down\/","name":"Tour De Tietema: Turning Cycling Upside Down - \u0160koda We Love Cycling","isPartOf":{"@id":"https:\/\/www.welovecycling.com\/wide\/#website"},"primaryImageOfPage":{"@id":"https:\/\/www.welovecycling.com\/wide\/2021\/09\/22\/tour-de-tietema-turning-cycling-upside-down\/#primaryimage"},"image":{"@id":"https:\/\/www.welovecycling.com\/wide\/2021\/09\/22\/tour-de-tietema-turning-cycling-upside-down\/#primaryimage"},"thumbnailUrl":"https:\/\/d2p6e6u75xmxt8.cloudfront.net\/2\/2021\/09\/Tour-de-Tietema-CVR.webp","datePublished":"2021-09-22T08:49:55+00:00","dateModified":"2025-12-16T09:46:44+00:00","author":{"@id":"https:\/\/www.welovecycling.com\/wide\/#\/schema\/person\/321abcdef3622e9febac54a8dc23a2ac"},"description":"In just two years, Tour De Tietema has become a hit with the cycling community while taking YouTube by storm and rising to be one of the leading channels","breadcrumb":{"@id":"https:\/\/www.welovecycling.com\/wide\/2021\/09\/22\/tour-de-tietema-turning-cycling-upside-down\/#breadcrumb"},"inLanguage":"en-US","potentialAction":[{"@type":"ReadAction","target":["https:\/\/www.welovecycling.com\/wide\/2021\/09\/22\/tour-de-tietema-turning-cycling-upside-down\/"]}]},{"@type":"ImageObject","inLanguage":"en-US","@id":"https:\/\/www.welovecycling.com\/wide\/2021\/09\/22\/tour-de-tietema-turning-cycling-upside-down\/#primaryimage","url":"https:\/\/d2p6e6u75xmxt8.cloudfront.net\/2\/2021\/09\/Tour-de-Tietema-CVR.webp","contentUrl":"https:\/\/d2p6e6u75xmxt8.cloudfront.net\/2\/2021\/09\/Tour-de-Tietema-CVR.webp","width":900,"height":600,"caption":"Tour de Tietema"},{"@type":"BreadcrumbList","@id":"https:\/\/www.welovecycling.com\/wide\/2021\/09\/22\/tour-de-tietema-turning-cycling-upside-down\/#breadcrumb","itemListElement":[{"@type":"ListItem","position":1,"name":"Home","item":"https:\/\/www.welovecycling.com\/wide\/"},{"@type":"ListItem","position":2,"name":"Tour De Tietema: Turning Cycling Upside Down"}]},{"@type":"WebSite","@id":"https:\/\/www.welovecycling.com\/wide\/#website","url":"https:\/\/www.welovecycling.com\/wide\/","name":"\u0160koda We Love Cycling","description":"\u0160koda We Love Cycling magazine","alternateName":"\u0160koda WLC","potentialAction":[{"@type":"SearchAction","target":{"@type":"EntryPoint","urlTemplate":"https:\/\/www.welovecycling.com\/wide\/?s={search_term_string}"},"query-input":{"@type":"PropertyValueSpecification","valueRequired":true,"valueName":"search_term_string"}}],"inLanguage":"en-US"},{"@type":"Person","@id":"https:\/\/www.welovecycling.com\/wide\/#\/schema\/person\/321abcdef3622e9febac54a8dc23a2ac","name":"alenathelenova","image":{"@type":"ImageObject","inLanguage":"en-US","@id":"https:\/\/www.welovecycling.com\/wide\/#\/schema\/person\/image\/","url":"https:\/\/secure.gravatar.com\/avatar\/e643b2e993666210ae8caa3e290b4c176182b95a1641cd78a323cf879e436b74?s=96&d=mm&r=g","contentUrl":"https:\/\/secure.gravatar.com\/avatar\/e643b2e993666210ae8caa3e290b4c176182b95a1641cd78a323cf879e436b74?s=96&d=mm&r=g","caption":"alenathelenova"},"url":"https:\/\/www.welovecycling.com\/wide\/author\/alenathelenova\/"}]}},"_links":{"self":[{"href":"https:\/\/www.welovecycling.com\/wide\/wp-json\/wp\/v2\/posts\/186497","targetHints":{"allow":["GET"]}}],"collection":[{"href":"https:\/\/www.welovecycling.com\/wide\/wp-json\/wp\/v2\/posts"}],"about":[{"href":"https:\/\/www.welovecycling.com\/wide\/wp-json\/wp\/v2\/types\/post"}],"author":[{"embeddable":true,"href":"https:\/\/www.welovecycling.com\/wide\/wp-json\/wp\/v2\/users\/209"}],"replies":[{"embeddable":true,"href":"https:\/\/www.welovecycling.com\/wide\/wp-json\/wp\/v2\/comments?post=186497"}],"version-history":[{"count":3,"href":"https:\/\/www.welovecycling.com\/wide\/wp-json\/wp\/v2\/posts\/186497\/revisions"}],"predecessor-version":[{"id":204377,"href":"https:\/\/www.welovecycling.com\/wide\/wp-json\/wp\/v2\/posts\/186497\/revisions\/204377"}],"wp:featuredmedia":[{"embeddable":true,"href":"https:\/\/www.welovecycling.com\/wide\/wp-json\/wp\/v2\/media\/186499"}],"wp:attachment":[{"href":"https:\/\/www.welovecycling.com\/wide\/wp-json\/wp\/v2\/media?parent=186497"}],"wp:term":[{"taxonomy":"category","embeddable":true,"href":"https:\/\/www.welovecycling.com\/wide\/wp-json\/wp\/v2\/categories?post=186497"},{"taxonomy":"post_tag","embeddable":true,"href":"https:\/\/www.welovecycling.com\/wide\/wp-json\/wp\/v2\/tags?post=186497"},{"taxonomy":"global-categories","embeddable":true,"href":"https:\/\/www.welovecycling.com\/wide\/wp-json\/wp\/v2\/global-categories?post=186497"}],"curies":[{"name":"wp","href":"https:\/\/api.w.org\/{rel}","templated":true}]}}