{"id":186451,"date":"2021-09-15T12:45:03","date_gmt":"2021-09-15T12:45:03","guid":{"rendered":"https:\/\/www.welovecycling.com\/wide\/?p=186451"},"modified":"2021-09-15T12:45:03","modified_gmt":"2021-09-15T12:45:03","slug":"mark-cavendish-offered-one-year-extension-at-deceuninck-quickstep","status":"publish","type":"post","link":"https:\/\/www.welovecycling.com\/wide\/2021\/09\/15\/mark-cavendish-offered-one-year-extension-at-deceuninck-quickstep\/","title":{"rendered":"Mark Cavendish Offered One-Year Extension at Deceuninck-QuickStep"},"content":{"rendered":"<p><strong>The headline sounds promising, but the negotiations are far from finished. The British sprinter, who won the \u0160koda Green Jersey at this year\u2019\u2018s Tour de France and Patrick Lefevere, the team\u2018s GM, has not are yet to agreed on financial terms with Patrick Lefevere, the team\u2019s GM.<\/strong><!--more--><\/p>\n<p>Cavendish joined the Belgian WorldTour squad at the start of the season after three years without winning a single race. The Manxman has since made a stunning comeback. He won four stages at this year\u2019\u2018s Tour de France, equalling the Eddy Merckx\u2019\u2018s record of 34 stage victories and claimed claiming the points classification in the process.<\/p>\n<p>Naturally, Cavendish now feels that he deserves a little bit more money. According to a report in <a href=\"https:\/\/www.nieuwsblad.be\/cnt\/dmf20210913_96495124\"><em>Het Nieuwsblad<\/em><\/a> on Tuesday, Lefevere offered the 36 -year -old a new deal during the Tour of Britain. However, the Belgian newspaper, in which Lefevere has a weekly column, also reports that the two parties are \u201c&#8221;far apart\u201d&#8221; concerning financial terms.<\/p>\n<p>According to Nieuwsblad, the contract should still feature a low base salary with bonus payments, should Cavendish win certain races. Lefevere has been known to structure contracts this way in the past. Notably with Philippe Gilbert, who joined the team in 2017 and then won Tour of Flanders and Paris-Roubaix.<\/p>\n<p>The Belgian newspaper also reports that Cavendish and Lefevere have not yet settled on the sprinter\u2019s role in the next season. Sam Bennett, who was supposed to lead the team at the Tour, is leaving. However, Fabio Jakobsen is back in form and won the \u0160koda Green Jersey at La Vuelta this year.<\/p>\n<p>Who will be the Belgian\u2019s squad\u2019s new lead sprinter? We don\u2019t know, but we definitely want Cavendish to get his chance to fight for it.<\/p>\n","protected":false},"excerpt":{"rendered":"<p>The headline sounds promising, but the negotiations are far from finished. The British sprinter, who won the \u0160koda Green Jersey [&hellip;]<\/p>\n","protected":false},"author":12,"featured_media":186452,"comment_status":"open","ping_status":"open","sticky":false,"template":"","format":"standard","meta":{"footnotes":""},"categories":[329],"tags":[3446,461,648,3453,433],"global-categories":[3366],"class_list":["post-186451","post","type-post","status-publish","format-standard","has-post-thumbnail","hentry","category-road-cycling","tag-deceuninck-quickstep","tag-mark-cavendish","tag-patrick-lefevere","tag-skoda-green-jersey","tag-tour-de-france","global-categories-cycling"],"yoast_head":"<!-- This site is optimized with the Yoast SEO Premium plugin v25.3 (Yoast SEO v25.9) - https:\/\/yoast.com\/wordpress\/plugins\/seo\/ -->\n<title>Mark Cavendish Offered One-Year Extension at Deceuninck-QuickStep - \u0160koda We Love Cycling<\/title>\n<meta name=\"description\" content=\"The headline sounds promising, but the negotiations are far from finished. The British sprinter, who won the \u0160koda Green Jersey at this year\u2019\u2018s Tour de\" \/>\n<meta name=\"robots\" content=\"index, follow, max-snippet:-1, max-image-preview:large, max-video-preview:-1\" \/>\n<link rel=\"canonical\" href=\"https:\/\/www.welovecycling.com\/wide\/2021\/09\/15\/mark-cavendish-offered-one-year-extension-at-deceuninck-quickstep\/\" \/>\n<meta property=\"og:locale\" content=\"en_US\" \/>\n<meta property=\"og:type\" content=\"article\" \/>\n<meta property=\"og:title\" content=\"Mark Cavendish Offered One-Year Extension at Deceuninck-QuickStep\" \/>\n<meta property=\"og:description\" content=\"The headline sounds promising, but the negotiations are far from finished. The British sprinter, who won the \u0160koda Green Jersey at this year\u2019\u2018s Tour de\" \/>\n<meta property=\"og:url\" content=\"https:\/\/www.welovecycling.com\/wide\/2021\/09\/15\/mark-cavendish-offered-one-year-extension-at-deceuninck-quickstep\/\" \/>\n<meta property=\"og:site_name\" content=\"\u0160koda We Love Cycling\" \/>\n<meta property=\"article:published_time\" content=\"2021-09-15T12:45:03+00:00\" \/>\n<meta property=\"og:image\" content=\"https:\/\/d2p6e6u75xmxt8.cloudfront.net\/2\/2021\/09\/profimedia-0621806165-1.webp\" \/>\n\t<meta property=\"og:image:width\" content=\"900\" \/>\n\t<meta property=\"og:image:height\" content=\"600\" \/>\n\t<meta property=\"og:image:type\" content=\"image\/webp\" \/>\n<meta name=\"twitter:card\" content=\"summary_large_image\" \/>\n<meta name=\"twitter:label1\" content=\"Written by\" \/>\n\t<meta name=\"twitter:data1\" content=\"Monica Buck\" \/>\n\t<meta name=\"twitter:label2\" content=\"Est. reading time\" \/>\n\t<meta name=\"twitter:data2\" content=\"3\" \/>\n<script type=\"application\/ld+json\" class=\"yoast-schema-graph\">{\"@context\":\"https:\/\/schema.org\",\"@graph\":[{\"@type\":\"WebPage\",\"@id\":\"https:\/\/www.welovecycling.com\/wide\/2021\/09\/15\/mark-cavendish-offered-one-year-extension-at-deceuninck-quickstep\/\",\"url\":\"https:\/\/www.welovecycling.com\/wide\/2021\/09\/15\/mark-cavendish-offered-one-year-extension-at-deceuninck-quickstep\/\",\"name\":\"Mark Cavendish Offered One-Year Extension at Deceuninck-QuickStep - \u0160koda We Love Cycling\",\"isPartOf\":{\"@id\":\"https:\/\/www.welovecycling.com\/wide\/#website\"},\"primaryImageOfPage\":{\"@id\":\"https:\/\/www.welovecycling.com\/wide\/2021\/09\/15\/mark-cavendish-offered-one-year-extension-at-deceuninck-quickstep\/#primaryimage\"},\"image\":{\"@id\":\"https:\/\/www.welovecycling.com\/wide\/2021\/09\/15\/mark-cavendish-offered-one-year-extension-at-deceuninck-quickstep\/#primaryimage\"},\"thumbnailUrl\":\"https:\/\/d2p6e6u75xmxt8.cloudfront.net\/2\/2021\/09\/profimedia-0621806165-1.webp\",\"datePublished\":\"2021-09-15T12:45:03+00:00\",\"author\":{\"@id\":\"\"},\"description\":\"The headline sounds promising, but the negotiations are far from finished. The British sprinter, who won the \u0160koda Green Jersey at this year\u2019\u2018s Tour de\",\"breadcrumb\":{\"@id\":\"https:\/\/www.welovecycling.com\/wide\/2021\/09\/15\/mark-cavendish-offered-one-year-extension-at-deceuninck-quickstep\/#breadcrumb\"},\"inLanguage\":\"en-US\",\"potentialAction\":[{\"@type\":\"ReadAction\",\"target\":[\"https:\/\/www.welovecycling.com\/wide\/2021\/09\/15\/mark-cavendish-offered-one-year-extension-at-deceuninck-quickstep\/\"]}]},{\"@type\":\"ImageObject\",\"inLanguage\":\"en-US\",\"@id\":\"https:\/\/www.welovecycling.com\/wide\/2021\/09\/15\/mark-cavendish-offered-one-year-extension-at-deceuninck-quickstep\/#primaryimage\",\"url\":\"https:\/\/d2p6e6u75xmxt8.cloudfront.net\/2\/2021\/09\/profimedia-0621806165-1.webp\",\"contentUrl\":\"https:\/\/d2p6e6u75xmxt8.cloudfront.net\/2\/2021\/09\/profimedia-0621806165-1.webp\",\"width\":900,\"height\":600,\"caption\":\"Mark Cavendish\"},{\"@type\":\"BreadcrumbList\",\"@id\":\"https:\/\/www.welovecycling.com\/wide\/2021\/09\/15\/mark-cavendish-offered-one-year-extension-at-deceuninck-quickstep\/#breadcrumb\",\"itemListElement\":[{\"@type\":\"ListItem\",\"position\":1,\"name\":\"Home\",\"item\":\"https:\/\/www.welovecycling.com\/wide\/\"},{\"@type\":\"ListItem\",\"position\":2,\"name\":\"Mark Cavendish Offered One-Year Extension at Deceuninck-QuickStep\"}]},{\"@type\":\"WebSite\",\"@id\":\"https:\/\/www.welovecycling.com\/wide\/#website\",\"url\":\"https:\/\/www.welovecycling.com\/wide\/\",\"name\":\"\u0160koda We Love Cycling\",\"description\":\"\u0160koda We Love Cycling magazine\",\"alternateName\":\"\u0160koda WLC\",\"potentialAction\":[{\"@type\":\"SearchAction\",\"target\":{\"@type\":\"EntryPoint\",\"urlTemplate\":\"https:\/\/www.welovecycling.com\/wide\/?s={search_term_string}\"},\"query-input\":{\"@type\":\"PropertyValueSpecification\",\"valueRequired\":true,\"valueName\":\"search_term_string\"}}],\"inLanguage\":\"en-US\"},{\"@type\":\"Person\",\"@id\":\"\",\"url\":\"https:\/\/www.welovecycling.com\/wide\/author\/\"}]}<\/script>\n<!-- \/ Yoast SEO Premium plugin. -->","yoast_head_json":{"title":"Mark Cavendish Offered One-Year Extension at Deceuninck-QuickStep - \u0160koda We Love Cycling","description":"The headline sounds promising, but the negotiations are far from finished. The British sprinter, who won the \u0160koda Green Jersey at this year\u2019\u2018s Tour de","robots":{"index":"index","follow":"follow","max-snippet":"max-snippet:-1","max-image-preview":"max-image-preview:large","max-video-preview":"max-video-preview:-1"},"canonical":"https:\/\/www.welovecycling.com\/wide\/2021\/09\/15\/mark-cavendish-offered-one-year-extension-at-deceuninck-quickstep\/","og_locale":"en_US","og_type":"article","og_title":"Mark Cavendish Offered One-Year Extension at Deceuninck-QuickStep","og_description":"The headline sounds promising, but the negotiations are far from finished. The British sprinter, who won the \u0160koda Green Jersey at this year\u2019\u2018s Tour de","og_url":"https:\/\/www.welovecycling.com\/wide\/2021\/09\/15\/mark-cavendish-offered-one-year-extension-at-deceuninck-quickstep\/","og_site_name":"\u0160koda We Love Cycling","article_published_time":"2021-09-15T12:45:03+00:00","og_image":[{"width":900,"height":600,"url":"https:\/\/d2p6e6u75xmxt8.cloudfront.net\/2\/2021\/09\/profimedia-0621806165-1.webp","type":"image\/webp"}],"twitter_card":"summary_large_image","twitter_misc":{"Written by":"Monica Buck","Est. reading time":"3"},"schema":{"@context":"https:\/\/schema.org","@graph":[{"@type":"WebPage","@id":"https:\/\/www.welovecycling.com\/wide\/2021\/09\/15\/mark-cavendish-offered-one-year-extension-at-deceuninck-quickstep\/","url":"https:\/\/www.welovecycling.com\/wide\/2021\/09\/15\/mark-cavendish-offered-one-year-extension-at-deceuninck-quickstep\/","name":"Mark Cavendish Offered One-Year Extension at Deceuninck-QuickStep - \u0160koda We Love Cycling","isPartOf":{"@id":"https:\/\/www.welovecycling.com\/wide\/#website"},"primaryImageOfPage":{"@id":"https:\/\/www.welovecycling.com\/wide\/2021\/09\/15\/mark-cavendish-offered-one-year-extension-at-deceuninck-quickstep\/#primaryimage"},"image":{"@id":"https:\/\/www.welovecycling.com\/wide\/2021\/09\/15\/mark-cavendish-offered-one-year-extension-at-deceuninck-quickstep\/#primaryimage"},"thumbnailUrl":"https:\/\/d2p6e6u75xmxt8.cloudfront.net\/2\/2021\/09\/profimedia-0621806165-1.webp","datePublished":"2021-09-15T12:45:03+00:00","author":{"@id":""},"description":"The headline sounds promising, but the negotiations are far from finished. The British sprinter, who won the \u0160koda Green Jersey at this year\u2019\u2018s Tour de","breadcrumb":{"@id":"https:\/\/www.welovecycling.com\/wide\/2021\/09\/15\/mark-cavendish-offered-one-year-extension-at-deceuninck-quickstep\/#breadcrumb"},"inLanguage":"en-US","potentialAction":[{"@type":"ReadAction","target":["https:\/\/www.welovecycling.com\/wide\/2021\/09\/15\/mark-cavendish-offered-one-year-extension-at-deceuninck-quickstep\/"]}]},{"@type":"ImageObject","inLanguage":"en-US","@id":"https:\/\/www.welovecycling.com\/wide\/2021\/09\/15\/mark-cavendish-offered-one-year-extension-at-deceuninck-quickstep\/#primaryimage","url":"https:\/\/d2p6e6u75xmxt8.cloudfront.net\/2\/2021\/09\/profimedia-0621806165-1.webp","contentUrl":"https:\/\/d2p6e6u75xmxt8.cloudfront.net\/2\/2021\/09\/profimedia-0621806165-1.webp","width":900,"height":600,"caption":"Mark Cavendish"},{"@type":"BreadcrumbList","@id":"https:\/\/www.welovecycling.com\/wide\/2021\/09\/15\/mark-cavendish-offered-one-year-extension-at-deceuninck-quickstep\/#breadcrumb","itemListElement":[{"@type":"ListItem","position":1,"name":"Home","item":"https:\/\/www.welovecycling.com\/wide\/"},{"@type":"ListItem","position":2,"name":"Mark Cavendish Offered One-Year Extension at Deceuninck-QuickStep"}]},{"@type":"WebSite","@id":"https:\/\/www.welovecycling.com\/wide\/#website","url":"https:\/\/www.welovecycling.com\/wide\/","name":"\u0160koda We Love Cycling","description":"\u0160koda We Love Cycling magazine","alternateName":"\u0160koda WLC","potentialAction":[{"@type":"SearchAction","target":{"@type":"EntryPoint","urlTemplate":"https:\/\/www.welovecycling.com\/wide\/?s={search_term_string}"},"query-input":{"@type":"PropertyValueSpecification","valueRequired":true,"valueName":"search_term_string"}}],"inLanguage":"en-US"},{"@type":"Person","@id":"","url":"https:\/\/www.welovecycling.com\/wide\/author\/"}]}},"_links":{"self":[{"href":"https:\/\/www.welovecycling.com\/wide\/wp-json\/wp\/v2\/posts\/186451","targetHints":{"allow":["GET"]}}],"collection":[{"href":"https:\/\/www.welovecycling.com\/wide\/wp-json\/wp\/v2\/posts"}],"about":[{"href":"https:\/\/www.welovecycling.com\/wide\/wp-json\/wp\/v2\/types\/post"}],"author":[{"embeddable":true,"href":"https:\/\/www.welovecycling.com\/wide\/wp-json\/wp\/v2\/users\/12"}],"replies":[{"embeddable":true,"href":"https:\/\/www.welovecycling.com\/wide\/wp-json\/wp\/v2\/comments?post=186451"}],"version-history":[{"count":1,"href":"https:\/\/www.welovecycling.com\/wide\/wp-json\/wp\/v2\/posts\/186451\/revisions"}],"predecessor-version":[{"id":186453,"href":"https:\/\/www.welovecycling.com\/wide\/wp-json\/wp\/v2\/posts\/186451\/revisions\/186453"}],"wp:featuredmedia":[{"embeddable":true,"href":"https:\/\/www.welovecycling.com\/wide\/wp-json\/wp\/v2\/media\/186452"}],"wp:attachment":[{"href":"https:\/\/www.welovecycling.com\/wide\/wp-json\/wp\/v2\/media?parent=186451"}],"wp:term":[{"taxonomy":"category","embeddable":true,"href":"https:\/\/www.welovecycling.com\/wide\/wp-json\/wp\/v2\/categories?post=186451"},{"taxonomy":"post_tag","embeddable":true,"href":"https:\/\/www.welovecycling.com\/wide\/wp-json\/wp\/v2\/tags?post=186451"},{"taxonomy":"global-categories","embeddable":true,"href":"https:\/\/www.welovecycling.com\/wide\/wp-json\/wp\/v2\/global-categories?post=186451"}],"curies":[{"name":"wp","href":"https:\/\/api.w.org\/{rel}","templated":true}]}}