{"id":186382,"date":"2021-09-13T10:35:51","date_gmt":"2021-09-13T10:35:51","guid":{"rendered":"https:\/\/www.welovecycling.com\/wide\/?p=186382"},"modified":"2021-09-13T10:35:51","modified_gmt":"2021-09-13T10:35:51","slug":"sonny-colbrelli-and-ellen-van-dijk-win-the-european-road-race-and-other-cool-news-from-the-world-of-cycling","status":"publish","type":"post","link":"https:\/\/www.welovecycling.com\/wide\/2021\/09\/13\/sonny-colbrelli-and-ellen-van-dijk-win-the-european-road-race-and-other-cool-news-from-the-world-of-cycling\/","title":{"rendered":"Sonny Colbrelli and Ellen van Dijk Win the European Road Race and Other Cool News from the World of Cycling"},"content":{"rendered":"<p><strong>Another Monday is here, and so is our news from the world of cycling. So, what did you miss?<\/strong><\/p>\n<p><!--more--><\/p>\n<h2><strong>Ellen van Dijk defies the odds<\/strong><\/h2>\n<p>The Dutchwoman instigated a late breakaway on the hilly course in Trento, Italy, and with 10 km to go, she went solo. Van Dijk then managed to hold onto her lead despite an elite chasing group behind her, which included the likes of Annemiek van Vleuten, Demi Vollering, Katarzyna Niewiadoma and more. At one point, her advantage was knocked down to 22 seconds. However, with 200 metres left, it went back up to a full minute. Ellen van Dijk could properly enjoy her moment as she crossed the finishing line. Liane Lippert (Germany) took the silver and Rasa Leleivyt\u0117 (Lithuania) claimed the bronze.<\/p>\n<p>https:\/\/www.instagram.com\/p\/CTsfkwnMgmv\/<\/p>\n<h4><strong>European\u2019s Championships 2021: Elite Women\u2019s Road Race results<\/strong><\/h4>\n<ol>\n<li>Ellen van Dijk (Netherlands) \u2013 2:50:35<\/li>\n<li>Liane Lippert (Germany) + 1:18<\/li>\n<li>Rasa Leleivyt\u0117 (Lithuania)<\/li>\n<li>Katatzyna Niewiadom (Poland)<\/li>\n<li>Demi Vollering (Netherlands)<\/li>\n<li>Marta Cavalli (Italy)<\/li>\n<li>Marlen Reusser (Switzerland)<\/li>\n<li>Alena Amialiusuk (Belarus)<\/li>\n<li>Annemiek van Vleuten (Netherlands) + 1:21<\/li>\n<li>Elisa Balsamo (Italy) + 2:28<\/li>\n<\/ol>\n<h2><strong>Colbrelli wins it<\/strong><\/h2>\n<p>https:\/\/www.instagram.com\/p\/CTwINMzs0za\/<\/p>\n<p>Sonny Colbrelli managed to bridge a late attack by <a href=\"https:\/\/www.welovecycling.com\/wide\/2020\/08\/10\/remco-evenepoel-wins-tour-of-poland-and-other-cool-news-from-the-world-of-cycling\/\">Remco Evenopoel<\/a> and then spectacularly kept pace with him in the hillier section of the course around Trento. Then he outsprinted the Belgian and scored the most significant triumph of his career. Remco Evenopoel was visibly disappointed and not content with the silver medal after a stunning performance from his side. Beno\u00eet Cosnefroy was much happier when he crossed the line to claim the bronze. It should be noted that since 2016 when the race was opened to professionals, Italy have claimed four wins with four different riders.<\/p>\n<h4><strong>European\u2019s Championships 2021: Elite Men\u2019s Road Race results<\/strong><\/h4>\n<ol>\n<li>Sonny Colbrelli (Ita) \u2013 4:19:45<\/li>\n<li>Remco Evenepoel (Bel)<\/li>\n<li>Beno\u00eet Cosnefroy (Fra) + 1:30<\/li>\n<li>Matteo Trentin (Ita) + 1:43<\/li>\n<li>Tadej Poga\u010dar (Slo)<\/li>\n<li>Marc Hirschi (Swi)<\/li>\n<li>Markus Hoelgaard (Nor)<\/li>\n<li>Ben Hermans (Bel) + 1:45<\/li>\n<li>Pavel Sivakov (Rus) + 1:49<\/li>\n<li>Victor Campenaerts (Bel) + 5:41<\/li>\n<\/ol>\n<h2><strong>Sounds good<\/strong><\/h2>\n<p>https:\/\/www.instagram.com\/p\/CTr4tidIoW_\/<\/p>\n<h2><strong>Cofiditch<\/strong><\/h2>\n<div class=\"embed-controller-wrapper\">\n<blockquote class=\"twitter-tweet\" data-width=\"500\" data-dnt=\"true\">\n<p lang=\"zxx\" dir=\"ltr\"><a href=\"https:\/\/t.co\/lfDXBVCSZq\">pic.twitter.com\/lfDXBVCSZq<\/a><\/p>\n<p>&mdash; Cycling out of context (@OutOfCycling) <a href=\"https:\/\/twitter.com\/OutOfCycling\/status\/1437090474637119492?ref_src=twsrc%5Etfw\">September 12, 2021<\/a><\/p><\/blockquote>\n<p><script async data-src=\"https:\/\/platform.twitter.com\/widgets.js\" charset=\"utf-8\"><\/script><\/div>\n<h2><strong>Sweet<\/strong><\/h2>\n<div class=\"embed-controller-wrapper\">\n<blockquote class=\"twitter-tweet\" data-width=\"500\" data-dnt=\"true\">\n<p lang=\"en\" dir=\"ltr\">\ud83c\uddec\ud83c\udde7 <a href=\"https:\/\/twitter.com\/hashtag\/TourOfBritain?src=hash&amp;ref_src=twsrc%5Etfw\">#TourOfBritain<\/a> <\/p>\n<p>Name a better duo than \ud83c\udff4\udb40\udc67\udb40\udc62\udb40\udc73\udb40\udc63\udb40\udc74\udb40\udc7f Xander Graham &amp; \ud83c\uddf3\ud83c\uddf1 <a href=\"https:\/\/twitter.com\/PascalEenkhoorn?ref_src=twsrc%5Etfw\">@PascalEenkhoorn<\/a>..<\/p>\n<p>..We\u2019ll wait! \ud83d\ude04 <a href=\"https:\/\/t.co\/4o3W8VniIA\">pic.twitter.com\/4o3W8VniIA<\/a><\/p>\n<p>&mdash; Team Visma | Lease a Bike (@vismaleaseabike) <a href=\"https:\/\/twitter.com\/vismaleaseabike\/status\/1436992132238168067?ref_src=twsrc%5Etfw\">September 12, 2021<\/a><\/p><\/blockquote>\n<p><script async data-src=\"https:\/\/platform.twitter.com\/widgets.js\" charset=\"utf-8\"><\/script><\/div>\n","protected":false},"excerpt":{"rendered":"<p>Another Monday is here, and so is our news from the world of cycling. So, what did you miss?<\/p>\n","protected":false},"author":99,"featured_media":186388,"comment_status":"open","ping_status":"open","sticky":false,"template":"","format":"standard","meta":{"footnotes":""},"categories":[329],"tags":[477,4619,3771,2323,5667,5668,5669,2099],"global-categories":[3366],"class_list":["post-186382","post","type-post","status-publish","format-standard","has-post-thumbnail","hentry","category-road-cycling","tag-annemiek-van-vleuten","tag-cycling-news","tag-demi-vollering","tag-ellen-van-dijk","tag-europeans-championships-2021","tag-katarzyna-niewiadoma","tag-remco-evenopoel","tag-sonny-colbrelli","global-categories-cycling"],"yoast_head":"<!-- This site is optimized with the Yoast SEO Premium plugin v25.3 (Yoast SEO v25.9) - https:\/\/yoast.com\/wordpress\/plugins\/seo\/ -->\n<title>Sonny Colbrelli and Ellen van Dijk Win the European Road Race<\/title>\n<meta name=\"description\" content=\"Another Monday is here, and so is our news from the world of cycling. So, what did you miss? Ellen van Dijk defies the odds The Dutchwoman instigated a\" \/>\n<meta name=\"robots\" content=\"index, follow, max-snippet:-1, max-image-preview:large, max-video-preview:-1\" \/>\n<link rel=\"canonical\" href=\"https:\/\/www.welovecycling.com\/wide\/2021\/09\/13\/sonny-colbrelli-and-ellen-van-dijk-win-the-european-road-race-and-other-cool-news-from-the-world-of-cycling\/\" \/>\n<meta property=\"og:locale\" content=\"en_US\" \/>\n<meta property=\"og:type\" content=\"article\" \/>\n<meta property=\"og:title\" content=\"Sonny Colbrelli and Ellen van Dijk Win the European Road Race and Other Cool News from the World of Cycling\" \/>\n<meta property=\"og:description\" content=\"Another Monday is here, and so is our news from the world of cycling. So, what did you miss? Ellen van Dijk defies the odds The Dutchwoman instigated a\" \/>\n<meta property=\"og:url\" content=\"https:\/\/www.welovecycling.com\/wide\/2021\/09\/13\/sonny-colbrelli-and-ellen-van-dijk-win-the-european-road-race-and-other-cool-news-from-the-world-of-cycling\/\" \/>\n<meta property=\"og:site_name\" content=\"\u0160koda We Love Cycling\" \/>\n<meta property=\"article:published_time\" content=\"2021-09-13T10:35:51+00:00\" \/>\n<meta property=\"og:image\" content=\"https:\/\/d2p6e6u75xmxt8.cloudfront.net\/2\/2021\/09\/Ellen-van-Dijk-profimedia-0631624715-CVR.webp\" \/>\n\t<meta property=\"og:image:width\" content=\"900\" \/>\n\t<meta property=\"og:image:height\" content=\"600\" \/>\n\t<meta property=\"og:image:type\" content=\"image\/webp\" \/>\n<meta name=\"author\" content=\"tereza\" \/>\n<meta name=\"twitter:card\" content=\"summary_large_image\" \/>\n<meta name=\"twitter:label1\" content=\"Written by\" \/>\n\t<meta name=\"twitter:data1\" content=\"Monica Buck\" \/>\n\t<meta name=\"twitter:label2\" content=\"Est. reading time\" \/>\n\t<meta name=\"twitter:data2\" content=\"4\" \/>\n<script type=\"application\/ld+json\" class=\"yoast-schema-graph\">{\"@context\":\"https:\/\/schema.org\",\"@graph\":[{\"@type\":\"WebPage\",\"@id\":\"https:\/\/www.welovecycling.com\/wide\/2021\/09\/13\/sonny-colbrelli-and-ellen-van-dijk-win-the-european-road-race-and-other-cool-news-from-the-world-of-cycling\/\",\"url\":\"https:\/\/www.welovecycling.com\/wide\/2021\/09\/13\/sonny-colbrelli-and-ellen-van-dijk-win-the-european-road-race-and-other-cool-news-from-the-world-of-cycling\/\",\"name\":\"Sonny Colbrelli and Ellen van Dijk Win the European Road Race\",\"isPartOf\":{\"@id\":\"https:\/\/www.welovecycling.com\/wide\/#website\"},\"primaryImageOfPage\":{\"@id\":\"https:\/\/www.welovecycling.com\/wide\/2021\/09\/13\/sonny-colbrelli-and-ellen-van-dijk-win-the-european-road-race-and-other-cool-news-from-the-world-of-cycling\/#primaryimage\"},\"image\":{\"@id\":\"https:\/\/www.welovecycling.com\/wide\/2021\/09\/13\/sonny-colbrelli-and-ellen-van-dijk-win-the-european-road-race-and-other-cool-news-from-the-world-of-cycling\/#primaryimage\"},\"thumbnailUrl\":\"https:\/\/d2p6e6u75xmxt8.cloudfront.net\/2\/2021\/09\/Ellen-van-Dijk-profimedia-0631624715-CVR.webp\",\"datePublished\":\"2021-09-13T10:35:51+00:00\",\"author\":{\"@id\":\"https:\/\/www.welovecycling.com\/wide\/#\/schema\/person\/50f01ecd18718d2333cf72e823c4f926\"},\"description\":\"Another Monday is here, and so is our news from the world of cycling. So, what did you miss? Ellen van Dijk defies the odds The Dutchwoman instigated a\",\"breadcrumb\":{\"@id\":\"https:\/\/www.welovecycling.com\/wide\/2021\/09\/13\/sonny-colbrelli-and-ellen-van-dijk-win-the-european-road-race-and-other-cool-news-from-the-world-of-cycling\/#breadcrumb\"},\"inLanguage\":\"en-US\",\"potentialAction\":[{\"@type\":\"ReadAction\",\"target\":[\"https:\/\/www.welovecycling.com\/wide\/2021\/09\/13\/sonny-colbrelli-and-ellen-van-dijk-win-the-european-road-race-and-other-cool-news-from-the-world-of-cycling\/\"]}]},{\"@type\":\"ImageObject\",\"inLanguage\":\"en-US\",\"@id\":\"https:\/\/www.welovecycling.com\/wide\/2021\/09\/13\/sonny-colbrelli-and-ellen-van-dijk-win-the-european-road-race-and-other-cool-news-from-the-world-of-cycling\/#primaryimage\",\"url\":\"https:\/\/d2p6e6u75xmxt8.cloudfront.net\/2\/2021\/09\/Ellen-van-Dijk-profimedia-0631624715-CVR.webp\",\"contentUrl\":\"https:\/\/d2p6e6u75xmxt8.cloudfront.net\/2\/2021\/09\/Ellen-van-Dijk-profimedia-0631624715-CVR.webp\",\"width\":900,\"height\":600,\"caption\":\"Ellen van Dijk\"},{\"@type\":\"BreadcrumbList\",\"@id\":\"https:\/\/www.welovecycling.com\/wide\/2021\/09\/13\/sonny-colbrelli-and-ellen-van-dijk-win-the-european-road-race-and-other-cool-news-from-the-world-of-cycling\/#breadcrumb\",\"itemListElement\":[{\"@type\":\"ListItem\",\"position\":1,\"name\":\"Home\",\"item\":\"https:\/\/www.welovecycling.com\/wide\/\"},{\"@type\":\"ListItem\",\"position\":2,\"name\":\"Sonny Colbrelli and Ellen van Dijk Win the European Road Race and Other Cool News from the World of Cycling\"}]},{\"@type\":\"WebSite\",\"@id\":\"https:\/\/www.welovecycling.com\/wide\/#website\",\"url\":\"https:\/\/www.welovecycling.com\/wide\/\",\"name\":\"\u0160koda We Love Cycling\",\"description\":\"\u0160koda We Love Cycling magazine\",\"alternateName\":\"\u0160koda WLC\",\"potentialAction\":[{\"@type\":\"SearchAction\",\"target\":{\"@type\":\"EntryPoint\",\"urlTemplate\":\"https:\/\/www.welovecycling.com\/wide\/?s={search_term_string}\"},\"query-input\":{\"@type\":\"PropertyValueSpecification\",\"valueRequired\":true,\"valueName\":\"search_term_string\"}}],\"inLanguage\":\"en-US\"},{\"@type\":\"Person\",\"@id\":\"https:\/\/www.welovecycling.com\/wide\/#\/schema\/person\/50f01ecd18718d2333cf72e823c4f926\",\"name\":\"tereza\",\"image\":{\"@type\":\"ImageObject\",\"inLanguage\":\"en-US\",\"@id\":\"https:\/\/www.welovecycling.com\/wide\/#\/schema\/person\/image\/\",\"url\":\"https:\/\/secure.gravatar.com\/avatar\/1f9eb71be33845f0afabce3791bc1c58ecdb0a25c62964987e5dbcf7a20d2ec7?s=96&d=mm&r=g\",\"contentUrl\":\"https:\/\/secure.gravatar.com\/avatar\/1f9eb71be33845f0afabce3791bc1c58ecdb0a25c62964987e5dbcf7a20d2ec7?s=96&d=mm&r=g\",\"caption\":\"tereza\"},\"url\":\"https:\/\/www.welovecycling.com\/wide\/author\/tereza\/\"}]}<\/script>\n<!-- \/ Yoast SEO Premium plugin. -->","yoast_head_json":{"title":"Sonny Colbrelli and Ellen van Dijk Win the European Road Race","description":"Another Monday is here, and so is our news from the world of cycling. So, what did you miss? Ellen van Dijk defies the odds The Dutchwoman instigated a","robots":{"index":"index","follow":"follow","max-snippet":"max-snippet:-1","max-image-preview":"max-image-preview:large","max-video-preview":"max-video-preview:-1"},"canonical":"https:\/\/www.welovecycling.com\/wide\/2021\/09\/13\/sonny-colbrelli-and-ellen-van-dijk-win-the-european-road-race-and-other-cool-news-from-the-world-of-cycling\/","og_locale":"en_US","og_type":"article","og_title":"Sonny Colbrelli and Ellen van Dijk Win the European Road Race and Other Cool News from the World of Cycling","og_description":"Another Monday is here, and so is our news from the world of cycling. So, what did you miss? Ellen van Dijk defies the odds The Dutchwoman instigated a","og_url":"https:\/\/www.welovecycling.com\/wide\/2021\/09\/13\/sonny-colbrelli-and-ellen-van-dijk-win-the-european-road-race-and-other-cool-news-from-the-world-of-cycling\/","og_site_name":"\u0160koda We Love Cycling","article_published_time":"2021-09-13T10:35:51+00:00","og_image":[{"width":900,"height":600,"url":"https:\/\/d2p6e6u75xmxt8.cloudfront.net\/2\/2021\/09\/Ellen-van-Dijk-profimedia-0631624715-CVR.webp","type":"image\/webp"}],"author":"tereza","twitter_card":"summary_large_image","twitter_misc":{"Written by":"Monica Buck","Est. reading time":"4"},"schema":{"@context":"https:\/\/schema.org","@graph":[{"@type":"WebPage","@id":"https:\/\/www.welovecycling.com\/wide\/2021\/09\/13\/sonny-colbrelli-and-ellen-van-dijk-win-the-european-road-race-and-other-cool-news-from-the-world-of-cycling\/","url":"https:\/\/www.welovecycling.com\/wide\/2021\/09\/13\/sonny-colbrelli-and-ellen-van-dijk-win-the-european-road-race-and-other-cool-news-from-the-world-of-cycling\/","name":"Sonny Colbrelli and Ellen van Dijk Win the European Road Race","isPartOf":{"@id":"https:\/\/www.welovecycling.com\/wide\/#website"},"primaryImageOfPage":{"@id":"https:\/\/www.welovecycling.com\/wide\/2021\/09\/13\/sonny-colbrelli-and-ellen-van-dijk-win-the-european-road-race-and-other-cool-news-from-the-world-of-cycling\/#primaryimage"},"image":{"@id":"https:\/\/www.welovecycling.com\/wide\/2021\/09\/13\/sonny-colbrelli-and-ellen-van-dijk-win-the-european-road-race-and-other-cool-news-from-the-world-of-cycling\/#primaryimage"},"thumbnailUrl":"https:\/\/d2p6e6u75xmxt8.cloudfront.net\/2\/2021\/09\/Ellen-van-Dijk-profimedia-0631624715-CVR.webp","datePublished":"2021-09-13T10:35:51+00:00","author":{"@id":"https:\/\/www.welovecycling.com\/wide\/#\/schema\/person\/50f01ecd18718d2333cf72e823c4f926"},"description":"Another Monday is here, and so is our news from the world of cycling. So, what did you miss? Ellen van Dijk defies the odds The Dutchwoman instigated a","breadcrumb":{"@id":"https:\/\/www.welovecycling.com\/wide\/2021\/09\/13\/sonny-colbrelli-and-ellen-van-dijk-win-the-european-road-race-and-other-cool-news-from-the-world-of-cycling\/#breadcrumb"},"inLanguage":"en-US","potentialAction":[{"@type":"ReadAction","target":["https:\/\/www.welovecycling.com\/wide\/2021\/09\/13\/sonny-colbrelli-and-ellen-van-dijk-win-the-european-road-race-and-other-cool-news-from-the-world-of-cycling\/"]}]},{"@type":"ImageObject","inLanguage":"en-US","@id":"https:\/\/www.welovecycling.com\/wide\/2021\/09\/13\/sonny-colbrelli-and-ellen-van-dijk-win-the-european-road-race-and-other-cool-news-from-the-world-of-cycling\/#primaryimage","url":"https:\/\/d2p6e6u75xmxt8.cloudfront.net\/2\/2021\/09\/Ellen-van-Dijk-profimedia-0631624715-CVR.webp","contentUrl":"https:\/\/d2p6e6u75xmxt8.cloudfront.net\/2\/2021\/09\/Ellen-van-Dijk-profimedia-0631624715-CVR.webp","width":900,"height":600,"caption":"Ellen van Dijk"},{"@type":"BreadcrumbList","@id":"https:\/\/www.welovecycling.com\/wide\/2021\/09\/13\/sonny-colbrelli-and-ellen-van-dijk-win-the-european-road-race-and-other-cool-news-from-the-world-of-cycling\/#breadcrumb","itemListElement":[{"@type":"ListItem","position":1,"name":"Home","item":"https:\/\/www.welovecycling.com\/wide\/"},{"@type":"ListItem","position":2,"name":"Sonny Colbrelli and Ellen van Dijk Win the European Road Race and Other Cool News from the World of Cycling"}]},{"@type":"WebSite","@id":"https:\/\/www.welovecycling.com\/wide\/#website","url":"https:\/\/www.welovecycling.com\/wide\/","name":"\u0160koda We Love Cycling","description":"\u0160koda We Love Cycling magazine","alternateName":"\u0160koda WLC","potentialAction":[{"@type":"SearchAction","target":{"@type":"EntryPoint","urlTemplate":"https:\/\/www.welovecycling.com\/wide\/?s={search_term_string}"},"query-input":{"@type":"PropertyValueSpecification","valueRequired":true,"valueName":"search_term_string"}}],"inLanguage":"en-US"},{"@type":"Person","@id":"https:\/\/www.welovecycling.com\/wide\/#\/schema\/person\/50f01ecd18718d2333cf72e823c4f926","name":"tereza","image":{"@type":"ImageObject","inLanguage":"en-US","@id":"https:\/\/www.welovecycling.com\/wide\/#\/schema\/person\/image\/","url":"https:\/\/secure.gravatar.com\/avatar\/1f9eb71be33845f0afabce3791bc1c58ecdb0a25c62964987e5dbcf7a20d2ec7?s=96&d=mm&r=g","contentUrl":"https:\/\/secure.gravatar.com\/avatar\/1f9eb71be33845f0afabce3791bc1c58ecdb0a25c62964987e5dbcf7a20d2ec7?s=96&d=mm&r=g","caption":"tereza"},"url":"https:\/\/www.welovecycling.com\/wide\/author\/tereza\/"}]}},"_links":{"self":[{"href":"https:\/\/www.welovecycling.com\/wide\/wp-json\/wp\/v2\/posts\/186382","targetHints":{"allow":["GET"]}}],"collection":[{"href":"https:\/\/www.welovecycling.com\/wide\/wp-json\/wp\/v2\/posts"}],"about":[{"href":"https:\/\/www.welovecycling.com\/wide\/wp-json\/wp\/v2\/types\/post"}],"author":[{"embeddable":true,"href":"https:\/\/www.welovecycling.com\/wide\/wp-json\/wp\/v2\/users\/99"}],"replies":[{"embeddable":true,"href":"https:\/\/www.welovecycling.com\/wide\/wp-json\/wp\/v2\/comments?post=186382"}],"version-history":[{"count":2,"href":"https:\/\/www.welovecycling.com\/wide\/wp-json\/wp\/v2\/posts\/186382\/revisions"}],"predecessor-version":[{"id":186390,"href":"https:\/\/www.welovecycling.com\/wide\/wp-json\/wp\/v2\/posts\/186382\/revisions\/186390"}],"wp:featuredmedia":[{"embeddable":true,"href":"https:\/\/www.welovecycling.com\/wide\/wp-json\/wp\/v2\/media\/186388"}],"wp:attachment":[{"href":"https:\/\/www.welovecycling.com\/wide\/wp-json\/wp\/v2\/media?parent=186382"}],"wp:term":[{"taxonomy":"category","embeddable":true,"href":"https:\/\/www.welovecycling.com\/wide\/wp-json\/wp\/v2\/categories?post=186382"},{"taxonomy":"post_tag","embeddable":true,"href":"https:\/\/www.welovecycling.com\/wide\/wp-json\/wp\/v2\/tags?post=186382"},{"taxonomy":"global-categories","embeddable":true,"href":"https:\/\/www.welovecycling.com\/wide\/wp-json\/wp\/v2\/global-categories?post=186382"}],"curies":[{"name":"wp","href":"https:\/\/api.w.org\/{rel}","templated":true}]}}