{"id":186373,"date":"2021-09-14T07:00:12","date_gmt":"2021-09-14T07:00:12","guid":{"rendered":"https:\/\/www.welovecycling.com\/wide\/?p=186373"},"modified":"2021-09-13T10:12:24","modified_gmt":"2021-09-13T10:12:24","slug":"the-most-iconic-world-championship-moments-to-remember","status":"publish","type":"post","link":"https:\/\/www.welovecycling.com\/wide\/2021\/09\/14\/the-most-iconic-world-championship-moments-to-remember\/","title":{"rendered":"The Most Iconic World Championship Moments to Remember"},"content":{"rendered":"<p><strong>100 years from its inception, the Road Race World Championships have changed significantly, with some incredible moments that have shaped the way we see the sport.<\/strong><\/p>\n<p><!--more--><\/p>\n<p>Here, we chart some of the most iconic moments that have defined the rainbow jersey.<\/p>\n<h2><strong>The \u2018First\u2019 Champion: Alfredo Binda, 1927<\/strong><\/h2>\n<p>Although the idea for a world championship was put forward in 1920, the first road race with professionals \u2013 as we see it today \u2013 was not held until 1927 at the Nurburgring in Germany.<\/p>\n<p>Up to that point, the championships had been a time trial, but on the motor-racing circuit, <a href=\"https:\/\/www.welovecycling.com\/wide\/2020\/05\/27\/nobody-wants-you-here-the-story-of-alfredo-binda\/\">Binda<\/a> \u2013 one of the most iconic riders ever \u2013 was on the start line looking to make history. On a course that by today\u2019s standards would be considered short, at just over 182kms, the Italian brutalised the field, winning in style with just 17 men finishing behind him.<\/p>\n<figure id=\"attachment_178079\" aria-describedby=\"caption-attachment-178079\" style=\"width: 1250px\" class=\"wp-caption alignnone\"><a href=\"https:\/\/d2p6e6u75xmxt8.cloudfront.net\/2\/2020\/05\/Alfredo-Binda-profimedia-0331471163.jpg\"><img loading=\"lazy\" decoding=\"async\" class=\"size-full wp-image-178079\" src=\"https:\/\/d2p6e6u75xmxt8.cloudfront.net\/2\/2020\/05\/Alfredo-Binda-profimedia-0331471163.jpg\" alt=\"\" width=\"1250\" height=\"904\" \/><\/a><figcaption id=\"caption-attachment-178079\" class=\"wp-caption-text\">France&#8217;s Maurice Archambaud and Italy&#8217;s Alfredo Binda competing in the 1935 Giro. \u00a9 AFP \/ AFP \/ Profimedia<\/figcaption><\/figure>\n<p>He would go onto win two more world titles, giving him a tally of three, a feat that, although equaled, has never been bettered.<\/p>\n<p>Binda was the first pro winner and he set in motion what we see today.<\/p>\n<h2><strong>Pioneer: Elsy Jacobs, 1958<\/strong><\/h2>\n<p>Like Binda\u2019s effort in 1927, there had to be a first women\u2019s road race champion. And, although it took another 31 years for the UCI to bring the women\u2019s race into the spotlight, it was a historic event in Reims, France, when the female peloton took to the start line for that inaugural race.<\/p>\n<p>And it was a 25-year-old rider from Luxembourg who would steal the show. Jacobs, who would go on to dominate her national road race in the coming years, was first over the line in Reims, winning by a comfortable margin.<\/p>\n<figure id=\"attachment_186374\" aria-describedby=\"caption-attachment-186374\" style=\"width: 1270px\" class=\"wp-caption alignnone\"><a href=\"https:\/\/d2p6e6u75xmxt8.cloudfront.net\/2\/2021\/09\/Elsy-Jacobs-profimedia-0209927377.jpg\"><img loading=\"lazy\" decoding=\"async\" class=\"wp-image-186374 size-full\" src=\"https:\/\/d2p6e6u75xmxt8.cloudfront.net\/2\/2021\/09\/Elsy-Jacobs-profimedia-0209927377.jpg\" alt=\"Elsy Jacobs\" width=\"1270\" height=\"1070\" \/><\/a><figcaption id=\"caption-attachment-186374\" class=\"wp-caption-text\">The incredible Elsy. \u00a9 Profimedia<\/figcaption><\/figure>\n<p>The women\u2019s race has changed dramatically since those early years. It\u2019s now seen as one of the most entertaining and hotly contested events of world championship week, with people like Anna van der Breggen and <a href=\"https:\/\/en.wikipedia.org\/wiki\/Annemiek_van_Vleuten\">Annemiek van Vleuten<\/a> dominating in recent years.<\/p>\n<p>1958 would be Jacob\u2019s only world crown, but she will always be remembered as being the first.<\/p>\n<h2><strong>Across The Pond: Eddy Merckx, 1974<\/strong><\/h2>\n<p>A list of iconic moments, no matter the race, must include the Cannibal. Winning nearly a third of the races he competed in, Merckx was no stranger to success on the biggest stage. In fact, he had already worn the rainbow jersey twice in 1967 and 1971. But his victory in 1974, his third and last, \u00a0is iconic for another reason \u2013 the location.<\/p>\n<p>Since 1927, the world championships had only been held on the European continent, cycling\u2019s heartland. But, that year, the race was taken across the Atlantic to Montreal, Canada, where a tough, undulating circuit was devised to test the peloton. It was no surprise that Merckx triumphed, beating out his historic rival, Raymond Poulidor, by just two seconds.<\/p>\n<figure id=\"attachment_184365\" aria-describedby=\"caption-attachment-184365\" style=\"width: 1000px\" class=\"wp-caption alignnone\"><a href=\"https:\/\/d2p6e6u75xmxt8.cloudfront.net\/2\/2021\/06\/Eddy-Merckx-1975-profimedia-0288070914.jpg\"><img loading=\"lazy\" decoding=\"async\" class=\"size-full wp-image-184365\" src=\"https:\/\/d2p6e6u75xmxt8.cloudfront.net\/2\/2021\/06\/Eddy-Merckx-1975-profimedia-0288070914.jpg\" alt=\"Eddy Merckx\" width=\"1000\" height=\"667\" \/><\/a><figcaption id=\"caption-attachment-184365\" class=\"wp-caption-text\">At the beginning of the 15th stage. \u00a9 Profimedia<\/figcaption><\/figure>\n<p>By visiting Montreal, a city that would hold the Summer Olympics two years later, the World Championships opened itself up to a whole new world and new possibilities, where it could inspire new riders from across the globe.<\/p>\n<p>By now the race has visited every habitable continent except for Africa, and that is likely to change this decade with Rwanda, a cycling power on the rise, seen as a possible destination.<\/p>\n<p>But, back to Montreal, where this victory for Merckx secured him the triple crown for winning two grand tours and the worlds in the same year, a feat only achieved once since \u2013 in 1987 by Stephen Roche.<\/p>\n<h2><strong>The Comeback: Greg LeMond, 1989<\/strong><\/h2>\n<p>Do you believe in miracles? Well, if you know LeMond\u2019s story, you should. This winner of the world title in 1983 was also a prestigious stage racer, with victories at the Tour De France in 1986 and 1989. But in the spring of 1987 his story took a turn. Accidentally shot by his brother-in-law on a hunting trip, LeMond fought for his life and, at one stage, was just 20 minutes from death.<\/p>\n<p>A comeback into cycling seemed impossible, but by 1989, LeMond was contending again and in the closest Tour de France finish of all time, beat Laurent Fignon by nine seconds in a sporting fairytale that has stood the test of time.<\/p>\n<figure id=\"attachment_180602\" aria-describedby=\"caption-attachment-180602\" style=\"width: 1250px\" class=\"wp-caption alignnone\"><a href=\"https:\/\/d2p6e6u75xmxt8.cloudfront.net\/2\/2020\/11\/Hinault-LeMond-profimedia-0020457183.jpg\"><img loading=\"lazy\" decoding=\"async\" class=\"size-full wp-image-180602\" src=\"https:\/\/d2p6e6u75xmxt8.cloudfront.net\/2\/2020\/11\/Hinault-LeMond-profimedia-0020457183.jpg\" alt=\"Hinault and LeMond\" width=\"1250\" height=\"874\" \/><\/a><figcaption id=\"caption-attachment-180602\" class=\"wp-caption-text\">Bernard Hinault (L) and Greg Lemond (R) at the 1986 Tour. \u00a9 Profimedia<\/figcaption><\/figure>\n<p>But what followed in Chambery a couple of months later was equally outstanding. In a sprint finish, a la 1983, the American beat the Soviet Union\u2019s <a href=\"https:\/\/en.wikipedia.org\/wiki\/Dimitri_Konyshev\">Dimitri Konyshev<\/a> and Ireland\u2019s Sean Kelly to the line to cap off an incredible year. He would go on to win the Tour in 1990, but would see his fortunes suffer during the EPO era.<\/p>\n<p>His story, iconic. His second World Championship win, exactly the same.<\/p>\n<h2><strong>Dutch Delight: Marianne Vos, 2013<\/strong><\/h2>\n<p>Over the course of the World Championships, has there ever been a stronger team than the Dutch women\u2019s team since 2006? One catalyst of this is <a href=\"https:\/\/www.welovecycling.com\/wide\/2021\/04\/19\/wout-van-aert-and-marianne-vos-win-the-amstel-gold-race-and-other-cool-news-from-the-world-of-cycling\/\">Vos<\/a> \u2013 a rider for all weathers, all terrains and all conditions. From 2006 until 2013, she finished no lower than second at the world championships, winning it three times.<\/p>\n<p>But, a lot of this was because of her extraordinary team. Since 2006, a Dutch rider has finished on the podium in every edition other than 2014. Since 2017, they have taken home the rainbow jersey each and every time. Unsurprisingly, they are the most successful nation by a long shot in the history of the women\u2019s road race.<\/p>\n<figure id=\"attachment_186375\" aria-describedby=\"caption-attachment-186375\" style=\"width: 1000px\" class=\"wp-caption alignnone\"><a href=\"https:\/\/d2p6e6u75xmxt8.cloudfront.net\/2\/2021\/09\/Marianne-Vos-profimedia-0237734189.jpg\"><img loading=\"lazy\" decoding=\"async\" class=\"size-full wp-image-186375\" src=\"https:\/\/d2p6e6u75xmxt8.cloudfront.net\/2\/2021\/09\/Marianne-Vos-profimedia-0237734189.jpg\" alt=\"Marianne Vos\" width=\"1000\" height=\"793\" \/><\/a><figcaption id=\"caption-attachment-186375\" class=\"wp-caption-text\">Vos&#8217; iconic win in 2013. \u00a9 Profimedia<\/figcaption><\/figure>\n<p>Vos\u2019 victory in 2013 was iconic for that teamwork. As the race whittled down in Florence, her and Anna van der Breggen worked together, attacking the field and making moves until Vos launched with her traditional kick on the final climb. No one could match her as she left Sweden\u2019s Emma Johannson and Italy\u2019s Rosella Ratto for dead.<\/p>\n<p>That would be the final podium, as Vos won by 15 seconds. This race not only encapsulated what an incredible rider she is, it showed how one team can dominate the world.<\/p>\n<h2><strong>Three-peat: Peter Sagan, 2017<\/strong><\/h2>\n<p>His efforts in 2015 and 2016 were quite incredible, but in 2017, <a href=\"https:\/\/www.welovecycling.com\/wide\/2020\/09\/08\/the-story-of-the-skoda-green-jersey-and-the-legend-of-peter-sagan\/\">Sagan<\/a> was on a different level. On a course that suited punchy sprinters, there were quicker men in the field while Sagan was going for a historic third world title in a row, only achieved once before by French rider <a href=\"https:\/\/www.welovecycling.com\/wide\/2020\/08\/14\/jeannie-longo-strikes-again-a-look-at-the-61-year-old-time-trial-queen\/\">Jeannie Longo.<\/a><\/p>\n<figure id=\"attachment_186376\" aria-describedby=\"caption-attachment-186376\" style=\"width: 1000px\" class=\"wp-caption alignnone\"><a href=\"https:\/\/d2p6e6u75xmxt8.cloudfront.net\/2\/2021\/09\/Sagan-2017-profimedia-0350374095.jpg\"><img loading=\"lazy\" decoding=\"async\" class=\"wp-image-186376 size-full\" src=\"https:\/\/d2p6e6u75xmxt8.cloudfront.net\/2\/2021\/09\/Sagan-2017-profimedia-0350374095.jpg\" alt=\"Peter Sagan\" width=\"1000\" height=\"666\" \/><\/a><figcaption id=\"caption-attachment-186376\" class=\"wp-caption-text\">If you image search the web for Peter Sagan, a 30-year-old Slovak professional racing cyclist, the results will be dominated by the colour green. \u00a9 Profimedia<\/figcaption><\/figure>\n<p>Heading into the last four kilometres, Sagan was wheel surfing with no teammates left. What followed was a masterclass. He started by following an attack by Ben Swift, shutting moves down because he wanted to take it to a sprint, confident he could outmuscle the likes of Alexander Kristoff and <a href=\"https:\/\/www.welovecycling.com\/wide\/2020\/06\/11\/the-fourth-ride2unite-livestream-recap-with-michael-bling-matthews-i-sort-of-enjoyed-the-stress-being-away\/\">Michael Matthews.<\/a> The riders went at it again a few hundred metres later, and Sagan was there shutting them down, showing his strength, but, critically, not overexerting himself.<\/p>\n<p>His positioning into the final corner was perfect. He slotted in behind Kristoff and waited for the big Norwegian to start his sprint. As soon as he did that, Sagan sat and waited for the perfect moment, before pouncing and winning it with a bike throw. It was a clinic on how to win a race and an iconic moment for an iconic rider.<\/p>\n<p>Did we miss any moments worth mentioning? Let us know tell us about your favourite memory from the world championships!<\/p>\n","protected":false},"excerpt":{"rendered":"<p>100 years from its inception, the Road Race World Championships have changed significantly, with some incredible moments that have shaped [&hellip;]<\/p>\n","protected":false},"author":99,"featured_media":186377,"comment_status":"open","ping_status":"open","sticky":false,"template":"","format":"standard","meta":{"footnotes":""},"categories":[329],"tags":[4166,954,5666,775,3136,381,5665,5664],"global-categories":[3366],"class_list":["post-186373","post","type-post","status-publish","format-standard","has-post-thumbnail","hentry","category-road-cycling","tag-alfredo-binda","tag-eddy-merckx","tag-elsy-jacobs","tag-greg-lemond","tag-marianne-vos","tag-peter-sagan","tag-road-race-world-championships","tag-uci-world-championships","global-categories-cycling"],"yoast_head":"<!-- This site is optimized with the Yoast SEO Premium plugin v25.3 (Yoast SEO v25.9) - https:\/\/yoast.com\/wordpress\/plugins\/seo\/ -->\n<title>The Most Iconic World Championship Moments to Remember<\/title>\n<meta name=\"description\" content=\"100 years from its inception, the Road Race World Championships have changed significantly. Let&#039;s talk about the most incredible moments.\" \/>\n<meta name=\"robots\" content=\"index, follow, max-snippet:-1, max-image-preview:large, max-video-preview:-1\" \/>\n<link rel=\"canonical\" href=\"https:\/\/www.welovecycling.com\/wide\/2021\/09\/14\/the-most-iconic-world-championship-moments-to-remember\/\" \/>\n<meta property=\"og:locale\" content=\"en_US\" \/>\n<meta property=\"og:type\" content=\"article\" \/>\n<meta property=\"og:title\" content=\"The Most Iconic World Championship Moments to Remember\" \/>\n<meta property=\"og:description\" content=\"100 years from its inception, the Road Race World Championships have changed significantly. Let&#039;s talk about the most incredible moments.\" \/>\n<meta property=\"og:url\" content=\"https:\/\/www.welovecycling.com\/wide\/2021\/09\/14\/the-most-iconic-world-championship-moments-to-remember\/\" \/>\n<meta property=\"og:site_name\" content=\"\u0160koda We Love Cycling\" \/>\n<meta property=\"article:published_time\" content=\"2021-09-14T07:00:12+00:00\" \/>\n<meta property=\"og:image\" content=\"https:\/\/d2p6e6u75xmxt8.cloudfront.net\/2\/2021\/09\/2017-UCI-World-Championships-profimedia-0350287766-CVR.webp\" \/>\n\t<meta property=\"og:image:width\" content=\"900\" \/>\n\t<meta property=\"og:image:height\" content=\"600\" \/>\n\t<meta property=\"og:image:type\" content=\"image\/webp\" \/>\n<meta name=\"author\" content=\"tereza\" \/>\n<meta name=\"twitter:card\" content=\"summary_large_image\" \/>\n<meta name=\"twitter:label1\" content=\"Written by\" \/>\n\t<meta name=\"twitter:data1\" content=\"Joshua Donaldson\" \/>\n\t<meta name=\"twitter:label2\" content=\"Est. reading time\" \/>\n\t<meta name=\"twitter:data2\" content=\"6\" \/>\n<script type=\"application\/ld+json\" class=\"yoast-schema-graph\">{\"@context\":\"https:\/\/schema.org\",\"@graph\":[{\"@type\":\"WebPage\",\"@id\":\"https:\/\/www.welovecycling.com\/wide\/2021\/09\/14\/the-most-iconic-world-championship-moments-to-remember\/\",\"url\":\"https:\/\/www.welovecycling.com\/wide\/2021\/09\/14\/the-most-iconic-world-championship-moments-to-remember\/\",\"name\":\"The Most Iconic World Championship Moments to Remember\",\"isPartOf\":{\"@id\":\"https:\/\/www.welovecycling.com\/wide\/#website\"},\"primaryImageOfPage\":{\"@id\":\"https:\/\/www.welovecycling.com\/wide\/2021\/09\/14\/the-most-iconic-world-championship-moments-to-remember\/#primaryimage\"},\"image\":{\"@id\":\"https:\/\/www.welovecycling.com\/wide\/2021\/09\/14\/the-most-iconic-world-championship-moments-to-remember\/#primaryimage\"},\"thumbnailUrl\":\"https:\/\/d2p6e6u75xmxt8.cloudfront.net\/2\/2021\/09\/2017-UCI-World-Championships-profimedia-0350287766-CVR.webp\",\"datePublished\":\"2021-09-14T07:00:12+00:00\",\"author\":{\"@id\":\"https:\/\/www.welovecycling.com\/wide\/#\/schema\/person\/50f01ecd18718d2333cf72e823c4f926\"},\"description\":\"100 years from its inception, the Road Race World Championships have changed significantly. Let's talk about the most incredible moments.\",\"breadcrumb\":{\"@id\":\"https:\/\/www.welovecycling.com\/wide\/2021\/09\/14\/the-most-iconic-world-championship-moments-to-remember\/#breadcrumb\"},\"inLanguage\":\"en-US\",\"potentialAction\":[{\"@type\":\"ReadAction\",\"target\":[\"https:\/\/www.welovecycling.com\/wide\/2021\/09\/14\/the-most-iconic-world-championship-moments-to-remember\/\"]}]},{\"@type\":\"ImageObject\",\"inLanguage\":\"en-US\",\"@id\":\"https:\/\/www.welovecycling.com\/wide\/2021\/09\/14\/the-most-iconic-world-championship-moments-to-remember\/#primaryimage\",\"url\":\"https:\/\/d2p6e6u75xmxt8.cloudfront.net\/2\/2021\/09\/2017-UCI-World-Championships-profimedia-0350287766-CVR.webp\",\"contentUrl\":\"https:\/\/d2p6e6u75xmxt8.cloudfront.net\/2\/2021\/09\/2017-UCI-World-Championships-profimedia-0350287766-CVR.webp\",\"width\":900,\"height\":600},{\"@type\":\"BreadcrumbList\",\"@id\":\"https:\/\/www.welovecycling.com\/wide\/2021\/09\/14\/the-most-iconic-world-championship-moments-to-remember\/#breadcrumb\",\"itemListElement\":[{\"@type\":\"ListItem\",\"position\":1,\"name\":\"Home\",\"item\":\"https:\/\/www.welovecycling.com\/wide\/\"},{\"@type\":\"ListItem\",\"position\":2,\"name\":\"The Most Iconic World Championship Moments to Remember\"}]},{\"@type\":\"WebSite\",\"@id\":\"https:\/\/www.welovecycling.com\/wide\/#website\",\"url\":\"https:\/\/www.welovecycling.com\/wide\/\",\"name\":\"\u0160koda We Love Cycling\",\"description\":\"\u0160koda We Love Cycling magazine\",\"alternateName\":\"\u0160koda WLC\",\"potentialAction\":[{\"@type\":\"SearchAction\",\"target\":{\"@type\":\"EntryPoint\",\"urlTemplate\":\"https:\/\/www.welovecycling.com\/wide\/?s={search_term_string}\"},\"query-input\":{\"@type\":\"PropertyValueSpecification\",\"valueRequired\":true,\"valueName\":\"search_term_string\"}}],\"inLanguage\":\"en-US\"},{\"@type\":\"Person\",\"@id\":\"https:\/\/www.welovecycling.com\/wide\/#\/schema\/person\/50f01ecd18718d2333cf72e823c4f926\",\"name\":\"tereza\",\"image\":{\"@type\":\"ImageObject\",\"inLanguage\":\"en-US\",\"@id\":\"https:\/\/www.welovecycling.com\/wide\/#\/schema\/person\/image\/\",\"url\":\"https:\/\/secure.gravatar.com\/avatar\/1f9eb71be33845f0afabce3791bc1c58ecdb0a25c62964987e5dbcf7a20d2ec7?s=96&d=mm&r=g\",\"contentUrl\":\"https:\/\/secure.gravatar.com\/avatar\/1f9eb71be33845f0afabce3791bc1c58ecdb0a25c62964987e5dbcf7a20d2ec7?s=96&d=mm&r=g\",\"caption\":\"tereza\"},\"url\":\"https:\/\/www.welovecycling.com\/wide\/author\/tereza\/\"}]}<\/script>\n<!-- \/ Yoast SEO Premium plugin. -->","yoast_head_json":{"title":"The Most Iconic World Championship Moments to Remember","description":"100 years from its inception, the Road Race World Championships have changed significantly. Let's talk about the most incredible moments.","robots":{"index":"index","follow":"follow","max-snippet":"max-snippet:-1","max-image-preview":"max-image-preview:large","max-video-preview":"max-video-preview:-1"},"canonical":"https:\/\/www.welovecycling.com\/wide\/2021\/09\/14\/the-most-iconic-world-championship-moments-to-remember\/","og_locale":"en_US","og_type":"article","og_title":"The Most Iconic World Championship Moments to Remember","og_description":"100 years from its inception, the Road Race World Championships have changed significantly. Let's talk about the most incredible moments.","og_url":"https:\/\/www.welovecycling.com\/wide\/2021\/09\/14\/the-most-iconic-world-championship-moments-to-remember\/","og_site_name":"\u0160koda We Love Cycling","article_published_time":"2021-09-14T07:00:12+00:00","og_image":[{"width":900,"height":600,"url":"https:\/\/d2p6e6u75xmxt8.cloudfront.net\/2\/2021\/09\/2017-UCI-World-Championships-profimedia-0350287766-CVR.webp","type":"image\/webp"}],"author":"tereza","twitter_card":"summary_large_image","twitter_misc":{"Written by":"Joshua Donaldson","Est. reading time":"6"},"schema":{"@context":"https:\/\/schema.org","@graph":[{"@type":"WebPage","@id":"https:\/\/www.welovecycling.com\/wide\/2021\/09\/14\/the-most-iconic-world-championship-moments-to-remember\/","url":"https:\/\/www.welovecycling.com\/wide\/2021\/09\/14\/the-most-iconic-world-championship-moments-to-remember\/","name":"The Most Iconic World Championship Moments to Remember","isPartOf":{"@id":"https:\/\/www.welovecycling.com\/wide\/#website"},"primaryImageOfPage":{"@id":"https:\/\/www.welovecycling.com\/wide\/2021\/09\/14\/the-most-iconic-world-championship-moments-to-remember\/#primaryimage"},"image":{"@id":"https:\/\/www.welovecycling.com\/wide\/2021\/09\/14\/the-most-iconic-world-championship-moments-to-remember\/#primaryimage"},"thumbnailUrl":"https:\/\/d2p6e6u75xmxt8.cloudfront.net\/2\/2021\/09\/2017-UCI-World-Championships-profimedia-0350287766-CVR.webp","datePublished":"2021-09-14T07:00:12+00:00","author":{"@id":"https:\/\/www.welovecycling.com\/wide\/#\/schema\/person\/50f01ecd18718d2333cf72e823c4f926"},"description":"100 years from its inception, the Road Race World Championships have changed significantly. Let's talk about the most incredible moments.","breadcrumb":{"@id":"https:\/\/www.welovecycling.com\/wide\/2021\/09\/14\/the-most-iconic-world-championship-moments-to-remember\/#breadcrumb"},"inLanguage":"en-US","potentialAction":[{"@type":"ReadAction","target":["https:\/\/www.welovecycling.com\/wide\/2021\/09\/14\/the-most-iconic-world-championship-moments-to-remember\/"]}]},{"@type":"ImageObject","inLanguage":"en-US","@id":"https:\/\/www.welovecycling.com\/wide\/2021\/09\/14\/the-most-iconic-world-championship-moments-to-remember\/#primaryimage","url":"https:\/\/d2p6e6u75xmxt8.cloudfront.net\/2\/2021\/09\/2017-UCI-World-Championships-profimedia-0350287766-CVR.webp","contentUrl":"https:\/\/d2p6e6u75xmxt8.cloudfront.net\/2\/2021\/09\/2017-UCI-World-Championships-profimedia-0350287766-CVR.webp","width":900,"height":600},{"@type":"BreadcrumbList","@id":"https:\/\/www.welovecycling.com\/wide\/2021\/09\/14\/the-most-iconic-world-championship-moments-to-remember\/#breadcrumb","itemListElement":[{"@type":"ListItem","position":1,"name":"Home","item":"https:\/\/www.welovecycling.com\/wide\/"},{"@type":"ListItem","position":2,"name":"The Most Iconic World Championship Moments to Remember"}]},{"@type":"WebSite","@id":"https:\/\/www.welovecycling.com\/wide\/#website","url":"https:\/\/www.welovecycling.com\/wide\/","name":"\u0160koda We Love Cycling","description":"\u0160koda We Love Cycling magazine","alternateName":"\u0160koda WLC","potentialAction":[{"@type":"SearchAction","target":{"@type":"EntryPoint","urlTemplate":"https:\/\/www.welovecycling.com\/wide\/?s={search_term_string}"},"query-input":{"@type":"PropertyValueSpecification","valueRequired":true,"valueName":"search_term_string"}}],"inLanguage":"en-US"},{"@type":"Person","@id":"https:\/\/www.welovecycling.com\/wide\/#\/schema\/person\/50f01ecd18718d2333cf72e823c4f926","name":"tereza","image":{"@type":"ImageObject","inLanguage":"en-US","@id":"https:\/\/www.welovecycling.com\/wide\/#\/schema\/person\/image\/","url":"https:\/\/secure.gravatar.com\/avatar\/1f9eb71be33845f0afabce3791bc1c58ecdb0a25c62964987e5dbcf7a20d2ec7?s=96&d=mm&r=g","contentUrl":"https:\/\/secure.gravatar.com\/avatar\/1f9eb71be33845f0afabce3791bc1c58ecdb0a25c62964987e5dbcf7a20d2ec7?s=96&d=mm&r=g","caption":"tereza"},"url":"https:\/\/www.welovecycling.com\/wide\/author\/tereza\/"}]}},"_links":{"self":[{"href":"https:\/\/www.welovecycling.com\/wide\/wp-json\/wp\/v2\/posts\/186373","targetHints":{"allow":["GET"]}}],"collection":[{"href":"https:\/\/www.welovecycling.com\/wide\/wp-json\/wp\/v2\/posts"}],"about":[{"href":"https:\/\/www.welovecycling.com\/wide\/wp-json\/wp\/v2\/types\/post"}],"author":[{"embeddable":true,"href":"https:\/\/www.welovecycling.com\/wide\/wp-json\/wp\/v2\/users\/99"}],"replies":[{"embeddable":true,"href":"https:\/\/www.welovecycling.com\/wide\/wp-json\/wp\/v2\/comments?post=186373"}],"version-history":[{"count":2,"href":"https:\/\/www.welovecycling.com\/wide\/wp-json\/wp\/v2\/posts\/186373\/revisions"}],"predecessor-version":[{"id":186381,"href":"https:\/\/www.welovecycling.com\/wide\/wp-json\/wp\/v2\/posts\/186373\/revisions\/186381"}],"wp:featuredmedia":[{"embeddable":true,"href":"https:\/\/www.welovecycling.com\/wide\/wp-json\/wp\/v2\/media\/186377"}],"wp:attachment":[{"href":"https:\/\/www.welovecycling.com\/wide\/wp-json\/wp\/v2\/media?parent=186373"}],"wp:term":[{"taxonomy":"category","embeddable":true,"href":"https:\/\/www.welovecycling.com\/wide\/wp-json\/wp\/v2\/categories?post=186373"},{"taxonomy":"post_tag","embeddable":true,"href":"https:\/\/www.welovecycling.com\/wide\/wp-json\/wp\/v2\/tags?post=186373"},{"taxonomy":"global-categories","embeddable":true,"href":"https:\/\/www.welovecycling.com\/wide\/wp-json\/wp\/v2\/global-categories?post=186373"}],"curies":[{"name":"wp","href":"https:\/\/api.w.org\/{rel}","templated":true}]}}