{"id":185512,"date":"2021-08-17T14:54:27","date_gmt":"2021-08-17T14:54:27","guid":{"rendered":"https:\/\/www.welovecycling.com\/wide\/?p=185512"},"modified":"2021-08-17T15:02:10","modified_gmt":"2021-08-17T15:02:10","slug":"rider-age-in-the-pro-peloton","status":"publish","type":"post","link":"https:\/\/www.welovecycling.com\/wide\/2021\/08\/17\/rider-age-in-the-pro-peloton\/","title":{"rendered":"Is Age in the Pro Peloton Important?"},"content":{"rendered":"<p><strong>When is an athlete too old to race a bike professionally on the road? Is age the determining factor or are results the sole measurement of a rider\u2019s capacity to make a positive impact? The answer isn\u2019t clear in the modern pro peloton.<\/strong><\/p>\n<p><!--more--><\/p>\n<p>In fact, today\u2019s Grand Tour winners are getting younger and younger. Phenomena like <a href=\"https:\/\/www.welovecycling.com\/wide\/2021\/07\/18\/tadej-pogacar-wins-the-2021-tour-de-france\/\">Tadej Poga\u010dar<\/a> (21) and Egan Bernal (22) are perfect examples, each adding a one Tour de France victory to their palmares at an age when most riders are cutting their teeth in the professional ranks.<\/p>\n<p>Before this youthful generation exploded, the average age of the winner of the Tour de France was 28, a milestone when cyclists normally peak. So, have riders like Poga\u010dar and <a href=\"https:\/\/www.welovecycling.com\/wide\/2021\/05\/26\/egan-bernal-when-im-at-the-front-i-like-to-attack\/\">Bernal<\/a> reached their top physical performance before the age of 23? Or is there room to grow?<\/p>\n<figure id=\"attachment_184426\" aria-describedby=\"caption-attachment-184426\" style=\"width: 1024px\" class=\"wp-caption alignnone\"><a href=\"https:\/\/d2p6e6u75xmxt8.cloudfront.net\/2\/2021\/07\/profimedia-0619640037.jpg\"><img loading=\"lazy\" decoding=\"async\" class=\"wp-image-184426 size-large\" src=\"https:\/\/d2p6e6u75xmxt8.cloudfront.net\/2\/2021\/07\/profimedia-0619640037-1024x683.jpg\" alt=\"Tadej Poga\u010dar\" width=\"1024\" height=\"683\" \/><\/a><figcaption id=\"caption-attachment-184426\" class=\"wp-caption-text\">Is there room to grow? \u00a9 Profimedia<\/figcaption><\/figure>\n<p>To date, the oldest Tour winner is Belgian <a href=\"https:\/\/www.welovecycling.com\/wide\/2020\/11\/20\/legends-of-road-cycling\/\">Firmin Lambot<\/a> who stood on the top step of the podium in 1922 at 36. And despite Poga\u010dar\u2019s tender years, he is not the youngest. That title goes to Frenchman Henri Cornet on the eve of his 20th birthday in 1904. He was crowned victor after the four riders that finished before him were disqualified by the French Cycling Union following rampant complaints of cheating.<\/p>\n<p>The trend in the sport is finding a needle in the haystack \u2013 the prize of a young and up-and-coming rider with the skill, maturity and stamina of a more seasoned veteran. But there are a handful of older cyclists still making their mark despite their age. Let\u2019s look at a few examples.<\/p>\n<h2><strong>Alejandro Valverde<\/strong><\/h2>\n<figure id=\"attachment_176333\" aria-describedby=\"caption-attachment-176333\" style=\"width: 1024px\" class=\"wp-caption alignnone\"><a href=\"https:\/\/d2p6e6u75xmxt8.cloudfront.net\/2\/2019\/12\/profimedia-0421577390.jpg\"><img loading=\"lazy\" decoding=\"async\" class=\"size-large wp-image-176333\" src=\"https:\/\/d2p6e6u75xmxt8.cloudfront.net\/2\/2019\/12\/profimedia-0421577390-1024x682.jpg\" alt=\"Alejandro Valverde\" width=\"1024\" height=\"682\" \/><\/a><figcaption id=\"caption-attachment-176333\" class=\"wp-caption-text\">Valverde (Movistar) preparing to take the start of the 2019 Milan &#8211; San Remo. \u00a9 Profimedia<\/figcaption><\/figure>\n<p>Alejandro Valverde, born in 1980, has been a professional since 2002 and is still going strong at 41. He has been the oldest rider on a professional World Team level for the last two years.<\/p>\n<p>He holds 129 victories to date, including several prestigious one-day cobbled Spring Classics, multiple Grand Tour stage wins, and even the 2018 World Championship title. When <em>El Bala<\/em> (the bullet) rides into 2022 at 42, he\u2019ll be on par with German former pro Jens Voigt as the oldest World Team rider to compete in the Tour de France.<\/p>\n<p>The 2021 Vuelta is Valverde\u2019s 30th Grand Tour. He is ranked 9th in the 2021 UCI rider rankings and 7th overall. Impressive stuff! Look out for him on his home turf in the upcoming Vuelta.<\/p>\n<h2><strong>Mark Cavendish<\/strong><\/h2>\n<figure id=\"attachment_184491\" aria-describedby=\"caption-attachment-184491\" style=\"width: 1000px\" class=\"wp-caption alignnone\"><a href=\"https:\/\/d2p6e6u75xmxt8.cloudfront.net\/2\/2021\/07\/Mark-Cavendish-profimedia-0620584127.jpg\"><img loading=\"lazy\" decoding=\"async\" class=\"wp-image-184491 size-full\" src=\"https:\/\/d2p6e6u75xmxt8.cloudfront.net\/2\/2021\/07\/Mark-Cavendish-profimedia-0620584127.jpg\" alt=\"Mark Cavendish\" width=\"1000\" height=\"666\" \/><\/a><figcaption id=\"caption-attachment-184491\" class=\"wp-caption-text\">36 and still got it! \u00a9 Profimedia<\/figcaption><\/figure>\n<p>If you followed this year\u2019s Tour de France, you saw the Manx Missile make Tour and cycling history by matching Eddy Merckx in TDF stage victories (34). Cav is 36 and was in the twilight of his career before being called up to the TDF last minute to replace Sam Bennett as Quick Step\u2019s sprinter.<\/p>\n<p>The media coverage associated with his four stage wins and the Green Jersey appeared on sports pages everywhere. He must have savoured proving to himself and his competitors that he was still a threat as a sprinter. It remains to be seen if Cav will continue into 2022 but I suspect he\u2019ll want to go for that 35th victory and a record. What do you think?<\/p>\n<h2><strong>Philippe Gilbert<\/strong><\/h2>\n<figure id=\"attachment_178414\" aria-describedby=\"caption-attachment-178414\" style=\"width: 1250px\" class=\"wp-caption alignnone\"><a href=\"https:\/\/d2p6e6u75xmxt8.cloudfront.net\/2\/2020\/06\/Philippe-Gilbert-CVR-profimedia-0506318164.jpg\"><img loading=\"lazy\" decoding=\"async\" class=\"size-full wp-image-178414\" src=\"https:\/\/d2p6e6u75xmxt8.cloudfront.net\/2\/2020\/06\/Philippe-Gilbert-CVR-profimedia-0506318164.jpg\" alt=\"Philippe Gilbert\" width=\"1250\" height=\"833\" \/><\/a><figcaption id=\"caption-attachment-178414\" class=\"wp-caption-text\">Almost 20 years in the peloton. \u00a9 Profimedia<\/figcaption><\/figure>\n<p><a href=\"https:\/\/www.welovecycling.com\/wide\/2020\/06\/25\/philippe-gilbert-living-in-the-same-place-with-the-same-people-was-something-new-to-me\/\">Philippe Gilbert<\/a> is a Belgian cyclist with close to 20 years in the pro peloton. Born in 1982, the 39-year-old has accumulated an impressive list of victories during his career that include a World Championship title in 2012, the overall UCI points standings in 2011, several Grand Tour stage wins, and prominent one-day Classics.<\/p>\n<p>The Lotto-Soudal rider has announced his retirement at the end of the 2022 season. \u201cAt some point, I have to stop\u201d, he said. Even though concrete results have not come in the last few seasons, he remains an influential member of the Belgian squad who impacts races and the team\u2019s overall success.<\/p>\n<h2><strong>Richie Porte<\/strong><\/h2>\n<figure id=\"attachment_185514\" aria-describedby=\"caption-attachment-185514\" style=\"width: 1000px\" class=\"wp-caption alignnone\"><a href=\"https:\/\/d2p6e6u75xmxt8.cloudfront.net\/2\/2021\/08\/Richie-Porte-profimedia-0624445907.jpg\"><img loading=\"lazy\" decoding=\"async\" class=\"wp-image-185514 size-full\" src=\"https:\/\/d2p6e6u75xmxt8.cloudfront.net\/2\/2021\/08\/Richie-Porte-profimedia-0624445907.jpg\" alt=\"Richie Porte\" width=\"1000\" height=\"666\" \/><\/a><figcaption id=\"caption-attachment-185514\" class=\"wp-caption-text\">Porte at the Tokyo Olympics. \u00a9 Profimedia<\/figcaption><\/figure>\n<p>The 36-year-old Australian has ridden for some of the most affluent teams in the peloton. He served as a super-domestique for Team Sky between 2012 and 2015, and his contribution helped secure the TDF victories of champions Bradley Wiggins (2012) and Chris Froome (2013,15).<\/p>\n<p>Porte left Team Sky to assume the role of a team leader for BMC between 2016 and 2018, and Trek-Segafredo from 2019 to 2020. During this time, he won the Tour of Switzerland, placed second at the Tour of Romandie, and finished third in the 2020 Tour de France behind Tadej Poga\u010dar and Primo\u017e Rogli\u010d. He performed so well he received a two-year contract to ride for Ineos Grenadiers (formerly Team Sky).<\/p>\n<p>This move was rumoured to be a conscious decision to return to his roots as a super-domestique with the green light to ride for himself in certain races. In 2021, he won the Tour of Catalunya, the <a href=\"https:\/\/www.welovecycling.com\/wide\/2021\/06\/07\/richie-porte-wins-criterium-du-dauphine-and-other-cool-news-from-the-world-of-cycling\/\">Criterium du Dauphin\u00e9,<\/a> and was a contender for the TDF but lost significant time after being caught up in the many major pile-ups that took place in the first week of action.<\/p>\n<h2><strong>Davide Rebellin<\/strong><\/h2>\n<figure id=\"attachment_185516\" aria-describedby=\"caption-attachment-185516\" style=\"width: 1000px\" class=\"wp-caption alignnone\"><a href=\"https:\/\/d2p6e6u75xmxt8.cloudfront.net\/2\/2021\/08\/Davide-Rebellin-profimedia-0330934902.jpg\"><img loading=\"lazy\" decoding=\"async\" class=\"size-full wp-image-185516\" src=\"https:\/\/d2p6e6u75xmxt8.cloudfront.net\/2\/2021\/08\/Davide-Rebellin-profimedia-0330934902.jpg\" alt=\"Davide Rebellin\" width=\"1000\" height=\"666\" \/><\/a><figcaption id=\"caption-attachment-185516\" class=\"wp-caption-text\">Davide Rebellin at the 2017 Vuelta a Asturias. \u00a9 Profimedia<\/figcaption><\/figure>\n<p>Although he no longer rides for a World Tour team, the Italian Davide Rebellin is by far the oldest rider with a professional contract. At 49, he was contracted for the year 2021 by the Italian UCI Continental Team Work Service Marchiol Vega. Rebellin is now riding in his 29th consecutive year as a pro as he turns 50.<\/p>\n<p>He was born in 1971 and turned professional in 1992, competing against the likes of Sean Kelly and Stephen Roche. The list of his achievements is vast, crowned by a stage victory in the Tour of Italy (1996), Tirreno-Adriatico (2001), Paris-Nice (2008), and diverse one-day races and classics such as Li\u00e8ge-Bastogne-Li\u00e8ge, Amstel-Gold, and La Fl\u00e8che Wallonne in 2004. He went on to win La Fl\u00e8che Wallonne two more times in 2007 and 2009.<\/p>\n<h2><strong>Chris Horner<\/strong><\/h2>\n<figure id=\"attachment_185515\" aria-describedby=\"caption-attachment-185515\" style=\"width: 1000px\" class=\"wp-caption alignnone\"><a href=\"https:\/\/d2p6e6u75xmxt8.cloudfront.net\/2\/2021\/08\/Chris-Horner-profimedia-0237650335.jpg\"><img loading=\"lazy\" decoding=\"async\" class=\"size-full wp-image-185515\" src=\"https:\/\/d2p6e6u75xmxt8.cloudfront.net\/2\/2021\/08\/Chris-Horner-profimedia-0237650335.jpg\" alt=\"Chris Horner\" width=\"1000\" height=\"666\" \/><\/a><figcaption id=\"caption-attachment-185515\" class=\"wp-caption-text\">Horner in 2013. \u00a9 Profimedia<\/figcaption><\/figure>\n<p>Kudos go to the American Chris Horner who is retired but became the oldest winner of a Grand Tour in 2013 at 41 while riding for Radio Shack-Leopard Trek. He solidified his lead against Vincenzo Nibali during <a href=\"https:\/\/youtu.be\/mFHznUIur88\">an epic stage on the mythical Angliru<\/a>, with the battle coming down to the last kilometre.<\/p>\n<h2><strong>The Women <\/strong><\/h2>\n<figure id=\"attachment_178866\" aria-describedby=\"caption-attachment-178866\" style=\"width: 1024px\" class=\"wp-caption alignnone\"><a href=\"https:\/\/d2p6e6u75xmxt8.cloudfront.net\/2\/2020\/08\/profimedia-0378093507-1.jpg\"><img loading=\"lazy\" decoding=\"async\" class=\"size-large wp-image-178866\" src=\"https:\/\/d2p6e6u75xmxt8.cloudfront.net\/2\/2020\/08\/profimedia-0378093507-1-1024x682.jpg\" alt=\"Annemiek Van Vleuten\" width=\"1024\" height=\"682\" \/><\/a><figcaption id=\"caption-attachment-178866\" class=\"wp-caption-text\">Annemiek Van Vleuten wins at the &#8216;La Course by Le Tour de France in 2018. \u00a9 Profimedia<\/figcaption><\/figure>\n<p>There is also a strong female contingent defying age stereotypes, athletes such as Dutchwoman <strong>Annemiek Van Vleuten<\/strong> who rides for the women\u2019s Movistar World Team. At 38, she has won the Rosa Giro, was crowned World Champion in 2019 and most recently took home Olympic silver in the women\u2019s Road Race, gold in the Individual Time Trial in Tokyo and the Cl\u00e1sica de San Sebasti\u00e1n immediately after.<\/p>\n<p><strong>Mav\u00ed Garcia<\/strong> (Spain, Al\u00e9 Ljubljana) and <strong>Trixi Worrack<\/strong> (Germany, Trek-Segafredo) join Van Vleuten as the more mature riders in the women\u2019s peloton. Mav\u00ed is 37 and a multiple Spanish Road and Time Trial Champion. At 39, Trixi is a former 2003 German National Road Race Champion and the 2005 victor of the Primavera Rosa (the women\u2019s Milan-San Remo).<\/p>\n<p>So, what\u2019s their secret? It isn\u2019t just about avoiding the natural effects of ageing but being able to handle the mental and physical demands of long-term professional racing. Some are born with physiological gifts that make them exceptional. But I believe the answer lies in a more holistic approach, that of a combination of mental toughness, a profound love of the sport, the camaraderie and the thrill of competition.<\/p>\n<p>What do you think? Let us know who is your favourite rider that is still going strong after years in the professional peloton.<\/p>\n","protected":false},"excerpt":{"rendered":"<p>When is an athlete too old to race a bike professionally on the road? Is age the determining factor or [&hellip;]<\/p>\n","protected":false},"author":99,"featured_media":185517,"comment_status":"open","ping_status":"open","sticky":false,"template":"","format":"standard","meta":{"footnotes":""},"categories":[329],"tags":[1886,477,1721,5601,4838,4837,956,1221,773,3415],"global-categories":[3366],"class_list":["post-185512","post","type-post","status-publish","format-standard","has-post-thumbnail","hentry","category-road-cycling","tag-alejandro-valverde","tag-annemiek-van-vleuten","tag-chris-horner","tag-davide-rebellin","tag-firmin-lambot","tag-henri-cornet","tag-philippe-gilbert","tag-primoz-roglic","tag-richie-porte","tag-tadej-pogacar","global-categories-cycling"],"yoast_head":"<!-- This site is optimized with the Yoast SEO Premium plugin v25.3 (Yoast SEO v25.9) - https:\/\/yoast.com\/wordpress\/plugins\/seo\/ -->\n<title>Is Age in the Pro Peloton Important? - \u0160koda We Love Cycling<\/title>\n<meta name=\"description\" content=\"When is an athlete too old to race a bike professionally on the road? Is age the determining factor or are results the sole measurement of a rider\u2019s\" \/>\n<meta name=\"robots\" content=\"index, follow, max-snippet:-1, max-image-preview:large, max-video-preview:-1\" \/>\n<link rel=\"canonical\" href=\"https:\/\/www.welovecycling.com\/wide\/2021\/08\/17\/rider-age-in-the-pro-peloton\/\" \/>\n<meta property=\"og:locale\" content=\"en_US\" \/>\n<meta property=\"og:type\" content=\"article\" \/>\n<meta property=\"og:title\" content=\"Is Age in the Pro Peloton Important?\" \/>\n<meta property=\"og:description\" content=\"When is an athlete too old to race a bike professionally on the road? Is age the determining factor or are results the sole measurement of a rider\u2019s\" \/>\n<meta property=\"og:url\" content=\"https:\/\/www.welovecycling.com\/wide\/2021\/08\/17\/rider-age-in-the-pro-peloton\/\" \/>\n<meta property=\"og:site_name\" content=\"\u0160koda We Love Cycling\" \/>\n<meta property=\"article:published_time\" content=\"2021-08-17T14:54:27+00:00\" \/>\n<meta property=\"article:modified_time\" content=\"2021-08-17T15:02:10+00:00\" \/>\n<meta property=\"og:image\" content=\"https:\/\/d2p6e6u75xmxt8.cloudfront.net\/2\/2021\/08\/Tokyo-peloton-profimedia-0623070356-CvR.webp\" \/>\n\t<meta property=\"og:image:width\" content=\"900\" \/>\n\t<meta property=\"og:image:height\" content=\"600\" \/>\n\t<meta property=\"og:image:type\" content=\"image\/webp\" \/>\n<meta name=\"author\" content=\"tereza\" \/>\n<meta name=\"twitter:card\" content=\"summary_large_image\" \/>\n<meta name=\"twitter:label1\" content=\"Written by\" \/>\n\t<meta name=\"twitter:data1\" content=\"Andrea Champredonde\" \/>\n\t<meta name=\"twitter:label2\" content=\"Est. reading time\" \/>\n\t<meta name=\"twitter:data2\" content=\"6\" \/>\n<script type=\"application\/ld+json\" class=\"yoast-schema-graph\">{\"@context\":\"https:\/\/schema.org\",\"@graph\":[{\"@type\":\"WebPage\",\"@id\":\"https:\/\/www.welovecycling.com\/wide\/2021\/08\/17\/rider-age-in-the-pro-peloton\/\",\"url\":\"https:\/\/www.welovecycling.com\/wide\/2021\/08\/17\/rider-age-in-the-pro-peloton\/\",\"name\":\"Is Age in the Pro Peloton Important? - \u0160koda We Love Cycling\",\"isPartOf\":{\"@id\":\"https:\/\/www.welovecycling.com\/wide\/#website\"},\"primaryImageOfPage\":{\"@id\":\"https:\/\/www.welovecycling.com\/wide\/2021\/08\/17\/rider-age-in-the-pro-peloton\/#primaryimage\"},\"image\":{\"@id\":\"https:\/\/www.welovecycling.com\/wide\/2021\/08\/17\/rider-age-in-the-pro-peloton\/#primaryimage\"},\"thumbnailUrl\":\"https:\/\/d2p6e6u75xmxt8.cloudfront.net\/2\/2021\/08\/Tokyo-peloton-profimedia-0623070356-CvR.webp\",\"datePublished\":\"2021-08-17T14:54:27+00:00\",\"dateModified\":\"2021-08-17T15:02:10+00:00\",\"author\":{\"@id\":\"https:\/\/www.welovecycling.com\/wide\/#\/schema\/person\/50f01ecd18718d2333cf72e823c4f926\"},\"description\":\"When is an athlete too old to race a bike professionally on the road? Is age the determining factor or are results the sole measurement of a rider\u2019s\",\"breadcrumb\":{\"@id\":\"https:\/\/www.welovecycling.com\/wide\/2021\/08\/17\/rider-age-in-the-pro-peloton\/#breadcrumb\"},\"inLanguage\":\"en-US\",\"potentialAction\":[{\"@type\":\"ReadAction\",\"target\":[\"https:\/\/www.welovecycling.com\/wide\/2021\/08\/17\/rider-age-in-the-pro-peloton\/\"]}]},{\"@type\":\"ImageObject\",\"inLanguage\":\"en-US\",\"@id\":\"https:\/\/www.welovecycling.com\/wide\/2021\/08\/17\/rider-age-in-the-pro-peloton\/#primaryimage\",\"url\":\"https:\/\/d2p6e6u75xmxt8.cloudfront.net\/2\/2021\/08\/Tokyo-peloton-profimedia-0623070356-CvR.webp\",\"contentUrl\":\"https:\/\/d2p6e6u75xmxt8.cloudfront.net\/2\/2021\/08\/Tokyo-peloton-profimedia-0623070356-CvR.webp\",\"width\":900,\"height\":600},{\"@type\":\"BreadcrumbList\",\"@id\":\"https:\/\/www.welovecycling.com\/wide\/2021\/08\/17\/rider-age-in-the-pro-peloton\/#breadcrumb\",\"itemListElement\":[{\"@type\":\"ListItem\",\"position\":1,\"name\":\"Home\",\"item\":\"https:\/\/www.welovecycling.com\/wide\/\"},{\"@type\":\"ListItem\",\"position\":2,\"name\":\"Is Age in the Pro Peloton Important?\"}]},{\"@type\":\"WebSite\",\"@id\":\"https:\/\/www.welovecycling.com\/wide\/#website\",\"url\":\"https:\/\/www.welovecycling.com\/wide\/\",\"name\":\"\u0160koda We Love Cycling\",\"description\":\"\u0160koda We Love Cycling magazine\",\"alternateName\":\"\u0160koda WLC\",\"potentialAction\":[{\"@type\":\"SearchAction\",\"target\":{\"@type\":\"EntryPoint\",\"urlTemplate\":\"https:\/\/www.welovecycling.com\/wide\/?s={search_term_string}\"},\"query-input\":{\"@type\":\"PropertyValueSpecification\",\"valueRequired\":true,\"valueName\":\"search_term_string\"}}],\"inLanguage\":\"en-US\"},{\"@type\":\"Person\",\"@id\":\"https:\/\/www.welovecycling.com\/wide\/#\/schema\/person\/50f01ecd18718d2333cf72e823c4f926\",\"name\":\"tereza\",\"image\":{\"@type\":\"ImageObject\",\"inLanguage\":\"en-US\",\"@id\":\"https:\/\/www.welovecycling.com\/wide\/#\/schema\/person\/image\/\",\"url\":\"https:\/\/secure.gravatar.com\/avatar\/1f9eb71be33845f0afabce3791bc1c58ecdb0a25c62964987e5dbcf7a20d2ec7?s=96&d=mm&r=g\",\"contentUrl\":\"https:\/\/secure.gravatar.com\/avatar\/1f9eb71be33845f0afabce3791bc1c58ecdb0a25c62964987e5dbcf7a20d2ec7?s=96&d=mm&r=g\",\"caption\":\"tereza\"},\"url\":\"https:\/\/www.welovecycling.com\/wide\/author\/tereza\/\"}]}<\/script>\n<!-- \/ Yoast SEO Premium plugin. -->","yoast_head_json":{"title":"Is Age in the Pro Peloton Important? - \u0160koda We Love Cycling","description":"When is an athlete too old to race a bike professionally on the road? Is age the determining factor or are results the sole measurement of a rider\u2019s","robots":{"index":"index","follow":"follow","max-snippet":"max-snippet:-1","max-image-preview":"max-image-preview:large","max-video-preview":"max-video-preview:-1"},"canonical":"https:\/\/www.welovecycling.com\/wide\/2021\/08\/17\/rider-age-in-the-pro-peloton\/","og_locale":"en_US","og_type":"article","og_title":"Is Age in the Pro Peloton Important?","og_description":"When is an athlete too old to race a bike professionally on the road? Is age the determining factor or are results the sole measurement of a rider\u2019s","og_url":"https:\/\/www.welovecycling.com\/wide\/2021\/08\/17\/rider-age-in-the-pro-peloton\/","og_site_name":"\u0160koda We Love Cycling","article_published_time":"2021-08-17T14:54:27+00:00","article_modified_time":"2021-08-17T15:02:10+00:00","og_image":[{"width":900,"height":600,"url":"https:\/\/d2p6e6u75xmxt8.cloudfront.net\/2\/2021\/08\/Tokyo-peloton-profimedia-0623070356-CvR.webp","type":"image\/webp"}],"author":"tereza","twitter_card":"summary_large_image","twitter_misc":{"Written by":"Andrea Champredonde","Est. reading time":"6"},"schema":{"@context":"https:\/\/schema.org","@graph":[{"@type":"WebPage","@id":"https:\/\/www.welovecycling.com\/wide\/2021\/08\/17\/rider-age-in-the-pro-peloton\/","url":"https:\/\/www.welovecycling.com\/wide\/2021\/08\/17\/rider-age-in-the-pro-peloton\/","name":"Is Age in the Pro Peloton Important? - \u0160koda We Love Cycling","isPartOf":{"@id":"https:\/\/www.welovecycling.com\/wide\/#website"},"primaryImageOfPage":{"@id":"https:\/\/www.welovecycling.com\/wide\/2021\/08\/17\/rider-age-in-the-pro-peloton\/#primaryimage"},"image":{"@id":"https:\/\/www.welovecycling.com\/wide\/2021\/08\/17\/rider-age-in-the-pro-peloton\/#primaryimage"},"thumbnailUrl":"https:\/\/d2p6e6u75xmxt8.cloudfront.net\/2\/2021\/08\/Tokyo-peloton-profimedia-0623070356-CvR.webp","datePublished":"2021-08-17T14:54:27+00:00","dateModified":"2021-08-17T15:02:10+00:00","author":{"@id":"https:\/\/www.welovecycling.com\/wide\/#\/schema\/person\/50f01ecd18718d2333cf72e823c4f926"},"description":"When is an athlete too old to race a bike professionally on the road? Is age the determining factor or are results the sole measurement of a rider\u2019s","breadcrumb":{"@id":"https:\/\/www.welovecycling.com\/wide\/2021\/08\/17\/rider-age-in-the-pro-peloton\/#breadcrumb"},"inLanguage":"en-US","potentialAction":[{"@type":"ReadAction","target":["https:\/\/www.welovecycling.com\/wide\/2021\/08\/17\/rider-age-in-the-pro-peloton\/"]}]},{"@type":"ImageObject","inLanguage":"en-US","@id":"https:\/\/www.welovecycling.com\/wide\/2021\/08\/17\/rider-age-in-the-pro-peloton\/#primaryimage","url":"https:\/\/d2p6e6u75xmxt8.cloudfront.net\/2\/2021\/08\/Tokyo-peloton-profimedia-0623070356-CvR.webp","contentUrl":"https:\/\/d2p6e6u75xmxt8.cloudfront.net\/2\/2021\/08\/Tokyo-peloton-profimedia-0623070356-CvR.webp","width":900,"height":600},{"@type":"BreadcrumbList","@id":"https:\/\/www.welovecycling.com\/wide\/2021\/08\/17\/rider-age-in-the-pro-peloton\/#breadcrumb","itemListElement":[{"@type":"ListItem","position":1,"name":"Home","item":"https:\/\/www.welovecycling.com\/wide\/"},{"@type":"ListItem","position":2,"name":"Is Age in the Pro Peloton Important?"}]},{"@type":"WebSite","@id":"https:\/\/www.welovecycling.com\/wide\/#website","url":"https:\/\/www.welovecycling.com\/wide\/","name":"\u0160koda We Love Cycling","description":"\u0160koda We Love Cycling magazine","alternateName":"\u0160koda WLC","potentialAction":[{"@type":"SearchAction","target":{"@type":"EntryPoint","urlTemplate":"https:\/\/www.welovecycling.com\/wide\/?s={search_term_string}"},"query-input":{"@type":"PropertyValueSpecification","valueRequired":true,"valueName":"search_term_string"}}],"inLanguage":"en-US"},{"@type":"Person","@id":"https:\/\/www.welovecycling.com\/wide\/#\/schema\/person\/50f01ecd18718d2333cf72e823c4f926","name":"tereza","image":{"@type":"ImageObject","inLanguage":"en-US","@id":"https:\/\/www.welovecycling.com\/wide\/#\/schema\/person\/image\/","url":"https:\/\/secure.gravatar.com\/avatar\/1f9eb71be33845f0afabce3791bc1c58ecdb0a25c62964987e5dbcf7a20d2ec7?s=96&d=mm&r=g","contentUrl":"https:\/\/secure.gravatar.com\/avatar\/1f9eb71be33845f0afabce3791bc1c58ecdb0a25c62964987e5dbcf7a20d2ec7?s=96&d=mm&r=g","caption":"tereza"},"url":"https:\/\/www.welovecycling.com\/wide\/author\/tereza\/"}]}},"_links":{"self":[{"href":"https:\/\/www.welovecycling.com\/wide\/wp-json\/wp\/v2\/posts\/185512","targetHints":{"allow":["GET"]}}],"collection":[{"href":"https:\/\/www.welovecycling.com\/wide\/wp-json\/wp\/v2\/posts"}],"about":[{"href":"https:\/\/www.welovecycling.com\/wide\/wp-json\/wp\/v2\/types\/post"}],"author":[{"embeddable":true,"href":"https:\/\/www.welovecycling.com\/wide\/wp-json\/wp\/v2\/users\/99"}],"replies":[{"embeddable":true,"href":"https:\/\/www.welovecycling.com\/wide\/wp-json\/wp\/v2\/comments?post=185512"}],"version-history":[{"count":2,"href":"https:\/\/www.welovecycling.com\/wide\/wp-json\/wp\/v2\/posts\/185512\/revisions"}],"predecessor-version":[{"id":185521,"href":"https:\/\/www.welovecycling.com\/wide\/wp-json\/wp\/v2\/posts\/185512\/revisions\/185521"}],"wp:featuredmedia":[{"embeddable":true,"href":"https:\/\/www.welovecycling.com\/wide\/wp-json\/wp\/v2\/media\/185517"}],"wp:attachment":[{"href":"https:\/\/www.welovecycling.com\/wide\/wp-json\/wp\/v2\/media?parent=185512"}],"wp:term":[{"taxonomy":"category","embeddable":true,"href":"https:\/\/www.welovecycling.com\/wide\/wp-json\/wp\/v2\/categories?post=185512"},{"taxonomy":"post_tag","embeddable":true,"href":"https:\/\/www.welovecycling.com\/wide\/wp-json\/wp\/v2\/tags?post=185512"},{"taxonomy":"global-categories","embeddable":true,"href":"https:\/\/www.welovecycling.com\/wide\/wp-json\/wp\/v2\/global-categories?post=185512"}],"curies":[{"name":"wp","href":"https:\/\/api.w.org\/{rel}","templated":true}]}}