{"id":185480,"date":"2021-09-03T08:40:19","date_gmt":"2021-09-03T08:40:19","guid":{"rendered":"https:\/\/www.welovecycling.com\/wide\/?p=185480"},"modified":"2021-10-22T08:28:45","modified_gmt":"2021-10-22T08:28:45","slug":"whats-it-like-to-go-on-a-cycling-trip-in-a-fully-electric-enyaq-iv","status":"publish","type":"post","link":"https:\/\/www.welovecycling.com\/wide\/2021\/09\/03\/whats-it-like-to-go-on-a-cycling-trip-in-a-fully-electric-enyaq-iv\/","title":{"rendered":"What\u2019s It Like to Go on a Cycling Trip in a Fully-Electric ENYAQ iV?"},"content":{"rendered":"<p><strong>Do you remember how someone made you close your eyes when you were little and when you opened them again, there was a surprise waiting for you? What would today\u2019s version be? If you were to close your eyes and keep them closed until you were at the best place for road cycling in the world \u2013 where would it be? We can tell you: in the Kaunertal Valley in Tyrol.<\/strong><\/p>\n<p><!--more--><\/p>\n<p>\u201cI knew that two girls were coming to Austria from Czechia and I wanted to surprise them,\u201d says 26-year-old Nora Turner, a cyclist from Vienna. \u201cI\u2019ve put together a list of the best places, both those I\u2019ve been to and those I\u2019ve always wanted to visit, and two stood out: Kaunertaler Strasse and K\u00fchtai. Two destinations in two days were awaiting us. So we could make it everywhere safely and on time, we had the brand-new, fully electric <a href=\"https:\/\/www.skoda-auto.com\/models\/range\/enyaq-iv\">\u0160koda ENYAQ iV<\/a> at our disposal.\u201d<\/p>\n<p><img loading=\"lazy\" decoding=\"async\" class=\"alignnone size-full wp-image-186449\" src=\"https:\/\/d2p6e6u75xmxt8.cloudfront.net\/2\/2021\/09\/1Y7A2302.jpg\" alt=\"\" width=\"2000\" height=\"1334\" \/><\/p>\n<p>Tereza Unzeitigov\u00e1 and Alice Nos\u00e1kov\u00e1 have come to meet Nora in the mountains. Both girls are members of the Girls on Bikes club, which aims to make cycling more accessible to women and show them that bikes aren\u2019t just for men. The club, founded by Czech cyclist Jana Tr\u00e1vn\u00ed\u010dkov\u00e1, has been active mostly in the past year, during which the members have organised collective rides through Czech mountain ranges. But today, Tereza\u2019s and Alice\u2019s destination is the Tyrolean Alps, which takes six hours of driving to reach \u2013 on one battery charge. Their bikes are hoisted on a rack hooked to a towbar behind the car.<\/p>\n<p>The first time they meet Nora is at a chalet. After the initial shy small talk is over, it\u2019s obvious that they are all on the same page and, what\u2019s more, all of them are in a pretty similar shape, which is confirmed on the short introductory ride.<\/p>\n<div id='gallery-1' class='gallery galleryid-185480 gallery-columns-2 gallery-size-large'><figure class='gallery-item'>\n\t\t\t<div class='gallery-icon landscape'>\n\t\t\t\t<a href='https:\/\/d2p6e6u75xmxt8.cloudfront.net\/2\/2021\/08\/Girls-cycling-Tyrol-6.webp'><img loading=\"lazy\" decoding=\"async\" width=\"1000\" height=\"667\" src=\"https:\/\/d2p6e6u75xmxt8.cloudfront.net\/2\/2021\/08\/Girls-cycling-Tyrol-6.webp\" class=\"attachment-large size-large\" alt=\"\" srcset=\"https:\/\/d2p6e6u75xmxt8.cloudfront.net\/2\/2021\/08\/Girls-cycling-Tyrol-6.webp 1000w, https:\/\/d2p6e6u75xmxt8.cloudfront.net\/2\/2021\/08\/Girls-cycling-Tyrol-6-300x200.webp 300w, https:\/\/d2p6e6u75xmxt8.cloudfront.net\/2\/2021\/08\/Girls-cycling-Tyrol-6-768x512.webp 768w, https:\/\/d2p6e6u75xmxt8.cloudfront.net\/2\/2021\/08\/Girls-cycling-Tyrol-6-272x182.webp 272w\" sizes=\"auto, (max-width: 1000px) 100vw, 1000px\" \/><\/a>\n\t\t\t<\/div><\/figure><figure class='gallery-item'>\n\t\t\t<div class='gallery-icon landscape'>\n\t\t\t\t<a href='https:\/\/d2p6e6u75xmxt8.cloudfront.net\/2\/2021\/08\/Girls-cycling-Tyrol-5.webp'><img loading=\"lazy\" decoding=\"async\" width=\"1000\" height=\"667\" src=\"https:\/\/d2p6e6u75xmxt8.cloudfront.net\/2\/2021\/08\/Girls-cycling-Tyrol-5.webp\" class=\"attachment-large size-large\" alt=\"\" srcset=\"https:\/\/d2p6e6u75xmxt8.cloudfront.net\/2\/2021\/08\/Girls-cycling-Tyrol-5.webp 1000w, https:\/\/d2p6e6u75xmxt8.cloudfront.net\/2\/2021\/08\/Girls-cycling-Tyrol-5-300x200.webp 300w, https:\/\/d2p6e6u75xmxt8.cloudfront.net\/2\/2021\/08\/Girls-cycling-Tyrol-5-768x512.webp 768w, https:\/\/d2p6e6u75xmxt8.cloudfront.net\/2\/2021\/08\/Girls-cycling-Tyrol-5-272x182.webp 272w\" sizes=\"auto, (max-width: 1000px) 100vw, 1000px\" \/><\/a>\n\t\t\t<\/div><\/figure>\n\t\t<\/div>\n\n<p>During the chat on a terrace in view of a glacier, they find out that they have more in common than they expected. All of them were introduced to cycling by their exes or current boyfriends. Nora even left her previous job as a marketer for the Volksgarten disco in downtown Vienna so she could have more time to pursue cycling. Alice, Tereza and Nora all also agree that when they go riding in an all-girl group and leave the boys at home, it\u2019s a completely different experience. \u201cWe don\u2019t race as much, we chat and make more stops, wait for each other, and don\u2019t have a problem with treating ourselves to a coffee or a cake,\u201d Alice sums it up for the trio.<\/p>\n<div id='gallery-2' class='gallery galleryid-185480 gallery-columns-2 gallery-size-large'><figure class='gallery-item'>\n\t\t\t<div class='gallery-icon landscape'>\n\t\t\t\t<a href='https:\/\/d2p6e6u75xmxt8.cloudfront.net\/2\/2021\/09\/ENYAQ_iV_2021_ONLINE_Girls-on-Bikes-Go-Tyrolean4-1.webp'><img loading=\"lazy\" decoding=\"async\" width=\"1024\" height=\"683\" src=\"https:\/\/d2p6e6u75xmxt8.cloudfront.net\/2\/2021\/09\/ENYAQ_iV_2021_ONLINE_Girls-on-Bikes-Go-Tyrolean4-1-1024x683.webp\" class=\"attachment-large size-large\" alt=\"\" srcset=\"https:\/\/d2p6e6u75xmxt8.cloudfront.net\/2\/2021\/09\/ENYAQ_iV_2021_ONLINE_Girls-on-Bikes-Go-Tyrolean4-1-1024x683.webp 1024w, https:\/\/d2p6e6u75xmxt8.cloudfront.net\/2\/2021\/09\/ENYAQ_iV_2021_ONLINE_Girls-on-Bikes-Go-Tyrolean4-1-300x200.webp 300w, https:\/\/d2p6e6u75xmxt8.cloudfront.net\/2\/2021\/09\/ENYAQ_iV_2021_ONLINE_Girls-on-Bikes-Go-Tyrolean4-1-768x512.webp 768w, https:\/\/d2p6e6u75xmxt8.cloudfront.net\/2\/2021\/09\/ENYAQ_iV_2021_ONLINE_Girls-on-Bikes-Go-Tyrolean4-1-272x182.webp 272w, https:\/\/d2p6e6u75xmxt8.cloudfront.net\/2\/2021\/09\/ENYAQ_iV_2021_ONLINE_Girls-on-Bikes-Go-Tyrolean4-1.webp 1229w\" sizes=\"auto, (max-width: 1024px) 100vw, 1024px\" \/><\/a>\n\t\t\t<\/div><\/figure><figure class='gallery-item'>\n\t\t\t<div class='gallery-icon landscape'>\n\t\t\t\t<a href='https:\/\/d2p6e6u75xmxt8.cloudfront.net\/2\/2021\/08\/ENYAQ-iV-Review-3.webp'><img loading=\"lazy\" decoding=\"async\" width=\"1000\" height=\"667\" src=\"https:\/\/d2p6e6u75xmxt8.cloudfront.net\/2\/2021\/08\/ENYAQ-iV-Review-3.webp\" class=\"attachment-large size-large\" alt=\"\" srcset=\"https:\/\/d2p6e6u75xmxt8.cloudfront.net\/2\/2021\/08\/ENYAQ-iV-Review-3.webp 1000w, https:\/\/d2p6e6u75xmxt8.cloudfront.net\/2\/2021\/08\/ENYAQ-iV-Review-3-300x200.webp 300w, https:\/\/d2p6e6u75xmxt8.cloudfront.net\/2\/2021\/08\/ENYAQ-iV-Review-3-768x512.webp 768w, https:\/\/d2p6e6u75xmxt8.cloudfront.net\/2\/2021\/08\/ENYAQ-iV-Review-3-272x182.webp 272w\" sizes=\"auto, (max-width: 1000px) 100vw, 1000px\" \/><\/a>\n\t\t\t<\/div><\/figure>\n\t\t<\/div>\n\n<p>Their first destination is the renowned <a href=\"https:\/\/www.kaunertaler-gletscher.at\/en\/\">Kaunertaler Gletscherstrasse,<\/a> where all three will venture together in the cosy cabin of the electric car. \u201cIt\u2019s so silent, I feel so much better when I know I\u2019m not disturbing anyone and releasing emissions here,\u201d says Tereza from behind the wheel. She likes the well-arranged touchscreen, the possibility to choose from various driving modes and also that the car has rear-wheel drive so it\u2019s easy to turn and manoeuvre. When travelling downhill, she can\u2019t help but notice the brake energy recuperation thanks to which a large portion of the battery gets recharged.<\/p>\n<p>\u201cIs there something you would like to tell us about the horsepower, torque, and the charging speed?\u201d inquires Nora. \u201cThere\u2019s not. For me, it\u2019s important that the \u0160koda ENYAQ iV is large, spacious, fits everything, looks good, isn\u2019t noisy, and see? Even though we spent half of the day driving up and down, the battery is still two-thirds full,\u201d smiles Tereza and Nora nods. \u201cIt\u2019s true that with my 180 cm of height, I\u2019m not used to having so much legroom in the rear seat.\u201d<\/p>\n<p><a href=\"https:\/\/d2p6e6u75xmxt8.cloudfront.net\/2\/2021\/08\/Girls-Tyrol-2.jpg\"><img loading=\"lazy\" decoding=\"async\" class=\"alignnone size-full wp-image-185484\" src=\"https:\/\/d2p6e6u75xmxt8.cloudfront.net\/2\/2021\/08\/Girls-Tyrol-2.jpg\" alt=\"Gals in Tyrol\" width=\"1000\" height=\"667\" \/><\/a><\/p>\n<div id='gallery-3' class='gallery galleryid-185480 gallery-columns-2 gallery-size-large'><figure class='gallery-item'>\n\t\t\t<div class='gallery-icon landscape'>\n\t\t\t\t<a href='https:\/\/d2p6e6u75xmxt8.cloudfront.net\/2\/2021\/08\/Girls-cycling-Tyrol-2.webp'><img loading=\"lazy\" decoding=\"async\" width=\"1000\" height=\"667\" src=\"https:\/\/d2p6e6u75xmxt8.cloudfront.net\/2\/2021\/08\/Girls-cycling-Tyrol-2.webp\" class=\"attachment-large size-large\" alt=\"\" srcset=\"https:\/\/d2p6e6u75xmxt8.cloudfront.net\/2\/2021\/08\/Girls-cycling-Tyrol-2.webp 1000w, https:\/\/d2p6e6u75xmxt8.cloudfront.net\/2\/2021\/08\/Girls-cycling-Tyrol-2-300x200.webp 300w, https:\/\/d2p6e6u75xmxt8.cloudfront.net\/2\/2021\/08\/Girls-cycling-Tyrol-2-768x512.webp 768w, https:\/\/d2p6e6u75xmxt8.cloudfront.net\/2\/2021\/08\/Girls-cycling-Tyrol-2-272x182.webp 272w\" sizes=\"auto, (max-width: 1000px) 100vw, 1000px\" \/><\/a>\n\t\t\t<\/div><\/figure><figure class='gallery-item'>\n\t\t\t<div class='gallery-icon landscape'>\n\t\t\t\t<a href='https:\/\/d2p6e6u75xmxt8.cloudfront.net\/2\/2021\/08\/Girls-cycling-Tyrol.webp'><img loading=\"lazy\" decoding=\"async\" width=\"1000\" height=\"667\" src=\"https:\/\/d2p6e6u75xmxt8.cloudfront.net\/2\/2021\/08\/Girls-cycling-Tyrol.webp\" class=\"attachment-large size-large\" alt=\"\" srcset=\"https:\/\/d2p6e6u75xmxt8.cloudfront.net\/2\/2021\/08\/Girls-cycling-Tyrol.webp 1000w, https:\/\/d2p6e6u75xmxt8.cloudfront.net\/2\/2021\/08\/Girls-cycling-Tyrol-300x200.webp 300w, https:\/\/d2p6e6u75xmxt8.cloudfront.net\/2\/2021\/08\/Girls-cycling-Tyrol-768x512.webp 768w, https:\/\/d2p6e6u75xmxt8.cloudfront.net\/2\/2021\/08\/Girls-cycling-Tyrol-272x182.webp 272w\" sizes=\"auto, (max-width: 1000px) 100vw, 1000px\" \/><\/a>\n\t\t\t<\/div><\/figure>\n\t\t<\/div>\n\n<p>In the afternoon, the girls were prepping themselves for a stretch of road that meanders in 27 hairpins from Feichten im Kaunertal at 1,287 metres above sea level all the way up to the Skigebiet Kaunertal Gletscher ski resort perched at 2,750 metres. It gains 1,500 metres of altitude in the course of 26 kilometres. The panoramic road has a quality surface and belongs among the most sought-after in Austria.<\/p>\n<p>\u201cBut because we are talking about a dead-end road finishing up at the glacier, the traffic isn\u2019t so bad as elsewhere,\u201d says Nora. She adds that since 1947, a stage of the traditional <a href=\"https:\/\/www.oesterreich-rundfahrt.at\/\">\u00d6sterreich-Rundfahrt<\/a> road cycling race has been taking place here.<\/p>\n<p>When the cyclists make it to the top, they\u2019re met with a slight drizzle and a temperature drop of 4\u00b0C. \u201cQuickly, let\u2019s go back down to the valley,\u201d Alice encourages the girls as seemingly the boldest rider of the team. The last kilometres to the chalet are, again, made shorter by the car. After the swift descent, the crew is sure to appreciate the heated seats from which they can watch the starry sky via a panoramic roof window. \u201cSomething for romantic souls,\u201d they all nod in agreement later at a barbecue.<\/p>\n<p><img loading=\"lazy\" decoding=\"async\" class=\"alignnone size-full wp-image-186448\" src=\"https:\/\/d2p6e6u75xmxt8.cloudfront.net\/2\/2021\/09\/ENYAQ_iV_2021_ONLINE_Girls-on-Bikes-Go-Tyrolean6-1.jpg\" alt=\"\" width=\"1229\" height=\"820\" \/><\/p>\n<div id='gallery-4' class='gallery galleryid-185480 gallery-columns-2 gallery-size-large'><figure class='gallery-item'>\n\t\t\t<div class='gallery-icon landscape'>\n\t\t\t\t<a href='https:\/\/d2p6e6u75xmxt8.cloudfront.net\/2\/2021\/08\/Girls-cycling-Tyrol-4.webp'><img loading=\"lazy\" decoding=\"async\" width=\"1000\" height=\"667\" src=\"https:\/\/d2p6e6u75xmxt8.cloudfront.net\/2\/2021\/08\/Girls-cycling-Tyrol-4.webp\" class=\"attachment-large size-large\" alt=\"\" srcset=\"https:\/\/d2p6e6u75xmxt8.cloudfront.net\/2\/2021\/08\/Girls-cycling-Tyrol-4.webp 1000w, https:\/\/d2p6e6u75xmxt8.cloudfront.net\/2\/2021\/08\/Girls-cycling-Tyrol-4-300x200.webp 300w, https:\/\/d2p6e6u75xmxt8.cloudfront.net\/2\/2021\/08\/Girls-cycling-Tyrol-4-768x512.webp 768w, https:\/\/d2p6e6u75xmxt8.cloudfront.net\/2\/2021\/08\/Girls-cycling-Tyrol-4-272x182.webp 272w\" sizes=\"auto, (max-width: 1000px) 100vw, 1000px\" \/><\/a>\n\t\t\t<\/div><\/figure><figure class='gallery-item'>\n\t\t\t<div class='gallery-icon landscape'>\n\t\t\t\t<a href='https:\/\/d2p6e6u75xmxt8.cloudfront.net\/2\/2021\/08\/Girls-cycling-Tyrol-3.webp'><img loading=\"lazy\" decoding=\"async\" width=\"1000\" height=\"667\" src=\"https:\/\/d2p6e6u75xmxt8.cloudfront.net\/2\/2021\/08\/Girls-cycling-Tyrol-3.webp\" class=\"attachment-large size-large\" alt=\"\" srcset=\"https:\/\/d2p6e6u75xmxt8.cloudfront.net\/2\/2021\/08\/Girls-cycling-Tyrol-3.webp 1000w, https:\/\/d2p6e6u75xmxt8.cloudfront.net\/2\/2021\/08\/Girls-cycling-Tyrol-3-300x200.webp 300w, https:\/\/d2p6e6u75xmxt8.cloudfront.net\/2\/2021\/08\/Girls-cycling-Tyrol-3-768x512.webp 768w, https:\/\/d2p6e6u75xmxt8.cloudfront.net\/2\/2021\/08\/Girls-cycling-Tyrol-3-272x182.webp 272w\" sizes=\"auto, (max-width: 1000px) 100vw, 1000px\" \/><\/a>\n\t\t\t<\/div><\/figure>\n\t\t<\/div>\n\n<p>K\u00fchtain awaits them the following morning, another spot where Austrian cycling history is being written. It\u2019s right there where the famous <a href=\"https:\/\/www.oetztaler-radmarathon.com\/home.html\">\u00d6tztaler Rad Marathon<\/a> takes place. Located at 2,020 metres above sea level, it\u2019s one of the highest ski resorts in Tyrol. \u201cWe have something to offer anyone who likes ascents and gaining altitude. You can find a lot of climbs here, that\u2019s the one thing we don\u2019t have a problem with in Austria,\u201d laughs Nora who has her own blog, <a href=\"https:\/\/unicorncycling.me\/en\/\">Unicorncycling.me,<\/a> detailing her cycling exploits. She adds that Austria also appeals to those who prefer riding on flats. For example, a great recommendation is a trip alongside the Danube River that can be done starting from the German city of Passau, continuing through Linz, and all the way to Vienna.<\/p>\n<p>\u201cWe have a plethora of cycling lanes. Not as much as the Dutch but really a lot and the drivers are kind and tolerant towards cyclists, I would say more than in the surrounding countries,\u201d says Nora.<\/p>\n<p>What was the best part about the trip to Tyrol? \u201cWe got to meet Nora, see the amazing nature, Austria, the mountains, wonderful roads, and it was fun \u2013 we\u2019ve treated ourselves to a really nice girl\u2019s trip,\u201d conclude Tereza and Alice. \u201cAnd the next time, we\u2019ll come back here without cameras,\u201d they promise Nora before they get in the \u0160koda ENYAQ iV and return home.<\/p>\n","protected":false},"excerpt":{"rendered":"<p>Do you remember how someone made you close your eyes when you were little and when you opened them again, [&hellip;]<\/p>\n","protected":false},"author":99,"featured_media":185488,"comment_status":"open","ping_status":"open","sticky":false,"template":"","format":"standard","meta":{"footnotes":""},"categories":[328],"tags":[5642,4392,5597,5599,4379,5595,5598],"global-categories":[3366,4529],"class_list":["post-185480","post","type-post","status-publish","format-standard","has-post-thumbnail","hentry","category-outdoor-mountain","tag-alice-nosakova","tag-enyaq-iv","tag-kaunertal-valley","tag-kaunertaler-gletscherstrasse","tag-skoda-enyaq-iv","tag-tereza-unzeitigova","tag-tyrol","global-categories-cycling","global-categories-enyaq-iv"],"yoast_head":"<!-- This site is optimized with the Yoast SEO Premium plugin v25.3 (Yoast SEO v25.9) - https:\/\/yoast.com\/wordpress\/plugins\/seo\/ -->\n<title>What\u2019s It Like to Go on a Cycling Trip in a Fully-Electric ENYAQ iV?<\/title>\n<meta name=\"description\" content=\"Do you remember how someone made you close your eyes when you were little and when you opened them again, there was a surprise waiting for you? What would\" \/>\n<meta name=\"robots\" content=\"index, follow, max-snippet:-1, max-image-preview:large, max-video-preview:-1\" \/>\n<link rel=\"canonical\" href=\"https:\/\/www.welovecycling.com\/wide\/2021\/09\/03\/whats-it-like-to-go-on-a-cycling-trip-in-a-fully-electric-enyaq-iv\/\" \/>\n<meta property=\"og:locale\" content=\"en_US\" \/>\n<meta property=\"og:type\" content=\"article\" \/>\n<meta property=\"og:title\" content=\"What\u2019s It Like to Go on a Cycling Trip in a Fully-Electric ENYAQ iV?\" \/>\n<meta property=\"og:description\" content=\"Do you remember how someone made you close your eyes when you were little and when you opened them again, there was a surprise waiting for you? What would\" \/>\n<meta property=\"og:url\" content=\"https:\/\/www.welovecycling.com\/wide\/2021\/09\/03\/whats-it-like-to-go-on-a-cycling-trip-in-a-fully-electric-enyaq-iv\/\" \/>\n<meta property=\"og:site_name\" content=\"\u0160koda We Love Cycling\" \/>\n<meta property=\"article:published_time\" content=\"2021-09-03T08:40:19+00:00\" \/>\n<meta property=\"article:modified_time\" content=\"2021-10-22T08:28:45+00:00\" \/>\n<meta property=\"og:image\" content=\"https:\/\/d2p6e6u75xmxt8.cloudfront.net\/2\/2021\/09\/SA_GoB_1200x628.webp\" \/>\n\t<meta property=\"og:image:width\" content=\"1200\" \/>\n\t<meta property=\"og:image:height\" content=\"628\" \/>\n\t<meta property=\"og:image:type\" content=\"image\/webp\" \/>\n<meta name=\"author\" content=\"tereza\" \/>\n<meta name=\"twitter:card\" content=\"summary_large_image\" \/>\n<meta name=\"twitter:label1\" content=\"Written by\" \/>\n\t<meta name=\"twitter:data1\" content=\"We Love Cycling\" \/>\n\t<meta name=\"twitter:label2\" content=\"Est. reading time\" \/>\n\t<meta name=\"twitter:data2\" content=\"6\" \/>\n<script type=\"application\/ld+json\" class=\"yoast-schema-graph\">{\"@context\":\"https:\/\/schema.org\",\"@graph\":[{\"@type\":\"WebPage\",\"@id\":\"https:\/\/www.welovecycling.com\/wide\/2021\/09\/03\/whats-it-like-to-go-on-a-cycling-trip-in-a-fully-electric-enyaq-iv\/\",\"url\":\"https:\/\/www.welovecycling.com\/wide\/2021\/09\/03\/whats-it-like-to-go-on-a-cycling-trip-in-a-fully-electric-enyaq-iv\/\",\"name\":\"What\u2019s It Like to Go on a Cycling Trip in a Fully-Electric ENYAQ iV?\",\"isPartOf\":{\"@id\":\"https:\/\/www.welovecycling.com\/wide\/#website\"},\"primaryImageOfPage\":{\"@id\":\"https:\/\/www.welovecycling.com\/wide\/2021\/09\/03\/whats-it-like-to-go-on-a-cycling-trip-in-a-fully-electric-enyaq-iv\/#primaryimage\"},\"image\":{\"@id\":\"https:\/\/www.welovecycling.com\/wide\/2021\/09\/03\/whats-it-like-to-go-on-a-cycling-trip-in-a-fully-electric-enyaq-iv\/#primaryimage\"},\"thumbnailUrl\":\"https:\/\/d2p6e6u75xmxt8.cloudfront.net\/2\/2021\/08\/ENYAQ-iV-Review-CVR-1.webp\",\"datePublished\":\"2021-09-03T08:40:19+00:00\",\"dateModified\":\"2021-10-22T08:28:45+00:00\",\"author\":{\"@id\":\"https:\/\/www.welovecycling.com\/wide\/#\/schema\/person\/50f01ecd18718d2333cf72e823c4f926\"},\"description\":\"Do you remember how someone made you close your eyes when you were little and when you opened them again, there was a surprise waiting for you? What would\",\"breadcrumb\":{\"@id\":\"https:\/\/www.welovecycling.com\/wide\/2021\/09\/03\/whats-it-like-to-go-on-a-cycling-trip-in-a-fully-electric-enyaq-iv\/#breadcrumb\"},\"inLanguage\":\"en-US\",\"potentialAction\":[{\"@type\":\"ReadAction\",\"target\":[\"https:\/\/www.welovecycling.com\/wide\/2021\/09\/03\/whats-it-like-to-go-on-a-cycling-trip-in-a-fully-electric-enyaq-iv\/\"]}]},{\"@type\":\"ImageObject\",\"inLanguage\":\"en-US\",\"@id\":\"https:\/\/www.welovecycling.com\/wide\/2021\/09\/03\/whats-it-like-to-go-on-a-cycling-trip-in-a-fully-electric-enyaq-iv\/#primaryimage\",\"url\":\"https:\/\/d2p6e6u75xmxt8.cloudfront.net\/2\/2021\/08\/ENYAQ-iV-Review-CVR-1.webp\",\"contentUrl\":\"https:\/\/d2p6e6u75xmxt8.cloudfront.net\/2\/2021\/08\/ENYAQ-iV-Review-CVR-1.webp\",\"width\":900,\"height\":600,\"caption\":\"\u0160koda ENYAQ iV\"},{\"@type\":\"BreadcrumbList\",\"@id\":\"https:\/\/www.welovecycling.com\/wide\/2021\/09\/03\/whats-it-like-to-go-on-a-cycling-trip-in-a-fully-electric-enyaq-iv\/#breadcrumb\",\"itemListElement\":[{\"@type\":\"ListItem\",\"position\":1,\"name\":\"Home\",\"item\":\"https:\/\/www.welovecycling.com\/wide\/\"},{\"@type\":\"ListItem\",\"position\":2,\"name\":\"What\u2019s It Like to Go on a Cycling Trip in a Fully-Electric ENYAQ iV?\"}]},{\"@type\":\"WebSite\",\"@id\":\"https:\/\/www.welovecycling.com\/wide\/#website\",\"url\":\"https:\/\/www.welovecycling.com\/wide\/\",\"name\":\"\u0160koda We Love Cycling\",\"description\":\"\u0160koda We Love Cycling magazine\",\"alternateName\":\"\u0160koda WLC\",\"potentialAction\":[{\"@type\":\"SearchAction\",\"target\":{\"@type\":\"EntryPoint\",\"urlTemplate\":\"https:\/\/www.welovecycling.com\/wide\/?s={search_term_string}\"},\"query-input\":{\"@type\":\"PropertyValueSpecification\",\"valueRequired\":true,\"valueName\":\"search_term_string\"}}],\"inLanguage\":\"en-US\"},{\"@type\":\"Person\",\"@id\":\"https:\/\/www.welovecycling.com\/wide\/#\/schema\/person\/50f01ecd18718d2333cf72e823c4f926\",\"name\":\"tereza\",\"image\":{\"@type\":\"ImageObject\",\"inLanguage\":\"en-US\",\"@id\":\"https:\/\/www.welovecycling.com\/wide\/#\/schema\/person\/image\/\",\"url\":\"https:\/\/secure.gravatar.com\/avatar\/1f9eb71be33845f0afabce3791bc1c58ecdb0a25c62964987e5dbcf7a20d2ec7?s=96&d=mm&r=g\",\"contentUrl\":\"https:\/\/secure.gravatar.com\/avatar\/1f9eb71be33845f0afabce3791bc1c58ecdb0a25c62964987e5dbcf7a20d2ec7?s=96&d=mm&r=g\",\"caption\":\"tereza\"},\"url\":\"https:\/\/www.welovecycling.com\/wide\/author\/tereza\/\"}]}<\/script>\n<!-- \/ Yoast SEO Premium plugin. -->","yoast_head_json":{"title":"What\u2019s It Like to Go on a Cycling Trip in a Fully-Electric ENYAQ iV?","description":"Do you remember how someone made you close your eyes when you were little and when you opened them again, there was a surprise waiting for you? What would","robots":{"index":"index","follow":"follow","max-snippet":"max-snippet:-1","max-image-preview":"max-image-preview:large","max-video-preview":"max-video-preview:-1"},"canonical":"https:\/\/www.welovecycling.com\/wide\/2021\/09\/03\/whats-it-like-to-go-on-a-cycling-trip-in-a-fully-electric-enyaq-iv\/","og_locale":"en_US","og_type":"article","og_title":"What\u2019s It Like to Go on a Cycling Trip in a Fully-Electric ENYAQ iV?","og_description":"Do you remember how someone made you close your eyes when you were little and when you opened them again, there was a surprise waiting for you? What would","og_url":"https:\/\/www.welovecycling.com\/wide\/2021\/09\/03\/whats-it-like-to-go-on-a-cycling-trip-in-a-fully-electric-enyaq-iv\/","og_site_name":"\u0160koda We Love Cycling","article_published_time":"2021-09-03T08:40:19+00:00","article_modified_time":"2021-10-22T08:28:45+00:00","og_image":[{"width":1200,"height":628,"url":"https:\/\/d2p6e6u75xmxt8.cloudfront.net\/2\/2021\/09\/SA_GoB_1200x628.webp","type":"image\/webp"}],"author":"tereza","twitter_card":"summary_large_image","twitter_misc":{"Written by":"We Love Cycling","Est. reading time":"6"},"schema":{"@context":"https:\/\/schema.org","@graph":[{"@type":"WebPage","@id":"https:\/\/www.welovecycling.com\/wide\/2021\/09\/03\/whats-it-like-to-go-on-a-cycling-trip-in-a-fully-electric-enyaq-iv\/","url":"https:\/\/www.welovecycling.com\/wide\/2021\/09\/03\/whats-it-like-to-go-on-a-cycling-trip-in-a-fully-electric-enyaq-iv\/","name":"What\u2019s It Like to Go on a Cycling Trip in a Fully-Electric ENYAQ iV?","isPartOf":{"@id":"https:\/\/www.welovecycling.com\/wide\/#website"},"primaryImageOfPage":{"@id":"https:\/\/www.welovecycling.com\/wide\/2021\/09\/03\/whats-it-like-to-go-on-a-cycling-trip-in-a-fully-electric-enyaq-iv\/#primaryimage"},"image":{"@id":"https:\/\/www.welovecycling.com\/wide\/2021\/09\/03\/whats-it-like-to-go-on-a-cycling-trip-in-a-fully-electric-enyaq-iv\/#primaryimage"},"thumbnailUrl":"https:\/\/d2p6e6u75xmxt8.cloudfront.net\/2\/2021\/08\/ENYAQ-iV-Review-CVR-1.webp","datePublished":"2021-09-03T08:40:19+00:00","dateModified":"2021-10-22T08:28:45+00:00","author":{"@id":"https:\/\/www.welovecycling.com\/wide\/#\/schema\/person\/50f01ecd18718d2333cf72e823c4f926"},"description":"Do you remember how someone made you close your eyes when you were little and when you opened them again, there was a surprise waiting for you? What would","breadcrumb":{"@id":"https:\/\/www.welovecycling.com\/wide\/2021\/09\/03\/whats-it-like-to-go-on-a-cycling-trip-in-a-fully-electric-enyaq-iv\/#breadcrumb"},"inLanguage":"en-US","potentialAction":[{"@type":"ReadAction","target":["https:\/\/www.welovecycling.com\/wide\/2021\/09\/03\/whats-it-like-to-go-on-a-cycling-trip-in-a-fully-electric-enyaq-iv\/"]}]},{"@type":"ImageObject","inLanguage":"en-US","@id":"https:\/\/www.welovecycling.com\/wide\/2021\/09\/03\/whats-it-like-to-go-on-a-cycling-trip-in-a-fully-electric-enyaq-iv\/#primaryimage","url":"https:\/\/d2p6e6u75xmxt8.cloudfront.net\/2\/2021\/08\/ENYAQ-iV-Review-CVR-1.webp","contentUrl":"https:\/\/d2p6e6u75xmxt8.cloudfront.net\/2\/2021\/08\/ENYAQ-iV-Review-CVR-1.webp","width":900,"height":600,"caption":"\u0160koda ENYAQ iV"},{"@type":"BreadcrumbList","@id":"https:\/\/www.welovecycling.com\/wide\/2021\/09\/03\/whats-it-like-to-go-on-a-cycling-trip-in-a-fully-electric-enyaq-iv\/#breadcrumb","itemListElement":[{"@type":"ListItem","position":1,"name":"Home","item":"https:\/\/www.welovecycling.com\/wide\/"},{"@type":"ListItem","position":2,"name":"What\u2019s It Like to Go on a Cycling Trip in a Fully-Electric ENYAQ iV?"}]},{"@type":"WebSite","@id":"https:\/\/www.welovecycling.com\/wide\/#website","url":"https:\/\/www.welovecycling.com\/wide\/","name":"\u0160koda We Love Cycling","description":"\u0160koda We Love Cycling magazine","alternateName":"\u0160koda WLC","potentialAction":[{"@type":"SearchAction","target":{"@type":"EntryPoint","urlTemplate":"https:\/\/www.welovecycling.com\/wide\/?s={search_term_string}"},"query-input":{"@type":"PropertyValueSpecification","valueRequired":true,"valueName":"search_term_string"}}],"inLanguage":"en-US"},{"@type":"Person","@id":"https:\/\/www.welovecycling.com\/wide\/#\/schema\/person\/50f01ecd18718d2333cf72e823c4f926","name":"tereza","image":{"@type":"ImageObject","inLanguage":"en-US","@id":"https:\/\/www.welovecycling.com\/wide\/#\/schema\/person\/image\/","url":"https:\/\/secure.gravatar.com\/avatar\/1f9eb71be33845f0afabce3791bc1c58ecdb0a25c62964987e5dbcf7a20d2ec7?s=96&d=mm&r=g","contentUrl":"https:\/\/secure.gravatar.com\/avatar\/1f9eb71be33845f0afabce3791bc1c58ecdb0a25c62964987e5dbcf7a20d2ec7?s=96&d=mm&r=g","caption":"tereza"},"url":"https:\/\/www.welovecycling.com\/wide\/author\/tereza\/"}]}},"_links":{"self":[{"href":"https:\/\/www.welovecycling.com\/wide\/wp-json\/wp\/v2\/posts\/185480","targetHints":{"allow":["GET"]}}],"collection":[{"href":"https:\/\/www.welovecycling.com\/wide\/wp-json\/wp\/v2\/posts"}],"about":[{"href":"https:\/\/www.welovecycling.com\/wide\/wp-json\/wp\/v2\/types\/post"}],"author":[{"embeddable":true,"href":"https:\/\/www.welovecycling.com\/wide\/wp-json\/wp\/v2\/users\/99"}],"replies":[{"embeddable":true,"href":"https:\/\/www.welovecycling.com\/wide\/wp-json\/wp\/v2\/comments?post=185480"}],"version-history":[{"count":2,"href":"https:\/\/www.welovecycling.com\/wide\/wp-json\/wp\/v2\/posts\/185480\/revisions"}],"predecessor-version":[{"id":186450,"href":"https:\/\/www.welovecycling.com\/wide\/wp-json\/wp\/v2\/posts\/185480\/revisions\/186450"}],"wp:featuredmedia":[{"embeddable":true,"href":"https:\/\/www.welovecycling.com\/wide\/wp-json\/wp\/v2\/media\/185488"}],"wp:attachment":[{"href":"https:\/\/www.welovecycling.com\/wide\/wp-json\/wp\/v2\/media?parent=185480"}],"wp:term":[{"taxonomy":"category","embeddable":true,"href":"https:\/\/www.welovecycling.com\/wide\/wp-json\/wp\/v2\/categories?post=185480"},{"taxonomy":"post_tag","embeddable":true,"href":"https:\/\/www.welovecycling.com\/wide\/wp-json\/wp\/v2\/tags?post=185480"},{"taxonomy":"global-categories","embeddable":true,"href":"https:\/\/www.welovecycling.com\/wide\/wp-json\/wp\/v2\/global-categories?post=185480"}],"curies":[{"name":"wp","href":"https:\/\/api.w.org\/{rel}","templated":true}]}}