{"id":185242,"date":"2021-08-12T10:01:52","date_gmt":"2021-08-12T10:01:52","guid":{"rendered":"https:\/\/www.welovecycling.com\/wide\/?p=185242"},"modified":"2021-08-12T10:01:52","modified_gmt":"2021-08-12T10:01:52","slug":"safer-inflatable-structures-to-prevent-accidents-at-the-tour-de-france","status":"publish","type":"post","link":"https:\/\/www.welovecycling.com\/wide\/2021\/08\/12\/safer-inflatable-structures-to-prevent-accidents-at-the-tour-de-france\/","title":{"rendered":"Safer Inflatable Structures to Prevent Accidents at the Tour de France"},"content":{"rendered":"<p><strong>In 2016, an inflatable arch caused a crash at the Tour de France when it unexpectedly deflated and collapsed on Adam Yates, throwing him off his bike. Officials blamed a spectator&#8217;s belt buckle for the accident but the real culprit was physics. Let\u2019s take a look at how it happened and what can be done to prevent it.<\/strong><\/p>\n<p><!--more--><\/p>\n<h2><strong>Loss of pressure caused the accident in 2016<\/strong><\/h2>\n<p>The inflatable structures used nowadays are monostable, which means they need a constant input of air pressure in order to maintain their inflated state. When they lose that pressure, the structure returns to its only stable form, which is flat on the ground. And this is exactly what happened in 2016 at the <a href=\"https:\/\/www.letour.fr\/en\/\">Tour de France.<\/a><\/p>\n<p>Adam Yates riding for Orica\u2013BikeExchange was sent flying off his bike and the supporting Mavic motorbike was also in trouble. The accident caused a delay in the race as officials scrambled to clear the debris from the road.<\/p>\n<lite-youtube videoid=O2nyDL4DNWg params=\"enablejsapi=1\" style=\"background-image: url('https:\/\/i.ytimg.com\/vi_webp\/O2nyDL4DNWg\/maxresdefault.webp');\"><\/lite-youtube>\n<h2><strong>Origami-inspired invention<\/strong><\/h2>\n<p>Researchers at the Harvard John A. Paulson School of Engineering and Applied Sciences decided to put an end to this. They have developed bistable <a href=\"https:\/\/www.nature.com\/articles\/s41586-021-03407-4\">inflatable structures inspired by origami<\/a> as a potential replacement for the current monostable ones.<\/p>\n<p>\u201cThis research provides a direct pathway for a new generation of robust, large-scale inflatable systems that lock in place after deployment and don&#8217;t require continuous pressure,&#8221; said Katia Bertoldi, senior author of the paper.<\/p>\n<p>The research team developed a library of triangular building blocks that can pop up or fold flat and be combined in different configurations to build closed, multi-stable shapes.<\/p>\n<p>&#8220;We are relying on the geometry of these building blocks, not the material characteristics, which means we can make these building blocks out of almost any materials, including inexpensive recyclable materials,&#8221; said Benjamin Gorissen, co-first author of the paper.<\/p>\n<h2><strong>Bistable inflatable structure brought to reality<\/strong><\/h2>\n<p>The researchers weren\u2019t just writing their ideas down. They took to the real world and built a 240&#215;120 cm inflatable shelter out of thick plastic sheets.<\/p>\n<lite-youtube videoid=ufPHlPeGpiI params=\"enablejsapi=1\" style=\"background-image: url('https:\/\/i.ytimg.com\/vi_webp\/ufPHlPeGpiI\/maxresdefault.webp');\"><\/lite-youtube>\n<h2><strong>For the Tour, disaster zones, and even space<\/strong><\/h2>\n<p>There are many different use cases that the authors are suggesting. Will we see the bistable structures at the next <a href=\"https:\/\/www.welovecycling.com\/wide\/tour-de-france-2021\/\">Tour de France?<\/a><\/p>\n<p>&#8220;We&#8217;ve unlocked an unprecedented design space of large-scale inflatable structures that can fold flat and maintain their deployed shape without the risk of catastrophic rupture. By using inflatable, reversible actuation to achieve hard-walled structural enclosures, we see important applications, not only here on Earth, but potentially as habitats for lunar or Mars exploration,&#8221; said Chuck Hoberman, co-author of the paper.<\/p>\n<p>&#8220;You can imagine these shelters being deployed as part of the emergency response in disaster zones. They can be stacked flat on a truck and you only need one pressure source to inflate them. Once they are inflated, you can remove the pressure source and move onto the next tent,&#8221; said David Melancon, co-first author of the paper.<\/p>\n","protected":false},"excerpt":{"rendered":"<p>In 2016, an inflatable arch caused a crash at the Tour de France when it unexpectedly deflated and collapsed on [&hellip;]<\/p>\n","protected":false},"author":99,"featured_media":185245,"comment_status":"open","ping_status":"open","sticky":false,"template":"","format":"standard","meta":{"footnotes":""},"categories":[329,335],"tags":[1099,5581,2090,396,433],"global-categories":[3366],"class_list":["post-185242","post","type-post","status-publish","format-standard","has-post-thumbnail","hentry","category-road-cycling","category-safety","tag-adam-yates","tag-inflatable-structures","tag-mavic","tag-safety","tag-tour-de-france","global-categories-cycling"],"yoast_head":"<!-- This site is optimized with the Yoast SEO Premium plugin v25.3 (Yoast SEO v25.9) - https:\/\/yoast.com\/wordpress\/plugins\/seo\/ -->\n<title>Safer Inflatable Structures to Prevent Accidents at the Tour de France<\/title>\n<meta name=\"description\" content=\"In 2016, an inflatable arch caused a crash at the Tour de France when it unexpectedly deflated and collapsed on Adam Yates, throwing him off his bike.\" \/>\n<meta name=\"robots\" content=\"index, follow, max-snippet:-1, max-image-preview:large, max-video-preview:-1\" \/>\n<link rel=\"canonical\" href=\"https:\/\/www.welovecycling.com\/wide\/2021\/08\/12\/safer-inflatable-structures-to-prevent-accidents-at-the-tour-de-france\/\" \/>\n<meta property=\"og:locale\" content=\"en_US\" \/>\n<meta property=\"og:type\" content=\"article\" \/>\n<meta property=\"og:title\" content=\"Safer Inflatable Structures to Prevent Accidents at the Tour de France\" \/>\n<meta property=\"og:description\" content=\"In 2016, an inflatable arch caused a crash at the Tour de France when it unexpectedly deflated and collapsed on Adam Yates, throwing him off his bike.\" \/>\n<meta property=\"og:url\" content=\"https:\/\/www.welovecycling.com\/wide\/2021\/08\/12\/safer-inflatable-structures-to-prevent-accidents-at-the-tour-de-france\/\" \/>\n<meta property=\"og:site_name\" content=\"\u0160koda We Love Cycling\" \/>\n<meta property=\"article:published_time\" content=\"2021-08-12T10:01:52+00:00\" \/>\n<meta property=\"og:image\" content=\"https:\/\/d2p6e6u75xmxt8.cloudfront.net\/2\/2021\/08\/Adam-Yates-inflatable-arch-fall-profimedia-0293609068-CVR.webp\" \/>\n\t<meta property=\"og:image:width\" content=\"900\" \/>\n\t<meta property=\"og:image:height\" content=\"600\" \/>\n\t<meta property=\"og:image:type\" content=\"image\/webp\" \/>\n<meta name=\"author\" content=\"tereza\" \/>\n<meta name=\"twitter:card\" content=\"summary_large_image\" \/>\n<meta name=\"twitter:label1\" content=\"Written by\" \/>\n\t<meta name=\"twitter:data1\" content=\"Ji\u0159\u00ed Kalo\u010d\" \/>\n\t<meta name=\"twitter:label2\" content=\"Est. reading time\" \/>\n\t<meta name=\"twitter:data2\" content=\"5\" \/>\n<script type=\"application\/ld+json\" class=\"yoast-schema-graph\">{\"@context\":\"https:\/\/schema.org\",\"@graph\":[{\"@type\":\"WebPage\",\"@id\":\"https:\/\/www.welovecycling.com\/wide\/2021\/08\/12\/safer-inflatable-structures-to-prevent-accidents-at-the-tour-de-france\/\",\"url\":\"https:\/\/www.welovecycling.com\/wide\/2021\/08\/12\/safer-inflatable-structures-to-prevent-accidents-at-the-tour-de-france\/\",\"name\":\"Safer Inflatable Structures to Prevent Accidents at the Tour de France\",\"isPartOf\":{\"@id\":\"https:\/\/www.welovecycling.com\/wide\/#website\"},\"primaryImageOfPage\":{\"@id\":\"https:\/\/www.welovecycling.com\/wide\/2021\/08\/12\/safer-inflatable-structures-to-prevent-accidents-at-the-tour-de-france\/#primaryimage\"},\"image\":{\"@id\":\"https:\/\/www.welovecycling.com\/wide\/2021\/08\/12\/safer-inflatable-structures-to-prevent-accidents-at-the-tour-de-france\/#primaryimage\"},\"thumbnailUrl\":\"https:\/\/d2p6e6u75xmxt8.cloudfront.net\/2\/2021\/08\/Adam-Yates-inflatable-arch-fall-profimedia-0293609068-CVR.webp\",\"datePublished\":\"2021-08-12T10:01:52+00:00\",\"author\":{\"@id\":\"https:\/\/www.welovecycling.com\/wide\/#\/schema\/person\/50f01ecd18718d2333cf72e823c4f926\"},\"description\":\"In 2016, an inflatable arch caused a crash at the Tour de France when it unexpectedly deflated and collapsed on Adam Yates, throwing him off his bike.\",\"breadcrumb\":{\"@id\":\"https:\/\/www.welovecycling.com\/wide\/2021\/08\/12\/safer-inflatable-structures-to-prevent-accidents-at-the-tour-de-france\/#breadcrumb\"},\"inLanguage\":\"en-US\",\"potentialAction\":[{\"@type\":\"ReadAction\",\"target\":[\"https:\/\/www.welovecycling.com\/wide\/2021\/08\/12\/safer-inflatable-structures-to-prevent-accidents-at-the-tour-de-france\/\"]}]},{\"@type\":\"ImageObject\",\"inLanguage\":\"en-US\",\"@id\":\"https:\/\/www.welovecycling.com\/wide\/2021\/08\/12\/safer-inflatable-structures-to-prevent-accidents-at-the-tour-de-france\/#primaryimage\",\"url\":\"https:\/\/d2p6e6u75xmxt8.cloudfront.net\/2\/2021\/08\/Adam-Yates-inflatable-arch-fall-profimedia-0293609068-CVR.webp\",\"contentUrl\":\"https:\/\/d2p6e6u75xmxt8.cloudfront.net\/2\/2021\/08\/Adam-Yates-inflatable-arch-fall-profimedia-0293609068-CVR.webp\",\"width\":900,\"height\":600,\"caption\":\"Adam Yates\"},{\"@type\":\"BreadcrumbList\",\"@id\":\"https:\/\/www.welovecycling.com\/wide\/2021\/08\/12\/safer-inflatable-structures-to-prevent-accidents-at-the-tour-de-france\/#breadcrumb\",\"itemListElement\":[{\"@type\":\"ListItem\",\"position\":1,\"name\":\"Home\",\"item\":\"https:\/\/www.welovecycling.com\/wide\/\"},{\"@type\":\"ListItem\",\"position\":2,\"name\":\"Safer Inflatable Structures to Prevent Accidents at the Tour de France\"}]},{\"@type\":\"WebSite\",\"@id\":\"https:\/\/www.welovecycling.com\/wide\/#website\",\"url\":\"https:\/\/www.welovecycling.com\/wide\/\",\"name\":\"\u0160koda We Love Cycling\",\"description\":\"\u0160koda We Love Cycling magazine\",\"alternateName\":\"\u0160koda WLC\",\"potentialAction\":[{\"@type\":\"SearchAction\",\"target\":{\"@type\":\"EntryPoint\",\"urlTemplate\":\"https:\/\/www.welovecycling.com\/wide\/?s={search_term_string}\"},\"query-input\":{\"@type\":\"PropertyValueSpecification\",\"valueRequired\":true,\"valueName\":\"search_term_string\"}}],\"inLanguage\":\"en-US\"},{\"@type\":\"Person\",\"@id\":\"https:\/\/www.welovecycling.com\/wide\/#\/schema\/person\/50f01ecd18718d2333cf72e823c4f926\",\"name\":\"tereza\",\"image\":{\"@type\":\"ImageObject\",\"inLanguage\":\"en-US\",\"@id\":\"https:\/\/www.welovecycling.com\/wide\/#\/schema\/person\/image\/\",\"url\":\"https:\/\/secure.gravatar.com\/avatar\/1f9eb71be33845f0afabce3791bc1c58ecdb0a25c62964987e5dbcf7a20d2ec7?s=96&d=mm&r=g\",\"contentUrl\":\"https:\/\/secure.gravatar.com\/avatar\/1f9eb71be33845f0afabce3791bc1c58ecdb0a25c62964987e5dbcf7a20d2ec7?s=96&d=mm&r=g\",\"caption\":\"tereza\"},\"url\":\"https:\/\/www.welovecycling.com\/wide\/author\/tereza\/\"}]}<\/script>\n<!-- \/ Yoast SEO Premium plugin. -->","yoast_head_json":{"title":"Safer Inflatable Structures to Prevent Accidents at the Tour de France","description":"In 2016, an inflatable arch caused a crash at the Tour de France when it unexpectedly deflated and collapsed on Adam Yates, throwing him off his bike.","robots":{"index":"index","follow":"follow","max-snippet":"max-snippet:-1","max-image-preview":"max-image-preview:large","max-video-preview":"max-video-preview:-1"},"canonical":"https:\/\/www.welovecycling.com\/wide\/2021\/08\/12\/safer-inflatable-structures-to-prevent-accidents-at-the-tour-de-france\/","og_locale":"en_US","og_type":"article","og_title":"Safer Inflatable Structures to Prevent Accidents at the Tour de France","og_description":"In 2016, an inflatable arch caused a crash at the Tour de France when it unexpectedly deflated and collapsed on Adam Yates, throwing him off his bike.","og_url":"https:\/\/www.welovecycling.com\/wide\/2021\/08\/12\/safer-inflatable-structures-to-prevent-accidents-at-the-tour-de-france\/","og_site_name":"\u0160koda We Love Cycling","article_published_time":"2021-08-12T10:01:52+00:00","og_image":[{"width":900,"height":600,"url":"https:\/\/d2p6e6u75xmxt8.cloudfront.net\/2\/2021\/08\/Adam-Yates-inflatable-arch-fall-profimedia-0293609068-CVR.webp","type":"image\/webp"}],"author":"tereza","twitter_card":"summary_large_image","twitter_misc":{"Written by":"Ji\u0159\u00ed Kalo\u010d","Est. reading time":"5"},"schema":{"@context":"https:\/\/schema.org","@graph":[{"@type":"WebPage","@id":"https:\/\/www.welovecycling.com\/wide\/2021\/08\/12\/safer-inflatable-structures-to-prevent-accidents-at-the-tour-de-france\/","url":"https:\/\/www.welovecycling.com\/wide\/2021\/08\/12\/safer-inflatable-structures-to-prevent-accidents-at-the-tour-de-france\/","name":"Safer Inflatable Structures to Prevent Accidents at the Tour de France","isPartOf":{"@id":"https:\/\/www.welovecycling.com\/wide\/#website"},"primaryImageOfPage":{"@id":"https:\/\/www.welovecycling.com\/wide\/2021\/08\/12\/safer-inflatable-structures-to-prevent-accidents-at-the-tour-de-france\/#primaryimage"},"image":{"@id":"https:\/\/www.welovecycling.com\/wide\/2021\/08\/12\/safer-inflatable-structures-to-prevent-accidents-at-the-tour-de-france\/#primaryimage"},"thumbnailUrl":"https:\/\/d2p6e6u75xmxt8.cloudfront.net\/2\/2021\/08\/Adam-Yates-inflatable-arch-fall-profimedia-0293609068-CVR.webp","datePublished":"2021-08-12T10:01:52+00:00","author":{"@id":"https:\/\/www.welovecycling.com\/wide\/#\/schema\/person\/50f01ecd18718d2333cf72e823c4f926"},"description":"In 2016, an inflatable arch caused a crash at the Tour de France when it unexpectedly deflated and collapsed on Adam Yates, throwing him off his bike.","breadcrumb":{"@id":"https:\/\/www.welovecycling.com\/wide\/2021\/08\/12\/safer-inflatable-structures-to-prevent-accidents-at-the-tour-de-france\/#breadcrumb"},"inLanguage":"en-US","potentialAction":[{"@type":"ReadAction","target":["https:\/\/www.welovecycling.com\/wide\/2021\/08\/12\/safer-inflatable-structures-to-prevent-accidents-at-the-tour-de-france\/"]}]},{"@type":"ImageObject","inLanguage":"en-US","@id":"https:\/\/www.welovecycling.com\/wide\/2021\/08\/12\/safer-inflatable-structures-to-prevent-accidents-at-the-tour-de-france\/#primaryimage","url":"https:\/\/d2p6e6u75xmxt8.cloudfront.net\/2\/2021\/08\/Adam-Yates-inflatable-arch-fall-profimedia-0293609068-CVR.webp","contentUrl":"https:\/\/d2p6e6u75xmxt8.cloudfront.net\/2\/2021\/08\/Adam-Yates-inflatable-arch-fall-profimedia-0293609068-CVR.webp","width":900,"height":600,"caption":"Adam Yates"},{"@type":"BreadcrumbList","@id":"https:\/\/www.welovecycling.com\/wide\/2021\/08\/12\/safer-inflatable-structures-to-prevent-accidents-at-the-tour-de-france\/#breadcrumb","itemListElement":[{"@type":"ListItem","position":1,"name":"Home","item":"https:\/\/www.welovecycling.com\/wide\/"},{"@type":"ListItem","position":2,"name":"Safer Inflatable Structures to Prevent Accidents at the Tour de France"}]},{"@type":"WebSite","@id":"https:\/\/www.welovecycling.com\/wide\/#website","url":"https:\/\/www.welovecycling.com\/wide\/","name":"\u0160koda We Love Cycling","description":"\u0160koda We Love Cycling magazine","alternateName":"\u0160koda WLC","potentialAction":[{"@type":"SearchAction","target":{"@type":"EntryPoint","urlTemplate":"https:\/\/www.welovecycling.com\/wide\/?s={search_term_string}"},"query-input":{"@type":"PropertyValueSpecification","valueRequired":true,"valueName":"search_term_string"}}],"inLanguage":"en-US"},{"@type":"Person","@id":"https:\/\/www.welovecycling.com\/wide\/#\/schema\/person\/50f01ecd18718d2333cf72e823c4f926","name":"tereza","image":{"@type":"ImageObject","inLanguage":"en-US","@id":"https:\/\/www.welovecycling.com\/wide\/#\/schema\/person\/image\/","url":"https:\/\/secure.gravatar.com\/avatar\/1f9eb71be33845f0afabce3791bc1c58ecdb0a25c62964987e5dbcf7a20d2ec7?s=96&d=mm&r=g","contentUrl":"https:\/\/secure.gravatar.com\/avatar\/1f9eb71be33845f0afabce3791bc1c58ecdb0a25c62964987e5dbcf7a20d2ec7?s=96&d=mm&r=g","caption":"tereza"},"url":"https:\/\/www.welovecycling.com\/wide\/author\/tereza\/"}]}},"_links":{"self":[{"href":"https:\/\/www.welovecycling.com\/wide\/wp-json\/wp\/v2\/posts\/185242","targetHints":{"allow":["GET"]}}],"collection":[{"href":"https:\/\/www.welovecycling.com\/wide\/wp-json\/wp\/v2\/posts"}],"about":[{"href":"https:\/\/www.welovecycling.com\/wide\/wp-json\/wp\/v2\/types\/post"}],"author":[{"embeddable":true,"href":"https:\/\/www.welovecycling.com\/wide\/wp-json\/wp\/v2\/users\/99"}],"replies":[{"embeddable":true,"href":"https:\/\/www.welovecycling.com\/wide\/wp-json\/wp\/v2\/comments?post=185242"}],"version-history":[{"count":2,"href":"https:\/\/www.welovecycling.com\/wide\/wp-json\/wp\/v2\/posts\/185242\/revisions"}],"predecessor-version":[{"id":185252,"href":"https:\/\/www.welovecycling.com\/wide\/wp-json\/wp\/v2\/posts\/185242\/revisions\/185252"}],"wp:featuredmedia":[{"embeddable":true,"href":"https:\/\/www.welovecycling.com\/wide\/wp-json\/wp\/v2\/media\/185245"}],"wp:attachment":[{"href":"https:\/\/www.welovecycling.com\/wide\/wp-json\/wp\/v2\/media?parent=185242"}],"wp:term":[{"taxonomy":"category","embeddable":true,"href":"https:\/\/www.welovecycling.com\/wide\/wp-json\/wp\/v2\/categories?post=185242"},{"taxonomy":"post_tag","embeddable":true,"href":"https:\/\/www.welovecycling.com\/wide\/wp-json\/wp\/v2\/tags?post=185242"},{"taxonomy":"global-categories","embeddable":true,"href":"https:\/\/www.welovecycling.com\/wide\/wp-json\/wp\/v2\/global-categories?post=185242"}],"curies":[{"name":"wp","href":"https:\/\/api.w.org\/{rel}","templated":true}]}}