{"id":184582,"date":"2021-07-19T11:56:36","date_gmt":"2021-07-19T11:56:36","guid":{"rendered":"https:\/\/www.welovecycling.com\/wide\/?p=184582"},"modified":"2021-07-19T11:56:36","modified_gmt":"2021-07-19T11:56:36","slug":"mark-cavendish-wins-the-skoda-green-jersey-and-other-cool-news-from-the-world-of-cycling","status":"publish","type":"post","link":"https:\/\/www.welovecycling.com\/wide\/2021\/07\/19\/mark-cavendish-wins-the-skoda-green-jersey-and-other-cool-news-from-the-world-of-cycling\/","title":{"rendered":"Mark Cavendish Wins the \u0160koda Green Jersey and Other Cool News from the World of Cycling"},"content":{"rendered":"<p><strong>Another Monday is here, and so is our news from the world of cycling. So, what did you miss?<\/strong><\/p>\n<p><!--more--><\/p>\n<h2><strong>Cavendish\u2019s amazing comeback<\/strong><\/h2>\n<p>It looked like a perfect set-up. Mark Cavendish won 4 stages this year and equalled the <a href=\"https:\/\/www.welovecycling.com\/wide\/2021\/06\/30\/the-fall-of-eddy-merckx-the-greatest-tour-de-france-champion\/\">Eddy Merckx\u2019s record<\/a> of 35 stage victories. And with the Deceuninck &#8211; Quick-Step dominance, everyone expected him to break the record on the grandest stage of them all, the Champs-\u00c9lys\u00e9es.<\/p>\n<div class=\"embed-controller-wrapper\">\n<blockquote class=\"twitter-tweet\" data-width=\"500\" data-dnt=\"true\">\n<p lang=\"fr\" dir=\"ltr\">\ud83c\udfc6\ud83c\udde7\ud83c\uddea <a href=\"https:\/\/twitter.com\/WoutvanAert?ref_src=twsrc%5Etfw\">@WoutvanAert<\/a> triomphe sur les Champs-Elys\u00e9es et prive \ud83d\udc9a<a href=\"https:\/\/twitter.com\/MarkCavendish?ref_src=twsrc%5Etfw\">@MarkCavendish<\/a> du record absolu ! <\/p>\n<p>\ud83d\udc9b <a href=\"https:\/\/twitter.com\/TamauPogi?ref_src=twsrc%5Etfw\">@TamauPogi<\/a> s&#39;adjuge quant \u00e0 lui son deuxi\u00e8me Tour de France.<\/p>\n<p>\u23e9 Voici le r\u00e9sum\u00e9 de cette derni\u00e8re \u00e9tape du <a href=\"https:\/\/twitter.com\/hashtag\/TDF2021?src=hash&amp;ref_src=twsrc%5Etfw\">#TDF2021<\/a> ! <a href=\"https:\/\/t.co\/89Nd6IKlhy\">pic.twitter.com\/89Nd6IKlhy<\/a><\/p>\n<p>&mdash; Tour de France\u2122 (@LeTour) <a href=\"https:\/\/twitter.com\/LeTour\/status\/1416849252391784460?ref_src=twsrc%5Etfw\">July 18, 2021<\/a><\/p><\/blockquote>\n<p><script async data-src=\"https:\/\/platform.twitter.com\/widgets.js\" charset=\"utf-8\"><\/script><\/div>\n<p>However, it was not meant to be and it was Wout van Aert who claimed the last stage win. And with it an impressive hat-trick straight out of a by-gone era. Winning a bunch sprint, a mountain stage and a time trial. A truly impressive feat.<\/p>\n<p>Back to Mark Cavendish. He might have finished third on the Champs-\u00c9lys\u00e9es but that still sealed his <a href=\"https:\/\/www.welovecycling.com\/wide\/2021\/07\/05\/the-story-of-the-tour-de-france-jerseys-how-the-skoda-green-jersey-came-to-be\/\">\u0160koda Green Jersey<\/a> victory. Winning the points competition is a mighty achievement on its own and Cavendish only won it for the second time in his whole career.<\/p>\n<p>Do you expect him to be back next year to take that 35<sup>th<\/sup> win? Can\u2019t think of anything that could stop him.<\/p>\n<div class=\"embed-controller-wrapper\">\n<blockquote class=\"twitter-tweet\" data-width=\"500\" data-dnt=\"true\">\n<p lang=\"fr\" dir=\"ltr\">Le Tour de France s&#39;ach\u00e8ve.<br \/>F\u00e9licitations \u00e0 <a href=\"https:\/\/twitter.com\/TamauPogi?ref_src=twsrc%5Etfw\">@TamauPogi<\/a> qui remporte le maillot jaune et deux autres distinctions, \u00e0 <a href=\"https:\/\/twitter.com\/MarkCavendish?ref_src=twsrc%5Etfw\">@MarkCavendish<\/a> pour son maillot vert et \u00e0 celles et ceux qui ont rendu cet \u00e9v\u00e8nement possible.<br \/>La France rayonne dans le monde avec <a href=\"https:\/\/twitter.com\/LeTour?ref_src=twsrc%5Etfw\">@LeTour<\/a>.<a href=\"https:\/\/t.co\/cWCqCiBUT9\">pic.twitter.com\/cWCqCiBUT9<\/a><\/p>\n<p>&mdash; Emmanuel Macron (@EmmanuelMacron) <a href=\"https:\/\/twitter.com\/EmmanuelMacron\/status\/1416847376392900609?ref_src=twsrc%5Etfw\">July 18, 2021<\/a><\/p><\/blockquote>\n<p><script async data-src=\"https:\/\/platform.twitter.com\/widgets.js\" charset=\"utf-8\"><\/script><\/div>\n<h2><strong>How did you like the Tour\u2019s leading car?<\/strong><\/h2>\n<p>https:\/\/www.instagram.com\/p\/CRTJ70Qo29D\/<\/p>\n<h2><strong>The most laid-back rider of the Tour<\/strong><\/h2>\n<div class=\"embed-controller-wrapper\">\n<blockquote class=\"twitter-tweet\" data-width=\"500\" data-dnt=\"true\">\n<p lang=\"en\" dir=\"ltr\">That was the <a href=\"https:\/\/twitter.com\/hashtag\/TDF2021?src=hash&amp;ref_src=twsrc%5Etfw\">#TDF2021<\/a> Personally wasn\u2019t what I was hoping for but that\u2019s life. Great to be a part of Ecuadorian history, congratulations <a href=\"https:\/\/twitter.com\/RichardCarapazM?ref_src=twsrc%5Etfw\">@RichardCarapazM<\/a> <a href=\"https:\/\/t.co\/e9LE3pj6Yo\">pic.twitter.com\/e9LE3pj6Yo<\/a><\/p>\n<p>&mdash; Geraint Thomas (@GeraintThomas86) <a href=\"https:\/\/twitter.com\/GeraintThomas86\/status\/1416844958208827393?ref_src=twsrc%5Etfw\">July 18, 2021<\/a><\/p><\/blockquote>\n<p><script async data-src=\"https:\/\/platform.twitter.com\/widgets.js\" charset=\"utf-8\"><\/script><\/div>\n<h2><strong>Not only your mum, Chris<\/strong><\/h2>\n<div class=\"embed-controller-wrapper\">\n<blockquote class=\"twitter-tweet\" data-width=\"500\" data-dnt=\"true\">\n<p lang=\"en\" dir=\"ltr\">Might not be a yellow jersey, but my Mum would be proud \ud83e\udd72 <br \/>Thank you <a href=\"https:\/\/twitter.com\/LeTour?ref_src=twsrc%5Etfw\">@LeTour<\/a>  \ud83d\udc9b <a href=\"https:\/\/twitter.com\/hashtag\/TDF2021?src=hash&amp;ref_src=twsrc%5Etfw\">#TDF2021<\/a> <a href=\"https:\/\/t.co\/PSdrDNtEMT\">https:\/\/t.co\/PSdrDNtEMT<\/a><\/p>\n<p>&mdash; Chris Froome (@chrisfroome) <a href=\"https:\/\/twitter.com\/chrisfroome\/status\/1416829560826601484?ref_src=twsrc%5Etfw\">July 18, 2021<\/a><\/p><\/blockquote>\n<p><script async data-src=\"https:\/\/platform.twitter.com\/widgets.js\" charset=\"utf-8\"><\/script><\/div>\n","protected":false},"excerpt":{"rendered":"<p>Another Monday is here, and so is our news from the world of cycling. So, what did you miss?<\/p>\n","protected":false},"author":99,"featured_media":184588,"comment_status":"open","ping_status":"open","sticky":false,"template":"","format":"standard","meta":{"footnotes":""},"categories":[329],"tags":[4619,954,461,3453,433,5425],"global-categories":[3366],"class_list":["post-184582","post","type-post","status-publish","format-standard","has-post-thumbnail","hentry","category-road-cycling","tag-cycling-news","tag-eddy-merckx","tag-mark-cavendish","tag-skoda-green-jersey","tag-tour-de-france","tag-tour-de-france-2021","global-categories-cycling"],"yoast_head":"<!-- This site is optimized with the Yoast SEO Premium plugin v25.3 (Yoast SEO v25.9) - https:\/\/yoast.com\/wordpress\/plugins\/seo\/ -->\n<title>Mark Cavendish Wins the \u0160koda Green Jersey<\/title>\n<meta name=\"description\" content=\"Another Monday is here, and so is our news from the world of cycling. So, what did you miss? Cavendish\u2019s amazing comeback It looked like a perfect set-up.\" \/>\n<meta name=\"robots\" content=\"index, follow, max-snippet:-1, max-image-preview:large, max-video-preview:-1\" \/>\n<link rel=\"canonical\" href=\"https:\/\/www.welovecycling.com\/wide\/2021\/07\/19\/mark-cavendish-wins-the-skoda-green-jersey-and-other-cool-news-from-the-world-of-cycling\/\" \/>\n<meta property=\"og:locale\" content=\"en_US\" \/>\n<meta property=\"og:type\" content=\"article\" \/>\n<meta property=\"og:title\" content=\"Mark Cavendish Wins the \u0160koda Green Jersey and Other Cool News from the World of Cycling\" \/>\n<meta property=\"og:description\" content=\"Another Monday is here, and so is our news from the world of cycling. So, what did you miss? Cavendish\u2019s amazing comeback It looked like a perfect set-up.\" \/>\n<meta property=\"og:url\" content=\"https:\/\/www.welovecycling.com\/wide\/2021\/07\/19\/mark-cavendish-wins-the-skoda-green-jersey-and-other-cool-news-from-the-world-of-cycling\/\" \/>\n<meta property=\"og:site_name\" content=\"\u0160koda We Love Cycling\" \/>\n<meta property=\"article:published_time\" content=\"2021-07-19T11:56:36+00:00\" \/>\n<meta property=\"og:image\" content=\"https:\/\/d2p6e6u75xmxt8.cloudfront.net\/2\/2021\/07\/Mark-Cavendish-profimedia-0622119971-CVR.webp\" \/>\n\t<meta property=\"og:image:width\" content=\"900\" \/>\n\t<meta property=\"og:image:height\" content=\"600\" \/>\n\t<meta property=\"og:image:type\" content=\"image\/webp\" \/>\n<meta name=\"author\" content=\"tereza\" \/>\n<meta name=\"twitter:card\" content=\"summary_large_image\" \/>\n<meta name=\"twitter:label1\" content=\"Written by\" \/>\n\t<meta name=\"twitter:data1\" content=\"Monica Buck\" \/>\n\t<meta name=\"twitter:label2\" content=\"Est. reading time\" \/>\n\t<meta name=\"twitter:data2\" content=\"5\" \/>\n<script type=\"application\/ld+json\" class=\"yoast-schema-graph\">{\"@context\":\"https:\/\/schema.org\",\"@graph\":[{\"@type\":\"WebPage\",\"@id\":\"https:\/\/www.welovecycling.com\/wide\/2021\/07\/19\/mark-cavendish-wins-the-skoda-green-jersey-and-other-cool-news-from-the-world-of-cycling\/\",\"url\":\"https:\/\/www.welovecycling.com\/wide\/2021\/07\/19\/mark-cavendish-wins-the-skoda-green-jersey-and-other-cool-news-from-the-world-of-cycling\/\",\"name\":\"Mark Cavendish Wins the \u0160koda Green Jersey\",\"isPartOf\":{\"@id\":\"https:\/\/www.welovecycling.com\/wide\/#website\"},\"primaryImageOfPage\":{\"@id\":\"https:\/\/www.welovecycling.com\/wide\/2021\/07\/19\/mark-cavendish-wins-the-skoda-green-jersey-and-other-cool-news-from-the-world-of-cycling\/#primaryimage\"},\"image\":{\"@id\":\"https:\/\/www.welovecycling.com\/wide\/2021\/07\/19\/mark-cavendish-wins-the-skoda-green-jersey-and-other-cool-news-from-the-world-of-cycling\/#primaryimage\"},\"thumbnailUrl\":\"https:\/\/d2p6e6u75xmxt8.cloudfront.net\/2\/2021\/07\/Mark-Cavendish-profimedia-0622119971-CVR.webp\",\"datePublished\":\"2021-07-19T11:56:36+00:00\",\"author\":{\"@id\":\"https:\/\/www.welovecycling.com\/wide\/#\/schema\/person\/50f01ecd18718d2333cf72e823c4f926\"},\"description\":\"Another Monday is here, and so is our news from the world of cycling. So, what did you miss? Cavendish\u2019s amazing comeback It looked like a perfect set-up.\",\"breadcrumb\":{\"@id\":\"https:\/\/www.welovecycling.com\/wide\/2021\/07\/19\/mark-cavendish-wins-the-skoda-green-jersey-and-other-cool-news-from-the-world-of-cycling\/#breadcrumb\"},\"inLanguage\":\"en-US\",\"potentialAction\":[{\"@type\":\"ReadAction\",\"target\":[\"https:\/\/www.welovecycling.com\/wide\/2021\/07\/19\/mark-cavendish-wins-the-skoda-green-jersey-and-other-cool-news-from-the-world-of-cycling\/\"]}]},{\"@type\":\"ImageObject\",\"inLanguage\":\"en-US\",\"@id\":\"https:\/\/www.welovecycling.com\/wide\/2021\/07\/19\/mark-cavendish-wins-the-skoda-green-jersey-and-other-cool-news-from-the-world-of-cycling\/#primaryimage\",\"url\":\"https:\/\/d2p6e6u75xmxt8.cloudfront.net\/2\/2021\/07\/Mark-Cavendish-profimedia-0622119971-CVR.webp\",\"contentUrl\":\"https:\/\/d2p6e6u75xmxt8.cloudfront.net\/2\/2021\/07\/Mark-Cavendish-profimedia-0622119971-CVR.webp\",\"width\":900,\"height\":600,\"caption\":\"Mark Cavendish\"},{\"@type\":\"BreadcrumbList\",\"@id\":\"https:\/\/www.welovecycling.com\/wide\/2021\/07\/19\/mark-cavendish-wins-the-skoda-green-jersey-and-other-cool-news-from-the-world-of-cycling\/#breadcrumb\",\"itemListElement\":[{\"@type\":\"ListItem\",\"position\":1,\"name\":\"Home\",\"item\":\"https:\/\/www.welovecycling.com\/wide\/\"},{\"@type\":\"ListItem\",\"position\":2,\"name\":\"Mark Cavendish Wins the \u0160koda Green Jersey and Other Cool News from the World of Cycling\"}]},{\"@type\":\"WebSite\",\"@id\":\"https:\/\/www.welovecycling.com\/wide\/#website\",\"url\":\"https:\/\/www.welovecycling.com\/wide\/\",\"name\":\"\u0160koda We Love Cycling\",\"description\":\"\u0160koda We Love Cycling magazine\",\"alternateName\":\"\u0160koda WLC\",\"potentialAction\":[{\"@type\":\"SearchAction\",\"target\":{\"@type\":\"EntryPoint\",\"urlTemplate\":\"https:\/\/www.welovecycling.com\/wide\/?s={search_term_string}\"},\"query-input\":{\"@type\":\"PropertyValueSpecification\",\"valueRequired\":true,\"valueName\":\"search_term_string\"}}],\"inLanguage\":\"en-US\"},{\"@type\":\"Person\",\"@id\":\"https:\/\/www.welovecycling.com\/wide\/#\/schema\/person\/50f01ecd18718d2333cf72e823c4f926\",\"name\":\"tereza\",\"image\":{\"@type\":\"ImageObject\",\"inLanguage\":\"en-US\",\"@id\":\"https:\/\/www.welovecycling.com\/wide\/#\/schema\/person\/image\/\",\"url\":\"https:\/\/secure.gravatar.com\/avatar\/1f9eb71be33845f0afabce3791bc1c58ecdb0a25c62964987e5dbcf7a20d2ec7?s=96&d=mm&r=g\",\"contentUrl\":\"https:\/\/secure.gravatar.com\/avatar\/1f9eb71be33845f0afabce3791bc1c58ecdb0a25c62964987e5dbcf7a20d2ec7?s=96&d=mm&r=g\",\"caption\":\"tereza\"},\"url\":\"https:\/\/www.welovecycling.com\/wide\/author\/tereza\/\"}]}<\/script>\n<!-- \/ Yoast SEO Premium plugin. -->","yoast_head_json":{"title":"Mark Cavendish Wins the \u0160koda Green Jersey","description":"Another Monday is here, and so is our news from the world of cycling. So, what did you miss? Cavendish\u2019s amazing comeback It looked like a perfect set-up.","robots":{"index":"index","follow":"follow","max-snippet":"max-snippet:-1","max-image-preview":"max-image-preview:large","max-video-preview":"max-video-preview:-1"},"canonical":"https:\/\/www.welovecycling.com\/wide\/2021\/07\/19\/mark-cavendish-wins-the-skoda-green-jersey-and-other-cool-news-from-the-world-of-cycling\/","og_locale":"en_US","og_type":"article","og_title":"Mark Cavendish Wins the \u0160koda Green Jersey and Other Cool News from the World of Cycling","og_description":"Another Monday is here, and so is our news from the world of cycling. So, what did you miss? Cavendish\u2019s amazing comeback It looked like a perfect set-up.","og_url":"https:\/\/www.welovecycling.com\/wide\/2021\/07\/19\/mark-cavendish-wins-the-skoda-green-jersey-and-other-cool-news-from-the-world-of-cycling\/","og_site_name":"\u0160koda We Love Cycling","article_published_time":"2021-07-19T11:56:36+00:00","og_image":[{"width":900,"height":600,"url":"https:\/\/d2p6e6u75xmxt8.cloudfront.net\/2\/2021\/07\/Mark-Cavendish-profimedia-0622119971-CVR.webp","type":"image\/webp"}],"author":"tereza","twitter_card":"summary_large_image","twitter_misc":{"Written by":"Monica Buck","Est. reading time":"5"},"schema":{"@context":"https:\/\/schema.org","@graph":[{"@type":"WebPage","@id":"https:\/\/www.welovecycling.com\/wide\/2021\/07\/19\/mark-cavendish-wins-the-skoda-green-jersey-and-other-cool-news-from-the-world-of-cycling\/","url":"https:\/\/www.welovecycling.com\/wide\/2021\/07\/19\/mark-cavendish-wins-the-skoda-green-jersey-and-other-cool-news-from-the-world-of-cycling\/","name":"Mark Cavendish Wins the \u0160koda Green Jersey","isPartOf":{"@id":"https:\/\/www.welovecycling.com\/wide\/#website"},"primaryImageOfPage":{"@id":"https:\/\/www.welovecycling.com\/wide\/2021\/07\/19\/mark-cavendish-wins-the-skoda-green-jersey-and-other-cool-news-from-the-world-of-cycling\/#primaryimage"},"image":{"@id":"https:\/\/www.welovecycling.com\/wide\/2021\/07\/19\/mark-cavendish-wins-the-skoda-green-jersey-and-other-cool-news-from-the-world-of-cycling\/#primaryimage"},"thumbnailUrl":"https:\/\/d2p6e6u75xmxt8.cloudfront.net\/2\/2021\/07\/Mark-Cavendish-profimedia-0622119971-CVR.webp","datePublished":"2021-07-19T11:56:36+00:00","author":{"@id":"https:\/\/www.welovecycling.com\/wide\/#\/schema\/person\/50f01ecd18718d2333cf72e823c4f926"},"description":"Another Monday is here, and so is our news from the world of cycling. So, what did you miss? Cavendish\u2019s amazing comeback It looked like a perfect set-up.","breadcrumb":{"@id":"https:\/\/www.welovecycling.com\/wide\/2021\/07\/19\/mark-cavendish-wins-the-skoda-green-jersey-and-other-cool-news-from-the-world-of-cycling\/#breadcrumb"},"inLanguage":"en-US","potentialAction":[{"@type":"ReadAction","target":["https:\/\/www.welovecycling.com\/wide\/2021\/07\/19\/mark-cavendish-wins-the-skoda-green-jersey-and-other-cool-news-from-the-world-of-cycling\/"]}]},{"@type":"ImageObject","inLanguage":"en-US","@id":"https:\/\/www.welovecycling.com\/wide\/2021\/07\/19\/mark-cavendish-wins-the-skoda-green-jersey-and-other-cool-news-from-the-world-of-cycling\/#primaryimage","url":"https:\/\/d2p6e6u75xmxt8.cloudfront.net\/2\/2021\/07\/Mark-Cavendish-profimedia-0622119971-CVR.webp","contentUrl":"https:\/\/d2p6e6u75xmxt8.cloudfront.net\/2\/2021\/07\/Mark-Cavendish-profimedia-0622119971-CVR.webp","width":900,"height":600,"caption":"Mark Cavendish"},{"@type":"BreadcrumbList","@id":"https:\/\/www.welovecycling.com\/wide\/2021\/07\/19\/mark-cavendish-wins-the-skoda-green-jersey-and-other-cool-news-from-the-world-of-cycling\/#breadcrumb","itemListElement":[{"@type":"ListItem","position":1,"name":"Home","item":"https:\/\/www.welovecycling.com\/wide\/"},{"@type":"ListItem","position":2,"name":"Mark Cavendish Wins the \u0160koda Green Jersey and Other Cool News from the World of Cycling"}]},{"@type":"WebSite","@id":"https:\/\/www.welovecycling.com\/wide\/#website","url":"https:\/\/www.welovecycling.com\/wide\/","name":"\u0160koda We Love Cycling","description":"\u0160koda We Love Cycling magazine","alternateName":"\u0160koda WLC","potentialAction":[{"@type":"SearchAction","target":{"@type":"EntryPoint","urlTemplate":"https:\/\/www.welovecycling.com\/wide\/?s={search_term_string}"},"query-input":{"@type":"PropertyValueSpecification","valueRequired":true,"valueName":"search_term_string"}}],"inLanguage":"en-US"},{"@type":"Person","@id":"https:\/\/www.welovecycling.com\/wide\/#\/schema\/person\/50f01ecd18718d2333cf72e823c4f926","name":"tereza","image":{"@type":"ImageObject","inLanguage":"en-US","@id":"https:\/\/www.welovecycling.com\/wide\/#\/schema\/person\/image\/","url":"https:\/\/secure.gravatar.com\/avatar\/1f9eb71be33845f0afabce3791bc1c58ecdb0a25c62964987e5dbcf7a20d2ec7?s=96&d=mm&r=g","contentUrl":"https:\/\/secure.gravatar.com\/avatar\/1f9eb71be33845f0afabce3791bc1c58ecdb0a25c62964987e5dbcf7a20d2ec7?s=96&d=mm&r=g","caption":"tereza"},"url":"https:\/\/www.welovecycling.com\/wide\/author\/tereza\/"}]}},"_links":{"self":[{"href":"https:\/\/www.welovecycling.com\/wide\/wp-json\/wp\/v2\/posts\/184582","targetHints":{"allow":["GET"]}}],"collection":[{"href":"https:\/\/www.welovecycling.com\/wide\/wp-json\/wp\/v2\/posts"}],"about":[{"href":"https:\/\/www.welovecycling.com\/wide\/wp-json\/wp\/v2\/types\/post"}],"author":[{"embeddable":true,"href":"https:\/\/www.welovecycling.com\/wide\/wp-json\/wp\/v2\/users\/99"}],"replies":[{"embeddable":true,"href":"https:\/\/www.welovecycling.com\/wide\/wp-json\/wp\/v2\/comments?post=184582"}],"version-history":[{"count":2,"href":"https:\/\/www.welovecycling.com\/wide\/wp-json\/wp\/v2\/posts\/184582\/revisions"}],"predecessor-version":[{"id":184592,"href":"https:\/\/www.welovecycling.com\/wide\/wp-json\/wp\/v2\/posts\/184582\/revisions\/184592"}],"wp:featuredmedia":[{"embeddable":true,"href":"https:\/\/www.welovecycling.com\/wide\/wp-json\/wp\/v2\/media\/184588"}],"wp:attachment":[{"href":"https:\/\/www.welovecycling.com\/wide\/wp-json\/wp\/v2\/media?parent=184582"}],"wp:term":[{"taxonomy":"category","embeddable":true,"href":"https:\/\/www.welovecycling.com\/wide\/wp-json\/wp\/v2\/categories?post=184582"},{"taxonomy":"post_tag","embeddable":true,"href":"https:\/\/www.welovecycling.com\/wide\/wp-json\/wp\/v2\/tags?post=184582"},{"taxonomy":"global-categories","embeddable":true,"href":"https:\/\/www.welovecycling.com\/wide\/wp-json\/wp\/v2\/global-categories?post=184582"}],"curies":[{"name":"wp","href":"https:\/\/api.w.org\/{rel}","templated":true}]}}