{"id":184575,"date":"2021-07-18T17:24:14","date_gmt":"2021-07-18T17:24:14","guid":{"rendered":"https:\/\/www.welovecycling.com\/wide\/?p=184575"},"modified":"2021-07-18T17:28:40","modified_gmt":"2021-07-18T17:28:40","slug":"tadej-pogacar-wins-the-2021-tour-de-france","status":"publish","type":"post","link":"https:\/\/www.welovecycling.com\/wide\/2021\/07\/18\/tadej-pogacar-wins-the-2021-tour-de-france\/","title":{"rendered":"Tadej Poga\u010dar Wins the 2021 Tour de France"},"content":{"rendered":"<p><strong>After a dominant performance throughout the whole race, the 22-year-old secured the general classification, young rider, and mountains classifications again. Last year he became the only rider to win these simultaneously. He is now the only rider to do it twice in a row. One cannot help but ask. Will he make it the third time around as well? Are we seeing the next Eddy Merckx? What do you think?<\/strong><br \/>\n<!--more--><\/p>\n<p>The last stage was calm as it should be until the riders reached the last round on Champs-\u00c9lys\u00e9es. Many teams tried to break the expected bunch finish but were unable to do so. Everyone expected Cavendish to win, but Wout van Aert once more showed his unbelievable capabilities and won his third stage this year.<\/p>\n<figure id=\"attachment_184577\" aria-describedby=\"caption-attachment-184577\" style=\"width: 1250px\" class=\"wp-caption alignnone\"><img loading=\"lazy\" decoding=\"async\" class=\"size-full wp-image-184577\" src=\"https:\/\/d2p6e6u75xmxt8.cloudfront.net\/2\/2021\/07\/profimedia-0622102670.jpg\" alt=\"Tour de France\" width=\"1250\" height=\"833\" \/><figcaption id=\"caption-attachment-184577\" class=\"wp-caption-text\">Danish Jonas Vinegaard of Team Jumbo-Visma, Slovenian Tadej Pogacar of UAE Team Emirates, British Mark Cavendish of Deceuninck &#8211; Quick-Step and Dutch Wout Poels of Bahrain Victorious pictured at the start of the 21 and last stage of the 108th edition of the Tour de France (Sunday 18 July 2021). \u00a9 Profimedia<\/figcaption><\/figure>\n<p>Winning the battle for the \u0160koda Green Jersey was definitely a pleasant consolation prize for Mark Cavendish. It was an unlikely comeback to the Tour for him. He only appeared on the start line due to Sam Bennett\u2019s health issues. However, the Manxman\u2019s performance left everyone in awe. More than deserved victory. The \u0160koda Green Jersey is in good hands.<\/p>\n<h2><strong>General classification<\/strong><\/h2>\n<p>1. Tadej Poga\u010dar (UAE Team Emirates) \u2013 82:56:36<br \/>\n2. Jonas Vingegaard (Jumbo-Visma) + 5:20<br \/>\n3. Richard Carapaz (Ineos Grenadiers) + 7:03<br \/>\n4. Ben O&#8217;Connor (Ag2r Citro\u00ebn Team) + 10:02<br \/>\n5. Wilco Kelderman (Bora-Hansgrohe) + 10:13<br \/>\n6. Enric Mas (Movistar Team) + 11:43<br \/>\n7. Alexey Lusenko (Astana-Premier Tech) + 12:23<br \/>\n8. Guillaume Martin (Cofidis) + 15:33<br \/>\n9. Pello Bilbao (Bahrain Victorious) + 16:04<br \/>\n10. Rigoberto Ur\u00e1n (EF Education-Nippo) + 18:34<\/p>\n<h2><strong>Points classification<\/strong><\/h2>\n<p>1. Mark Cavendish (Deceuninck \u2013 Quick-Step) \u2013 337 points<br \/>\n2. Micheal Matthews (Team Bikeexchange) &#8211; 291 pts<br \/>\n3. Sonny Colbrelli (Bahrain Victorious) &#8211; 227 pts<br \/>\n4. Jasper Philipsen (Alpecin &#8211; Fenix) \u2013 216 pts<br \/>\n5. Wout van Aert (Jumbo-Visma) \u2013 171 pts<br \/>\n6. Matej Mohoric (Bahrain Victorious) \u2013 163 pts<br \/>\n7. Julian Alaphilippe (Deceuninck \u2013 Quick-Step) \u2013 163 pts<br \/>\n8. Tadej Poga\u010dar (UAE Team Emirates) \u2013 154 pts<br \/>\n9. Michael Morkov (Deceuninck \u2013 Quick-Step) \u2013 124 pts<br \/>\n10. Jonas Vingegaard (Jumbo-Visma) \u2013 103 pts<\/p>\n","protected":false},"excerpt":{"rendered":"<p>After a dominant performance throughout the whole race, the 22-year-old secured the general classification, young rider, and mountains classifications again. [&hellip;]<\/p>\n","protected":false},"author":12,"featured_media":184576,"comment_status":"open","ping_status":"open","sticky":false,"template":"","format":"standard","meta":{"footnotes":""},"categories":[329],"tags":[5423,461,3453,3415,433],"global-categories":[3366],"class_list":["post-184575","post","type-post","status-publish","format-standard","has-post-thumbnail","hentry","category-road-cycling","tag-2021-tour-de-france","tag-mark-cavendish","tag-skoda-green-jersey","tag-tadej-pogacar","tag-tour-de-france","global-categories-cycling"],"yoast_head":"<!-- This site is optimized with the Yoast SEO Premium plugin v25.3 (Yoast SEO v25.9) - https:\/\/yoast.com\/wordpress\/plugins\/seo\/ -->\n<title>Tadej Poga\u010dar Wins the 2021 Tour de France - \u0160koda We Love Cycling<\/title>\n<meta name=\"description\" content=\"After a dominant performance throughout the whole race, the 22-year-old secured the general classification, young rider, and mountains classifications\" \/>\n<meta name=\"robots\" content=\"index, follow, max-snippet:-1, max-image-preview:large, max-video-preview:-1\" \/>\n<link rel=\"canonical\" href=\"https:\/\/www.welovecycling.com\/wide\/2021\/07\/18\/tadej-pogacar-wins-the-2021-tour-de-france\/\" \/>\n<meta property=\"og:locale\" content=\"en_US\" \/>\n<meta property=\"og:type\" content=\"article\" \/>\n<meta property=\"og:title\" content=\"Tadej Poga\u010dar Wins the 2021 Tour de France\" \/>\n<meta property=\"og:description\" content=\"After a dominant performance throughout the whole race, the 22-year-old secured the general classification, young rider, and mountains classifications\" \/>\n<meta property=\"og:url\" content=\"https:\/\/www.welovecycling.com\/wide\/2021\/07\/18\/tadej-pogacar-wins-the-2021-tour-de-france\/\" \/>\n<meta property=\"og:site_name\" content=\"\u0160koda We Love Cycling\" \/>\n<meta property=\"article:published_time\" content=\"2021-07-18T17:24:14+00:00\" \/>\n<meta property=\"article:modified_time\" content=\"2021-07-18T17:28:40+00:00\" \/>\n<meta property=\"og:image\" content=\"https:\/\/d2p6e6u75xmxt8.cloudfront.net\/2\/2021\/07\/Tadej-Pogacar-CVR-profimedia-0622112341.webp\" \/>\n\t<meta property=\"og:image:width\" content=\"900\" \/>\n\t<meta property=\"og:image:height\" content=\"600\" \/>\n\t<meta property=\"og:image:type\" content=\"image\/webp\" \/>\n<meta name=\"twitter:card\" content=\"summary_large_image\" \/>\n<meta name=\"twitter:label1\" content=\"Written by\" \/>\n\t<meta name=\"twitter:data1\" content=\"WeLoveCycling\" \/>\n\t<meta name=\"twitter:label2\" content=\"Est. reading time\" \/>\n\t<meta name=\"twitter:data2\" content=\"3\" \/>\n<script type=\"application\/ld+json\" class=\"yoast-schema-graph\">{\"@context\":\"https:\/\/schema.org\",\"@graph\":[{\"@type\":\"WebPage\",\"@id\":\"https:\/\/www.welovecycling.com\/wide\/2021\/07\/18\/tadej-pogacar-wins-the-2021-tour-de-france\/\",\"url\":\"https:\/\/www.welovecycling.com\/wide\/2021\/07\/18\/tadej-pogacar-wins-the-2021-tour-de-france\/\",\"name\":\"Tadej Poga\u010dar Wins the 2021 Tour de France - \u0160koda We Love Cycling\",\"isPartOf\":{\"@id\":\"https:\/\/www.welovecycling.com\/wide\/#website\"},\"primaryImageOfPage\":{\"@id\":\"https:\/\/www.welovecycling.com\/wide\/2021\/07\/18\/tadej-pogacar-wins-the-2021-tour-de-france\/#primaryimage\"},\"image\":{\"@id\":\"https:\/\/www.welovecycling.com\/wide\/2021\/07\/18\/tadej-pogacar-wins-the-2021-tour-de-france\/#primaryimage\"},\"thumbnailUrl\":\"https:\/\/d2p6e6u75xmxt8.cloudfront.net\/2\/2021\/07\/Tadej-Pogacar-CVR-profimedia-0622112341.webp\",\"datePublished\":\"2021-07-18T17:24:14+00:00\",\"dateModified\":\"2021-07-18T17:28:40+00:00\",\"author\":{\"@id\":\"\"},\"description\":\"After a dominant performance throughout the whole race, the 22-year-old secured the general classification, young rider, and mountains classifications\",\"breadcrumb\":{\"@id\":\"https:\/\/www.welovecycling.com\/wide\/2021\/07\/18\/tadej-pogacar-wins-the-2021-tour-de-france\/#breadcrumb\"},\"inLanguage\":\"en-US\",\"potentialAction\":[{\"@type\":\"ReadAction\",\"target\":[\"https:\/\/www.welovecycling.com\/wide\/2021\/07\/18\/tadej-pogacar-wins-the-2021-tour-de-france\/\"]}]},{\"@type\":\"ImageObject\",\"inLanguage\":\"en-US\",\"@id\":\"https:\/\/www.welovecycling.com\/wide\/2021\/07\/18\/tadej-pogacar-wins-the-2021-tour-de-france\/#primaryimage\",\"url\":\"https:\/\/d2p6e6u75xmxt8.cloudfront.net\/2\/2021\/07\/Tadej-Pogacar-CVR-profimedia-0622112341.webp\",\"contentUrl\":\"https:\/\/d2p6e6u75xmxt8.cloudfront.net\/2\/2021\/07\/Tadej-Pogacar-CVR-profimedia-0622112341.webp\",\"width\":900,\"height\":600,\"caption\":\"Tadej Poga\u010dar\"},{\"@type\":\"BreadcrumbList\",\"@id\":\"https:\/\/www.welovecycling.com\/wide\/2021\/07\/18\/tadej-pogacar-wins-the-2021-tour-de-france\/#breadcrumb\",\"itemListElement\":[{\"@type\":\"ListItem\",\"position\":1,\"name\":\"Home\",\"item\":\"https:\/\/www.welovecycling.com\/wide\/\"},{\"@type\":\"ListItem\",\"position\":2,\"name\":\"Tadej Poga\u010dar Wins the 2021 Tour de France\"}]},{\"@type\":\"WebSite\",\"@id\":\"https:\/\/www.welovecycling.com\/wide\/#website\",\"url\":\"https:\/\/www.welovecycling.com\/wide\/\",\"name\":\"\u0160koda We Love Cycling\",\"description\":\"\u0160koda We Love Cycling magazine\",\"alternateName\":\"\u0160koda WLC\",\"potentialAction\":[{\"@type\":\"SearchAction\",\"target\":{\"@type\":\"EntryPoint\",\"urlTemplate\":\"https:\/\/www.welovecycling.com\/wide\/?s={search_term_string}\"},\"query-input\":{\"@type\":\"PropertyValueSpecification\",\"valueRequired\":true,\"valueName\":\"search_term_string\"}}],\"inLanguage\":\"en-US\"},{\"@type\":\"Person\",\"@id\":\"\",\"url\":\"https:\/\/www.welovecycling.com\/wide\/author\/\"}]}<\/script>\n<!-- \/ Yoast SEO Premium plugin. -->","yoast_head_json":{"title":"Tadej Poga\u010dar Wins the 2021 Tour de France - \u0160koda We Love Cycling","description":"After a dominant performance throughout the whole race, the 22-year-old secured the general classification, young rider, and mountains classifications","robots":{"index":"index","follow":"follow","max-snippet":"max-snippet:-1","max-image-preview":"max-image-preview:large","max-video-preview":"max-video-preview:-1"},"canonical":"https:\/\/www.welovecycling.com\/wide\/2021\/07\/18\/tadej-pogacar-wins-the-2021-tour-de-france\/","og_locale":"en_US","og_type":"article","og_title":"Tadej Poga\u010dar Wins the 2021 Tour de France","og_description":"After a dominant performance throughout the whole race, the 22-year-old secured the general classification, young rider, and mountains classifications","og_url":"https:\/\/www.welovecycling.com\/wide\/2021\/07\/18\/tadej-pogacar-wins-the-2021-tour-de-france\/","og_site_name":"\u0160koda We Love Cycling","article_published_time":"2021-07-18T17:24:14+00:00","article_modified_time":"2021-07-18T17:28:40+00:00","og_image":[{"width":900,"height":600,"url":"https:\/\/d2p6e6u75xmxt8.cloudfront.net\/2\/2021\/07\/Tadej-Pogacar-CVR-profimedia-0622112341.webp","type":"image\/webp"}],"twitter_card":"summary_large_image","twitter_misc":{"Written by":"WeLoveCycling","Est. reading time":"3"},"schema":{"@context":"https:\/\/schema.org","@graph":[{"@type":"WebPage","@id":"https:\/\/www.welovecycling.com\/wide\/2021\/07\/18\/tadej-pogacar-wins-the-2021-tour-de-france\/","url":"https:\/\/www.welovecycling.com\/wide\/2021\/07\/18\/tadej-pogacar-wins-the-2021-tour-de-france\/","name":"Tadej Poga\u010dar Wins the 2021 Tour de France - \u0160koda We Love Cycling","isPartOf":{"@id":"https:\/\/www.welovecycling.com\/wide\/#website"},"primaryImageOfPage":{"@id":"https:\/\/www.welovecycling.com\/wide\/2021\/07\/18\/tadej-pogacar-wins-the-2021-tour-de-france\/#primaryimage"},"image":{"@id":"https:\/\/www.welovecycling.com\/wide\/2021\/07\/18\/tadej-pogacar-wins-the-2021-tour-de-france\/#primaryimage"},"thumbnailUrl":"https:\/\/d2p6e6u75xmxt8.cloudfront.net\/2\/2021\/07\/Tadej-Pogacar-CVR-profimedia-0622112341.webp","datePublished":"2021-07-18T17:24:14+00:00","dateModified":"2021-07-18T17:28:40+00:00","author":{"@id":""},"description":"After a dominant performance throughout the whole race, the 22-year-old secured the general classification, young rider, and mountains classifications","breadcrumb":{"@id":"https:\/\/www.welovecycling.com\/wide\/2021\/07\/18\/tadej-pogacar-wins-the-2021-tour-de-france\/#breadcrumb"},"inLanguage":"en-US","potentialAction":[{"@type":"ReadAction","target":["https:\/\/www.welovecycling.com\/wide\/2021\/07\/18\/tadej-pogacar-wins-the-2021-tour-de-france\/"]}]},{"@type":"ImageObject","inLanguage":"en-US","@id":"https:\/\/www.welovecycling.com\/wide\/2021\/07\/18\/tadej-pogacar-wins-the-2021-tour-de-france\/#primaryimage","url":"https:\/\/d2p6e6u75xmxt8.cloudfront.net\/2\/2021\/07\/Tadej-Pogacar-CVR-profimedia-0622112341.webp","contentUrl":"https:\/\/d2p6e6u75xmxt8.cloudfront.net\/2\/2021\/07\/Tadej-Pogacar-CVR-profimedia-0622112341.webp","width":900,"height":600,"caption":"Tadej Poga\u010dar"},{"@type":"BreadcrumbList","@id":"https:\/\/www.welovecycling.com\/wide\/2021\/07\/18\/tadej-pogacar-wins-the-2021-tour-de-france\/#breadcrumb","itemListElement":[{"@type":"ListItem","position":1,"name":"Home","item":"https:\/\/www.welovecycling.com\/wide\/"},{"@type":"ListItem","position":2,"name":"Tadej Poga\u010dar Wins the 2021 Tour de France"}]},{"@type":"WebSite","@id":"https:\/\/www.welovecycling.com\/wide\/#website","url":"https:\/\/www.welovecycling.com\/wide\/","name":"\u0160koda We Love Cycling","description":"\u0160koda We Love Cycling magazine","alternateName":"\u0160koda WLC","potentialAction":[{"@type":"SearchAction","target":{"@type":"EntryPoint","urlTemplate":"https:\/\/www.welovecycling.com\/wide\/?s={search_term_string}"},"query-input":{"@type":"PropertyValueSpecification","valueRequired":true,"valueName":"search_term_string"}}],"inLanguage":"en-US"},{"@type":"Person","@id":"","url":"https:\/\/www.welovecycling.com\/wide\/author\/"}]}},"_links":{"self":[{"href":"https:\/\/www.welovecycling.com\/wide\/wp-json\/wp\/v2\/posts\/184575","targetHints":{"allow":["GET"]}}],"collection":[{"href":"https:\/\/www.welovecycling.com\/wide\/wp-json\/wp\/v2\/posts"}],"about":[{"href":"https:\/\/www.welovecycling.com\/wide\/wp-json\/wp\/v2\/types\/post"}],"author":[{"embeddable":true,"href":"https:\/\/www.welovecycling.com\/wide\/wp-json\/wp\/v2\/users\/12"}],"replies":[{"embeddable":true,"href":"https:\/\/www.welovecycling.com\/wide\/wp-json\/wp\/v2\/comments?post=184575"}],"version-history":[{"count":2,"href":"https:\/\/www.welovecycling.com\/wide\/wp-json\/wp\/v2\/posts\/184575\/revisions"}],"predecessor-version":[{"id":184581,"href":"https:\/\/www.welovecycling.com\/wide\/wp-json\/wp\/v2\/posts\/184575\/revisions\/184581"}],"wp:featuredmedia":[{"embeddable":true,"href":"https:\/\/www.welovecycling.com\/wide\/wp-json\/wp\/v2\/media\/184576"}],"wp:attachment":[{"href":"https:\/\/www.welovecycling.com\/wide\/wp-json\/wp\/v2\/media?parent=184575"}],"wp:term":[{"taxonomy":"category","embeddable":true,"href":"https:\/\/www.welovecycling.com\/wide\/wp-json\/wp\/v2\/categories?post=184575"},{"taxonomy":"post_tag","embeddable":true,"href":"https:\/\/www.welovecycling.com\/wide\/wp-json\/wp\/v2\/tags?post=184575"},{"taxonomy":"global-categories","embeddable":true,"href":"https:\/\/www.welovecycling.com\/wide\/wp-json\/wp\/v2\/global-categories?post=184575"}],"curies":[{"name":"wp","href":"https:\/\/api.w.org\/{rel}","templated":true}]}}