{"id":184562,"date":"2021-07-16T07:27:32","date_gmt":"2021-07-16T07:27:32","guid":{"rendered":"https:\/\/www.welovecycling.com\/wide\/?p=184562"},"modified":"2021-07-16T07:27:32","modified_gmt":"2021-07-16T07:27:32","slug":"a-womens-tour-de-france-is-coming-next-year-what-does-this-mean-to-the-cycling-community","status":"publish","type":"post","link":"https:\/\/www.welovecycling.com\/wide\/2021\/07\/16\/a-womens-tour-de-france-is-coming-next-year-what-does-this-mean-to-the-cycling-community\/","title":{"rendered":"A Women&#8217;s Tour de France Is Coming Next Year! What Does This Mean to the Cycling Community?"},"content":{"rendered":"<p><strong>The push for a true Tour de France equivalent for women\u2019s cycling has been happening for a long time\u2014and We Love Cycling has always been an outspoken supporter!\u00a0So naturally, we were excited when we first heard rumours last year about bringing the women\u2019s Tour de France back to the schedule. And earlier this spring\u2014it was confirmed! From 2022, the women will, at long last, be riding the Tour de France in all of its glory.<\/strong><\/p>\n<p><!--more--><\/p>\n<p>So as we celebrate the epic nature of <a href=\"https:\/\/www.welovecycling.com\/wide\/tour-de-france-2021\/\">this year\u2019s Tour de France,<\/a> we look with anticipation towards getting double the action next season! Of course, the riders are thrilled, and everyone in the industry should be excited about getting twice the coverage for the iconic event of their sport\u2014but what does this news mean for the average cycling enthusiast? While we\u2019re all caught up in Grande Boucle mania, we thought we\u2019d share some reactions from the community about what it will mean to have a women\u2019s Tour de France.<\/p>\n<div class=\"embed-controller-wrapper\">\n<blockquote class=\"twitter-tweet\" data-width=\"500\" data-dnt=\"true\">\n<p lang=\"en\" dir=\"ltr\">\ud83d\udce2  WOMEN&#39;S TOUR DE FRANCE! \ud83d\udce2<\/p>\n<p>The ASO is launching a new women&#39;s race, the &quot;Tour de France Femmes avec Zwift,&quot; in 2022, with 8 stages and live TV broadcast.<\/p>\n<p>\ud83d\udd17 Find out more here: <a href=\"https:\/\/t.co\/tuH9js6xvu\">https:\/\/t.co\/tuH9js6xvu<\/a><a href=\"https:\/\/twitter.com\/hashtag\/tdf?src=hash&amp;ref_src=twsrc%5Etfw\">#tdf<\/a> <a href=\"https:\/\/twitter.com\/GoZwift?ref_src=twsrc%5Etfw\">@gozwift<\/a> <a href=\"https:\/\/twitter.com\/LeTour?ref_src=twsrc%5Etfw\">@letour<\/a> <a href=\"https:\/\/t.co\/l87D0obYKF\">pic.twitter.com\/l87D0obYKF<\/a><\/p>\n<p>&mdash; Voxwomen (@Voxwomen) <a href=\"https:\/\/twitter.com\/Voxwomen\/status\/1405541241627021314?ref_src=twsrc%5Etfw\">June 17, 2021<\/a><\/p><\/blockquote>\n<p><script async data-src=\"https:\/\/platform.twitter.com\/widgets.js\" charset=\"utf-8\"><\/script><\/div>\n<p>&nbsp;<\/p>\n<p><strong><em>\u201cWomen can now take part in the flagship Tour de France cycling event, which will inspire a new generation of girls to take up the sport.\u201d<\/em><\/strong><\/p>\n<p>Nicola Miller is a self-described \u201corienteer-turned duathlete.\u201d\u00a0She won the 2018 European duathlete Championships\u2014so her bike is a pretty integral part of her day-to-day. Like many others, she also turned to Zwift during the pandemic, and as a single working mum with three children and two dogs, she credits cycling with keeping her sane. In addition to her own athletic accomplishments, though, Nicola is also the number one fan and supporter of her daughter\u2019s cycling pursuits. Recently picked up to ride for Avid and very involved in Zwift Premier League, Nicola\u2019s daughter Tammy was a natural on the bike from day one.\u00a0As she supports her daughter\u2019s budding career in cycling, Nicola is grateful to see the prominence of women\u2019s cycling increasing. Reflecting on the meaning of a women\u2019s Tour de France, she said:<\/p>\n<p>\u201cA women\u2019s Tour de France is a game-changer for women\u2019s cycling, another win for equality. Well done to the team at <a href=\"https:\/\/www.welovecycling.com\/wide\/2021\/05\/07\/your-detailed-guide-to-zwiftpower\/\">Zwift<\/a> for their sponsorship; their e-racing platform has done a huge amount for <a href=\"https:\/\/www.welovecycling.com\/wide\/2020\/09\/25\/starting-your-own-zwift-team-the-inside-scoop\/\">women\u2019s e-racing<\/a> during the pandemic.\u00a0Women worldwide have been able to race at the highest level online, balancing caring and other responsibilities with an amazing racing program. Thanks to them, women can now participate in the flagship Tour de France cycling event, which will inspire a new generation of girls to take up the sport.\u201d<\/p>\n<p><strong><em>\u201cI hope it will motivate women to take their cycling to the next level and know they will have their cycling skills taken seriously.\u201d<\/em><\/strong><\/p>\n<p>Marnie Reeves joined her local cycling club during lockdown last year and immediately rediscovered the love of cycling she had as a child.\u00a0Working for an ambulance service, the cycling club gave her something to focus on aside from the stress and chaos of work, and she\u2019s achieved a lot since joining\u2014including her first 100-mile ride this summer. She credits fellow club members for her progress and sees the value of getting more eyes on professional women\u2019s sports.<\/p>\n<figure id=\"attachment_184564\" aria-describedby=\"caption-attachment-184564\" style=\"width: 1000px\" class=\"wp-caption alignnone\"><a href=\"https:\/\/d2p6e6u75xmxt8.cloudfront.net\/2\/2021\/07\/Grande-Boucle-Feminine-Internationale-profimedia-0069152757.jpg\"><img loading=\"lazy\" decoding=\"async\" class=\"wp-image-184564 size-full\" src=\"https:\/\/d2p6e6u75xmxt8.cloudfront.net\/2\/2021\/07\/Grande-Boucle-Feminine-Internationale-profimedia-0069152757.jpg\" alt=\"Grande Boucle F\u00e9minine Internationale\" width=\"1000\" height=\"646\" \/><\/a><figcaption id=\"caption-attachment-184564\" class=\"wp-caption-text\">Olga Slioussareva (R) wins the fifth stage of La Grande Boucle F\u00e9minine Internationale. \u00a9 Profimedia<\/figcaption><\/figure>\n<p>Marnie was very excited to see this initiative being reflected at the highest levels of cycling. As she explains, \u201cI was so excited when I heard this news! It is a great step in the right direction to create equal opportunities for women in the sport. I hope it will motivate them to take their cycling to the next level and know they will have their cycling skills taken seriously.\u201d<\/p>\n<p><strong><em>\u201cI am hopeful that it will help the advancement of women\u2019s equality in places it is sorely lacking.\u201d<\/em><\/strong><\/p>\n<p>After a rather unpleasant cycling trip early into parenthood, Janet Herring decided to give cycling another chance six years ago, at the age of 54. She had recently recovered from treatment, surgery, and chemotherapy when an older colleague suggested they do the <a href=\"https:\/\/www.dream-challenges.com\/challenges\/women-v-cancer\/women-v-cancer-ride-the-night-london-2022\/\">Ride the Night cycle challenge<\/a> in London together. Although she didn\u2019t have a bike at the time, she was intrigued by the challenge and ended up borrowing her daughter\u2019s bike for the event.<\/p>\n<p>Fast forward a few years\u2014she is totally in love with the freedom of cycling and has since completed many 100 mile+ rides. As she describes it, \u201cfor me, the bike is freedom, mental well-being, recreation and a way to be fit and spend quality time with my husband and explore the countryside.\u201d<\/p>\n<p>With such a deep emotional connection to cycling, Janet became interested in the treatment of professional women cyclists. After watching <a href=\"https:\/\/www.youtube.com\/watch?v=G18p9NuKZYk&amp;ab_channel=FirstRunFeatures\"><em>Half the Road<\/em>,<\/a> a documentary that details how the UCI treats women cyclists, she was heartbroken to see the difficult circumstances many women are forced to navigate in order to pursue their passion. Her reaction to the news of a Tour de France? \u201cWell, AT LAST!\u201d In discussing what this could mean for this future of the sport, Janet is optimistic:<\/p>\n<p>\u201cI am hopeful that it may mean investment in women\u2019s cycling and women\u2019s cycling teams. I am hopeful that young women cyclists will now realise their dreams. I am hopeful that male professional cyclists will champion female cyclists. I am hopeful that it will help the advancement of women\u2019s equality in places it is sorely lacking.\u201d<\/p>\n<figure id=\"attachment_184566\" aria-describedby=\"caption-attachment-184566\" style=\"width: 1000px\" class=\"wp-caption alignnone\"><a href=\"https:\/\/d2p6e6u75xmxt8.cloudfront.net\/2\/2021\/07\/Women-Cycling-profimedia-0069431566.jpg\"><img loading=\"lazy\" decoding=\"async\" class=\"wp-image-184566 size-full\" src=\"https:\/\/d2p6e6u75xmxt8.cloudfront.net\/2\/2021\/07\/Women-Cycling-profimedia-0069431566.jpg\" alt=\"Women's Race\" width=\"1000\" height=\"743\" \/><\/a><figcaption id=\"caption-attachment-184566\" class=\"wp-caption-text\">\u00a9 Profimedia<\/figcaption><\/figure>\n<p><strong><em>\u201cWomen&#8217;s racing deserves to be seen, and even the sceptics can&#8217;t deny that more cycling racing coverage can only be a good thing.\u201d<\/em><\/strong><\/p>\n<p>Alec Curry is a British cyclist whose poetic description of the sport he loves will speak to anyone who has found their passion on two wheels. For him, \u201ccycling is a constant. Life changes, people change, but cycling is always cycling. There&#8217;s no better way to experience landscapes and <a href=\"https:\/\/www.welovecycling.com\/wide\/2021\/03\/11\/commuting-by-bicycle-for-a-day-reduces-emissions-by-half-a-ton-per-year\/\">leave no pollution<\/a> behind but sweat. Cycling, for me, is a way of life.\u201d And in addition to spending as much time on his bike as possible, he loves watching stage races and reading about the culture and <a href=\"https:\/\/www.welovecycling.com\/wide\/2020\/09\/15\/moments-of-the-tour-de-france-history-that-take-us-aback\/\">history of the sport.<\/a> So when he heard there was going to be a Women\u2019s Tour de France, he thought it was about time: \u201cWomen&#8217;s racing deserves to be seen, and even the sceptics can&#8217;t deny that more cycling racing coverage can only be a good thing.<\/p>\n<p>Female riders have the same hunger for glory as the men, but fewer opportunities to stand on the stage they deserve. And that shows in the races. Long-range attacks, sprint finishes, tactical riding, all are a staple of every stage and every race. I think there is more of a do or die attitude in <a href=\"https:\/\/www.welovecycling.com\/wide\/2021\/06\/28\/demi-vollering-shows-no-mercy-at-the-8th-and-final-edition-of-la-course\/\">women&#8217;s racing<\/a> because if you&#8217;re not at the front leading the race, you won&#8217;t be on camera promoting your team.\u201d<\/p>\n<p>We certainly agree that if the women\u2019s peloton has proven anything, it is that they know how to put on a fierce race! So, as this year\u2019s Tour winds down, we congratulate all the stellar participants and look forward to also cheering on the women in 2022! We will keep you posted as more details about next year\u2019s event are revealed.<\/p>\n","protected":false},"excerpt":{"rendered":"<p>The push for a true Tour de France equivalent for women\u2019s cycling has been happening for a long time\u2014and We [&hellip;]<\/p>\n","protected":false},"author":99,"featured_media":184567,"comment_status":"open","ping_status":"open","sticky":false,"template":"","format":"standard","meta":{"footnotes":""},"categories":[334],"tags":[5473,2264,4290,3612,5472],"global-categories":[3366],"class_list":["post-184562","post","type-post","status-publish","format-standard","has-post-thumbnail","hentry","category-socialising-and-culture","tag-half-the-road","tag-womens-cycling","tag-womens-tour-de-france","tag-zwift","tag-zwift-premier-league","global-categories-cycling"],"yoast_head":"<!-- This site is optimized with the Yoast SEO Premium plugin v25.3 (Yoast SEO v25.9) - https:\/\/yoast.com\/wordpress\/plugins\/seo\/ -->\n<title>A Women&#039;s Tour de France Is Coming Next Year! - We Love Cycling<\/title>\n<meta name=\"description\" content=\"The push for a true Tour de France equivalent for women\u2019s cycling has been happening for a long time, and it&#039;s finally coming!\" \/>\n<meta name=\"robots\" content=\"index, follow, max-snippet:-1, max-image-preview:large, max-video-preview:-1\" \/>\n<link rel=\"canonical\" href=\"https:\/\/www.welovecycling.com\/wide\/2021\/07\/16\/a-womens-tour-de-france-is-coming-next-year-what-does-this-mean-to-the-cycling-community\/\" \/>\n<meta property=\"og:locale\" content=\"en_US\" \/>\n<meta property=\"og:type\" content=\"article\" \/>\n<meta property=\"og:title\" content=\"A Women&#039;s Tour de France Is Coming Next Year! What Does This Mean to the Cycling Community?\" \/>\n<meta property=\"og:description\" content=\"The push for a true Tour de France equivalent for women\u2019s cycling has been happening for a long time, and it&#039;s finally coming!\" \/>\n<meta property=\"og:url\" content=\"https:\/\/www.welovecycling.com\/wide\/2021\/07\/16\/a-womens-tour-de-france-is-coming-next-year-what-does-this-mean-to-the-cycling-community\/\" \/>\n<meta property=\"og:site_name\" content=\"\u0160koda We Love Cycling\" \/>\n<meta property=\"article:published_time\" content=\"2021-07-16T07:27:32+00:00\" \/>\n<meta property=\"og:image\" content=\"https:\/\/d2p6e6u75xmxt8.cloudfront.net\/2\/2021\/07\/Womens-Peloton-profimedia-0617976051-CVR.webp\" \/>\n\t<meta property=\"og:image:width\" content=\"900\" \/>\n\t<meta property=\"og:image:height\" content=\"600\" \/>\n\t<meta property=\"og:image:type\" content=\"image\/webp\" \/>\n<meta name=\"author\" content=\"tereza\" \/>\n<meta name=\"twitter:card\" content=\"summary_large_image\" \/>\n<meta name=\"twitter:label1\" content=\"Written by\" \/>\n\t<meta name=\"twitter:data1\" content=\"Megan Flottorp\" \/>\n\t<meta name=\"twitter:label2\" content=\"Est. reading time\" \/>\n\t<meta name=\"twitter:data2\" content=\"6\" \/>\n<script type=\"application\/ld+json\" class=\"yoast-schema-graph\">{\"@context\":\"https:\/\/schema.org\",\"@graph\":[{\"@type\":\"WebPage\",\"@id\":\"https:\/\/www.welovecycling.com\/wide\/2021\/07\/16\/a-womens-tour-de-france-is-coming-next-year-what-does-this-mean-to-the-cycling-community\/\",\"url\":\"https:\/\/www.welovecycling.com\/wide\/2021\/07\/16\/a-womens-tour-de-france-is-coming-next-year-what-does-this-mean-to-the-cycling-community\/\",\"name\":\"A Women's Tour de France Is Coming Next Year! - We Love Cycling\",\"isPartOf\":{\"@id\":\"https:\/\/www.welovecycling.com\/wide\/#website\"},\"primaryImageOfPage\":{\"@id\":\"https:\/\/www.welovecycling.com\/wide\/2021\/07\/16\/a-womens-tour-de-france-is-coming-next-year-what-does-this-mean-to-the-cycling-community\/#primaryimage\"},\"image\":{\"@id\":\"https:\/\/www.welovecycling.com\/wide\/2021\/07\/16\/a-womens-tour-de-france-is-coming-next-year-what-does-this-mean-to-the-cycling-community\/#primaryimage\"},\"thumbnailUrl\":\"https:\/\/d2p6e6u75xmxt8.cloudfront.net\/2\/2021\/07\/Womens-Peloton-profimedia-0617976051-CVR.webp\",\"datePublished\":\"2021-07-16T07:27:32+00:00\",\"author\":{\"@id\":\"https:\/\/www.welovecycling.com\/wide\/#\/schema\/person\/50f01ecd18718d2333cf72e823c4f926\"},\"description\":\"The push for a true Tour de France equivalent for women\u2019s cycling has been happening for a long time, and it's finally coming!\",\"breadcrumb\":{\"@id\":\"https:\/\/www.welovecycling.com\/wide\/2021\/07\/16\/a-womens-tour-de-france-is-coming-next-year-what-does-this-mean-to-the-cycling-community\/#breadcrumb\"},\"inLanguage\":\"en-US\",\"potentialAction\":[{\"@type\":\"ReadAction\",\"target\":[\"https:\/\/www.welovecycling.com\/wide\/2021\/07\/16\/a-womens-tour-de-france-is-coming-next-year-what-does-this-mean-to-the-cycling-community\/\"]}]},{\"@type\":\"ImageObject\",\"inLanguage\":\"en-US\",\"@id\":\"https:\/\/www.welovecycling.com\/wide\/2021\/07\/16\/a-womens-tour-de-france-is-coming-next-year-what-does-this-mean-to-the-cycling-community\/#primaryimage\",\"url\":\"https:\/\/d2p6e6u75xmxt8.cloudfront.net\/2\/2021\/07\/Womens-Peloton-profimedia-0617976051-CVR.webp\",\"contentUrl\":\"https:\/\/d2p6e6u75xmxt8.cloudfront.net\/2\/2021\/07\/Womens-Peloton-profimedia-0617976051-CVR.webp\",\"width\":900,\"height\":600,\"caption\":\"Women's Race\"},{\"@type\":\"BreadcrumbList\",\"@id\":\"https:\/\/www.welovecycling.com\/wide\/2021\/07\/16\/a-womens-tour-de-france-is-coming-next-year-what-does-this-mean-to-the-cycling-community\/#breadcrumb\",\"itemListElement\":[{\"@type\":\"ListItem\",\"position\":1,\"name\":\"Home\",\"item\":\"https:\/\/www.welovecycling.com\/wide\/\"},{\"@type\":\"ListItem\",\"position\":2,\"name\":\"A Women&#8217;s Tour de France Is Coming Next Year! What Does This Mean to the Cycling Community?\"}]},{\"@type\":\"WebSite\",\"@id\":\"https:\/\/www.welovecycling.com\/wide\/#website\",\"url\":\"https:\/\/www.welovecycling.com\/wide\/\",\"name\":\"\u0160koda We Love Cycling\",\"description\":\"\u0160koda We Love Cycling magazine\",\"alternateName\":\"\u0160koda WLC\",\"potentialAction\":[{\"@type\":\"SearchAction\",\"target\":{\"@type\":\"EntryPoint\",\"urlTemplate\":\"https:\/\/www.welovecycling.com\/wide\/?s={search_term_string}\"},\"query-input\":{\"@type\":\"PropertyValueSpecification\",\"valueRequired\":true,\"valueName\":\"search_term_string\"}}],\"inLanguage\":\"en-US\"},{\"@type\":\"Person\",\"@id\":\"https:\/\/www.welovecycling.com\/wide\/#\/schema\/person\/50f01ecd18718d2333cf72e823c4f926\",\"name\":\"tereza\",\"image\":{\"@type\":\"ImageObject\",\"inLanguage\":\"en-US\",\"@id\":\"https:\/\/www.welovecycling.com\/wide\/#\/schema\/person\/image\/\",\"url\":\"https:\/\/secure.gravatar.com\/avatar\/1f9eb71be33845f0afabce3791bc1c58ecdb0a25c62964987e5dbcf7a20d2ec7?s=96&d=mm&r=g\",\"contentUrl\":\"https:\/\/secure.gravatar.com\/avatar\/1f9eb71be33845f0afabce3791bc1c58ecdb0a25c62964987e5dbcf7a20d2ec7?s=96&d=mm&r=g\",\"caption\":\"tereza\"},\"url\":\"https:\/\/www.welovecycling.com\/wide\/author\/tereza\/\"}]}<\/script>\n<!-- \/ Yoast SEO Premium plugin. -->","yoast_head_json":{"title":"A Women's Tour de France Is Coming Next Year! - We Love Cycling","description":"The push for a true Tour de France equivalent for women\u2019s cycling has been happening for a long time, and it's finally coming!","robots":{"index":"index","follow":"follow","max-snippet":"max-snippet:-1","max-image-preview":"max-image-preview:large","max-video-preview":"max-video-preview:-1"},"canonical":"https:\/\/www.welovecycling.com\/wide\/2021\/07\/16\/a-womens-tour-de-france-is-coming-next-year-what-does-this-mean-to-the-cycling-community\/","og_locale":"en_US","og_type":"article","og_title":"A Women's Tour de France Is Coming Next Year! What Does This Mean to the Cycling Community?","og_description":"The push for a true Tour de France equivalent for women\u2019s cycling has been happening for a long time, and it's finally coming!","og_url":"https:\/\/www.welovecycling.com\/wide\/2021\/07\/16\/a-womens-tour-de-france-is-coming-next-year-what-does-this-mean-to-the-cycling-community\/","og_site_name":"\u0160koda We Love Cycling","article_published_time":"2021-07-16T07:27:32+00:00","og_image":[{"width":900,"height":600,"url":"https:\/\/d2p6e6u75xmxt8.cloudfront.net\/2\/2021\/07\/Womens-Peloton-profimedia-0617976051-CVR.webp","type":"image\/webp"}],"author":"tereza","twitter_card":"summary_large_image","twitter_misc":{"Written by":"Megan Flottorp","Est. reading time":"6"},"schema":{"@context":"https:\/\/schema.org","@graph":[{"@type":"WebPage","@id":"https:\/\/www.welovecycling.com\/wide\/2021\/07\/16\/a-womens-tour-de-france-is-coming-next-year-what-does-this-mean-to-the-cycling-community\/","url":"https:\/\/www.welovecycling.com\/wide\/2021\/07\/16\/a-womens-tour-de-france-is-coming-next-year-what-does-this-mean-to-the-cycling-community\/","name":"A Women's Tour de France Is Coming Next Year! - We Love Cycling","isPartOf":{"@id":"https:\/\/www.welovecycling.com\/wide\/#website"},"primaryImageOfPage":{"@id":"https:\/\/www.welovecycling.com\/wide\/2021\/07\/16\/a-womens-tour-de-france-is-coming-next-year-what-does-this-mean-to-the-cycling-community\/#primaryimage"},"image":{"@id":"https:\/\/www.welovecycling.com\/wide\/2021\/07\/16\/a-womens-tour-de-france-is-coming-next-year-what-does-this-mean-to-the-cycling-community\/#primaryimage"},"thumbnailUrl":"https:\/\/d2p6e6u75xmxt8.cloudfront.net\/2\/2021\/07\/Womens-Peloton-profimedia-0617976051-CVR.webp","datePublished":"2021-07-16T07:27:32+00:00","author":{"@id":"https:\/\/www.welovecycling.com\/wide\/#\/schema\/person\/50f01ecd18718d2333cf72e823c4f926"},"description":"The push for a true Tour de France equivalent for women\u2019s cycling has been happening for a long time, and it's finally coming!","breadcrumb":{"@id":"https:\/\/www.welovecycling.com\/wide\/2021\/07\/16\/a-womens-tour-de-france-is-coming-next-year-what-does-this-mean-to-the-cycling-community\/#breadcrumb"},"inLanguage":"en-US","potentialAction":[{"@type":"ReadAction","target":["https:\/\/www.welovecycling.com\/wide\/2021\/07\/16\/a-womens-tour-de-france-is-coming-next-year-what-does-this-mean-to-the-cycling-community\/"]}]},{"@type":"ImageObject","inLanguage":"en-US","@id":"https:\/\/www.welovecycling.com\/wide\/2021\/07\/16\/a-womens-tour-de-france-is-coming-next-year-what-does-this-mean-to-the-cycling-community\/#primaryimage","url":"https:\/\/d2p6e6u75xmxt8.cloudfront.net\/2\/2021\/07\/Womens-Peloton-profimedia-0617976051-CVR.webp","contentUrl":"https:\/\/d2p6e6u75xmxt8.cloudfront.net\/2\/2021\/07\/Womens-Peloton-profimedia-0617976051-CVR.webp","width":900,"height":600,"caption":"Women's Race"},{"@type":"BreadcrumbList","@id":"https:\/\/www.welovecycling.com\/wide\/2021\/07\/16\/a-womens-tour-de-france-is-coming-next-year-what-does-this-mean-to-the-cycling-community\/#breadcrumb","itemListElement":[{"@type":"ListItem","position":1,"name":"Home","item":"https:\/\/www.welovecycling.com\/wide\/"},{"@type":"ListItem","position":2,"name":"A Women&#8217;s Tour de France Is Coming Next Year! What Does This Mean to the Cycling Community?"}]},{"@type":"WebSite","@id":"https:\/\/www.welovecycling.com\/wide\/#website","url":"https:\/\/www.welovecycling.com\/wide\/","name":"\u0160koda We Love Cycling","description":"\u0160koda We Love Cycling magazine","alternateName":"\u0160koda WLC","potentialAction":[{"@type":"SearchAction","target":{"@type":"EntryPoint","urlTemplate":"https:\/\/www.welovecycling.com\/wide\/?s={search_term_string}"},"query-input":{"@type":"PropertyValueSpecification","valueRequired":true,"valueName":"search_term_string"}}],"inLanguage":"en-US"},{"@type":"Person","@id":"https:\/\/www.welovecycling.com\/wide\/#\/schema\/person\/50f01ecd18718d2333cf72e823c4f926","name":"tereza","image":{"@type":"ImageObject","inLanguage":"en-US","@id":"https:\/\/www.welovecycling.com\/wide\/#\/schema\/person\/image\/","url":"https:\/\/secure.gravatar.com\/avatar\/1f9eb71be33845f0afabce3791bc1c58ecdb0a25c62964987e5dbcf7a20d2ec7?s=96&d=mm&r=g","contentUrl":"https:\/\/secure.gravatar.com\/avatar\/1f9eb71be33845f0afabce3791bc1c58ecdb0a25c62964987e5dbcf7a20d2ec7?s=96&d=mm&r=g","caption":"tereza"},"url":"https:\/\/www.welovecycling.com\/wide\/author\/tereza\/"}]}},"_links":{"self":[{"href":"https:\/\/www.welovecycling.com\/wide\/wp-json\/wp\/v2\/posts\/184562","targetHints":{"allow":["GET"]}}],"collection":[{"href":"https:\/\/www.welovecycling.com\/wide\/wp-json\/wp\/v2\/posts"}],"about":[{"href":"https:\/\/www.welovecycling.com\/wide\/wp-json\/wp\/v2\/types\/post"}],"author":[{"embeddable":true,"href":"https:\/\/www.welovecycling.com\/wide\/wp-json\/wp\/v2\/users\/99"}],"replies":[{"embeddable":true,"href":"https:\/\/www.welovecycling.com\/wide\/wp-json\/wp\/v2\/comments?post=184562"}],"version-history":[{"count":2,"href":"https:\/\/www.welovecycling.com\/wide\/wp-json\/wp\/v2\/posts\/184562\/revisions"}],"predecessor-version":[{"id":184568,"href":"https:\/\/www.welovecycling.com\/wide\/wp-json\/wp\/v2\/posts\/184562\/revisions\/184568"}],"wp:featuredmedia":[{"embeddable":true,"href":"https:\/\/www.welovecycling.com\/wide\/wp-json\/wp\/v2\/media\/184567"}],"wp:attachment":[{"href":"https:\/\/www.welovecycling.com\/wide\/wp-json\/wp\/v2\/media?parent=184562"}],"wp:term":[{"taxonomy":"category","embeddable":true,"href":"https:\/\/www.welovecycling.com\/wide\/wp-json\/wp\/v2\/categories?post=184562"},{"taxonomy":"post_tag","embeddable":true,"href":"https:\/\/www.welovecycling.com\/wide\/wp-json\/wp\/v2\/tags?post=184562"},{"taxonomy":"global-categories","embeddable":true,"href":"https:\/\/www.welovecycling.com\/wide\/wp-json\/wp\/v2\/global-categories?post=184562"}],"curies":[{"name":"wp","href":"https:\/\/api.w.org\/{rel}","templated":true}]}}