{"id":184480,"date":"2021-07-09T11:37:14","date_gmt":"2021-07-09T11:37:14","guid":{"rendered":"https:\/\/www.welovecycling.com\/wide\/?p=184480"},"modified":"2021-07-09T11:38:29","modified_gmt":"2021-07-09T11:38:29","slug":"hows-the-worlds-bike-supply-doing","status":"publish","type":"post","link":"https:\/\/www.welovecycling.com\/wide\/2021\/07\/09\/hows-the-worlds-bike-supply-doing\/","title":{"rendered":"How&#8217;s The World&#8217;s Bike Supply Doing?"},"content":{"rendered":"<p><strong>In many ways, the cycling industry was positioned to reap tremendous benefits from the significant boost in interest during the pandemic. With more and more new cyclists looking to invest in their own set of wheels, though, it quickly became apparent that supply would be a problem. With demand far outpacing its usual levels, shops, suppliers, and bike companies were left scrambling to fill orders. It has now been over a year since a supply chain shortage was first identified, so how are things looking?\u00a0<\/strong><\/p>\n<p><!--more--><\/p>\n<p>Well, the short answer is\u2014not good. There remains a great deal of uncertainty about how bike companies and component makers will adapt when things will get back to normal. There\u2019s no doubt that the coronavirus pandemic has accelerated the long-term growth of the bicycle market. Still, the result is that bicycles, components, and <a href=\"https:\/\/www.welovecycling.com\/wide\/2021\/05\/14\/your-guide-to-the-best-sunglasses-for-2021\/\">accessories<\/a> have become scarce as the drawn-out situation reveals increasing weaknesses in how the industry supply chain works.<\/p>\n<p>To get a better idea of the struggles industry insiders and consumers are facing, we talked to a few bike enthusiasts who have been impacted by the shortage in one way or another. We discussed the <a href=\"https:\/\/www.welovecycling.com\/wide\/2021\/01\/25\/the-new-urban-cycling-lifestyle\/\">shortage\u2019s<\/a> consequences, how we got here, and what\u2019s in store if the trend continues.<\/p>\n<figure id=\"attachment_184483\" aria-describedby=\"caption-attachment-184483\" style=\"width: 1000px\" class=\"wp-caption alignnone\"><a href=\"https:\/\/d2p6e6u75xmxt8.cloudfront.net\/2\/2021\/07\/Bike-shop-profimedia-0618435449.jpg\"><img loading=\"lazy\" decoding=\"async\" class=\"wp-image-184483 size-full\" src=\"https:\/\/d2p6e6u75xmxt8.cloudfront.net\/2\/2021\/07\/Bike-shop-profimedia-0618435449.jpg\" alt=\"Bicycle shop\" width=\"1000\" height=\"666\" \/><\/a><figcaption id=\"caption-attachment-184483\" class=\"wp-caption-text\">Is the bike supply situation getting any better? \u00a9 Profimedia<\/figcaption><\/figure>\n<h2><strong>Cries for diversification of the parts supply chain are growing louder<\/strong><\/h2>\n<p><em>\u201cI don\u2019t even have chains to replace broken ones.\u201d\u00a0<\/em><\/p>\n<p>Mike Martin works at a large cycling store in Italy. When asked about the shortage, his answer was pretty straightforward: \u201cThere are no bikes available.\u201d He went on to explain that aside from a few entry-level or <a href=\"https:\/\/www.welovecycling.com\/wide\/2021\/05\/28\/the-best-commuter-bikes-under-1000-euro\/\">city bikes,<\/a> those looking for medium or high-range mountain, gravel, or <a href=\"https:\/\/www.welovecycling.com\/wide\/2021\/05\/14\/the-best-road-bikes-under-1000-euro\/\">road bikes<\/a> are simply out of luck. When it comes to parts? The same story. \u201cWe have no spare parts\u2014chains, disc brakes, derailleur, quick links, etc. Nothing is coming.\u201d<\/p>\n<p>They are also behind on orders: \u201cWe got a lot of anticipation for 2021 bikes, but everything is hugely delayed. That means all the bikes we have pre-bought for the 2021 spring are coming, maybe, in November.\u201d<\/p>\n<p>Understandably, this puts Mike and other retailers in a frustrating situation. \u201cIt is not easy,\u201d he explained, \u201cBy the end of the summer, I\u2019ll be going without <a href=\"https:\/\/www.welovecycling.com\/wide\/2021\/04\/16\/how-to-recognize-a-worn-out-chain-and-change-it\/\">chains<\/a> to replace broken ones.\u201d<\/p>\n<p>Those obviously aren\u2019t sustainable circumstances for running a bike shop. So we asked Mike if he has any ideas for how things could be improved, and he responded that the industry needs an overhaul. \u201cThe rules have changed. We need to create spare parts around the world and not only in Asia. This will be good for the global and local economy, meaning faster supply, better quality, work for all the people&#8230; It is now or never.\u201d<\/p>\n<figure id=\"attachment_184484\" aria-describedby=\"caption-attachment-184484\" style=\"width: 1000px\" class=\"wp-caption alignnone\"><a href=\"https:\/\/d2p6e6u75xmxt8.cloudfront.net\/2\/2021\/07\/Bike-shop-profimedia-0614700600.jpg\"><img loading=\"lazy\" decoding=\"async\" class=\"wp-image-184484 size-full\" src=\"https:\/\/d2p6e6u75xmxt8.cloudfront.net\/2\/2021\/07\/Bike-shop-profimedia-0614700600.jpg\" alt=\"Bike shop\" width=\"1000\" height=\"666\" \/><\/a><figcaption id=\"caption-attachment-184484\" class=\"wp-caption-text\">The bike parts shortage is still making life hard for bike shop owners. \u00a9 Profimedia<\/figcaption><\/figure>\n<h2><strong>Pre-orders are seriously backed up\u00a0<\/strong><\/h2>\n<p><em>\u201cI am still hoping and waiting.\u201d<\/em><\/p>\n<p>Lorenz Papis decided in May of 2020 that he wanted to buy a gravel bike. He visited his local store, where they told him, &#8220;you&#8217;re lucky, we\u2019ve got one left!&#8221; then proceeded to show him a high-end bike that vastly exceeded his budget. When he explained that the model in question was too much, but that he was willing to spend about 1,500-2,000 EUR on a new bike, he was assured that he could get something decent for that price\u2014but , unfortunately, everything was sold out. He got put on a waiting list but never heard back.<\/p>\n<p>Ultimately, in August 2020, he pre-ordered a 2021 model that caught his attention. As he put it, \u201cI was hoping that with some luck, I could get it as a \u2018Christmas present\u2019 for myself. That didn\u2019t happen, though. The delivery date has been continually postponed ever since. Newest update: possibly in mid-August of this year. I am still hoping and waiting.\u201d<\/p>\n<h2><strong>Consumers are having to make big decisions fast\u00a0<\/strong><\/h2>\n<p><em>\u201cAs you see, this is a \u2018take it or leave it\u2019 market.\u201d<\/em><\/p>\n<p>Jonas Almeida de Andrade also found himself in a situation where he needed to take what was available or risk being left bikeless. \u201cI ordered a TREK Marlin 7 around Christmas time, and when I called Trek Iberia, they told me they had ONE to deliver\u2014but not until October of the next year. So, yes, it would be a big issue if I didn&#8217;t have a plan B.\u201d<\/p>\n<figure id=\"attachment_184485\" aria-describedby=\"caption-attachment-184485\" style=\"width: 1000px\" class=\"wp-caption alignnone\"><a href=\"https:\/\/d2p6e6u75xmxt8.cloudfront.net\/2\/2021\/07\/Bicycle-shop-profimedia-0617295022.jpg\"><img loading=\"lazy\" decoding=\"async\" class=\"wp-image-184485 size-full\" src=\"https:\/\/d2p6e6u75xmxt8.cloudfront.net\/2\/2021\/07\/Bicycle-shop-profimedia-0617295022.jpg\" alt=\"Bicycle shop\" width=\"1000\" height=\"666\" \/><\/a><figcaption id=\"caption-attachment-184485\" class=\"wp-caption-text\">When it comes to buying a bike these days, thinking twice might not be the best strategy. \u00a9 Profimedia<\/figcaption><\/figure>\n<p>Jonas got lucky, though. He checked what was available at a local bike shop and found a decent selection on offer. It was all timing. \u201cThe attendant explained that he had got 15 bikes in that morning and had already sold eight of them. So I needed to make a very quick decision. As you see, this is a \u2018take it or leave it\u2019 market.\u201d<\/p>\n<h2><strong>Bike shops need to rethink their strategy going forward\u00a0<\/strong><\/h2>\n<p><em>\u201cShops are living from stock they had, but there are no parts from distributors&#8230;nor by actual brands.\u201d<\/em><\/p>\n<p>Tom\u00e1\u0161 Vosyka has been involved in the cycling industry in one way or another for over 15 years. From working for SRAM distribution to being the personal mechanic for Tom\u00e1\u0161 Slav\u00edk, he has seen a lot. And his experience allows him to make some assessments about how we got here. He says there had been warning signs of a problem with the supply chain even before the pandemic.<\/p>\n<p>\u201cIt\u2019s the mistake of big companies who insist on working only with preorders while maintaining low stocks numbers. This was the case before, but then Covid comes around, the whole of China shuts down, and Shimano stopped producing\u2014it was the perfect storm.\u201d<\/p>\n<p>He also explained that another significant issue is the quality of what is available: \u201cquality materials such as steel, high-grade aluminium are just not available; therefore there are almost no chains, no spokes, hubs&#8230;etc.<\/p>\n<figure id=\"attachment_184486\" aria-describedby=\"caption-attachment-184486\" style=\"width: 1000px\" class=\"wp-caption alignnone\"><a href=\"https:\/\/d2p6e6u75xmxt8.cloudfront.net\/2\/2021\/07\/Bike-shop-profimedia-0618435447.jpg\"><img loading=\"lazy\" decoding=\"async\" class=\"size-full wp-image-184486\" src=\"https:\/\/d2p6e6u75xmxt8.cloudfront.net\/2\/2021\/07\/Bike-shop-profimedia-0618435447.jpg\" alt=\"Bike shop\" width=\"1000\" height=\"652\" \/><\/a><figcaption id=\"caption-attachment-184486\" class=\"wp-caption-text\">Components are scarce. \u00a9 Profimedia<\/figcaption><\/figure>\n<p>For example, I\u2019m trying to build my own bike with premium goods, but just buying a box of high-quality <a href=\"https:\/\/www.welovecycling.com\/wide\/2021\/05\/05\/how-to-change-the-brake-and-shifter-cables-on-your-bike\/\">shifting cables<\/a> is impossible\u2026 not to mention that things are being sold at two or three times the price.\u201d<\/p>\n<h2><strong>So, are you even going to be able to get a bike?<\/strong><\/h2>\n<p>It seems that something has to change if the <a href=\"https:\/\/www.welovecycling.com\/wide\/2020\/12\/14\/bike-shortages-may-last-until-2022\/\">bike industry<\/a> is going to get back on track anytime soon. Several bike brands have begun to address consumer questions on bike supply directly, but it will take time to work out the kind of new processes and supply chains that the industry will need to recover.<\/p>\n<p>Of course, that doesn\u2019t help any of us looking to get our hands on a bike during the current shortage. There are a few tips to help, though. Keep in mind, for example, that the most highly sought-after bikes are lower-end models, so you may decide that now is the time to invest in that pricier option you\u2019ve been eyeing. It is also a good idea to let your local bike shop employees know what you\u2019re looking for. That way, if someone else backs out of a purchase or the shop lucks into some unexpected inventory, you might be the first to know. And of course, the used market is always worth a gander. Just be sure that if you aren\u2019t mechanically inclined, you bring along a friend who is before you buy. The last thing anyone needs now is a bike that isn\u2019t in sound, working condition.<\/p>\n","protected":false},"excerpt":{"rendered":"<p>In many ways, the cycling industry was positioned to reap tremendous benefits from the significant boost in interest during the [&hellip;]<\/p>\n","protected":false},"author":99,"featured_media":184482,"comment_status":"open","ping_status":"open","sticky":false,"template":"","format":"standard","meta":{"footnotes":""},"categories":[334],"tags":[5454,4474,5456,5453,5455,1681,1749],"global-categories":[3366],"class_list":["post-184480","post","type-post","status-publish","format-standard","has-post-thumbnail","hentry","category-socialising-and-culture","tag-bicycle-shortage","tag-bike-parts","tag-bike-shops","tag-bike-shortage","tag-bike-supply","tag-sram","tag-trek","global-categories-cycling"],"yoast_head":"<!-- This site is optimized with the Yoast SEO Premium plugin v25.3 (Yoast SEO v25.9) - https:\/\/yoast.com\/wordpress\/plugins\/seo\/ -->\n<title>How&#039;s The World&#039;s Bike Supply Doing? - \u0160koda We Love Cycling<\/title>\n<meta name=\"description\" content=\"In many ways, the cycling industry was positioned to reap tremendous benefits from the significant boost in interest during the pandemic. With more and\" \/>\n<meta name=\"robots\" content=\"index, follow, max-snippet:-1, max-image-preview:large, max-video-preview:-1\" \/>\n<link rel=\"canonical\" href=\"https:\/\/www.welovecycling.com\/wide\/2021\/07\/09\/hows-the-worlds-bike-supply-doing\/\" \/>\n<meta property=\"og:locale\" content=\"en_US\" \/>\n<meta property=\"og:type\" content=\"article\" \/>\n<meta property=\"og:title\" content=\"How&#039;s The World&#039;s Bike Supply Doing?\" \/>\n<meta property=\"og:description\" content=\"In many ways, the cycling industry was positioned to reap tremendous benefits from the significant boost in interest during the pandemic. With more and\" \/>\n<meta property=\"og:url\" content=\"https:\/\/www.welovecycling.com\/wide\/2021\/07\/09\/hows-the-worlds-bike-supply-doing\/\" \/>\n<meta property=\"og:site_name\" content=\"\u0160koda We Love Cycling\" \/>\n<meta property=\"article:published_time\" content=\"2021-07-09T11:37:14+00:00\" \/>\n<meta property=\"article:modified_time\" content=\"2021-07-09T11:38:29+00:00\" \/>\n<meta property=\"og:image\" content=\"https:\/\/d2p6e6u75xmxt8.cloudfront.net\/2\/2021\/07\/Bike-tyres-profimedia-0614700745-CVR.webp\" \/>\n\t<meta property=\"og:image:width\" content=\"900\" \/>\n\t<meta property=\"og:image:height\" content=\"600\" \/>\n\t<meta property=\"og:image:type\" content=\"image\/webp\" \/>\n<meta name=\"author\" content=\"tereza\" \/>\n<meta name=\"twitter:card\" content=\"summary_large_image\" \/>\n<meta name=\"twitter:label1\" content=\"Written by\" \/>\n\t<meta name=\"twitter:data1\" content=\"Megan Flottorp\" \/>\n\t<meta name=\"twitter:label2\" content=\"Est. reading time\" \/>\n\t<meta name=\"twitter:data2\" content=\"6\" \/>\n<script type=\"application\/ld+json\" class=\"yoast-schema-graph\">{\"@context\":\"https:\/\/schema.org\",\"@graph\":[{\"@type\":\"WebPage\",\"@id\":\"https:\/\/www.welovecycling.com\/wide\/2021\/07\/09\/hows-the-worlds-bike-supply-doing\/\",\"url\":\"https:\/\/www.welovecycling.com\/wide\/2021\/07\/09\/hows-the-worlds-bike-supply-doing\/\",\"name\":\"How's The World's Bike Supply Doing? - \u0160koda We Love Cycling\",\"isPartOf\":{\"@id\":\"https:\/\/www.welovecycling.com\/wide\/#website\"},\"primaryImageOfPage\":{\"@id\":\"https:\/\/www.welovecycling.com\/wide\/2021\/07\/09\/hows-the-worlds-bike-supply-doing\/#primaryimage\"},\"image\":{\"@id\":\"https:\/\/www.welovecycling.com\/wide\/2021\/07\/09\/hows-the-worlds-bike-supply-doing\/#primaryimage\"},\"thumbnailUrl\":\"https:\/\/d2p6e6u75xmxt8.cloudfront.net\/2\/2021\/07\/Bike-tyres-profimedia-0614700745-CVR.webp\",\"datePublished\":\"2021-07-09T11:37:14+00:00\",\"dateModified\":\"2021-07-09T11:38:29+00:00\",\"author\":{\"@id\":\"https:\/\/www.welovecycling.com\/wide\/#\/schema\/person\/50f01ecd18718d2333cf72e823c4f926\"},\"description\":\"In many ways, the cycling industry was positioned to reap tremendous benefits from the significant boost in interest during the pandemic. With more and\",\"breadcrumb\":{\"@id\":\"https:\/\/www.welovecycling.com\/wide\/2021\/07\/09\/hows-the-worlds-bike-supply-doing\/#breadcrumb\"},\"inLanguage\":\"en-US\",\"potentialAction\":[{\"@type\":\"ReadAction\",\"target\":[\"https:\/\/www.welovecycling.com\/wide\/2021\/07\/09\/hows-the-worlds-bike-supply-doing\/\"]}]},{\"@type\":\"ImageObject\",\"inLanguage\":\"en-US\",\"@id\":\"https:\/\/www.welovecycling.com\/wide\/2021\/07\/09\/hows-the-worlds-bike-supply-doing\/#primaryimage\",\"url\":\"https:\/\/d2p6e6u75xmxt8.cloudfront.net\/2\/2021\/07\/Bike-tyres-profimedia-0614700745-CVR.webp\",\"contentUrl\":\"https:\/\/d2p6e6u75xmxt8.cloudfront.net\/2\/2021\/07\/Bike-tyres-profimedia-0614700745-CVR.webp\",\"width\":900,\"height\":600,\"caption\":\"Bicycle tyres\"},{\"@type\":\"BreadcrumbList\",\"@id\":\"https:\/\/www.welovecycling.com\/wide\/2021\/07\/09\/hows-the-worlds-bike-supply-doing\/#breadcrumb\",\"itemListElement\":[{\"@type\":\"ListItem\",\"position\":1,\"name\":\"Home\",\"item\":\"https:\/\/www.welovecycling.com\/wide\/\"},{\"@type\":\"ListItem\",\"position\":2,\"name\":\"How&#8217;s The World&#8217;s Bike Supply Doing?\"}]},{\"@type\":\"WebSite\",\"@id\":\"https:\/\/www.welovecycling.com\/wide\/#website\",\"url\":\"https:\/\/www.welovecycling.com\/wide\/\",\"name\":\"\u0160koda We Love Cycling\",\"description\":\"\u0160koda We Love Cycling magazine\",\"alternateName\":\"\u0160koda WLC\",\"potentialAction\":[{\"@type\":\"SearchAction\",\"target\":{\"@type\":\"EntryPoint\",\"urlTemplate\":\"https:\/\/www.welovecycling.com\/wide\/?s={search_term_string}\"},\"query-input\":{\"@type\":\"PropertyValueSpecification\",\"valueRequired\":true,\"valueName\":\"search_term_string\"}}],\"inLanguage\":\"en-US\"},{\"@type\":\"Person\",\"@id\":\"https:\/\/www.welovecycling.com\/wide\/#\/schema\/person\/50f01ecd18718d2333cf72e823c4f926\",\"name\":\"tereza\",\"image\":{\"@type\":\"ImageObject\",\"inLanguage\":\"en-US\",\"@id\":\"https:\/\/www.welovecycling.com\/wide\/#\/schema\/person\/image\/\",\"url\":\"https:\/\/secure.gravatar.com\/avatar\/1f9eb71be33845f0afabce3791bc1c58ecdb0a25c62964987e5dbcf7a20d2ec7?s=96&d=mm&r=g\",\"contentUrl\":\"https:\/\/secure.gravatar.com\/avatar\/1f9eb71be33845f0afabce3791bc1c58ecdb0a25c62964987e5dbcf7a20d2ec7?s=96&d=mm&r=g\",\"caption\":\"tereza\"},\"url\":\"https:\/\/www.welovecycling.com\/wide\/author\/tereza\/\"}]}<\/script>\n<!-- \/ Yoast SEO Premium plugin. -->","yoast_head_json":{"title":"How's The World's Bike Supply Doing? - \u0160koda We Love Cycling","description":"In many ways, the cycling industry was positioned to reap tremendous benefits from the significant boost in interest during the pandemic. With more and","robots":{"index":"index","follow":"follow","max-snippet":"max-snippet:-1","max-image-preview":"max-image-preview:large","max-video-preview":"max-video-preview:-1"},"canonical":"https:\/\/www.welovecycling.com\/wide\/2021\/07\/09\/hows-the-worlds-bike-supply-doing\/","og_locale":"en_US","og_type":"article","og_title":"How's The World's Bike Supply Doing?","og_description":"In many ways, the cycling industry was positioned to reap tremendous benefits from the significant boost in interest during the pandemic. With more and","og_url":"https:\/\/www.welovecycling.com\/wide\/2021\/07\/09\/hows-the-worlds-bike-supply-doing\/","og_site_name":"\u0160koda We Love Cycling","article_published_time":"2021-07-09T11:37:14+00:00","article_modified_time":"2021-07-09T11:38:29+00:00","og_image":[{"width":900,"height":600,"url":"https:\/\/d2p6e6u75xmxt8.cloudfront.net\/2\/2021\/07\/Bike-tyres-profimedia-0614700745-CVR.webp","type":"image\/webp"}],"author":"tereza","twitter_card":"summary_large_image","twitter_misc":{"Written by":"Megan Flottorp","Est. reading time":"6"},"schema":{"@context":"https:\/\/schema.org","@graph":[{"@type":"WebPage","@id":"https:\/\/www.welovecycling.com\/wide\/2021\/07\/09\/hows-the-worlds-bike-supply-doing\/","url":"https:\/\/www.welovecycling.com\/wide\/2021\/07\/09\/hows-the-worlds-bike-supply-doing\/","name":"How's The World's Bike Supply Doing? - \u0160koda We Love Cycling","isPartOf":{"@id":"https:\/\/www.welovecycling.com\/wide\/#website"},"primaryImageOfPage":{"@id":"https:\/\/www.welovecycling.com\/wide\/2021\/07\/09\/hows-the-worlds-bike-supply-doing\/#primaryimage"},"image":{"@id":"https:\/\/www.welovecycling.com\/wide\/2021\/07\/09\/hows-the-worlds-bike-supply-doing\/#primaryimage"},"thumbnailUrl":"https:\/\/d2p6e6u75xmxt8.cloudfront.net\/2\/2021\/07\/Bike-tyres-profimedia-0614700745-CVR.webp","datePublished":"2021-07-09T11:37:14+00:00","dateModified":"2021-07-09T11:38:29+00:00","author":{"@id":"https:\/\/www.welovecycling.com\/wide\/#\/schema\/person\/50f01ecd18718d2333cf72e823c4f926"},"description":"In many ways, the cycling industry was positioned to reap tremendous benefits from the significant boost in interest during the pandemic. With more and","breadcrumb":{"@id":"https:\/\/www.welovecycling.com\/wide\/2021\/07\/09\/hows-the-worlds-bike-supply-doing\/#breadcrumb"},"inLanguage":"en-US","potentialAction":[{"@type":"ReadAction","target":["https:\/\/www.welovecycling.com\/wide\/2021\/07\/09\/hows-the-worlds-bike-supply-doing\/"]}]},{"@type":"ImageObject","inLanguage":"en-US","@id":"https:\/\/www.welovecycling.com\/wide\/2021\/07\/09\/hows-the-worlds-bike-supply-doing\/#primaryimage","url":"https:\/\/d2p6e6u75xmxt8.cloudfront.net\/2\/2021\/07\/Bike-tyres-profimedia-0614700745-CVR.webp","contentUrl":"https:\/\/d2p6e6u75xmxt8.cloudfront.net\/2\/2021\/07\/Bike-tyres-profimedia-0614700745-CVR.webp","width":900,"height":600,"caption":"Bicycle tyres"},{"@type":"BreadcrumbList","@id":"https:\/\/www.welovecycling.com\/wide\/2021\/07\/09\/hows-the-worlds-bike-supply-doing\/#breadcrumb","itemListElement":[{"@type":"ListItem","position":1,"name":"Home","item":"https:\/\/www.welovecycling.com\/wide\/"},{"@type":"ListItem","position":2,"name":"How&#8217;s The World&#8217;s Bike Supply Doing?"}]},{"@type":"WebSite","@id":"https:\/\/www.welovecycling.com\/wide\/#website","url":"https:\/\/www.welovecycling.com\/wide\/","name":"\u0160koda We Love Cycling","description":"\u0160koda We Love Cycling magazine","alternateName":"\u0160koda WLC","potentialAction":[{"@type":"SearchAction","target":{"@type":"EntryPoint","urlTemplate":"https:\/\/www.welovecycling.com\/wide\/?s={search_term_string}"},"query-input":{"@type":"PropertyValueSpecification","valueRequired":true,"valueName":"search_term_string"}}],"inLanguage":"en-US"},{"@type":"Person","@id":"https:\/\/www.welovecycling.com\/wide\/#\/schema\/person\/50f01ecd18718d2333cf72e823c4f926","name":"tereza","image":{"@type":"ImageObject","inLanguage":"en-US","@id":"https:\/\/www.welovecycling.com\/wide\/#\/schema\/person\/image\/","url":"https:\/\/secure.gravatar.com\/avatar\/1f9eb71be33845f0afabce3791bc1c58ecdb0a25c62964987e5dbcf7a20d2ec7?s=96&d=mm&r=g","contentUrl":"https:\/\/secure.gravatar.com\/avatar\/1f9eb71be33845f0afabce3791bc1c58ecdb0a25c62964987e5dbcf7a20d2ec7?s=96&d=mm&r=g","caption":"tereza"},"url":"https:\/\/www.welovecycling.com\/wide\/author\/tereza\/"}]}},"_links":{"self":[{"href":"https:\/\/www.welovecycling.com\/wide\/wp-json\/wp\/v2\/posts\/184480","targetHints":{"allow":["GET"]}}],"collection":[{"href":"https:\/\/www.welovecycling.com\/wide\/wp-json\/wp\/v2\/posts"}],"about":[{"href":"https:\/\/www.welovecycling.com\/wide\/wp-json\/wp\/v2\/types\/post"}],"author":[{"embeddable":true,"href":"https:\/\/www.welovecycling.com\/wide\/wp-json\/wp\/v2\/users\/99"}],"replies":[{"embeddable":true,"href":"https:\/\/www.welovecycling.com\/wide\/wp-json\/wp\/v2\/comments?post=184480"}],"version-history":[{"count":2,"href":"https:\/\/www.welovecycling.com\/wide\/wp-json\/wp\/v2\/posts\/184480\/revisions"}],"predecessor-version":[{"id":184488,"href":"https:\/\/www.welovecycling.com\/wide\/wp-json\/wp\/v2\/posts\/184480\/revisions\/184488"}],"wp:featuredmedia":[{"embeddable":true,"href":"https:\/\/www.welovecycling.com\/wide\/wp-json\/wp\/v2\/media\/184482"}],"wp:attachment":[{"href":"https:\/\/www.welovecycling.com\/wide\/wp-json\/wp\/v2\/media?parent=184480"}],"wp:term":[{"taxonomy":"category","embeddable":true,"href":"https:\/\/www.welovecycling.com\/wide\/wp-json\/wp\/v2\/categories?post=184480"},{"taxonomy":"post_tag","embeddable":true,"href":"https:\/\/www.welovecycling.com\/wide\/wp-json\/wp\/v2\/tags?post=184480"},{"taxonomy":"global-categories","embeddable":true,"href":"https:\/\/www.welovecycling.com\/wide\/wp-json\/wp\/v2\/global-categories?post=184480"}],"curies":[{"name":"wp","href":"https:\/\/api.w.org\/{rel}","templated":true}]}}