{"id":184353,"date":"2021-06-30T09:32:16","date_gmt":"2021-06-30T09:32:16","guid":{"rendered":"https:\/\/www.welovecycling.com\/wide\/?p=184353"},"modified":"2021-06-30T09:32:16","modified_gmt":"2021-06-30T09:32:16","slug":"mark-cavendish-wins-stage-four-and-claims-the-skoda-green-jersey","status":"publish","type":"post","link":"https:\/\/www.welovecycling.com\/wide\/2021\/06\/30\/mark-cavendish-wins-stage-four-and-claims-the-skoda-green-jersey\/","title":{"rendered":"Mark Cavendish Wins Stage Four and Claims the \u0160koda Green Jersey"},"content":{"rendered":"<p><strong>His selection for the Deceuninck &#8211; Quick-Step squad might have been the biggest surprise in all the squads. However, the cycling legend took his first real chance at a stage victory and turned it into his 31st Tour win.<\/strong><\/p>\n<p><!--more--><\/p>\n<p>&#8220;It\u2019s almost been forgotten how difficult it is to win a Tour de France stage but it\u2019s not easy at all. That\u2019s why\u2026 that\u2019s been the hardest thing, people not understanding how hard it is,&#8221; Cavendish said after the race, trying to compose himself.<\/p>\n<p>&#8220;I had fire in my eyes,&#8221; he continued. &#8220;I had fire in my eyes too the last time I did this finish, it hadn\u2019t been a successful Tour for me. I had fire in my eyes last time, I had fire in my eyes this time.&#8221;<\/p>\n<figure id=\"attachment_184355\" aria-describedby=\"caption-attachment-184355\" style=\"width: 1000px\" class=\"wp-caption alignnone\"><a href=\"https:\/\/d2p6e6u75xmxt8.cloudfront.net\/2\/2021\/06\/Mark-Cavendish-profimedia-0618580275.jpg\"><img loading=\"lazy\" decoding=\"async\" class=\"size-full wp-image-184355\" src=\"https:\/\/d2p6e6u75xmxt8.cloudfront.net\/2\/2021\/06\/Mark-Cavendish-profimedia-0618580275.jpg\" alt=\"Mark Cavendish\" width=\"1000\" height=\"666\" \/><\/a><figcaption id=\"caption-attachment-184355\" class=\"wp-caption-text\">Celebrating with the team. \u00a9 Profimedia<\/figcaption><\/figure>\n<p>Cavendish won the sprint in Foug\u00e8res back in 2015 as well.<\/p>\n<p>&#8220;I needed a team that functioned as a team and I needed a bike that fitted me. I had neither of those things.&#8221;<\/p>\n<p>The moment was emotional for the whole team and, naturally, the questions about the <a href=\"https:\/\/www.welovecycling.com\/wide\/2020\/09\/21\/eddy-merckx-versus-the-world-at-the-1971-tour-de-france\/\">Eddy Merckx\u2019s<\/a> stage win record have arisen. However, the Manxman wouldn\u2019t have them.<\/p>\n<p>&#8220;I spoke to Tim Merlier yesterday and said &#8216;you think your career changed by winning a stage of the Giro, win a stage of the Tour you&#8217;ll see your life change&#8217;. And that&#8217;s with one <a href=\"https:\/\/www.letour.fr\/en\/\">Tour de France<\/a> stage win. I think it&#8217;s only been half an hour since I&#8217;ve won and you&#8217;ve already forgotten how big it is to win one Tour stage if you&#8217;re asking questions like that.&#8221;<\/p>\n<p>Good to see the legend is back. Even better to see Cavendish in the <a href=\"https:\/\/www.welovecycling.com\/wide\/2020\/09\/08\/the-story-of-the-skoda-green-jersey-and-the-legend-of-peter-sagan\/\">\u0160koda Green Jersey.<\/a> It definitely suits him.<\/p>\n<figure id=\"attachment_184356\" aria-describedby=\"caption-attachment-184356\" style=\"width: 1000px\" class=\"wp-caption alignnone\"><a href=\"https:\/\/d2p6e6u75xmxt8.cloudfront.net\/2\/2021\/06\/Cavendish-in-Green-Jersey-profimedia-0618583618.jpg\"><img loading=\"lazy\" decoding=\"async\" class=\"size-full wp-image-184356\" src=\"https:\/\/d2p6e6u75xmxt8.cloudfront.net\/2\/2021\/06\/Cavendish-in-Green-Jersey-profimedia-0618583618.jpg\" alt=\"Cavendish in Green Jersey\" width=\"1000\" height=\"666\" \/><\/a><figcaption id=\"caption-attachment-184356\" class=\"wp-caption-text\">The \u0160koda Green Jersey looks agrees with Cavendish. \u00a9 Profimedia<\/figcaption><\/figure>\n<h4><strong>Tour de France stage 4 results<\/strong><\/h4>\n<ol>\n<li>Mark Cavendish (Deceuninck &#8211; Quick-Step) \u2013 3:20:17<\/li>\n<li>Nacer Bouhanni (Team Ark\u00e9a-Samsic)<\/li>\n<li>Jasper Philipsen (Alpecin-Fenix)<\/li>\n<li>Michael Matthews (Team BikeExchange)<\/li>\n<li>Peter Sagan (Bora-Hansgrohe)<\/li>\n<li>Cees Bol (Team DSM)<\/li>\n<li>Christophe Laporte (Cofidis)<\/li>\n<li>Mads Pedersen (Trek-Segafredo)<\/li>\n<li>Boy van Poppel (Intermarch\u00e9-Wanty-Gobert Mat\u00e9riaux)<\/li>\n<li>Andr\u00e9 Greipel (Israel Start-Up Nation)<\/li>\n<\/ol>\n<h4><strong>General classification after stage 4<\/strong><\/h4>\n<ol>\n<li>Mathieu van der Poel (Alpecin-Fenix) \u2013 16:19:10<\/li>\n<li>Julian Alaphilippe (Deceuninck-Quick-Step) + 8 seconds<\/li>\n<li>Richard Carapaz (Ineos Grenadiers) + 31s<\/li>\n<li>Wout van Aert (Jumbo-Visma)<\/li>\n<li>Wilco Kelderman (Bora-Hansgrohe) + 38s<\/li>\n<li>Tadej Poga\u010dar (UAE Team Emirates) + 39s<\/li>\n<li>Enric Mas (Movistar Team) + 40s<\/li>\n<li>Nairo Quintana (Ark\u00e9a-Samsic)<\/li>\n<li>Pierre Latour (TotalEnergies) + 45s<\/li>\n<li>David Gaudu (Groupama-FDJ) + 52s<\/li>\n<\/ol>\n","protected":false},"excerpt":{"rendered":"<p>His selection for the Deceuninck &#8211; Quick-Step squad might have been the biggest surprise in all the squads. However, the [&hellip;]<\/p>\n","protected":false},"author":99,"featured_media":184354,"comment_status":"open","ping_status":"open","sticky":false,"template":"","format":"standard","meta":{"footnotes":""},"categories":[329],"tags":[5389,461,3453,4970,433,5425],"global-categories":[3366],"class_list":["post-184353","post","type-post","status-publish","format-standard","has-post-thumbnail","hentry","category-road-cycling","tag-2021-tour","tag-mark-cavendish","tag-skoda-green-jersey","tag-tim-merlier","tag-tour-de-france","tag-tour-de-france-2021","global-categories-cycling"],"yoast_head":"<!-- This site is optimized with the Yoast SEO Premium plugin v25.3 (Yoast SEO v25.9) - https:\/\/yoast.com\/wordpress\/plugins\/seo\/ -->\n<title>Mark Cavendish Wins Stage Four and Claims the \u0160koda Green Jersey<\/title>\n<meta name=\"description\" content=\"The cycling legend took his first real chance at a stage victory and turned it into his 31st Tour win and a \u0160koda Green Jersey.\" \/>\n<meta name=\"robots\" content=\"index, follow, max-snippet:-1, max-image-preview:large, max-video-preview:-1\" \/>\n<link rel=\"canonical\" href=\"https:\/\/www.welovecycling.com\/wide\/2021\/06\/30\/mark-cavendish-wins-stage-four-and-claims-the-skoda-green-jersey\/\" \/>\n<meta property=\"og:locale\" content=\"en_US\" \/>\n<meta property=\"og:type\" content=\"article\" \/>\n<meta property=\"og:title\" content=\"Mark Cavendish Wins Stage Four and Claims the \u0160koda Green Jersey\" \/>\n<meta property=\"og:description\" content=\"The cycling legend took his first real chance at a stage victory and turned it into his 31st Tour win and a \u0160koda Green Jersey.\" \/>\n<meta property=\"og:url\" content=\"https:\/\/www.welovecycling.com\/wide\/2021\/06\/30\/mark-cavendish-wins-stage-four-and-claims-the-skoda-green-jersey\/\" \/>\n<meta property=\"og:site_name\" content=\"\u0160koda We Love Cycling\" \/>\n<meta property=\"article:published_time\" content=\"2021-06-30T09:32:16+00:00\" \/>\n<meta property=\"og:image\" content=\"https:\/\/d2p6e6u75xmxt8.cloudfront.net\/2\/2021\/06\/Cavendish-2021-Tour-profimedia-0618582461-CVR.webp\" \/>\n\t<meta property=\"og:image:width\" content=\"894\" \/>\n\t<meta property=\"og:image:height\" content=\"596\" \/>\n\t<meta property=\"og:image:type\" content=\"image\/webp\" \/>\n<meta name=\"author\" content=\"tereza\" \/>\n<meta name=\"twitter:card\" content=\"summary_large_image\" \/>\n<meta name=\"twitter:label1\" content=\"Written by\" \/>\n\t<meta name=\"twitter:data1\" content=\"Monica Buck\" \/>\n\t<meta name=\"twitter:label2\" content=\"Est. reading time\" \/>\n\t<meta name=\"twitter:data2\" content=\"4\" \/>\n<script type=\"application\/ld+json\" class=\"yoast-schema-graph\">{\"@context\":\"https:\/\/schema.org\",\"@graph\":[{\"@type\":\"WebPage\",\"@id\":\"https:\/\/www.welovecycling.com\/wide\/2021\/06\/30\/mark-cavendish-wins-stage-four-and-claims-the-skoda-green-jersey\/\",\"url\":\"https:\/\/www.welovecycling.com\/wide\/2021\/06\/30\/mark-cavendish-wins-stage-four-and-claims-the-skoda-green-jersey\/\",\"name\":\"Mark Cavendish Wins Stage Four and Claims the \u0160koda Green Jersey\",\"isPartOf\":{\"@id\":\"https:\/\/www.welovecycling.com\/wide\/#website\"},\"primaryImageOfPage\":{\"@id\":\"https:\/\/www.welovecycling.com\/wide\/2021\/06\/30\/mark-cavendish-wins-stage-four-and-claims-the-skoda-green-jersey\/#primaryimage\"},\"image\":{\"@id\":\"https:\/\/www.welovecycling.com\/wide\/2021\/06\/30\/mark-cavendish-wins-stage-four-and-claims-the-skoda-green-jersey\/#primaryimage\"},\"thumbnailUrl\":\"https:\/\/d2p6e6u75xmxt8.cloudfront.net\/2\/2021\/06\/Cavendish-2021-Tour-profimedia-0618582461-CVR.webp\",\"datePublished\":\"2021-06-30T09:32:16+00:00\",\"author\":{\"@id\":\"https:\/\/www.welovecycling.com\/wide\/#\/schema\/person\/50f01ecd18718d2333cf72e823c4f926\"},\"description\":\"The cycling legend took his first real chance at a stage victory and turned it into his 31st Tour win and a \u0160koda Green Jersey.\",\"breadcrumb\":{\"@id\":\"https:\/\/www.welovecycling.com\/wide\/2021\/06\/30\/mark-cavendish-wins-stage-four-and-claims-the-skoda-green-jersey\/#breadcrumb\"},\"inLanguage\":\"en-US\",\"potentialAction\":[{\"@type\":\"ReadAction\",\"target\":[\"https:\/\/www.welovecycling.com\/wide\/2021\/06\/30\/mark-cavendish-wins-stage-four-and-claims-the-skoda-green-jersey\/\"]}]},{\"@type\":\"ImageObject\",\"inLanguage\":\"en-US\",\"@id\":\"https:\/\/www.welovecycling.com\/wide\/2021\/06\/30\/mark-cavendish-wins-stage-four-and-claims-the-skoda-green-jersey\/#primaryimage\",\"url\":\"https:\/\/d2p6e6u75xmxt8.cloudfront.net\/2\/2021\/06\/Cavendish-2021-Tour-profimedia-0618582461-CVR.webp\",\"contentUrl\":\"https:\/\/d2p6e6u75xmxt8.cloudfront.net\/2\/2021\/06\/Cavendish-2021-Tour-profimedia-0618582461-CVR.webp\",\"width\":894,\"height\":596,\"caption\":\"Mark Cavendish wins stage 4\"},{\"@type\":\"BreadcrumbList\",\"@id\":\"https:\/\/www.welovecycling.com\/wide\/2021\/06\/30\/mark-cavendish-wins-stage-four-and-claims-the-skoda-green-jersey\/#breadcrumb\",\"itemListElement\":[{\"@type\":\"ListItem\",\"position\":1,\"name\":\"Home\",\"item\":\"https:\/\/www.welovecycling.com\/wide\/\"},{\"@type\":\"ListItem\",\"position\":2,\"name\":\"Mark Cavendish Wins Stage Four and Claims the \u0160koda Green Jersey\"}]},{\"@type\":\"WebSite\",\"@id\":\"https:\/\/www.welovecycling.com\/wide\/#website\",\"url\":\"https:\/\/www.welovecycling.com\/wide\/\",\"name\":\"\u0160koda We Love Cycling\",\"description\":\"\u0160koda We Love Cycling magazine\",\"alternateName\":\"\u0160koda WLC\",\"potentialAction\":[{\"@type\":\"SearchAction\",\"target\":{\"@type\":\"EntryPoint\",\"urlTemplate\":\"https:\/\/www.welovecycling.com\/wide\/?s={search_term_string}\"},\"query-input\":{\"@type\":\"PropertyValueSpecification\",\"valueRequired\":true,\"valueName\":\"search_term_string\"}}],\"inLanguage\":\"en-US\"},{\"@type\":\"Person\",\"@id\":\"https:\/\/www.welovecycling.com\/wide\/#\/schema\/person\/50f01ecd18718d2333cf72e823c4f926\",\"name\":\"tereza\",\"image\":{\"@type\":\"ImageObject\",\"inLanguage\":\"en-US\",\"@id\":\"https:\/\/www.welovecycling.com\/wide\/#\/schema\/person\/image\/\",\"url\":\"https:\/\/secure.gravatar.com\/avatar\/1f9eb71be33845f0afabce3791bc1c58ecdb0a25c62964987e5dbcf7a20d2ec7?s=96&d=mm&r=g\",\"contentUrl\":\"https:\/\/secure.gravatar.com\/avatar\/1f9eb71be33845f0afabce3791bc1c58ecdb0a25c62964987e5dbcf7a20d2ec7?s=96&d=mm&r=g\",\"caption\":\"tereza\"},\"url\":\"https:\/\/www.welovecycling.com\/wide\/author\/tereza\/\"}]}<\/script>\n<!-- \/ Yoast SEO Premium plugin. -->","yoast_head_json":{"title":"Mark Cavendish Wins Stage Four and Claims the \u0160koda Green Jersey","description":"The cycling legend took his first real chance at a stage victory and turned it into his 31st Tour win and a \u0160koda Green Jersey.","robots":{"index":"index","follow":"follow","max-snippet":"max-snippet:-1","max-image-preview":"max-image-preview:large","max-video-preview":"max-video-preview:-1"},"canonical":"https:\/\/www.welovecycling.com\/wide\/2021\/06\/30\/mark-cavendish-wins-stage-four-and-claims-the-skoda-green-jersey\/","og_locale":"en_US","og_type":"article","og_title":"Mark Cavendish Wins Stage Four and Claims the \u0160koda Green Jersey","og_description":"The cycling legend took his first real chance at a stage victory and turned it into his 31st Tour win and a \u0160koda Green Jersey.","og_url":"https:\/\/www.welovecycling.com\/wide\/2021\/06\/30\/mark-cavendish-wins-stage-four-and-claims-the-skoda-green-jersey\/","og_site_name":"\u0160koda We Love Cycling","article_published_time":"2021-06-30T09:32:16+00:00","og_image":[{"width":894,"height":596,"url":"https:\/\/d2p6e6u75xmxt8.cloudfront.net\/2\/2021\/06\/Cavendish-2021-Tour-profimedia-0618582461-CVR.webp","type":"image\/webp"}],"author":"tereza","twitter_card":"summary_large_image","twitter_misc":{"Written by":"Monica Buck","Est. reading time":"4"},"schema":{"@context":"https:\/\/schema.org","@graph":[{"@type":"WebPage","@id":"https:\/\/www.welovecycling.com\/wide\/2021\/06\/30\/mark-cavendish-wins-stage-four-and-claims-the-skoda-green-jersey\/","url":"https:\/\/www.welovecycling.com\/wide\/2021\/06\/30\/mark-cavendish-wins-stage-four-and-claims-the-skoda-green-jersey\/","name":"Mark Cavendish Wins Stage Four and Claims the \u0160koda Green Jersey","isPartOf":{"@id":"https:\/\/www.welovecycling.com\/wide\/#website"},"primaryImageOfPage":{"@id":"https:\/\/www.welovecycling.com\/wide\/2021\/06\/30\/mark-cavendish-wins-stage-four-and-claims-the-skoda-green-jersey\/#primaryimage"},"image":{"@id":"https:\/\/www.welovecycling.com\/wide\/2021\/06\/30\/mark-cavendish-wins-stage-four-and-claims-the-skoda-green-jersey\/#primaryimage"},"thumbnailUrl":"https:\/\/d2p6e6u75xmxt8.cloudfront.net\/2\/2021\/06\/Cavendish-2021-Tour-profimedia-0618582461-CVR.webp","datePublished":"2021-06-30T09:32:16+00:00","author":{"@id":"https:\/\/www.welovecycling.com\/wide\/#\/schema\/person\/50f01ecd18718d2333cf72e823c4f926"},"description":"The cycling legend took his first real chance at a stage victory and turned it into his 31st Tour win and a \u0160koda Green Jersey.","breadcrumb":{"@id":"https:\/\/www.welovecycling.com\/wide\/2021\/06\/30\/mark-cavendish-wins-stage-four-and-claims-the-skoda-green-jersey\/#breadcrumb"},"inLanguage":"en-US","potentialAction":[{"@type":"ReadAction","target":["https:\/\/www.welovecycling.com\/wide\/2021\/06\/30\/mark-cavendish-wins-stage-four-and-claims-the-skoda-green-jersey\/"]}]},{"@type":"ImageObject","inLanguage":"en-US","@id":"https:\/\/www.welovecycling.com\/wide\/2021\/06\/30\/mark-cavendish-wins-stage-four-and-claims-the-skoda-green-jersey\/#primaryimage","url":"https:\/\/d2p6e6u75xmxt8.cloudfront.net\/2\/2021\/06\/Cavendish-2021-Tour-profimedia-0618582461-CVR.webp","contentUrl":"https:\/\/d2p6e6u75xmxt8.cloudfront.net\/2\/2021\/06\/Cavendish-2021-Tour-profimedia-0618582461-CVR.webp","width":894,"height":596,"caption":"Mark Cavendish wins stage 4"},{"@type":"BreadcrumbList","@id":"https:\/\/www.welovecycling.com\/wide\/2021\/06\/30\/mark-cavendish-wins-stage-four-and-claims-the-skoda-green-jersey\/#breadcrumb","itemListElement":[{"@type":"ListItem","position":1,"name":"Home","item":"https:\/\/www.welovecycling.com\/wide\/"},{"@type":"ListItem","position":2,"name":"Mark Cavendish Wins Stage Four and Claims the \u0160koda Green Jersey"}]},{"@type":"WebSite","@id":"https:\/\/www.welovecycling.com\/wide\/#website","url":"https:\/\/www.welovecycling.com\/wide\/","name":"\u0160koda We Love Cycling","description":"\u0160koda We Love Cycling magazine","alternateName":"\u0160koda WLC","potentialAction":[{"@type":"SearchAction","target":{"@type":"EntryPoint","urlTemplate":"https:\/\/www.welovecycling.com\/wide\/?s={search_term_string}"},"query-input":{"@type":"PropertyValueSpecification","valueRequired":true,"valueName":"search_term_string"}}],"inLanguage":"en-US"},{"@type":"Person","@id":"https:\/\/www.welovecycling.com\/wide\/#\/schema\/person\/50f01ecd18718d2333cf72e823c4f926","name":"tereza","image":{"@type":"ImageObject","inLanguage":"en-US","@id":"https:\/\/www.welovecycling.com\/wide\/#\/schema\/person\/image\/","url":"https:\/\/secure.gravatar.com\/avatar\/1f9eb71be33845f0afabce3791bc1c58ecdb0a25c62964987e5dbcf7a20d2ec7?s=96&d=mm&r=g","contentUrl":"https:\/\/secure.gravatar.com\/avatar\/1f9eb71be33845f0afabce3791bc1c58ecdb0a25c62964987e5dbcf7a20d2ec7?s=96&d=mm&r=g","caption":"tereza"},"url":"https:\/\/www.welovecycling.com\/wide\/author\/tereza\/"}]}},"_links":{"self":[{"href":"https:\/\/www.welovecycling.com\/wide\/wp-json\/wp\/v2\/posts\/184353","targetHints":{"allow":["GET"]}}],"collection":[{"href":"https:\/\/www.welovecycling.com\/wide\/wp-json\/wp\/v2\/posts"}],"about":[{"href":"https:\/\/www.welovecycling.com\/wide\/wp-json\/wp\/v2\/types\/post"}],"author":[{"embeddable":true,"href":"https:\/\/www.welovecycling.com\/wide\/wp-json\/wp\/v2\/users\/99"}],"replies":[{"embeddable":true,"href":"https:\/\/www.welovecycling.com\/wide\/wp-json\/wp\/v2\/comments?post=184353"}],"version-history":[{"count":2,"href":"https:\/\/www.welovecycling.com\/wide\/wp-json\/wp\/v2\/posts\/184353\/revisions"}],"predecessor-version":[{"id":184358,"href":"https:\/\/www.welovecycling.com\/wide\/wp-json\/wp\/v2\/posts\/184353\/revisions\/184358"}],"wp:featuredmedia":[{"embeddable":true,"href":"https:\/\/www.welovecycling.com\/wide\/wp-json\/wp\/v2\/media\/184354"}],"wp:attachment":[{"href":"https:\/\/www.welovecycling.com\/wide\/wp-json\/wp\/v2\/media?parent=184353"}],"wp:term":[{"taxonomy":"category","embeddable":true,"href":"https:\/\/www.welovecycling.com\/wide\/wp-json\/wp\/v2\/categories?post=184353"},{"taxonomy":"post_tag","embeddable":true,"href":"https:\/\/www.welovecycling.com\/wide\/wp-json\/wp\/v2\/tags?post=184353"},{"taxonomy":"global-categories","embeddable":true,"href":"https:\/\/www.welovecycling.com\/wide\/wp-json\/wp\/v2\/global-categories?post=184353"}],"curies":[{"name":"wp","href":"https:\/\/api.w.org\/{rel}","templated":true}]}}