{"id":184348,"date":"2021-06-29T10:38:24","date_gmt":"2021-06-29T10:38:24","guid":{"rendered":"https:\/\/www.welovecycling.com\/wide\/?p=184348"},"modified":"2021-06-29T10:39:14","modified_gmt":"2021-06-29T10:39:14","slug":"ride2unite-podcast-with-primoz-roglic-i-had-to-learn-how-to-suffer","status":"publish","type":"post","link":"https:\/\/www.welovecycling.com\/wide\/2021\/06\/29\/ride2unite-podcast-with-primoz-roglic-i-had-to-learn-how-to-suffer\/","title":{"rendered":"#Ride2Unite Podcast with Primo\u017e Rogli\u010d: \u201cI Had to Learn How to Suffer\u201d"},"content":{"rendered":"<p><strong>It\u2019s almost impossible not to come across his name in the world of professional road cycling. His improbable (and late, by pro cycling standards) rise to fame over the last six years continues to mesmerize the world. Primo\u017e Rogli\u010d, the 31-year-old UCI WorldTeam Slovenian rider for Team Jumbo\u2013Visma, was Anna Glowinski\u2019s latest guest in another episode of the #Ride2Unite podcast.\u00a0<\/strong><\/p>\n<p><!--more--><\/p>\n<p>Anna set out to delve deeper into the \u201cnow\u201d instead of recapping Rogli\u010d\u2019s incredible backstory for the umpteenth time. She was interested in the current motivation, mindset and attitude of the present world No. 1 UCI-ranked road cyclist just days before the <a href=\"https:\/\/www.letour.fr\/en\/\">2021 Tour de France<\/a> was scheduled to start. She wasted no time and went straight for the big question \u2013 why was he so driven to be the best in cycling? \u201cWhen I was a ski jumper, I was dreaming of being the best. I wasn\u2019t the worst but it was not what I wanted to be. Cycling is really incredible and I can be the best one \u2013 it\u2019s a dream come true.\u201d<\/p>\n<div class=\"embed-controller-wrapper\"><iframe title=\"Spotify Embed: \u201cI Had to Learn How to Suffer\u201d: #Ride2Unite Podcast with Primo\u017e Rogli\u010d\" style=\"border-radius: 12px\" width=\"100%\" height=\"152\" frameborder=\"0\" allowfullscreen allow=\"autoplay; clipboard-write; encrypted-media; fullscreen; picture-in-picture\" loading=\"lazy\" data-src=\"https:\/\/open.spotify.com\/embed\/episode\/3gJdvlZwia2oUTZzlX7TaJ?utm_source=oembed\"><\/iframe><\/div>\n<p>As Primo\u017e switched from ski jumping to road cycling quite late career-wise, Anna asked him if the change from one pro-level sport to another was naturally easy or if he needed to put his training wheels back on. Primo\u017e was pretty candid about it: \u201cI had to learn everything, basically. Riding in the peloton, taking the bidons [\u2026], putting clothes on, putting clothes off, peeing \u2013 all while on the bike. Also to learn how to suffer. [\u2026] Cycling is a tough sport and I had to learn a lot in that aspect.\u201d<\/p>\n<p>Listen to the freshest #Ride2Unite podcast to find out how it feels to be the world\u2019s best, what reaching the \u201ctop\u201d even means for Rogli\u010d, whether it brings personal satisfaction and how fame can shape one\u2019s life.<\/p>\n","protected":false},"excerpt":{"rendered":"<p>It\u2019s almost impossible not to come across his name in the world of professional road cycling. His improbable (and late, [&hellip;]<\/p>\n","protected":false},"author":99,"featured_media":184350,"comment_status":"open","ping_status":"open","sticky":false,"template":"","format":"video","meta":{"footnotes":""},"categories":[4142],"tags":[4140,4484,1221,5431],"global-categories":[3366],"class_list":["post-184348","post","type-post","status-publish","format-video","has-post-thumbnail","hentry","category-ride2unite","tag-ride2unite","tag-anna-glowinski","tag-primoz-roglic","tag-uci-worldteam","post_format-post-format-video","global-categories-cycling"],"yoast_head":"<!-- This site is optimized with the Yoast SEO Premium plugin v25.3 (Yoast SEO v25.9) - https:\/\/yoast.com\/wordpress\/plugins\/seo\/ -->\n<title>#Ride2Unite Podcast with Primo\u017e Rogli\u010d: \u201cI Had to Learn How to Suffer\u201d<\/title>\n<meta name=\"description\" content=\"It\u2019s almost impossible not to come across his name in the world of professional road cycling. His improbable (and late, by pro cycling standards) rise to\" \/>\n<meta name=\"robots\" content=\"index, follow, max-snippet:-1, max-image-preview:large, max-video-preview:-1\" \/>\n<link rel=\"canonical\" href=\"https:\/\/www.welovecycling.com\/wide\/2021\/06\/29\/ride2unite-podcast-with-primoz-roglic-i-had-to-learn-how-to-suffer\/\" \/>\n<meta property=\"og:locale\" content=\"en_US\" \/>\n<meta property=\"og:type\" content=\"article\" \/>\n<meta property=\"og:title\" content=\"#Ride2Unite Podcast with Primo\u017e Rogli\u010d: \u201cI Had to Learn How to Suffer\u201d\" \/>\n<meta property=\"og:description\" content=\"It\u2019s almost impossible not to come across his name in the world of professional road cycling. His improbable (and late, by pro cycling standards) rise to\" \/>\n<meta property=\"og:url\" content=\"https:\/\/www.welovecycling.com\/wide\/2021\/06\/29\/ride2unite-podcast-with-primoz-roglic-i-had-to-learn-how-to-suffer\/\" \/>\n<meta property=\"og:site_name\" content=\"\u0160koda We Love Cycling\" \/>\n<meta property=\"article:published_time\" content=\"2021-06-29T10:38:24+00:00\" \/>\n<meta property=\"article:modified_time\" content=\"2021-06-29T10:39:14+00:00\" \/>\n<meta property=\"og:image\" content=\"https:\/\/d2p6e6u75xmxt8.cloudfront.net\/2\/2021\/06\/WLC_R2U_ArticleCover_Roglic.webp\" \/>\n\t<meta property=\"og:image:width\" content=\"900\" \/>\n\t<meta property=\"og:image:height\" content=\"600\" \/>\n\t<meta property=\"og:image:type\" content=\"image\/webp\" \/>\n<meta name=\"author\" content=\"tereza\" \/>\n<meta name=\"twitter:card\" content=\"summary_large_image\" \/>\n<meta name=\"twitter:label1\" content=\"Written by\" \/>\n\t<meta name=\"twitter:data1\" content=\"Frantiska Blazkova\" \/>\n\t<meta name=\"twitter:label2\" content=\"Est. watching time\" \/>\n\t<meta name=\"twitter:data2\" content=\"4\" \/>\n<script type=\"application\/ld+json\" class=\"yoast-schema-graph\">{\"@context\":\"https:\/\/schema.org\",\"@graph\":[{\"@type\":\"WebPage\",\"@id\":\"https:\/\/www.welovecycling.com\/wide\/2021\/06\/29\/ride2unite-podcast-with-primoz-roglic-i-had-to-learn-how-to-suffer\/\",\"url\":\"https:\/\/www.welovecycling.com\/wide\/2021\/06\/29\/ride2unite-podcast-with-primoz-roglic-i-had-to-learn-how-to-suffer\/\",\"name\":\"#Ride2Unite Podcast with Primo\u017e Rogli\u010d: \u201cI Had to Learn How to Suffer\u201d\",\"isPartOf\":{\"@id\":\"https:\/\/www.welovecycling.com\/wide\/#website\"},\"primaryImageOfPage\":{\"@id\":\"https:\/\/www.welovecycling.com\/wide\/2021\/06\/29\/ride2unite-podcast-with-primoz-roglic-i-had-to-learn-how-to-suffer\/#primaryimage\"},\"image\":{\"@id\":\"https:\/\/www.welovecycling.com\/wide\/2021\/06\/29\/ride2unite-podcast-with-primoz-roglic-i-had-to-learn-how-to-suffer\/#primaryimage\"},\"thumbnailUrl\":\"https:\/\/d2p6e6u75xmxt8.cloudfront.net\/2\/2021\/06\/WLC_R2U_ArticleCover_Roglic.webp\",\"datePublished\":\"2021-06-29T10:38:24+00:00\",\"dateModified\":\"2021-06-29T10:39:14+00:00\",\"author\":{\"@id\":\"https:\/\/www.welovecycling.com\/wide\/#\/schema\/person\/50f01ecd18718d2333cf72e823c4f926\"},\"description\":\"It\u2019s almost impossible not to come across his name in the world of professional road cycling. His improbable (and late, by pro cycling standards) rise to\",\"breadcrumb\":{\"@id\":\"https:\/\/www.welovecycling.com\/wide\/2021\/06\/29\/ride2unite-podcast-with-primoz-roglic-i-had-to-learn-how-to-suffer\/#breadcrumb\"},\"inLanguage\":\"en-US\",\"potentialAction\":[{\"@type\":\"ReadAction\",\"target\":[\"https:\/\/www.welovecycling.com\/wide\/2021\/06\/29\/ride2unite-podcast-with-primoz-roglic-i-had-to-learn-how-to-suffer\/\"]}]},{\"@type\":\"ImageObject\",\"inLanguage\":\"en-US\",\"@id\":\"https:\/\/www.welovecycling.com\/wide\/2021\/06\/29\/ride2unite-podcast-with-primoz-roglic-i-had-to-learn-how-to-suffer\/#primaryimage\",\"url\":\"https:\/\/d2p6e6u75xmxt8.cloudfront.net\/2\/2021\/06\/WLC_R2U_ArticleCover_Roglic.webp\",\"contentUrl\":\"https:\/\/d2p6e6u75xmxt8.cloudfront.net\/2\/2021\/06\/WLC_R2U_ArticleCover_Roglic.webp\",\"width\":900,\"height\":600,\"caption\":\"Primo\u017e Rogli\u010d\"},{\"@type\":\"BreadcrumbList\",\"@id\":\"https:\/\/www.welovecycling.com\/wide\/2021\/06\/29\/ride2unite-podcast-with-primoz-roglic-i-had-to-learn-how-to-suffer\/#breadcrumb\",\"itemListElement\":[{\"@type\":\"ListItem\",\"position\":1,\"name\":\"Home\",\"item\":\"https:\/\/www.welovecycling.com\/wide\/\"},{\"@type\":\"ListItem\",\"position\":2,\"name\":\"#Ride2Unite Podcast with Primo\u017e Rogli\u010d: \u201cI Had to Learn How to Suffer\u201d\"}]},{\"@type\":\"WebSite\",\"@id\":\"https:\/\/www.welovecycling.com\/wide\/#website\",\"url\":\"https:\/\/www.welovecycling.com\/wide\/\",\"name\":\"\u0160koda We Love Cycling\",\"description\":\"\u0160koda We Love Cycling magazine\",\"alternateName\":\"\u0160koda WLC\",\"potentialAction\":[{\"@type\":\"SearchAction\",\"target\":{\"@type\":\"EntryPoint\",\"urlTemplate\":\"https:\/\/www.welovecycling.com\/wide\/?s={search_term_string}\"},\"query-input\":{\"@type\":\"PropertyValueSpecification\",\"valueRequired\":true,\"valueName\":\"search_term_string\"}}],\"inLanguage\":\"en-US\"},{\"@type\":\"Person\",\"@id\":\"https:\/\/www.welovecycling.com\/wide\/#\/schema\/person\/50f01ecd18718d2333cf72e823c4f926\",\"name\":\"tereza\",\"image\":{\"@type\":\"ImageObject\",\"inLanguage\":\"en-US\",\"@id\":\"https:\/\/www.welovecycling.com\/wide\/#\/schema\/person\/image\/\",\"url\":\"https:\/\/secure.gravatar.com\/avatar\/1f9eb71be33845f0afabce3791bc1c58ecdb0a25c62964987e5dbcf7a20d2ec7?s=96&d=mm&r=g\",\"contentUrl\":\"https:\/\/secure.gravatar.com\/avatar\/1f9eb71be33845f0afabce3791bc1c58ecdb0a25c62964987e5dbcf7a20d2ec7?s=96&d=mm&r=g\",\"caption\":\"tereza\"},\"url\":\"https:\/\/www.welovecycling.com\/wide\/author\/tereza\/\"}]}<\/script>\n<!-- \/ Yoast SEO Premium plugin. -->","yoast_head_json":{"title":"#Ride2Unite Podcast with Primo\u017e Rogli\u010d: \u201cI Had to Learn How to Suffer\u201d","description":"It\u2019s almost impossible not to come across his name in the world of professional road cycling. His improbable (and late, by pro cycling standards) rise to","robots":{"index":"index","follow":"follow","max-snippet":"max-snippet:-1","max-image-preview":"max-image-preview:large","max-video-preview":"max-video-preview:-1"},"canonical":"https:\/\/www.welovecycling.com\/wide\/2021\/06\/29\/ride2unite-podcast-with-primoz-roglic-i-had-to-learn-how-to-suffer\/","og_locale":"en_US","og_type":"article","og_title":"#Ride2Unite Podcast with Primo\u017e Rogli\u010d: \u201cI Had to Learn How to Suffer\u201d","og_description":"It\u2019s almost impossible not to come across his name in the world of professional road cycling. His improbable (and late, by pro cycling standards) rise to","og_url":"https:\/\/www.welovecycling.com\/wide\/2021\/06\/29\/ride2unite-podcast-with-primoz-roglic-i-had-to-learn-how-to-suffer\/","og_site_name":"\u0160koda We Love Cycling","article_published_time":"2021-06-29T10:38:24+00:00","article_modified_time":"2021-06-29T10:39:14+00:00","og_image":[{"width":900,"height":600,"url":"https:\/\/d2p6e6u75xmxt8.cloudfront.net\/2\/2021\/06\/WLC_R2U_ArticleCover_Roglic.webp","type":"image\/webp"}],"author":"tereza","twitter_card":"summary_large_image","twitter_misc":{"Written by":"Frantiska Blazkova","Est. watching time":"4"},"schema":{"@context":"https:\/\/schema.org","@graph":[{"@type":"WebPage","@id":"https:\/\/www.welovecycling.com\/wide\/2021\/06\/29\/ride2unite-podcast-with-primoz-roglic-i-had-to-learn-how-to-suffer\/","url":"https:\/\/www.welovecycling.com\/wide\/2021\/06\/29\/ride2unite-podcast-with-primoz-roglic-i-had-to-learn-how-to-suffer\/","name":"#Ride2Unite Podcast with Primo\u017e Rogli\u010d: \u201cI Had to Learn How to Suffer\u201d","isPartOf":{"@id":"https:\/\/www.welovecycling.com\/wide\/#website"},"primaryImageOfPage":{"@id":"https:\/\/www.welovecycling.com\/wide\/2021\/06\/29\/ride2unite-podcast-with-primoz-roglic-i-had-to-learn-how-to-suffer\/#primaryimage"},"image":{"@id":"https:\/\/www.welovecycling.com\/wide\/2021\/06\/29\/ride2unite-podcast-with-primoz-roglic-i-had-to-learn-how-to-suffer\/#primaryimage"},"thumbnailUrl":"https:\/\/d2p6e6u75xmxt8.cloudfront.net\/2\/2021\/06\/WLC_R2U_ArticleCover_Roglic.webp","datePublished":"2021-06-29T10:38:24+00:00","dateModified":"2021-06-29T10:39:14+00:00","author":{"@id":"https:\/\/www.welovecycling.com\/wide\/#\/schema\/person\/50f01ecd18718d2333cf72e823c4f926"},"description":"It\u2019s almost impossible not to come across his name in the world of professional road cycling. His improbable (and late, by pro cycling standards) rise to","breadcrumb":{"@id":"https:\/\/www.welovecycling.com\/wide\/2021\/06\/29\/ride2unite-podcast-with-primoz-roglic-i-had-to-learn-how-to-suffer\/#breadcrumb"},"inLanguage":"en-US","potentialAction":[{"@type":"ReadAction","target":["https:\/\/www.welovecycling.com\/wide\/2021\/06\/29\/ride2unite-podcast-with-primoz-roglic-i-had-to-learn-how-to-suffer\/"]}]},{"@type":"ImageObject","inLanguage":"en-US","@id":"https:\/\/www.welovecycling.com\/wide\/2021\/06\/29\/ride2unite-podcast-with-primoz-roglic-i-had-to-learn-how-to-suffer\/#primaryimage","url":"https:\/\/d2p6e6u75xmxt8.cloudfront.net\/2\/2021\/06\/WLC_R2U_ArticleCover_Roglic.webp","contentUrl":"https:\/\/d2p6e6u75xmxt8.cloudfront.net\/2\/2021\/06\/WLC_R2U_ArticleCover_Roglic.webp","width":900,"height":600,"caption":"Primo\u017e Rogli\u010d"},{"@type":"BreadcrumbList","@id":"https:\/\/www.welovecycling.com\/wide\/2021\/06\/29\/ride2unite-podcast-with-primoz-roglic-i-had-to-learn-how-to-suffer\/#breadcrumb","itemListElement":[{"@type":"ListItem","position":1,"name":"Home","item":"https:\/\/www.welovecycling.com\/wide\/"},{"@type":"ListItem","position":2,"name":"#Ride2Unite Podcast with Primo\u017e Rogli\u010d: \u201cI Had to Learn How to Suffer\u201d"}]},{"@type":"WebSite","@id":"https:\/\/www.welovecycling.com\/wide\/#website","url":"https:\/\/www.welovecycling.com\/wide\/","name":"\u0160koda We Love Cycling","description":"\u0160koda We Love Cycling magazine","alternateName":"\u0160koda WLC","potentialAction":[{"@type":"SearchAction","target":{"@type":"EntryPoint","urlTemplate":"https:\/\/www.welovecycling.com\/wide\/?s={search_term_string}"},"query-input":{"@type":"PropertyValueSpecification","valueRequired":true,"valueName":"search_term_string"}}],"inLanguage":"en-US"},{"@type":"Person","@id":"https:\/\/www.welovecycling.com\/wide\/#\/schema\/person\/50f01ecd18718d2333cf72e823c4f926","name":"tereza","image":{"@type":"ImageObject","inLanguage":"en-US","@id":"https:\/\/www.welovecycling.com\/wide\/#\/schema\/person\/image\/","url":"https:\/\/secure.gravatar.com\/avatar\/1f9eb71be33845f0afabce3791bc1c58ecdb0a25c62964987e5dbcf7a20d2ec7?s=96&d=mm&r=g","contentUrl":"https:\/\/secure.gravatar.com\/avatar\/1f9eb71be33845f0afabce3791bc1c58ecdb0a25c62964987e5dbcf7a20d2ec7?s=96&d=mm&r=g","caption":"tereza"},"url":"https:\/\/www.welovecycling.com\/wide\/author\/tereza\/"}]}},"_links":{"self":[{"href":"https:\/\/www.welovecycling.com\/wide\/wp-json\/wp\/v2\/posts\/184348","targetHints":{"allow":["GET"]}}],"collection":[{"href":"https:\/\/www.welovecycling.com\/wide\/wp-json\/wp\/v2\/posts"}],"about":[{"href":"https:\/\/www.welovecycling.com\/wide\/wp-json\/wp\/v2\/types\/post"}],"author":[{"embeddable":true,"href":"https:\/\/www.welovecycling.com\/wide\/wp-json\/wp\/v2\/users\/99"}],"replies":[{"embeddable":true,"href":"https:\/\/www.welovecycling.com\/wide\/wp-json\/wp\/v2\/comments?post=184348"}],"version-history":[{"count":2,"href":"https:\/\/www.welovecycling.com\/wide\/wp-json\/wp\/v2\/posts\/184348\/revisions"}],"predecessor-version":[{"id":184352,"href":"https:\/\/www.welovecycling.com\/wide\/wp-json\/wp\/v2\/posts\/184348\/revisions\/184352"}],"wp:featuredmedia":[{"embeddable":true,"href":"https:\/\/www.welovecycling.com\/wide\/wp-json\/wp\/v2\/media\/184350"}],"wp:attachment":[{"href":"https:\/\/www.welovecycling.com\/wide\/wp-json\/wp\/v2\/media?parent=184348"}],"wp:term":[{"taxonomy":"category","embeddable":true,"href":"https:\/\/www.welovecycling.com\/wide\/wp-json\/wp\/v2\/categories?post=184348"},{"taxonomy":"post_tag","embeddable":true,"href":"https:\/\/www.welovecycling.com\/wide\/wp-json\/wp\/v2\/tags?post=184348"},{"taxonomy":"global-categories","embeddable":true,"href":"https:\/\/www.welovecycling.com\/wide\/wp-json\/wp\/v2\/global-categories?post=184348"}],"curies":[{"name":"wp","href":"https:\/\/api.w.org\/{rel}","templated":true}]}}