{"id":184277,"date":"2021-06-24T15:09:47","date_gmt":"2021-06-24T15:09:47","guid":{"rendered":"https:\/\/www.welovecycling.com\/wide\/?p=184277"},"modified":"2021-06-24T15:09:47","modified_gmt":"2021-06-24T15:09:47","slug":"mark-cavendish-will-not-go-for-eddy-merckxs-record-at-the-tour","status":"publish","type":"post","link":"https:\/\/www.welovecycling.com\/wide\/2021\/06\/24\/mark-cavendish-will-not-go-for-eddy-merckxs-record-at-the-tour\/","title":{"rendered":"Mark Cavendish Will Not Go for Eddy Merckx\u2019s Record at the Tour"},"content":{"rendered":"<p><strong>Unfortunately, the defending champ of the \u0160koda Green Jersey, Sam Bennett, is not fit enough to race at the 2021 Tour de France. Deceuninck \u2013 Quick-Step GM, Patrick Lefevere, therefore had to choose a different sprinter from the team\u2019s ranks. And to the delight of many, he pointed the finger at Mark Cavendish. The Manxman will make his return to the Tour for the first time since 2018 after a series of promising results in recent months. However, as his coach pointed out in an interview for the <a href=\"https:\/\/www.youtube.com\/watch?v=MAi25vJawSw\">Tour de Greaves Cycling Show<\/a>, he will not chase down the legendary Eddy Merckx\u2019s record of 34 stage victories. Cavendish currently sits in second place with 30 wins.<\/strong><\/p>\n<p><!--more--><\/p>\n<p>Vasilis Anastopoulos said: &#8220;We\u2019re not going to chase down the record of <a href=\"https:\/\/www.welovecycling.com\/wide\/2020\/09\/21\/eddy-merckx-versus-the-world-at-the-1971-tour-de-france\/\">Eddy Merckx<\/a> because that\u2019s something he has never talked about. It\u2019s always around the media and journalists who make those questions. For me, personally, I\u2019m really happy that Cav is able to start on Saturday.<\/p>\n<figure id=\"attachment_151369\" aria-describedby=\"caption-attachment-151369\" style=\"width: 1024px\" class=\"wp-caption alignnone\"><a href=\"https:\/\/d2p6e6u75xmxt8.cloudfront.net\/2\/2017\/05\/profimedia-0068068384.jpg\"><img loading=\"lazy\" decoding=\"async\" class=\"wp-image-151369 size-large\" src=\"https:\/\/d2p6e6u75xmxt8.cloudfront.net\/2\/2017\/05\/profimedia-0068068384-1024x1000.jpg\" alt=\"Eddy Merckx\" width=\"1024\" height=\"1000\" \/><\/a><figcaption id=\"caption-attachment-151369\" class=\"wp-caption-text\">Cavendish will not go for Merckx&#8217;s record this year. \u00a9 Profimedia, Roger Viollet<\/figcaption><\/figure>\n<p>&#8220;If he wins a stage, chapeau, it would be great. If he doesn\u2019t, nobody\u2019s going to blame him because he came up from nowhere. He hadn\u2019t won anything for the last three years and went through some really bad moments, he fought with depression, he almost quit last year but everybody knows the story.<\/p>\n<p>&#8220;To me, personally, as his coach, I\u2019m already happy he has five wins this year. He proved that he can be up there again with the best guys. He\u2019s not finished yet.&#8221;<\/p>\n<figure id=\"attachment_184278\" aria-describedby=\"caption-attachment-184278\" style=\"width: 1000px\" class=\"wp-caption alignnone\"><a href=\"https:\/\/d2p6e6u75xmxt8.cloudfront.net\/2\/2021\/06\/Mark-Cavendish-profimedia-0610904914.jpg\"><img loading=\"lazy\" decoding=\"async\" class=\"size-full wp-image-184278\" src=\"https:\/\/d2p6e6u75xmxt8.cloudfront.net\/2\/2021\/06\/Mark-Cavendish-profimedia-0610904914.jpg\" alt=\"Mark Cavendish\" width=\"1000\" height=\"666\" \/><\/a><figcaption id=\"caption-attachment-184278\" class=\"wp-caption-text\">Cavendish at the tart of the Grote Prijs Vermarc Sport men elite cycling race. \u00a9 Profimedia<\/figcaption><\/figure>\n<p>Mark Cavendish started his winning streak at the Tour of Turkey. He won four stages there and went on to win the final stage of the Belgium Tour against some of the biggest world\u2019s names. However, he didn\u2019t win a stage at the Tour since 2016.<\/p>\n<p>The Manxman isn\u2019t expected to change that in the first few stages. Those are more suited to the likes of Peter Sagan (Bora-Hansgrohe) or Julian Alaphilippe (Deceuninck \u2013 Quick-Step). The first real chance will present itself on stage four, a pan flat course running 150.4 km.<\/p>\n<p>Will Mark Cavendish beat his rivals? We sure cannot wait to find out.<\/p>\n","protected":false},"excerpt":{"rendered":"<p>Unfortunately, the defending champ of the \u0160koda Green Jersey, Sam Bennett, is not fit enough to race at the 2021 [&hellip;]<\/p>\n","protected":false},"author":99,"featured_media":184276,"comment_status":"open","ping_status":"open","sticky":false,"template":"","format":"standard","meta":{"footnotes":""},"categories":[329],"tags":[5389,954,1887,461,381,433,5421],"global-categories":[3366],"class_list":["post-184277","post","type-post","status-publish","format-standard","has-post-thumbnail","hentry","category-road-cycling","tag-2021-tour","tag-eddy-merckx","tag-julian-alaphilippe","tag-mark-cavendish","tag-peter-sagan","tag-tour-de-france","tag-vasilis-anastopoulos","global-categories-cycling"],"yoast_head":"<!-- This site is optimized with the Yoast SEO Premium plugin v25.3 (Yoast SEO v25.9) - https:\/\/yoast.com\/wordpress\/plugins\/seo\/ -->\n<title>Mark Cavendish Will Not Go for Eddy Merckx\u2019s Record at the Tour<\/title>\n<meta name=\"description\" content=\"Unfortunately, the defending champ of the \u0160koda Green Jersey, Sam Bennett, is not fit enough to race at the 2021 Tour de France. Deceuninck \u2013 Quick-Step\" \/>\n<meta name=\"robots\" content=\"index, follow, max-snippet:-1, max-image-preview:large, max-video-preview:-1\" \/>\n<link rel=\"canonical\" href=\"https:\/\/www.welovecycling.com\/wide\/2021\/06\/24\/mark-cavendish-will-not-go-for-eddy-merckxs-record-at-the-tour\/\" \/>\n<meta property=\"og:locale\" content=\"en_US\" \/>\n<meta property=\"og:type\" content=\"article\" \/>\n<meta property=\"og:title\" content=\"Mark Cavendish Will Not Go for Eddy Merckx\u2019s Record at the Tour\" \/>\n<meta property=\"og:description\" content=\"Unfortunately, the defending champ of the \u0160koda Green Jersey, Sam Bennett, is not fit enough to race at the 2021 Tour de France. Deceuninck \u2013 Quick-Step\" \/>\n<meta property=\"og:url\" content=\"https:\/\/www.welovecycling.com\/wide\/2021\/06\/24\/mark-cavendish-will-not-go-for-eddy-merckxs-record-at-the-tour\/\" \/>\n<meta property=\"og:site_name\" content=\"\u0160koda We Love Cycling\" \/>\n<meta property=\"article:published_time\" content=\"2021-06-24T15:09:47+00:00\" \/>\n<meta property=\"og:image\" content=\"https:\/\/d2p6e6u75xmxt8.cloudfront.net\/2\/2021\/06\/Mark-Cavendish-profimedia-0615474917-CVR.webp\" \/>\n\t<meta property=\"og:image:width\" content=\"894\" \/>\n\t<meta property=\"og:image:height\" content=\"596\" \/>\n\t<meta property=\"og:image:type\" content=\"image\/webp\" \/>\n<meta name=\"author\" content=\"tereza\" \/>\n<meta name=\"twitter:card\" content=\"summary_large_image\" \/>\n<meta name=\"twitter:label1\" content=\"Written by\" \/>\n\t<meta name=\"twitter:data1\" content=\"Monica Buck\" \/>\n\t<meta name=\"twitter:label2\" content=\"Est. reading time\" \/>\n\t<meta name=\"twitter:data2\" content=\"5\" \/>\n<script type=\"application\/ld+json\" class=\"yoast-schema-graph\">{\"@context\":\"https:\/\/schema.org\",\"@graph\":[{\"@type\":\"WebPage\",\"@id\":\"https:\/\/www.welovecycling.com\/wide\/2021\/06\/24\/mark-cavendish-will-not-go-for-eddy-merckxs-record-at-the-tour\/\",\"url\":\"https:\/\/www.welovecycling.com\/wide\/2021\/06\/24\/mark-cavendish-will-not-go-for-eddy-merckxs-record-at-the-tour\/\",\"name\":\"Mark Cavendish Will Not Go for Eddy Merckx\u2019s Record at the Tour\",\"isPartOf\":{\"@id\":\"https:\/\/www.welovecycling.com\/wide\/#website\"},\"primaryImageOfPage\":{\"@id\":\"https:\/\/www.welovecycling.com\/wide\/2021\/06\/24\/mark-cavendish-will-not-go-for-eddy-merckxs-record-at-the-tour\/#primaryimage\"},\"image\":{\"@id\":\"https:\/\/www.welovecycling.com\/wide\/2021\/06\/24\/mark-cavendish-will-not-go-for-eddy-merckxs-record-at-the-tour\/#primaryimage\"},\"thumbnailUrl\":\"https:\/\/d2p6e6u75xmxt8.cloudfront.net\/2\/2021\/06\/Mark-Cavendish-profimedia-0615474917-CVR.webp\",\"datePublished\":\"2021-06-24T15:09:47+00:00\",\"author\":{\"@id\":\"https:\/\/www.welovecycling.com\/wide\/#\/schema\/person\/50f01ecd18718d2333cf72e823c4f926\"},\"description\":\"Unfortunately, the defending champ of the \u0160koda Green Jersey, Sam Bennett, is not fit enough to race at the 2021 Tour de France. Deceuninck \u2013 Quick-Step\",\"breadcrumb\":{\"@id\":\"https:\/\/www.welovecycling.com\/wide\/2021\/06\/24\/mark-cavendish-will-not-go-for-eddy-merckxs-record-at-the-tour\/#breadcrumb\"},\"inLanguage\":\"en-US\",\"potentialAction\":[{\"@type\":\"ReadAction\",\"target\":[\"https:\/\/www.welovecycling.com\/wide\/2021\/06\/24\/mark-cavendish-will-not-go-for-eddy-merckxs-record-at-the-tour\/\"]}]},{\"@type\":\"ImageObject\",\"inLanguage\":\"en-US\",\"@id\":\"https:\/\/www.welovecycling.com\/wide\/2021\/06\/24\/mark-cavendish-will-not-go-for-eddy-merckxs-record-at-the-tour\/#primaryimage\",\"url\":\"https:\/\/d2p6e6u75xmxt8.cloudfront.net\/2\/2021\/06\/Mark-Cavendish-profimedia-0615474917-CVR.webp\",\"contentUrl\":\"https:\/\/d2p6e6u75xmxt8.cloudfront.net\/2\/2021\/06\/Mark-Cavendish-profimedia-0615474917-CVR.webp\",\"width\":894,\"height\":596,\"caption\":\"Mark Cavendish\"},{\"@type\":\"BreadcrumbList\",\"@id\":\"https:\/\/www.welovecycling.com\/wide\/2021\/06\/24\/mark-cavendish-will-not-go-for-eddy-merckxs-record-at-the-tour\/#breadcrumb\",\"itemListElement\":[{\"@type\":\"ListItem\",\"position\":1,\"name\":\"Home\",\"item\":\"https:\/\/www.welovecycling.com\/wide\/\"},{\"@type\":\"ListItem\",\"position\":2,\"name\":\"Mark Cavendish Will Not Go for Eddy Merckx\u2019s Record at the Tour\"}]},{\"@type\":\"WebSite\",\"@id\":\"https:\/\/www.welovecycling.com\/wide\/#website\",\"url\":\"https:\/\/www.welovecycling.com\/wide\/\",\"name\":\"\u0160koda We Love Cycling\",\"description\":\"\u0160koda We Love Cycling magazine\",\"alternateName\":\"\u0160koda WLC\",\"potentialAction\":[{\"@type\":\"SearchAction\",\"target\":{\"@type\":\"EntryPoint\",\"urlTemplate\":\"https:\/\/www.welovecycling.com\/wide\/?s={search_term_string}\"},\"query-input\":{\"@type\":\"PropertyValueSpecification\",\"valueRequired\":true,\"valueName\":\"search_term_string\"}}],\"inLanguage\":\"en-US\"},{\"@type\":\"Person\",\"@id\":\"https:\/\/www.welovecycling.com\/wide\/#\/schema\/person\/50f01ecd18718d2333cf72e823c4f926\",\"name\":\"tereza\",\"image\":{\"@type\":\"ImageObject\",\"inLanguage\":\"en-US\",\"@id\":\"https:\/\/www.welovecycling.com\/wide\/#\/schema\/person\/image\/\",\"url\":\"https:\/\/secure.gravatar.com\/avatar\/1f9eb71be33845f0afabce3791bc1c58ecdb0a25c62964987e5dbcf7a20d2ec7?s=96&d=mm&r=g\",\"contentUrl\":\"https:\/\/secure.gravatar.com\/avatar\/1f9eb71be33845f0afabce3791bc1c58ecdb0a25c62964987e5dbcf7a20d2ec7?s=96&d=mm&r=g\",\"caption\":\"tereza\"},\"url\":\"https:\/\/www.welovecycling.com\/wide\/author\/tereza\/\"}]}<\/script>\n<!-- \/ Yoast SEO Premium plugin. -->","yoast_head_json":{"title":"Mark Cavendish Will Not Go for Eddy Merckx\u2019s Record at the Tour","description":"Unfortunately, the defending champ of the \u0160koda Green Jersey, Sam Bennett, is not fit enough to race at the 2021 Tour de France. Deceuninck \u2013 Quick-Step","robots":{"index":"index","follow":"follow","max-snippet":"max-snippet:-1","max-image-preview":"max-image-preview:large","max-video-preview":"max-video-preview:-1"},"canonical":"https:\/\/www.welovecycling.com\/wide\/2021\/06\/24\/mark-cavendish-will-not-go-for-eddy-merckxs-record-at-the-tour\/","og_locale":"en_US","og_type":"article","og_title":"Mark Cavendish Will Not Go for Eddy Merckx\u2019s Record at the Tour","og_description":"Unfortunately, the defending champ of the \u0160koda Green Jersey, Sam Bennett, is not fit enough to race at the 2021 Tour de France. Deceuninck \u2013 Quick-Step","og_url":"https:\/\/www.welovecycling.com\/wide\/2021\/06\/24\/mark-cavendish-will-not-go-for-eddy-merckxs-record-at-the-tour\/","og_site_name":"\u0160koda We Love Cycling","article_published_time":"2021-06-24T15:09:47+00:00","og_image":[{"width":894,"height":596,"url":"https:\/\/d2p6e6u75xmxt8.cloudfront.net\/2\/2021\/06\/Mark-Cavendish-profimedia-0615474917-CVR.webp","type":"image\/webp"}],"author":"tereza","twitter_card":"summary_large_image","twitter_misc":{"Written by":"Monica Buck","Est. reading time":"5"},"schema":{"@context":"https:\/\/schema.org","@graph":[{"@type":"WebPage","@id":"https:\/\/www.welovecycling.com\/wide\/2021\/06\/24\/mark-cavendish-will-not-go-for-eddy-merckxs-record-at-the-tour\/","url":"https:\/\/www.welovecycling.com\/wide\/2021\/06\/24\/mark-cavendish-will-not-go-for-eddy-merckxs-record-at-the-tour\/","name":"Mark Cavendish Will Not Go for Eddy Merckx\u2019s Record at the Tour","isPartOf":{"@id":"https:\/\/www.welovecycling.com\/wide\/#website"},"primaryImageOfPage":{"@id":"https:\/\/www.welovecycling.com\/wide\/2021\/06\/24\/mark-cavendish-will-not-go-for-eddy-merckxs-record-at-the-tour\/#primaryimage"},"image":{"@id":"https:\/\/www.welovecycling.com\/wide\/2021\/06\/24\/mark-cavendish-will-not-go-for-eddy-merckxs-record-at-the-tour\/#primaryimage"},"thumbnailUrl":"https:\/\/d2p6e6u75xmxt8.cloudfront.net\/2\/2021\/06\/Mark-Cavendish-profimedia-0615474917-CVR.webp","datePublished":"2021-06-24T15:09:47+00:00","author":{"@id":"https:\/\/www.welovecycling.com\/wide\/#\/schema\/person\/50f01ecd18718d2333cf72e823c4f926"},"description":"Unfortunately, the defending champ of the \u0160koda Green Jersey, Sam Bennett, is not fit enough to race at the 2021 Tour de France. Deceuninck \u2013 Quick-Step","breadcrumb":{"@id":"https:\/\/www.welovecycling.com\/wide\/2021\/06\/24\/mark-cavendish-will-not-go-for-eddy-merckxs-record-at-the-tour\/#breadcrumb"},"inLanguage":"en-US","potentialAction":[{"@type":"ReadAction","target":["https:\/\/www.welovecycling.com\/wide\/2021\/06\/24\/mark-cavendish-will-not-go-for-eddy-merckxs-record-at-the-tour\/"]}]},{"@type":"ImageObject","inLanguage":"en-US","@id":"https:\/\/www.welovecycling.com\/wide\/2021\/06\/24\/mark-cavendish-will-not-go-for-eddy-merckxs-record-at-the-tour\/#primaryimage","url":"https:\/\/d2p6e6u75xmxt8.cloudfront.net\/2\/2021\/06\/Mark-Cavendish-profimedia-0615474917-CVR.webp","contentUrl":"https:\/\/d2p6e6u75xmxt8.cloudfront.net\/2\/2021\/06\/Mark-Cavendish-profimedia-0615474917-CVR.webp","width":894,"height":596,"caption":"Mark Cavendish"},{"@type":"BreadcrumbList","@id":"https:\/\/www.welovecycling.com\/wide\/2021\/06\/24\/mark-cavendish-will-not-go-for-eddy-merckxs-record-at-the-tour\/#breadcrumb","itemListElement":[{"@type":"ListItem","position":1,"name":"Home","item":"https:\/\/www.welovecycling.com\/wide\/"},{"@type":"ListItem","position":2,"name":"Mark Cavendish Will Not Go for Eddy Merckx\u2019s Record at the Tour"}]},{"@type":"WebSite","@id":"https:\/\/www.welovecycling.com\/wide\/#website","url":"https:\/\/www.welovecycling.com\/wide\/","name":"\u0160koda We Love Cycling","description":"\u0160koda We Love Cycling magazine","alternateName":"\u0160koda WLC","potentialAction":[{"@type":"SearchAction","target":{"@type":"EntryPoint","urlTemplate":"https:\/\/www.welovecycling.com\/wide\/?s={search_term_string}"},"query-input":{"@type":"PropertyValueSpecification","valueRequired":true,"valueName":"search_term_string"}}],"inLanguage":"en-US"},{"@type":"Person","@id":"https:\/\/www.welovecycling.com\/wide\/#\/schema\/person\/50f01ecd18718d2333cf72e823c4f926","name":"tereza","image":{"@type":"ImageObject","inLanguage":"en-US","@id":"https:\/\/www.welovecycling.com\/wide\/#\/schema\/person\/image\/","url":"https:\/\/secure.gravatar.com\/avatar\/1f9eb71be33845f0afabce3791bc1c58ecdb0a25c62964987e5dbcf7a20d2ec7?s=96&d=mm&r=g","contentUrl":"https:\/\/secure.gravatar.com\/avatar\/1f9eb71be33845f0afabce3791bc1c58ecdb0a25c62964987e5dbcf7a20d2ec7?s=96&d=mm&r=g","caption":"tereza"},"url":"https:\/\/www.welovecycling.com\/wide\/author\/tereza\/"}]}},"_links":{"self":[{"href":"https:\/\/www.welovecycling.com\/wide\/wp-json\/wp\/v2\/posts\/184277","targetHints":{"allow":["GET"]}}],"collection":[{"href":"https:\/\/www.welovecycling.com\/wide\/wp-json\/wp\/v2\/posts"}],"about":[{"href":"https:\/\/www.welovecycling.com\/wide\/wp-json\/wp\/v2\/types\/post"}],"author":[{"embeddable":true,"href":"https:\/\/www.welovecycling.com\/wide\/wp-json\/wp\/v2\/users\/99"}],"replies":[{"embeddable":true,"href":"https:\/\/www.welovecycling.com\/wide\/wp-json\/wp\/v2\/comments?post=184277"}],"version-history":[{"count":2,"href":"https:\/\/www.welovecycling.com\/wide\/wp-json\/wp\/v2\/posts\/184277\/revisions"}],"predecessor-version":[{"id":184280,"href":"https:\/\/www.welovecycling.com\/wide\/wp-json\/wp\/v2\/posts\/184277\/revisions\/184280"}],"wp:featuredmedia":[{"embeddable":true,"href":"https:\/\/www.welovecycling.com\/wide\/wp-json\/wp\/v2\/media\/184276"}],"wp:attachment":[{"href":"https:\/\/www.welovecycling.com\/wide\/wp-json\/wp\/v2\/media?parent=184277"}],"wp:term":[{"taxonomy":"category","embeddable":true,"href":"https:\/\/www.welovecycling.com\/wide\/wp-json\/wp\/v2\/categories?post=184277"},{"taxonomy":"post_tag","embeddable":true,"href":"https:\/\/www.welovecycling.com\/wide\/wp-json\/wp\/v2\/tags?post=184277"},{"taxonomy":"global-categories","embeddable":true,"href":"https:\/\/www.welovecycling.com\/wide\/wp-json\/wp\/v2\/global-categories?post=184277"}],"curies":[{"name":"wp","href":"https:\/\/api.w.org\/{rel}","templated":true}]}}