{"id":184116,"date":"2021-07-12T07:47:30","date_gmt":"2021-07-12T07:47:30","guid":{"rendered":"https:\/\/www.welovecycling.com\/wide\/?p=184116"},"modified":"2021-07-12T07:52:55","modified_gmt":"2021-07-12T07:52:55","slug":"boosting-team-spirit-with-skoda-superb-cars","status":"publish","type":"post","link":"https:\/\/www.welovecycling.com\/wide\/2021\/07\/12\/boosting-team-spirit-with-skoda-superb-cars\/","title":{"rendered":"Boosting Team Spirit with \u0160koda SUPERB Cars"},"content":{"rendered":"<p><strong>If you watched the whole spectacle that is the Tour de France launch from Brest in northwest France, the sheer amount of colourful team cars surely did not escape your attention. It\u2019s no secret that these vehicles are indispensable to troubleshooting, comfort, and even success of each team and its riders. But what\u2019s the actual range of demanding tasks and issues the cars, many of them \u0160koda SUPERB iVs, and their crews have to deal with in the course of the approx. 11,000 kilometres they cover at the Tour?<\/strong><\/p>\n<p><!--more--><\/p>\n<p>Let\u2019s take it from the top. Almost without exception, two cars per team follow the peloton each year. Just to clarify, to \u201cfollow the peloton\u201d is not as simple as it might sound. As a driver, you have not only to keep your eyes peeled for the seemingly endless, tightly packed procession of other vehicles, motorbikes, spectators and, of course, cyclists, but your position within this hectic display is subjected to a strict hierarchy. The ranking of your team\u2019s leading rider determines the team\u2019s car position within the peloton, and the only person with the authority to give team cars (and any Tour car for that matter) the permission to break rank is none other than Tour director <a href=\"https:\/\/www.welovecycling.com\/wide\/2021\/02\/10\/christian-prudhomme-is-reasonably-optimistic-about-the-2021-racing-calendar\/\">Christian Prudhomme.<\/a><\/p>\n<figure id=\"attachment_184216\" aria-describedby=\"caption-attachment-184216\" style=\"width: 1000px\" class=\"wp-caption alignnone\"><a href=\"https:\/\/d2p6e6u75xmxt8.cloudfront.net\/2\/2021\/06\/Medium-Trainingskamp-Alicante.jpg\"><img loading=\"lazy\" decoding=\"async\" class=\"wp-image-184216 size-full\" src=\"https:\/\/d2p6e6u75xmxt8.cloudfront.net\/2\/2021\/06\/Medium-Trainingskamp-Alicante.jpg\" alt=\"\u0160koda Superb\" width=\"1000\" height=\"667\" \/><\/a><figcaption id=\"caption-attachment-184216\" class=\"wp-caption-text\">The team cars are essential to the racers. \u00a9 Jerome Wassenaar<\/figcaption><\/figure>\n<div id='gallery-1' class='gallery galleryid-184116 gallery-columns-3 gallery-size-large'><figure class='gallery-item'>\n\t\t\t<div class='gallery-icon landscape'>\n\t\t\t\t<a href='https:\/\/d2p6e6u75xmxt8.cloudfront.net\/2\/2021\/06\/Jumbo-Visma-car-1.webp'><img loading=\"lazy\" decoding=\"async\" width=\"800\" height=\"534\" src=\"https:\/\/d2p6e6u75xmxt8.cloudfront.net\/2\/2021\/06\/Jumbo-Visma-car-1.webp\" class=\"attachment-large size-large\" alt=\"The vast majority of team car drivers are former cycling professionals. \u00a9 Bart Hazen\" srcset=\"https:\/\/d2p6e6u75xmxt8.cloudfront.net\/2\/2021\/06\/Jumbo-Visma-car-1.webp 800w, https:\/\/d2p6e6u75xmxt8.cloudfront.net\/2\/2021\/06\/Jumbo-Visma-car-1-300x200.webp 300w, https:\/\/d2p6e6u75xmxt8.cloudfront.net\/2\/2021\/06\/Jumbo-Visma-car-1-768x513.webp 768w, https:\/\/d2p6e6u75xmxt8.cloudfront.net\/2\/2021\/06\/Jumbo-Visma-car-1-272x182.webp 272w\" sizes=\"auto, (max-width: 800px) 100vw, 800px\" \/><\/a>\n\t\t\t<\/div><\/figure><figure class='gallery-item'>\n\t\t\t<div class='gallery-icon landscape'>\n\t\t\t\t<a href='https:\/\/d2p6e6u75xmxt8.cloudfront.net\/2\/2021\/06\/Medium-Gent-Wevelgem-1.webp'><img loading=\"lazy\" decoding=\"async\" width=\"800\" height=\"532\" src=\"https:\/\/d2p6e6u75xmxt8.cloudfront.net\/2\/2021\/06\/Medium-Gent-Wevelgem-1.webp\" class=\"attachment-large size-large\" alt=\"Two cars per team follow the peloton. \u00a9 Bram Berkien\" srcset=\"https:\/\/d2p6e6u75xmxt8.cloudfront.net\/2\/2021\/06\/Medium-Gent-Wevelgem-1.webp 800w, https:\/\/d2p6e6u75xmxt8.cloudfront.net\/2\/2021\/06\/Medium-Gent-Wevelgem-1-300x200.webp 300w, https:\/\/d2p6e6u75xmxt8.cloudfront.net\/2\/2021\/06\/Medium-Gent-Wevelgem-1-768x511.webp 768w, https:\/\/d2p6e6u75xmxt8.cloudfront.net\/2\/2021\/06\/Medium-Gent-Wevelgem-1-272x182.webp 272w\" sizes=\"auto, (max-width: 800px) 100vw, 800px\" \/><\/a>\n\t\t\t<\/div><\/figure><figure class='gallery-item'>\n\t\t\t<div class='gallery-icon landscape'>\n\t\t\t\t<a href='https:\/\/d2p6e6u75xmxt8.cloudfront.net\/2\/2021\/06\/Medium-Trainingskamp-Alicante-1-1.webp'><img loading=\"lazy\" decoding=\"async\" width=\"800\" height=\"534\" src=\"https:\/\/d2p6e6u75xmxt8.cloudfront.net\/2\/2021\/06\/Medium-Trainingskamp-Alicante-1-1.webp\" class=\"attachment-large size-large\" alt=\"Being a team car\u2019s driver is a hard drill. \u00a9 Chris Konig\" srcset=\"https:\/\/d2p6e6u75xmxt8.cloudfront.net\/2\/2021\/06\/Medium-Trainingskamp-Alicante-1-1.webp 800w, https:\/\/d2p6e6u75xmxt8.cloudfront.net\/2\/2021\/06\/Medium-Trainingskamp-Alicante-1-1-300x200.webp 300w, https:\/\/d2p6e6u75xmxt8.cloudfront.net\/2\/2021\/06\/Medium-Trainingskamp-Alicante-1-1-768x513.webp 768w, https:\/\/d2p6e6u75xmxt8.cloudfront.net\/2\/2021\/06\/Medium-Trainingskamp-Alicante-1-1-272x182.webp 272w\" sizes=\"auto, (max-width: 800px) 100vw, 800px\" \/><\/a>\n\t\t\t<\/div><\/figure>\n\t\t<\/div>\n\n<p>Circling back to the cars\u2019 drivers, the vast majority of them are former cycling professionals and sometimes even legends of the sport such as <a href=\"https:\/\/www.welovecycling.com\/wide\/2017\/06\/26\/sacrifices-stephen-roche-no-limits-no-excuses\/\">Stephen Roche.<\/a> Not only because they still love cycling but also because their assessment skills are invaluable. As they experienced the atmosphere and rhythm of the peloton first-hand, they are able to anticipate its movements and weave through it smoothly in order to reach a rider in need, as it could be literally seconds that make the win-lose difference.<\/p>\n<p>Being a team car\u2019s driver is a hard drill \u2013 but one fuelled by love for the sport and full of thrill. Furthermore, at races of such magnitude as the <a href=\"https:\/\/www.letour.fr\/en\/\">Tour de France,<\/a> the driving coach isn\u2019t the only person present in the vehicle. Usually, it\u2019s manned by three people: the head coach, the second coach, and a mechanic. They all have to work in perfect unison with each other and their vehicle, which has been specially tweaked for the occasion.<\/p>\n<figure id=\"attachment_184143\" aria-describedby=\"caption-attachment-184143\" style=\"width: 1024px\" class=\"wp-caption alignnone\"><a href=\"https:\/\/d2p6e6u75xmxt8.cloudfront.net\/2\/2021\/06\/SKODA-SUPERB-iV.jpg\"><img loading=\"lazy\" decoding=\"async\" class=\"wp-image-184143 size-large\" src=\"https:\/\/d2p6e6u75xmxt8.cloudfront.net\/2\/2021\/06\/SKODA-SUPERB-iV-1024x683.jpg\" alt=\"\u0160koda SUPERB iV\" width=\"1024\" height=\"683\" \/><\/a><figcaption id=\"caption-attachment-184143\" class=\"wp-caption-text\">All team cars have a direct line to the race director\u2019s car.<\/figcaption><\/figure>\n<p>Regarding equipment, a team car at the Tour is packed to the brim. <a href=\"https:\/\/www.skoda-auto.com\/models\/range\/superb-iv\">\u0160koda SUPERB iVs<\/a> feature heavily in the designated team cars, and if you look at their compact build, versatile use and thought-out equipment, it\u2019s not hard to guess why. Each square centimetre of both the car\u2019s interior and exterior has been utilized. The roof racks of the two team cars usually carry eight spare bikes (every rider has two or three spares) and several extra wheels. In the boot and strewn across the floor and seats of the team cars, you usually find the mechanic\u2019s toolbox, about 50 full bidons, 40 pieces of energy gels and bars, one bag with spare clothes and shoes for each rider, and many other essentials. Furthermore, the car also features one in-built and three additional radios so the crew can communicate between cars, with the race organizers or the aforementioned <a href=\"https:\/\/www.welovecycling.com\/wide\/2021\/02\/10\/christian-prudhomme-is-reasonably-optimistic-about-the-2021-racing-calendar\/\">Mr Prudhomme<\/a> himself.<\/p>\n<p>With each passing year, <a href=\"https:\/\/www.letour.fr\/en\/\">the Tour<\/a> preparations get more rigorous for the crews of the team cars but the riders can always put their full confidence in them and focus on their performance. And in our experience interviewing, watching and rooting for the crews for years, they wouldn\u2019t change it for the world. So when you see these behind-the-scenes heroes on the road behind your favourite cyclists, give them credit!<\/p>\n","protected":false},"excerpt":{"rendered":"<p>If you watched the whole spectacle that is the Tour de France launch from Brest in northwest France, the sheer [&hellip;]<\/p>\n","protected":false},"author":99,"featured_media":184215,"comment_status":"open","ping_status":"open","sticky":false,"template":"","format":"standard","meta":{"footnotes":""},"categories":[329],"tags":[5389,578,4375,433,5425,5406],"global-categories":[3366],"class_list":["post-184116","post","type-post","status-publish","format-standard","has-post-thumbnail","hentry","category-road-cycling","tag-2021-tour","tag-christian-prudhomme","tag-skoda-superb-iv","tag-tour-de-france","tag-tour-de-france-2021","tag-tour-de-france-team-cars","global-categories-cycling"],"yoast_head":"<!-- This site is optimized with the Yoast SEO Premium plugin v25.3 (Yoast SEO v25.9) - https:\/\/yoast.com\/wordpress\/plugins\/seo\/ -->\n<title>Boosting Team Spirit with \u0160koda SUPERB Cars - We Love Cycling<\/title>\n<meta name=\"description\" content=\"If you watched the whole spectacle that is the Tour de France launch from Brest in northwest France, the sheer amount of colourful team cars surely did\" \/>\n<meta name=\"robots\" content=\"index, follow, max-snippet:-1, max-image-preview:large, max-video-preview:-1\" \/>\n<link rel=\"canonical\" href=\"https:\/\/www.welovecycling.com\/wide\/2021\/07\/12\/boosting-team-spirit-with-skoda-superb-cars\/\" \/>\n<meta property=\"og:locale\" content=\"en_US\" \/>\n<meta property=\"og:type\" content=\"article\" \/>\n<meta property=\"og:title\" content=\"Boosting Team Spirit with \u0160koda SUPERB Cars\" \/>\n<meta property=\"og:description\" content=\"If you watched the whole spectacle that is the Tour de France launch from Brest in northwest France, the sheer amount of colourful team cars surely did\" \/>\n<meta property=\"og:url\" content=\"https:\/\/www.welovecycling.com\/wide\/2021\/07\/12\/boosting-team-spirit-with-skoda-superb-cars\/\" \/>\n<meta property=\"og:site_name\" content=\"\u0160koda We Love Cycling\" \/>\n<meta property=\"article:published_time\" content=\"2021-07-12T07:47:30+00:00\" \/>\n<meta property=\"article:modified_time\" content=\"2021-07-12T07:52:55+00:00\" \/>\n<meta property=\"og:image\" content=\"https:\/\/d2p6e6u75xmxt8.cloudfront.net\/2\/2021\/06\/Jumbo-Visma-Superb-CVR.webp\" \/>\n\t<meta property=\"og:image:width\" content=\"894\" \/>\n\t<meta property=\"og:image:height\" content=\"596\" \/>\n\t<meta property=\"og:image:type\" content=\"image\/webp\" \/>\n<meta name=\"author\" content=\"tereza\" \/>\n<meta name=\"twitter:card\" content=\"summary_large_image\" \/>\n<meta name=\"twitter:label1\" content=\"Written by\" \/>\n\t<meta name=\"twitter:data1\" content=\"We Love Cycling\" \/>\n\t<meta name=\"twitter:label2\" content=\"Est. reading time\" \/>\n\t<meta name=\"twitter:data2\" content=\"5\" \/>\n<script type=\"application\/ld+json\" class=\"yoast-schema-graph\">{\"@context\":\"https:\/\/schema.org\",\"@graph\":[{\"@type\":\"WebPage\",\"@id\":\"https:\/\/www.welovecycling.com\/wide\/2021\/07\/12\/boosting-team-spirit-with-skoda-superb-cars\/\",\"url\":\"https:\/\/www.welovecycling.com\/wide\/2021\/07\/12\/boosting-team-spirit-with-skoda-superb-cars\/\",\"name\":\"Boosting Team Spirit with \u0160koda SUPERB Cars - We Love Cycling\",\"isPartOf\":{\"@id\":\"https:\/\/www.welovecycling.com\/wide\/#website\"},\"primaryImageOfPage\":{\"@id\":\"https:\/\/www.welovecycling.com\/wide\/2021\/07\/12\/boosting-team-spirit-with-skoda-superb-cars\/#primaryimage\"},\"image\":{\"@id\":\"https:\/\/www.welovecycling.com\/wide\/2021\/07\/12\/boosting-team-spirit-with-skoda-superb-cars\/#primaryimage\"},\"thumbnailUrl\":\"https:\/\/d2p6e6u75xmxt8.cloudfront.net\/2\/2021\/06\/Jumbo-Visma-Superb-CVR.webp\",\"datePublished\":\"2021-07-12T07:47:30+00:00\",\"dateModified\":\"2021-07-12T07:52:55+00:00\",\"author\":{\"@id\":\"https:\/\/www.welovecycling.com\/wide\/#\/schema\/person\/50f01ecd18718d2333cf72e823c4f926\"},\"description\":\"If you watched the whole spectacle that is the Tour de France launch from Brest in northwest France, the sheer amount of colourful team cars surely did\",\"breadcrumb\":{\"@id\":\"https:\/\/www.welovecycling.com\/wide\/2021\/07\/12\/boosting-team-spirit-with-skoda-superb-cars\/#breadcrumb\"},\"inLanguage\":\"en-US\",\"potentialAction\":[{\"@type\":\"ReadAction\",\"target\":[\"https:\/\/www.welovecycling.com\/wide\/2021\/07\/12\/boosting-team-spirit-with-skoda-superb-cars\/\"]}]},{\"@type\":\"ImageObject\",\"inLanguage\":\"en-US\",\"@id\":\"https:\/\/www.welovecycling.com\/wide\/2021\/07\/12\/boosting-team-spirit-with-skoda-superb-cars\/#primaryimage\",\"url\":\"https:\/\/d2p6e6u75xmxt8.cloudfront.net\/2\/2021\/06\/Jumbo-Visma-Superb-CVR.webp\",\"contentUrl\":\"https:\/\/d2p6e6u75xmxt8.cloudfront.net\/2\/2021\/06\/Jumbo-Visma-Superb-CVR.webp\",\"width\":894,\"height\":596,\"caption\":\"\u0160koda SUPERB Team Car\"},{\"@type\":\"BreadcrumbList\",\"@id\":\"https:\/\/www.welovecycling.com\/wide\/2021\/07\/12\/boosting-team-spirit-with-skoda-superb-cars\/#breadcrumb\",\"itemListElement\":[{\"@type\":\"ListItem\",\"position\":1,\"name\":\"Home\",\"item\":\"https:\/\/www.welovecycling.com\/wide\/\"},{\"@type\":\"ListItem\",\"position\":2,\"name\":\"Boosting Team Spirit with \u0160koda SUPERB Cars\"}]},{\"@type\":\"WebSite\",\"@id\":\"https:\/\/www.welovecycling.com\/wide\/#website\",\"url\":\"https:\/\/www.welovecycling.com\/wide\/\",\"name\":\"\u0160koda We Love Cycling\",\"description\":\"\u0160koda We Love Cycling magazine\",\"alternateName\":\"\u0160koda WLC\",\"potentialAction\":[{\"@type\":\"SearchAction\",\"target\":{\"@type\":\"EntryPoint\",\"urlTemplate\":\"https:\/\/www.welovecycling.com\/wide\/?s={search_term_string}\"},\"query-input\":{\"@type\":\"PropertyValueSpecification\",\"valueRequired\":true,\"valueName\":\"search_term_string\"}}],\"inLanguage\":\"en-US\"},{\"@type\":\"Person\",\"@id\":\"https:\/\/www.welovecycling.com\/wide\/#\/schema\/person\/50f01ecd18718d2333cf72e823c4f926\",\"name\":\"tereza\",\"image\":{\"@type\":\"ImageObject\",\"inLanguage\":\"en-US\",\"@id\":\"https:\/\/www.welovecycling.com\/wide\/#\/schema\/person\/image\/\",\"url\":\"https:\/\/secure.gravatar.com\/avatar\/1f9eb71be33845f0afabce3791bc1c58ecdb0a25c62964987e5dbcf7a20d2ec7?s=96&d=mm&r=g\",\"contentUrl\":\"https:\/\/secure.gravatar.com\/avatar\/1f9eb71be33845f0afabce3791bc1c58ecdb0a25c62964987e5dbcf7a20d2ec7?s=96&d=mm&r=g\",\"caption\":\"tereza\"},\"url\":\"https:\/\/www.welovecycling.com\/wide\/author\/tereza\/\"}]}<\/script>\n<!-- \/ Yoast SEO Premium plugin. -->","yoast_head_json":{"title":"Boosting Team Spirit with \u0160koda SUPERB Cars - We Love Cycling","description":"If you watched the whole spectacle that is the Tour de France launch from Brest in northwest France, the sheer amount of colourful team cars surely did","robots":{"index":"index","follow":"follow","max-snippet":"max-snippet:-1","max-image-preview":"max-image-preview:large","max-video-preview":"max-video-preview:-1"},"canonical":"https:\/\/www.welovecycling.com\/wide\/2021\/07\/12\/boosting-team-spirit-with-skoda-superb-cars\/","og_locale":"en_US","og_type":"article","og_title":"Boosting Team Spirit with \u0160koda SUPERB Cars","og_description":"If you watched the whole spectacle that is the Tour de France launch from Brest in northwest France, the sheer amount of colourful team cars surely did","og_url":"https:\/\/www.welovecycling.com\/wide\/2021\/07\/12\/boosting-team-spirit-with-skoda-superb-cars\/","og_site_name":"\u0160koda We Love Cycling","article_published_time":"2021-07-12T07:47:30+00:00","article_modified_time":"2021-07-12T07:52:55+00:00","og_image":[{"width":894,"height":596,"url":"https:\/\/d2p6e6u75xmxt8.cloudfront.net\/2\/2021\/06\/Jumbo-Visma-Superb-CVR.webp","type":"image\/webp"}],"author":"tereza","twitter_card":"summary_large_image","twitter_misc":{"Written by":"We Love Cycling","Est. reading time":"5"},"schema":{"@context":"https:\/\/schema.org","@graph":[{"@type":"WebPage","@id":"https:\/\/www.welovecycling.com\/wide\/2021\/07\/12\/boosting-team-spirit-with-skoda-superb-cars\/","url":"https:\/\/www.welovecycling.com\/wide\/2021\/07\/12\/boosting-team-spirit-with-skoda-superb-cars\/","name":"Boosting Team Spirit with \u0160koda SUPERB Cars - We Love Cycling","isPartOf":{"@id":"https:\/\/www.welovecycling.com\/wide\/#website"},"primaryImageOfPage":{"@id":"https:\/\/www.welovecycling.com\/wide\/2021\/07\/12\/boosting-team-spirit-with-skoda-superb-cars\/#primaryimage"},"image":{"@id":"https:\/\/www.welovecycling.com\/wide\/2021\/07\/12\/boosting-team-spirit-with-skoda-superb-cars\/#primaryimage"},"thumbnailUrl":"https:\/\/d2p6e6u75xmxt8.cloudfront.net\/2\/2021\/06\/Jumbo-Visma-Superb-CVR.webp","datePublished":"2021-07-12T07:47:30+00:00","dateModified":"2021-07-12T07:52:55+00:00","author":{"@id":"https:\/\/www.welovecycling.com\/wide\/#\/schema\/person\/50f01ecd18718d2333cf72e823c4f926"},"description":"If you watched the whole spectacle that is the Tour de France launch from Brest in northwest France, the sheer amount of colourful team cars surely did","breadcrumb":{"@id":"https:\/\/www.welovecycling.com\/wide\/2021\/07\/12\/boosting-team-spirit-with-skoda-superb-cars\/#breadcrumb"},"inLanguage":"en-US","potentialAction":[{"@type":"ReadAction","target":["https:\/\/www.welovecycling.com\/wide\/2021\/07\/12\/boosting-team-spirit-with-skoda-superb-cars\/"]}]},{"@type":"ImageObject","inLanguage":"en-US","@id":"https:\/\/www.welovecycling.com\/wide\/2021\/07\/12\/boosting-team-spirit-with-skoda-superb-cars\/#primaryimage","url":"https:\/\/d2p6e6u75xmxt8.cloudfront.net\/2\/2021\/06\/Jumbo-Visma-Superb-CVR.webp","contentUrl":"https:\/\/d2p6e6u75xmxt8.cloudfront.net\/2\/2021\/06\/Jumbo-Visma-Superb-CVR.webp","width":894,"height":596,"caption":"\u0160koda SUPERB Team Car"},{"@type":"BreadcrumbList","@id":"https:\/\/www.welovecycling.com\/wide\/2021\/07\/12\/boosting-team-spirit-with-skoda-superb-cars\/#breadcrumb","itemListElement":[{"@type":"ListItem","position":1,"name":"Home","item":"https:\/\/www.welovecycling.com\/wide\/"},{"@type":"ListItem","position":2,"name":"Boosting Team Spirit with \u0160koda SUPERB Cars"}]},{"@type":"WebSite","@id":"https:\/\/www.welovecycling.com\/wide\/#website","url":"https:\/\/www.welovecycling.com\/wide\/","name":"\u0160koda We Love Cycling","description":"\u0160koda We Love Cycling magazine","alternateName":"\u0160koda WLC","potentialAction":[{"@type":"SearchAction","target":{"@type":"EntryPoint","urlTemplate":"https:\/\/www.welovecycling.com\/wide\/?s={search_term_string}"},"query-input":{"@type":"PropertyValueSpecification","valueRequired":true,"valueName":"search_term_string"}}],"inLanguage":"en-US"},{"@type":"Person","@id":"https:\/\/www.welovecycling.com\/wide\/#\/schema\/person\/50f01ecd18718d2333cf72e823c4f926","name":"tereza","image":{"@type":"ImageObject","inLanguage":"en-US","@id":"https:\/\/www.welovecycling.com\/wide\/#\/schema\/person\/image\/","url":"https:\/\/secure.gravatar.com\/avatar\/1f9eb71be33845f0afabce3791bc1c58ecdb0a25c62964987e5dbcf7a20d2ec7?s=96&d=mm&r=g","contentUrl":"https:\/\/secure.gravatar.com\/avatar\/1f9eb71be33845f0afabce3791bc1c58ecdb0a25c62964987e5dbcf7a20d2ec7?s=96&d=mm&r=g","caption":"tereza"},"url":"https:\/\/www.welovecycling.com\/wide\/author\/tereza\/"}]}},"_links":{"self":[{"href":"https:\/\/www.welovecycling.com\/wide\/wp-json\/wp\/v2\/posts\/184116","targetHints":{"allow":["GET"]}}],"collection":[{"href":"https:\/\/www.welovecycling.com\/wide\/wp-json\/wp\/v2\/posts"}],"about":[{"href":"https:\/\/www.welovecycling.com\/wide\/wp-json\/wp\/v2\/types\/post"}],"author":[{"embeddable":true,"href":"https:\/\/www.welovecycling.com\/wide\/wp-json\/wp\/v2\/users\/99"}],"replies":[{"embeddable":true,"href":"https:\/\/www.welovecycling.com\/wide\/wp-json\/wp\/v2\/comments?post=184116"}],"version-history":[{"count":2,"href":"https:\/\/www.welovecycling.com\/wide\/wp-json\/wp\/v2\/posts\/184116\/revisions"}],"predecessor-version":[{"id":184501,"href":"https:\/\/www.welovecycling.com\/wide\/wp-json\/wp\/v2\/posts\/184116\/revisions\/184501"}],"wp:featuredmedia":[{"embeddable":true,"href":"https:\/\/www.welovecycling.com\/wide\/wp-json\/wp\/v2\/media\/184215"}],"wp:attachment":[{"href":"https:\/\/www.welovecycling.com\/wide\/wp-json\/wp\/v2\/media?parent=184116"}],"wp:term":[{"taxonomy":"category","embeddable":true,"href":"https:\/\/www.welovecycling.com\/wide\/wp-json\/wp\/v2\/categories?post=184116"},{"taxonomy":"post_tag","embeddable":true,"href":"https:\/\/www.welovecycling.com\/wide\/wp-json\/wp\/v2\/tags?post=184116"},{"taxonomy":"global-categories","embeddable":true,"href":"https:\/\/www.welovecycling.com\/wide\/wp-json\/wp\/v2\/global-categories?post=184116"}],"curies":[{"name":"wp","href":"https:\/\/api.w.org\/{rel}","templated":true}]}}