{"id":183981,"date":"2021-06-14T10:32:32","date_gmt":"2021-06-14T10:32:32","guid":{"rendered":"https:\/\/www.welovecycling.com\/wide\/?p=183981"},"modified":"2021-06-14T10:32:32","modified_gmt":"2021-06-14T10:32:32","slug":"richard-carapaz-wins-tour-de-suisse-and-other-cool-news-from-the-world-of-cycling","status":"publish","type":"post","link":"https:\/\/www.welovecycling.com\/wide\/2021\/06\/14\/richard-carapaz-wins-tour-de-suisse-and-other-cool-news-from-the-world-of-cycling\/","title":{"rendered":"Richard Carapaz Wins Tour de Suisse and Other Cool News from the World of Cycling"},"content":{"rendered":"<p><strong>Another Monday is here, and so is our news from the world of cycling. So, what did you miss?<\/strong><br \/>\n<!--more--><\/p>\n<h2><strong>The Ecuadorian seals it<\/strong><\/h2>\n<p>Richard Carapaz defended his GC lead despite all the attempts to break him. And despite the fact that there was only Eddie Dunbar left to support him with three kilometres left. However, he managed to fight off his challengers, 17 seconds ahead of Rigoberto Ur\u00e1n (EF Education-Nippo).<\/p>\n<lite-youtube videoid=GJsnzuroiGA params=\"enablejsapi=1\" style=\"background-image: url('https:\/\/i.ytimg.com\/vi_webp\/GJsnzuroiGA\/maxresdefault.webp');\"><\/lite-youtube>\n<h4>Final results \u2013 general classification<\/h4>\n<p>1. Richard Carapaz (Ineos Grenadiers) \u2013 24:44:01<br \/>\n2. Rigoberto Ur\u00e1n (EF Education-Nippo) + 17s<br \/>\n3. Jakob Fuglsang (Astana-Premier Tech) + 1:15<br \/>\n4. Maximilian Schachmann (Bora-Hansgrohe) + 1:19<br \/>\n5. Michael Woods (Israel Start-up Nation) + 2:55<br \/>\n6. Domenico Pozzovivo (Team Qhubeka Assos) + 3:16<br \/>\n7. Rui Costa (UAE Team Emirates) + 3:43<br \/>\n8. Sam Oomen (Jumbo-Visma) + 4:16<br \/>\n9. Mattia Cattaneo (Deceuninck-Quick-Step) + 4:39<br \/>\n10. Esteban Chaves Rubio (Team BikeExchange) + 5:33<\/p>\n<h2><strong>Like father, like son<\/strong><\/h2>\n<p>https:\/\/www.instagram.com\/p\/CP6C6fwjXVB\/?utm_source=ig_embed<\/p>\n<h2><strong>Get well quick, Tom!<\/strong><\/h2>\n<p>https:\/\/www.instagram.com\/p\/CPtJhvupJ_l\/?utm_source=ig_embed<\/p>\n<h2><strong>Legend in the making<\/strong><\/h2>\n<p>https:\/\/www.instagram.com\/p\/CP5ztCAqymW\/?utm_source=ig_embed<\/p>\n<h2><\/h2>\n","protected":false},"excerpt":{"rendered":"<p>Another Monday is here, and so is our news from the world of cycling. So, what did you miss?<\/p>\n","protected":false},"author":12,"featured_media":183988,"comment_status":"open","ping_status":"open","sticky":false,"template":"","format":"standard","meta":{"footnotes":""},"categories":[329],"tags":[5369,1148,3065,1260],"global-categories":[3366],"class_list":["post-183981","post","type-post","status-publish","format-standard","has-post-thumbnail","hentry","category-road-cycling","tag-eddie-dunbar","tag-jakob-fuglsang","tag-richard-carapaz","tag-rigoberto-uran","global-categories-cycling"],"yoast_head":"<!-- This site is optimized with the Yoast SEO Premium plugin v25.3 (Yoast SEO v25.9) - https:\/\/yoast.com\/wordpress\/plugins\/seo\/ -->\n<title>Richard Carapaz Wins Tour de Suisse and Other Cool News from the World of Cycling - \u0160koda We Love Cycling<\/title>\n<meta name=\"description\" content=\"Another Monday is here, and so is our news from the world of cycling. So, what did you miss? The Ecuadorian seals it Richard Carapaz defended his GC lead\" \/>\n<meta name=\"robots\" content=\"index, follow, max-snippet:-1, max-image-preview:large, max-video-preview:-1\" \/>\n<link rel=\"canonical\" href=\"https:\/\/www.welovecycling.com\/wide\/2021\/06\/14\/richard-carapaz-wins-tour-de-suisse-and-other-cool-news-from-the-world-of-cycling\/\" \/>\n<meta property=\"og:locale\" content=\"en_US\" \/>\n<meta property=\"og:type\" content=\"article\" \/>\n<meta property=\"og:title\" content=\"Richard Carapaz Wins Tour de Suisse and Other Cool News from the World of Cycling\" \/>\n<meta property=\"og:description\" content=\"Another Monday is here, and so is our news from the world of cycling. So, what did you miss? The Ecuadorian seals it Richard Carapaz defended his GC lead\" \/>\n<meta property=\"og:url\" content=\"https:\/\/www.welovecycling.com\/wide\/2021\/06\/14\/richard-carapaz-wins-tour-de-suisse-and-other-cool-news-from-the-world-of-cycling\/\" \/>\n<meta property=\"og:site_name\" content=\"\u0160koda We Love Cycling\" \/>\n<meta property=\"article:published_time\" content=\"2021-06-14T10:32:32+00:00\" \/>\n<meta property=\"og:image\" content=\"https:\/\/d2p6e6u75xmxt8.cloudfront.net\/2\/2021\/06\/Richard-Carapaz-CVR-profimedia-0615488312.webp\" \/>\n\t<meta property=\"og:image:width\" content=\"900\" \/>\n\t<meta property=\"og:image:height\" content=\"600\" \/>\n\t<meta property=\"og:image:type\" content=\"image\/webp\" \/>\n<meta name=\"twitter:card\" content=\"summary_large_image\" \/>\n<meta name=\"twitter:label1\" content=\"Written by\" \/>\n\t<meta name=\"twitter:data1\" content=\"Monica Buck\" \/>\n\t<meta name=\"twitter:label2\" content=\"Est. reading time\" \/>\n\t<meta name=\"twitter:data2\" content=\"3\" \/>\n<script type=\"application\/ld+json\" class=\"yoast-schema-graph\">{\"@context\":\"https:\/\/schema.org\",\"@graph\":[{\"@type\":\"WebPage\",\"@id\":\"https:\/\/www.welovecycling.com\/wide\/2021\/06\/14\/richard-carapaz-wins-tour-de-suisse-and-other-cool-news-from-the-world-of-cycling\/\",\"url\":\"https:\/\/www.welovecycling.com\/wide\/2021\/06\/14\/richard-carapaz-wins-tour-de-suisse-and-other-cool-news-from-the-world-of-cycling\/\",\"name\":\"Richard Carapaz Wins Tour de Suisse and Other Cool News from the World of Cycling - \u0160koda We Love Cycling\",\"isPartOf\":{\"@id\":\"https:\/\/www.welovecycling.com\/wide\/#website\"},\"primaryImageOfPage\":{\"@id\":\"https:\/\/www.welovecycling.com\/wide\/2021\/06\/14\/richard-carapaz-wins-tour-de-suisse-and-other-cool-news-from-the-world-of-cycling\/#primaryimage\"},\"image\":{\"@id\":\"https:\/\/www.welovecycling.com\/wide\/2021\/06\/14\/richard-carapaz-wins-tour-de-suisse-and-other-cool-news-from-the-world-of-cycling\/#primaryimage\"},\"thumbnailUrl\":\"https:\/\/d2p6e6u75xmxt8.cloudfront.net\/2\/2021\/06\/Richard-Carapaz-CVR-profimedia-0615488312.webp\",\"datePublished\":\"2021-06-14T10:32:32+00:00\",\"author\":{\"@id\":\"\"},\"description\":\"Another Monday is here, and so is our news from the world of cycling. So, what did you miss? The Ecuadorian seals it Richard Carapaz defended his GC lead\",\"breadcrumb\":{\"@id\":\"https:\/\/www.welovecycling.com\/wide\/2021\/06\/14\/richard-carapaz-wins-tour-de-suisse-and-other-cool-news-from-the-world-of-cycling\/#breadcrumb\"},\"inLanguage\":\"en-US\",\"potentialAction\":[{\"@type\":\"ReadAction\",\"target\":[\"https:\/\/www.welovecycling.com\/wide\/2021\/06\/14\/richard-carapaz-wins-tour-de-suisse-and-other-cool-news-from-the-world-of-cycling\/\"]}]},{\"@type\":\"ImageObject\",\"inLanguage\":\"en-US\",\"@id\":\"https:\/\/www.welovecycling.com\/wide\/2021\/06\/14\/richard-carapaz-wins-tour-de-suisse-and-other-cool-news-from-the-world-of-cycling\/#primaryimage\",\"url\":\"https:\/\/d2p6e6u75xmxt8.cloudfront.net\/2\/2021\/06\/Richard-Carapaz-CVR-profimedia-0615488312.webp\",\"contentUrl\":\"https:\/\/d2p6e6u75xmxt8.cloudfront.net\/2\/2021\/06\/Richard-Carapaz-CVR-profimedia-0615488312.webp\",\"width\":900,\"height\":600,\"caption\":\"Richard Carapaz\"},{\"@type\":\"BreadcrumbList\",\"@id\":\"https:\/\/www.welovecycling.com\/wide\/2021\/06\/14\/richard-carapaz-wins-tour-de-suisse-and-other-cool-news-from-the-world-of-cycling\/#breadcrumb\",\"itemListElement\":[{\"@type\":\"ListItem\",\"position\":1,\"name\":\"Home\",\"item\":\"https:\/\/www.welovecycling.com\/wide\/\"},{\"@type\":\"ListItem\",\"position\":2,\"name\":\"Richard Carapaz Wins Tour de Suisse and Other Cool News from the World of Cycling\"}]},{\"@type\":\"WebSite\",\"@id\":\"https:\/\/www.welovecycling.com\/wide\/#website\",\"url\":\"https:\/\/www.welovecycling.com\/wide\/\",\"name\":\"\u0160koda We Love Cycling\",\"description\":\"\u0160koda We Love Cycling magazine\",\"alternateName\":\"\u0160koda WLC\",\"potentialAction\":[{\"@type\":\"SearchAction\",\"target\":{\"@type\":\"EntryPoint\",\"urlTemplate\":\"https:\/\/www.welovecycling.com\/wide\/?s={search_term_string}\"},\"query-input\":{\"@type\":\"PropertyValueSpecification\",\"valueRequired\":true,\"valueName\":\"search_term_string\"}}],\"inLanguage\":\"en-US\"},{\"@type\":\"Person\",\"@id\":\"\",\"url\":\"https:\/\/www.welovecycling.com\/wide\/author\/\"}]}<\/script>\n<!-- \/ Yoast SEO Premium plugin. -->","yoast_head_json":{"title":"Richard Carapaz Wins Tour de Suisse and Other Cool News from the World of Cycling - \u0160koda We Love Cycling","description":"Another Monday is here, and so is our news from the world of cycling. So, what did you miss? The Ecuadorian seals it Richard Carapaz defended his GC lead","robots":{"index":"index","follow":"follow","max-snippet":"max-snippet:-1","max-image-preview":"max-image-preview:large","max-video-preview":"max-video-preview:-1"},"canonical":"https:\/\/www.welovecycling.com\/wide\/2021\/06\/14\/richard-carapaz-wins-tour-de-suisse-and-other-cool-news-from-the-world-of-cycling\/","og_locale":"en_US","og_type":"article","og_title":"Richard Carapaz Wins Tour de Suisse and Other Cool News from the World of Cycling","og_description":"Another Monday is here, and so is our news from the world of cycling. So, what did you miss? The Ecuadorian seals it Richard Carapaz defended his GC lead","og_url":"https:\/\/www.welovecycling.com\/wide\/2021\/06\/14\/richard-carapaz-wins-tour-de-suisse-and-other-cool-news-from-the-world-of-cycling\/","og_site_name":"\u0160koda We Love Cycling","article_published_time":"2021-06-14T10:32:32+00:00","og_image":[{"width":900,"height":600,"url":"https:\/\/d2p6e6u75xmxt8.cloudfront.net\/2\/2021\/06\/Richard-Carapaz-CVR-profimedia-0615488312.webp","type":"image\/webp"}],"twitter_card":"summary_large_image","twitter_misc":{"Written by":"Monica Buck","Est. reading time":"3"},"schema":{"@context":"https:\/\/schema.org","@graph":[{"@type":"WebPage","@id":"https:\/\/www.welovecycling.com\/wide\/2021\/06\/14\/richard-carapaz-wins-tour-de-suisse-and-other-cool-news-from-the-world-of-cycling\/","url":"https:\/\/www.welovecycling.com\/wide\/2021\/06\/14\/richard-carapaz-wins-tour-de-suisse-and-other-cool-news-from-the-world-of-cycling\/","name":"Richard Carapaz Wins Tour de Suisse and Other Cool News from the World of Cycling - \u0160koda We Love Cycling","isPartOf":{"@id":"https:\/\/www.welovecycling.com\/wide\/#website"},"primaryImageOfPage":{"@id":"https:\/\/www.welovecycling.com\/wide\/2021\/06\/14\/richard-carapaz-wins-tour-de-suisse-and-other-cool-news-from-the-world-of-cycling\/#primaryimage"},"image":{"@id":"https:\/\/www.welovecycling.com\/wide\/2021\/06\/14\/richard-carapaz-wins-tour-de-suisse-and-other-cool-news-from-the-world-of-cycling\/#primaryimage"},"thumbnailUrl":"https:\/\/d2p6e6u75xmxt8.cloudfront.net\/2\/2021\/06\/Richard-Carapaz-CVR-profimedia-0615488312.webp","datePublished":"2021-06-14T10:32:32+00:00","author":{"@id":""},"description":"Another Monday is here, and so is our news from the world of cycling. So, what did you miss? The Ecuadorian seals it Richard Carapaz defended his GC lead","breadcrumb":{"@id":"https:\/\/www.welovecycling.com\/wide\/2021\/06\/14\/richard-carapaz-wins-tour-de-suisse-and-other-cool-news-from-the-world-of-cycling\/#breadcrumb"},"inLanguage":"en-US","potentialAction":[{"@type":"ReadAction","target":["https:\/\/www.welovecycling.com\/wide\/2021\/06\/14\/richard-carapaz-wins-tour-de-suisse-and-other-cool-news-from-the-world-of-cycling\/"]}]},{"@type":"ImageObject","inLanguage":"en-US","@id":"https:\/\/www.welovecycling.com\/wide\/2021\/06\/14\/richard-carapaz-wins-tour-de-suisse-and-other-cool-news-from-the-world-of-cycling\/#primaryimage","url":"https:\/\/d2p6e6u75xmxt8.cloudfront.net\/2\/2021\/06\/Richard-Carapaz-CVR-profimedia-0615488312.webp","contentUrl":"https:\/\/d2p6e6u75xmxt8.cloudfront.net\/2\/2021\/06\/Richard-Carapaz-CVR-profimedia-0615488312.webp","width":900,"height":600,"caption":"Richard Carapaz"},{"@type":"BreadcrumbList","@id":"https:\/\/www.welovecycling.com\/wide\/2021\/06\/14\/richard-carapaz-wins-tour-de-suisse-and-other-cool-news-from-the-world-of-cycling\/#breadcrumb","itemListElement":[{"@type":"ListItem","position":1,"name":"Home","item":"https:\/\/www.welovecycling.com\/wide\/"},{"@type":"ListItem","position":2,"name":"Richard Carapaz Wins Tour de Suisse and Other Cool News from the World of Cycling"}]},{"@type":"WebSite","@id":"https:\/\/www.welovecycling.com\/wide\/#website","url":"https:\/\/www.welovecycling.com\/wide\/","name":"\u0160koda We Love Cycling","description":"\u0160koda We Love Cycling magazine","alternateName":"\u0160koda WLC","potentialAction":[{"@type":"SearchAction","target":{"@type":"EntryPoint","urlTemplate":"https:\/\/www.welovecycling.com\/wide\/?s={search_term_string}"},"query-input":{"@type":"PropertyValueSpecification","valueRequired":true,"valueName":"search_term_string"}}],"inLanguage":"en-US"},{"@type":"Person","@id":"","url":"https:\/\/www.welovecycling.com\/wide\/author\/"}]}},"_links":{"self":[{"href":"https:\/\/www.welovecycling.com\/wide\/wp-json\/wp\/v2\/posts\/183981","targetHints":{"allow":["GET"]}}],"collection":[{"href":"https:\/\/www.welovecycling.com\/wide\/wp-json\/wp\/v2\/posts"}],"about":[{"href":"https:\/\/www.welovecycling.com\/wide\/wp-json\/wp\/v2\/types\/post"}],"author":[{"embeddable":true,"href":"https:\/\/www.welovecycling.com\/wide\/wp-json\/wp\/v2\/users\/12"}],"replies":[{"embeddable":true,"href":"https:\/\/www.welovecycling.com\/wide\/wp-json\/wp\/v2\/comments?post=183981"}],"version-history":[{"count":1,"href":"https:\/\/www.welovecycling.com\/wide\/wp-json\/wp\/v2\/posts\/183981\/revisions"}],"predecessor-version":[{"id":183989,"href":"https:\/\/www.welovecycling.com\/wide\/wp-json\/wp\/v2\/posts\/183981\/revisions\/183989"}],"wp:featuredmedia":[{"embeddable":true,"href":"https:\/\/www.welovecycling.com\/wide\/wp-json\/wp\/v2\/media\/183988"}],"wp:attachment":[{"href":"https:\/\/www.welovecycling.com\/wide\/wp-json\/wp\/v2\/media?parent=183981"}],"wp:term":[{"taxonomy":"category","embeddable":true,"href":"https:\/\/www.welovecycling.com\/wide\/wp-json\/wp\/v2\/categories?post=183981"},{"taxonomy":"post_tag","embeddable":true,"href":"https:\/\/www.welovecycling.com\/wide\/wp-json\/wp\/v2\/tags?post=183981"},{"taxonomy":"global-categories","embeddable":true,"href":"https:\/\/www.welovecycling.com\/wide\/wp-json\/wp\/v2\/global-categories?post=183981"}],"curies":[{"name":"wp","href":"https:\/\/api.w.org\/{rel}","templated":true}]}}