{"id":183885,"date":"2021-06-07T12:51:16","date_gmt":"2021-06-07T12:51:16","guid":{"rendered":"https:\/\/www.welovecycling.com\/wide\/?p=183885"},"modified":"2021-06-07T12:51:16","modified_gmt":"2021-06-07T12:51:16","slug":"caleb-ewan-fights-off-criticism-and-aims-high","status":"publish","type":"post","link":"https:\/\/www.welovecycling.com\/wide\/2021\/06\/07\/caleb-ewan-fights-off-criticism-and-aims-high\/","title":{"rendered":"Caleb Ewan Fights Off Criticism and Aims High"},"content":{"rendered":"<p><strong>When Australian sprinter Caleb Ewan dropped out of the Giro d\u2019Italia during the eighth stage because of knee pain, he was immediately slammed by cycling great Eddy Merckx.<\/strong><\/p>\n<p><!--more--><\/p>\n<p>\u201cThat Caleb Ewan bothers me a lot,\u201d the five-time winner of both the Giro and the Tour de France <a href=\"https:\/\/www.stickybottle.com\/latest-news\/axel-and-eddy-merckx-criticise-caleb-ewan-for-a-total-lack-of-respect\/\">told<em> Het Nieuwsblad<\/em>.<\/a> His dropping out \u201cis a total lack of professionalism and a lack of respect for the Giro and cycling. He deserves a sanction: take away all prizes.\u201d<\/p>\n<p>The criticism turned into a family pile-on when Merckx&#8217;s son Axel also rebuked Ewan, saying that \u201cjust leaving without real evidence of knee pain \u2013 that is a total lack of respect towards the organization.\u201d<\/p>\n<figure id=\"attachment_183886\" aria-describedby=\"caption-attachment-183886\" style=\"width: 1024px\" class=\"wp-caption alignnone\"><a href=\"https:\/\/d2p6e6u75xmxt8.cloudfront.net\/2\/2021\/06\/Caleb-Ewan-profimedia-0610918270.jpg\"><img loading=\"lazy\" decoding=\"async\" class=\"size-large wp-image-183886\" src=\"https:\/\/d2p6e6u75xmxt8.cloudfront.net\/2\/2021\/06\/Caleb-Ewan-profimedia-0610918270-1024x682.jpg\" alt=\"Caleb Ewan\" width=\"1024\" height=\"682\" \/><\/a><figcaption id=\"caption-attachment-183886\" class=\"wp-caption-text\">Ewan at the 8th stage of the 2021 Giro. \u00a9 Profimedia<\/figcaption><\/figure>\n<p>Perhaps the Merckxes did not know that Ewan had announced before the Giro that he would not finish the race and that his goal for the season was to win a stage in each of the Grand Tours this year. He had won two stages and was wearing the<em> maglia ciclamino<\/em>, or purple jersey, as the leader in the points classification when he quit the Giro.<\/p>\n<p>Ewan <a href=\"https:\/\/www.cyclingweekly.com\/news\/caleb-ewan-responds-after-eddy-merckx-says-he-disrespected-the-giro-ditalia-by-abandoning\">responded to the criticism<\/a> by saying that he was \u201cmore disappointed than anyone\u201d that he had to leave the race so early, and added: \u201cTo the people who think I\u2019ve disrespected the race, I\u2019m sorry you feel that way. If you saw the hard work and dedication I\u2019ve put into my preparation to honour this race and perform at my best I\u2019m sure you wouldn\u2019t think the same. \u201d<\/p>\n<p>But perhaps Eddy and Alex Merckx were irked by the fact that Ewan decided to quit the race at a point in the stage just before its first real obstacle, a category 2 climb. And maybe (though neither of them specified) they were thinking that successful Grand Tour sprinters must not only be quick enough to win the sprints but also robust and fit enough to survive the mountains and complete the race.<\/p>\n<div class=\"embed-controller-wrapper\">\n<blockquote class=\"twitter-tweet\" data-width=\"500\" data-dnt=\"true\">\n<p lang=\"en\" dir=\"ltr\">Just a short message on my departure from the giro <a href=\"https:\/\/t.co\/AwSR8AAN01\">pic.twitter.com\/AwSR8AAN01<\/a><\/p>\n<p>&mdash; Caleb Ewan (@CalebEwan) <a href=\"https:\/\/twitter.com\/CalebEwan\/status\/1394254996854738944?ref_src=twsrc%5Etfw\">May 17, 2021<\/a><\/p><\/blockquote>\n<p><script async data-src=\"https:\/\/platform.twitter.com\/widgets.js\" charset=\"utf-8\"><\/script><\/div>\n<p>Is that an old-fashioned belief? After all, many sprinters are these days paid primarily to win Grand Tour stages and are allowed by their teams to drop out of the race when remaining within the time limit becomes unrealistic or too physically demanding.<\/p>\n<p>A case in point is the Italian sprinter Mario Cipollini, who won 12 stages at the Tour de France and three at the Vuelta but never finished either race. He certainly infuriated a lot of cycling purists by <a href=\"https:\/\/www.cyclist.co.uk\/in-depth\/1173\/in-the-den-of-the-lion-king\">dropping out of the Tour<\/a> before reaching the mountain stages and then releasing photographs showing him lounging on a beach while his fellow racers were struggling up a mountain.<\/p>\n<p>Oddly, however, he was fit enough at the Giro to not only win 42 stages but complete the race at least four times to win its points classification title.<\/p>\n<p>But perhaps Merckx was also not aware of just how high Ewan was aiming this year, for in addition to winning stages at all three Grand Tours, he will also be <a href=\"https:\/\/www.cyclingnews.com\/news\/caleb-ewan-eyes-wins-in-all-three-grand-tours-in-2021\/\">shooting for the green jersey<\/a> title at this year\u2019s Tour.<\/p>\n<figure id=\"attachment_183889\" aria-describedby=\"caption-attachment-183889\" style=\"width: 1024px\" class=\"wp-caption alignnone\"><a href=\"https:\/\/d2p6e6u75xmxt8.cloudfront.net\/2\/2021\/06\/Caleb-Ewan-profimedia-0610866276.jpg\"><img loading=\"lazy\" decoding=\"async\" class=\"wp-image-183889 size-large\" src=\"https:\/\/d2p6e6u75xmxt8.cloudfront.net\/2\/2021\/06\/Caleb-Ewan-profimedia-0610866276-1024x682.jpg\" alt=\"Caleb Ewan\" width=\"1024\" height=\"682\" \/><\/a><figcaption id=\"caption-attachment-183889\" class=\"wp-caption-text\">Ewan&#8217;s case raised a lot of criticism. \u00a9 Profimedia<\/figcaption><\/figure>\n<p>\u201cThe Tour offers more options for sprinters this year and that is an opportunity for me,\u201d\u00a0he told\u00a0<em>Het Nieuwsblad<\/em>. \u201cIn other years I was not involved in that green battle and I only aimed for stage victories.\u201d<\/p>\n<p>If he does fight for the <a href=\"https:\/\/www.welovecycling.com\/wide\/2020\/09\/08\/the-story-of-the-skoda-green-jersey-and-the-legend-of-peter-sagan\/\">\u0160koda Green Jersey<\/a> and finishes the Tour, it will certainly add both drama and challenge to his season and add lustre to his aim of taking stages at all three Grand Tours.<\/p>\n<p>And, more important for fans, it should make this year\u2019s battle for the Tour\u2019s green jersey the most interesting and competitive in years, with Ewan taking on last year\u2019s winner Sam Bennett and the newly in-form <a href=\"https:\/\/www.welovecycling.com\/wide\/2021\/04\/26\/peter-sagan-after-covid\/\">seven-time green jersey winner Peter Sagan<\/a> \u2013 who, by the way, won the Giro\u2019s points classification title this year.<\/p>\n","protected":false},"excerpt":{"rendered":"<p>When Australian sprinter Caleb Ewan dropped out of the Giro d\u2019Italia during the eighth stage because of knee pain, he [&hellip;]<\/p>\n","protected":false},"author":99,"featured_media":183888,"comment_status":"open","ping_status":"open","sticky":false,"template":"","format":"standard","meta":{"footnotes":""},"categories":[329],"tags":[5339,2595,954,402],"global-categories":[3366],"class_list":["post-183885","post","type-post","status-publish","format-standard","has-post-thumbnail","hentry","category-road-cycling","tag-axel-merckx","tag-caleb-ewan","tag-eddy-merckx","tag-giro-ditalia","global-categories-cycling"],"yoast_head":"<!-- This site is optimized with the Yoast SEO Premium plugin v25.3 (Yoast SEO v25.9) - https:\/\/yoast.com\/wordpress\/plugins\/seo\/ -->\n<title>Caleb Ewan Fights Off Criticism and Aims High - We Love Cycling<\/title>\n<meta name=\"description\" content=\"When Australian sprinter Caleb Ewan dropped out of the Giro d\u2019Italia during the eighth stage because of knee pain, he was immediately slammed by cycling\" \/>\n<meta name=\"robots\" content=\"index, follow, max-snippet:-1, max-image-preview:large, max-video-preview:-1\" \/>\n<link rel=\"canonical\" href=\"https:\/\/www.welovecycling.com\/wide\/2021\/06\/07\/caleb-ewan-fights-off-criticism-and-aims-high\/\" \/>\n<meta property=\"og:locale\" content=\"en_US\" \/>\n<meta property=\"og:type\" content=\"article\" \/>\n<meta property=\"og:title\" content=\"Caleb Ewan Fights Off Criticism and Aims High\" \/>\n<meta property=\"og:description\" content=\"When Australian sprinter Caleb Ewan dropped out of the Giro d\u2019Italia during the eighth stage because of knee pain, he was immediately slammed by cycling\" \/>\n<meta property=\"og:url\" content=\"https:\/\/www.welovecycling.com\/wide\/2021\/06\/07\/caleb-ewan-fights-off-criticism-and-aims-high\/\" \/>\n<meta property=\"og:site_name\" content=\"\u0160koda We Love Cycling\" \/>\n<meta property=\"article:published_time\" content=\"2021-06-07T12:51:16+00:00\" \/>\n<meta property=\"og:image\" content=\"https:\/\/d2p6e6u75xmxt8.cloudfront.net\/2\/2021\/06\/Caleb-Ewan-profimedia-0610917228-CVR.webp\" \/>\n\t<meta property=\"og:image:width\" content=\"900\" \/>\n\t<meta property=\"og:image:height\" content=\"600\" \/>\n\t<meta property=\"og:image:type\" content=\"image\/webp\" \/>\n<meta name=\"author\" content=\"tereza\" \/>\n<meta name=\"twitter:card\" content=\"summary_large_image\" \/>\n<meta name=\"twitter:label1\" content=\"Written by\" \/>\n\t<meta name=\"twitter:data1\" content=\"Siegfried Mortkowitz\" \/>\n\t<meta name=\"twitter:label2\" content=\"Est. reading time\" \/>\n\t<meta name=\"twitter:data2\" content=\"5\" \/>\n<script type=\"application\/ld+json\" class=\"yoast-schema-graph\">{\"@context\":\"https:\/\/schema.org\",\"@graph\":[{\"@type\":\"WebPage\",\"@id\":\"https:\/\/www.welovecycling.com\/wide\/2021\/06\/07\/caleb-ewan-fights-off-criticism-and-aims-high\/\",\"url\":\"https:\/\/www.welovecycling.com\/wide\/2021\/06\/07\/caleb-ewan-fights-off-criticism-and-aims-high\/\",\"name\":\"Caleb Ewan Fights Off Criticism and Aims High - We Love Cycling\",\"isPartOf\":{\"@id\":\"https:\/\/www.welovecycling.com\/wide\/#website\"},\"primaryImageOfPage\":{\"@id\":\"https:\/\/www.welovecycling.com\/wide\/2021\/06\/07\/caleb-ewan-fights-off-criticism-and-aims-high\/#primaryimage\"},\"image\":{\"@id\":\"https:\/\/www.welovecycling.com\/wide\/2021\/06\/07\/caleb-ewan-fights-off-criticism-and-aims-high\/#primaryimage\"},\"thumbnailUrl\":\"https:\/\/d2p6e6u75xmxt8.cloudfront.net\/2\/2021\/06\/Caleb-Ewan-profimedia-0610917228-CVR.webp\",\"datePublished\":\"2021-06-07T12:51:16+00:00\",\"author\":{\"@id\":\"https:\/\/www.welovecycling.com\/wide\/#\/schema\/person\/50f01ecd18718d2333cf72e823c4f926\"},\"description\":\"When Australian sprinter Caleb Ewan dropped out of the Giro d\u2019Italia during the eighth stage because of knee pain, he was immediately slammed by cycling\",\"breadcrumb\":{\"@id\":\"https:\/\/www.welovecycling.com\/wide\/2021\/06\/07\/caleb-ewan-fights-off-criticism-and-aims-high\/#breadcrumb\"},\"inLanguage\":\"en-US\",\"potentialAction\":[{\"@type\":\"ReadAction\",\"target\":[\"https:\/\/www.welovecycling.com\/wide\/2021\/06\/07\/caleb-ewan-fights-off-criticism-and-aims-high\/\"]}]},{\"@type\":\"ImageObject\",\"inLanguage\":\"en-US\",\"@id\":\"https:\/\/www.welovecycling.com\/wide\/2021\/06\/07\/caleb-ewan-fights-off-criticism-and-aims-high\/#primaryimage\",\"url\":\"https:\/\/d2p6e6u75xmxt8.cloudfront.net\/2\/2021\/06\/Caleb-Ewan-profimedia-0610917228-CVR.webp\",\"contentUrl\":\"https:\/\/d2p6e6u75xmxt8.cloudfront.net\/2\/2021\/06\/Caleb-Ewan-profimedia-0610917228-CVR.webp\",\"width\":900,\"height\":600,\"caption\":\"Caleb Ewan\"},{\"@type\":\"BreadcrumbList\",\"@id\":\"https:\/\/www.welovecycling.com\/wide\/2021\/06\/07\/caleb-ewan-fights-off-criticism-and-aims-high\/#breadcrumb\",\"itemListElement\":[{\"@type\":\"ListItem\",\"position\":1,\"name\":\"Home\",\"item\":\"https:\/\/www.welovecycling.com\/wide\/\"},{\"@type\":\"ListItem\",\"position\":2,\"name\":\"Caleb Ewan Fights Off Criticism and Aims High\"}]},{\"@type\":\"WebSite\",\"@id\":\"https:\/\/www.welovecycling.com\/wide\/#website\",\"url\":\"https:\/\/www.welovecycling.com\/wide\/\",\"name\":\"\u0160koda We Love Cycling\",\"description\":\"\u0160koda We Love Cycling magazine\",\"alternateName\":\"\u0160koda WLC\",\"potentialAction\":[{\"@type\":\"SearchAction\",\"target\":{\"@type\":\"EntryPoint\",\"urlTemplate\":\"https:\/\/www.welovecycling.com\/wide\/?s={search_term_string}\"},\"query-input\":{\"@type\":\"PropertyValueSpecification\",\"valueRequired\":true,\"valueName\":\"search_term_string\"}}],\"inLanguage\":\"en-US\"},{\"@type\":\"Person\",\"@id\":\"https:\/\/www.welovecycling.com\/wide\/#\/schema\/person\/50f01ecd18718d2333cf72e823c4f926\",\"name\":\"tereza\",\"image\":{\"@type\":\"ImageObject\",\"inLanguage\":\"en-US\",\"@id\":\"https:\/\/www.welovecycling.com\/wide\/#\/schema\/person\/image\/\",\"url\":\"https:\/\/secure.gravatar.com\/avatar\/1f9eb71be33845f0afabce3791bc1c58ecdb0a25c62964987e5dbcf7a20d2ec7?s=96&d=mm&r=g\",\"contentUrl\":\"https:\/\/secure.gravatar.com\/avatar\/1f9eb71be33845f0afabce3791bc1c58ecdb0a25c62964987e5dbcf7a20d2ec7?s=96&d=mm&r=g\",\"caption\":\"tereza\"},\"url\":\"https:\/\/www.welovecycling.com\/wide\/author\/tereza\/\"}]}<\/script>\n<!-- \/ Yoast SEO Premium plugin. -->","yoast_head_json":{"title":"Caleb Ewan Fights Off Criticism and Aims High - We Love Cycling","description":"When Australian sprinter Caleb Ewan dropped out of the Giro d\u2019Italia during the eighth stage because of knee pain, he was immediately slammed by cycling","robots":{"index":"index","follow":"follow","max-snippet":"max-snippet:-1","max-image-preview":"max-image-preview:large","max-video-preview":"max-video-preview:-1"},"canonical":"https:\/\/www.welovecycling.com\/wide\/2021\/06\/07\/caleb-ewan-fights-off-criticism-and-aims-high\/","og_locale":"en_US","og_type":"article","og_title":"Caleb Ewan Fights Off Criticism and Aims High","og_description":"When Australian sprinter Caleb Ewan dropped out of the Giro d\u2019Italia during the eighth stage because of knee pain, he was immediately slammed by cycling","og_url":"https:\/\/www.welovecycling.com\/wide\/2021\/06\/07\/caleb-ewan-fights-off-criticism-and-aims-high\/","og_site_name":"\u0160koda We Love Cycling","article_published_time":"2021-06-07T12:51:16+00:00","og_image":[{"width":900,"height":600,"url":"https:\/\/d2p6e6u75xmxt8.cloudfront.net\/2\/2021\/06\/Caleb-Ewan-profimedia-0610917228-CVR.webp","type":"image\/webp"}],"author":"tereza","twitter_card":"summary_large_image","twitter_misc":{"Written by":"Siegfried Mortkowitz","Est. reading time":"5"},"schema":{"@context":"https:\/\/schema.org","@graph":[{"@type":"WebPage","@id":"https:\/\/www.welovecycling.com\/wide\/2021\/06\/07\/caleb-ewan-fights-off-criticism-and-aims-high\/","url":"https:\/\/www.welovecycling.com\/wide\/2021\/06\/07\/caleb-ewan-fights-off-criticism-and-aims-high\/","name":"Caleb Ewan Fights Off Criticism and Aims High - We Love Cycling","isPartOf":{"@id":"https:\/\/www.welovecycling.com\/wide\/#website"},"primaryImageOfPage":{"@id":"https:\/\/www.welovecycling.com\/wide\/2021\/06\/07\/caleb-ewan-fights-off-criticism-and-aims-high\/#primaryimage"},"image":{"@id":"https:\/\/www.welovecycling.com\/wide\/2021\/06\/07\/caleb-ewan-fights-off-criticism-and-aims-high\/#primaryimage"},"thumbnailUrl":"https:\/\/d2p6e6u75xmxt8.cloudfront.net\/2\/2021\/06\/Caleb-Ewan-profimedia-0610917228-CVR.webp","datePublished":"2021-06-07T12:51:16+00:00","author":{"@id":"https:\/\/www.welovecycling.com\/wide\/#\/schema\/person\/50f01ecd18718d2333cf72e823c4f926"},"description":"When Australian sprinter Caleb Ewan dropped out of the Giro d\u2019Italia during the eighth stage because of knee pain, he was immediately slammed by cycling","breadcrumb":{"@id":"https:\/\/www.welovecycling.com\/wide\/2021\/06\/07\/caleb-ewan-fights-off-criticism-and-aims-high\/#breadcrumb"},"inLanguage":"en-US","potentialAction":[{"@type":"ReadAction","target":["https:\/\/www.welovecycling.com\/wide\/2021\/06\/07\/caleb-ewan-fights-off-criticism-and-aims-high\/"]}]},{"@type":"ImageObject","inLanguage":"en-US","@id":"https:\/\/www.welovecycling.com\/wide\/2021\/06\/07\/caleb-ewan-fights-off-criticism-and-aims-high\/#primaryimage","url":"https:\/\/d2p6e6u75xmxt8.cloudfront.net\/2\/2021\/06\/Caleb-Ewan-profimedia-0610917228-CVR.webp","contentUrl":"https:\/\/d2p6e6u75xmxt8.cloudfront.net\/2\/2021\/06\/Caleb-Ewan-profimedia-0610917228-CVR.webp","width":900,"height":600,"caption":"Caleb Ewan"},{"@type":"BreadcrumbList","@id":"https:\/\/www.welovecycling.com\/wide\/2021\/06\/07\/caleb-ewan-fights-off-criticism-and-aims-high\/#breadcrumb","itemListElement":[{"@type":"ListItem","position":1,"name":"Home","item":"https:\/\/www.welovecycling.com\/wide\/"},{"@type":"ListItem","position":2,"name":"Caleb Ewan Fights Off Criticism and Aims High"}]},{"@type":"WebSite","@id":"https:\/\/www.welovecycling.com\/wide\/#website","url":"https:\/\/www.welovecycling.com\/wide\/","name":"\u0160koda We Love Cycling","description":"\u0160koda We Love Cycling magazine","alternateName":"\u0160koda WLC","potentialAction":[{"@type":"SearchAction","target":{"@type":"EntryPoint","urlTemplate":"https:\/\/www.welovecycling.com\/wide\/?s={search_term_string}"},"query-input":{"@type":"PropertyValueSpecification","valueRequired":true,"valueName":"search_term_string"}}],"inLanguage":"en-US"},{"@type":"Person","@id":"https:\/\/www.welovecycling.com\/wide\/#\/schema\/person\/50f01ecd18718d2333cf72e823c4f926","name":"tereza","image":{"@type":"ImageObject","inLanguage":"en-US","@id":"https:\/\/www.welovecycling.com\/wide\/#\/schema\/person\/image\/","url":"https:\/\/secure.gravatar.com\/avatar\/1f9eb71be33845f0afabce3791bc1c58ecdb0a25c62964987e5dbcf7a20d2ec7?s=96&d=mm&r=g","contentUrl":"https:\/\/secure.gravatar.com\/avatar\/1f9eb71be33845f0afabce3791bc1c58ecdb0a25c62964987e5dbcf7a20d2ec7?s=96&d=mm&r=g","caption":"tereza"},"url":"https:\/\/www.welovecycling.com\/wide\/author\/tereza\/"}]}},"_links":{"self":[{"href":"https:\/\/www.welovecycling.com\/wide\/wp-json\/wp\/v2\/posts\/183885","targetHints":{"allow":["GET"]}}],"collection":[{"href":"https:\/\/www.welovecycling.com\/wide\/wp-json\/wp\/v2\/posts"}],"about":[{"href":"https:\/\/www.welovecycling.com\/wide\/wp-json\/wp\/v2\/types\/post"}],"author":[{"embeddable":true,"href":"https:\/\/www.welovecycling.com\/wide\/wp-json\/wp\/v2\/users\/99"}],"replies":[{"embeddable":true,"href":"https:\/\/www.welovecycling.com\/wide\/wp-json\/wp\/v2\/comments?post=183885"}],"version-history":[{"count":1,"href":"https:\/\/www.welovecycling.com\/wide\/wp-json\/wp\/v2\/posts\/183885\/revisions"}],"predecessor-version":[{"id":183890,"href":"https:\/\/www.welovecycling.com\/wide\/wp-json\/wp\/v2\/posts\/183885\/revisions\/183890"}],"wp:featuredmedia":[{"embeddable":true,"href":"https:\/\/www.welovecycling.com\/wide\/wp-json\/wp\/v2\/media\/183888"}],"wp:attachment":[{"href":"https:\/\/www.welovecycling.com\/wide\/wp-json\/wp\/v2\/media?parent=183885"}],"wp:term":[{"taxonomy":"category","embeddable":true,"href":"https:\/\/www.welovecycling.com\/wide\/wp-json\/wp\/v2\/categories?post=183885"},{"taxonomy":"post_tag","embeddable":true,"href":"https:\/\/www.welovecycling.com\/wide\/wp-json\/wp\/v2\/tags?post=183885"},{"taxonomy":"global-categories","embeddable":true,"href":"https:\/\/www.welovecycling.com\/wide\/wp-json\/wp\/v2\/global-categories?post=183885"}],"curies":[{"name":"wp","href":"https:\/\/api.w.org\/{rel}","templated":true}]}}