{"id":183859,"date":"2021-06-04T10:10:28","date_gmt":"2021-06-04T10:10:28","guid":{"rendered":"https:\/\/www.welovecycling.com\/wide\/?p=183859"},"modified":"2021-11-25T14:28:52","modified_gmt":"2021-11-25T14:28:52","slug":"the-history-of-cycling-caps-and-some-of-the-coolest-out-there","status":"publish","type":"post","link":"https:\/\/www.welovecycling.com\/wide\/2021\/06\/04\/the-history-of-cycling-caps-and-some-of-the-coolest-out-there\/","title":{"rendered":"The History of Cycling Caps and Some of the Coolest Out There"},"content":{"rendered":"<p><strong>The cycling cap, that minimalist colourful piece of cotton that adorned the head of all the champions that made the history of cycling, has been recently seeing a comeback and it again became an essential element of the cycling culture. So much that people are wearing it even off the bike and the motives are not only about sponsors like back in the day but there are also many creatives one. This article is about the coolest caps you can find out there.<\/strong><\/p>\n<p><!--more--><\/p>\n<p>Since the early days, riders have always needed to wear a cap and the first thing they did was to look into their wardrobe. And so it was often a stylish tweed flat cap that protected those legendary pioneers of the sport more than a century ago. Cycling soon turned into a popular sport and started to attract more financial interest, so the cap not only became a way to protect riders from sunburn or rain but it also became an essential marketing tool for brands. The cap\u2019s popularity explosion was also helped by the fact that \u201cTifosi\u201d wanted to wear the same cap that their champions wore.<\/p>\n<figure id=\"attachment_183865\" aria-describedby=\"caption-attachment-183865\" style=\"width: 1024px\" class=\"wp-caption alignnone\"><a href=\"https:\/\/d2p6e6u75xmxt8.cloudfront.net\/2\/2021\/06\/Cycling-cap-profimedia-0609545296.jpg\"><img loading=\"lazy\" decoding=\"async\" class=\"wp-image-183865 size-large\" src=\"https:\/\/d2p6e6u75xmxt8.cloudfront.net\/2\/2021\/06\/Cycling-cap-profimedia-0609545296-1024x681.jpg\" alt=\"Cycling cap\" width=\"1024\" height=\"681\" \/><\/a><figcaption id=\"caption-attachment-183865\" class=\"wp-caption-text\">A cap of Legnano Pirelli cycling team. \u00a9 Profimedia<\/figcaption><\/figure>\n<p>When wearing a helmet became compulsory, the cycling cap lost its popularity and it was used only for the podium (although a baseball cap was preferred because there is more space for a logo) and as a souvenir for fans. Some riders still wore it under the helmet but that was about it. But then, in the last decade, the cycling cap saw an incredible comeback. Fashion designers started to include it in their collections, New York messengers wore it as a fashion statement, amateurs started to wear it under the helmet as a part of the culture. The cycling caps are back and we love them!<\/p>\n<p>Every clothing, bike and even component brand makes a branded cap nowadays so if you are a particular fan of this or that company, you will surely be able to wear their colours. Here\u2019s an overview of our favourites!<\/p>\n<h2><strong>Classic caps<\/strong><\/h2>\n<p><a href=\"https:\/\/d2p6e6u75xmxt8.cloudfront.net\/2\/2021\/06\/Brooklyn-cap-B24.jpg\"><img loading=\"lazy\" decoding=\"async\" class=\"alignnone size-full wp-image-183866\" src=\"https:\/\/d2p6e6u75xmxt8.cloudfront.net\/2\/2021\/06\/Brooklyn-cap-B24.jpg\" alt=\"Brooklyn cap\" width=\"528\" height=\"528\" \/><\/a><\/p>\n<p>If you are a nostalgic type and would like to wear the history of cycling, then you should get a classic cap. There is a company in Italy called Apis that has been producing caps for pro cyclists since 1956.<\/p>\n<p>They only do wholesale but their <a href=\"https:\/\/www.apis-italia.it\/cycling\/historical-team-caps\/?lang=en\">web page<\/a> is precious because you can see all the possibilities that are on the market and once you find the cap you like, you can just look for it in one of the numerous e-shops. In my case, I use <a href=\"https:\/\/www.bike24.com\/search?searchTerm=vintage+cap\">Bike24<\/a> a lot. You can just use a \u201cvintage cap\u201d filter and voila\u2019 \u2013 endless options.<\/p>\n<p><strong>Price:<\/strong> about \u20ac12<\/p>\n<p><strong>Material:<\/strong> 65% polyester, 35% cotton.<\/p>\n<h2><strong>PEdALED<\/strong><\/h2>\n<p><a href=\"https:\/\/d2p6e6u75xmxt8.cloudfront.net\/2\/2021\/06\/japanese-bandana-cap-front-klein-blue-pedaled.jpg\"><img loading=\"lazy\" decoding=\"async\" class=\"alignnone size-large wp-image-183861\" src=\"https:\/\/d2p6e6u75xmxt8.cloudfront.net\/2\/2021\/06\/japanese-bandana-cap-front-klein-blue-pedaled-1024x663.jpg\" alt=\"PEDALED Cap\" width=\"1024\" height=\"663\" \/><\/a><\/p>\n<p>PEdALED is a Japanese premium brand founded on the belief that \u201cthe aesthetics and functionality of cycling apparel can greatly increase the pleasure of riding\u201d as founder Hideto Suzuki puts it. I like PEdALED for its simplicity and distinctive style which reflects also on\u00a0<a href=\"https:\/\/pedaled.com\/row_en\/men\/categories\/cycling-hats-caps?offset=702.0833740234375\">their<\/a><a href=\"https:\/\/pedaled.com\/row_en\/men\/categories\/cycling-hats-caps?offset=702.0833740234375\"> caps<\/a>. Their signature collection is called Japanese Bandana Caps and are made with traditional Japanese textiles and patterns.<\/p>\n<p><strong>Price:<\/strong> starting at \u20ac36<\/p>\n<p><strong>Material:<\/strong> 100% cotton.<\/p>\n<h2><strong>Maloja<\/strong><\/h2>\n<p><a href=\"https:\/\/d2p6e6u75xmxt8.cloudfront.net\/2\/2021\/06\/Maloja.jpg\"><img loading=\"lazy\" decoding=\"async\" class=\"alignnone size-large wp-image-183863\" src=\"https:\/\/d2p6e6u75xmxt8.cloudfront.net\/2\/2021\/06\/Maloja-1024x728.jpg\" alt=\"Maloja cap\" width=\"1024\" height=\"728\" \/><\/a><\/p>\n<p>Maloja is a German brand with a very distinctive character. Their design is always very colourful and playful so I think it is worth checking out\u00a0<a href=\"https:\/\/www.maloja.de\/collection\/article.php?c=2,9,31,219&amp;s=0817\">their collection<\/a>\u00a0of highly functional bike caps. These are more utilitarian than lifestyle but still very cool looking.<\/p>\n<p><strong>Price:<\/strong> \u20ac25<\/p>\n<p><strong>Material:<\/strong> a combination of polyester and Spandex. The percentage depends on models.<\/p>\n<h2><strong>Tenspeed Hero<\/strong><\/h2>\n<p><a href=\"https:\/\/d2p6e6u75xmxt8.cloudfront.net\/2\/2021\/06\/Merde.jpeg\"><img loading=\"lazy\" decoding=\"async\" class=\"alignnone size-full wp-image-183872\" src=\"https:\/\/d2p6e6u75xmxt8.cloudfront.net\/2\/2021\/06\/Merde.jpeg\" alt=\"Tenspeed Hero\" width=\"1024\" height=\"683\" \/><\/a><\/p>\n<p>Tenspeed Hero caps came to my attention for the first time while riding in California. I was at a place full of cyclists for a post-ride beer when a guy walked up to our table with a cap saying \u201cMerda\u201d on the bill. I had to laugh because that word has a whole different meaning in Italian (look it up). When you think about it, how many times do you find yourself using that word during one of your training sessions or races?<\/p>\n<p>They don\u2019t only have\u00a0<a href=\"https:\/\/store.tenspeedhero.com\/collections\/caps\/products\/tsh-cloud-cap\">that model<\/a>\u00a0but it surely is my favourite. Tenspeed Hero is a company based in Chicago, USA, but they ship all over.<\/p>\n<p><strong>Price:<\/strong> \u20ac20<\/p>\n<p><strong>Material:<\/strong> 65\/35 polyester-cotton blend.<\/p>\n<h2><strong>Cascada<\/strong><\/h2>\n<p><a href=\"https:\/\/d2p6e6u75xmxt8.cloudfront.net\/2\/2021\/06\/STAY_WILD_FR_1296x-Cascada-1.jpg\"><img loading=\"lazy\" decoding=\"async\" class=\"alignnone size-full wp-image-183870\" src=\"https:\/\/d2p6e6u75xmxt8.cloudfront.net\/2\/2021\/06\/STAY_WILD_FR_1296x-Cascada-1.jpg\" alt=\"Cascada Cap\" width=\"590\" height=\"524\" \/><\/a><\/p>\n<p>Cascada is a young brand from Lake Garda, the outdoor capital of Italy. I\u2019ve been a true fan since the beginning because they try hard to choose colours, themes and materials, keeping their beloved nature in mind. And this goes for their cycling caps too, of course. They have a few limited but very cool options. I wear their \u201c<a href=\"https:\/\/cascada.cc\/collections\/accessori\/products\/stay-wild-cycling-cap\">Stay Wild<\/a>\u201d cycling cap all the time because I like not only the graphic but also the motto.\u00a0I also like the \u201c<a href=\"https:\/\/cascada.cc\/collections\/accessori\/products\/leaves-cycling-cap\">Leaves<\/a>\u201d one very much.<\/p>\n<p><strong>Price:<\/strong> \u20ac20<\/p>\n<p><strong>Material:<\/strong> 100% polyester.<\/p>\n<h2><strong>Walz Caps<\/strong><\/h2>\n<p><a href=\"https:\/\/d2p6e6u75xmxt8.cloudfront.net\/2\/2021\/06\/walz-caps.jpg\"><img loading=\"lazy\" decoding=\"async\" class=\"alignnone size-full wp-image-183860\" src=\"https:\/\/d2p6e6u75xmxt8.cloudfront.net\/2\/2021\/06\/walz-caps.jpg\" alt=\"Walz caps\" width=\"540\" height=\"540\" \/><\/a><\/p>\n<p><a href=\"https:\/\/www.walzcaps.com\/\">Walz Caps<\/a> offer hand-made cycling caps. They have incredible customer care I tried first-hand and their products are high quality. As caps are their core business, they can offer a wide variety of models so every cyclist can find their perfect match. I must say that it\u2019s always a great pleasure to browse\u00a0<a href=\"https:\/\/www.walzcaps.com\/\">their web<\/a>.<\/p>\n<p>Price: starting at \u20ac25<\/p>\n<p>Materials: depending on caps. Cotton, wool, merino, technical fabrics.<\/p>\n","protected":false},"excerpt":{"rendered":"<p>The cycling cap, that minimalist colourful piece of cotton that adorned the head of all the champions that made the [&hellip;]<\/p>\n","protected":false},"author":99,"featured_media":183867,"comment_status":"open","ping_status":"open","sticky":false,"template":"","format":"standard","meta":{"footnotes":""},"categories":[329],"tags":[5083,5332,5331,5335,5334,5336,5333],"global-categories":[3366],"class_list":["post-183859","post","type-post","status-publish","format-standard","has-post-thumbnail","hentry","category-road-cycling","tag-cascada","tag-casquettes","tag-cycling-caps","tag-maloja","tag-pedaled","tag-tenspeed-hero","tag-walz","global-categories-cycling"],"yoast_head":"<!-- This site is optimized with the Yoast SEO Premium plugin v25.3 (Yoast SEO v25.9) - https:\/\/yoast.com\/wordpress\/plugins\/seo\/ -->\n<title>The History of Cycling Caps and Some of the Coolest Out There<\/title>\n<meta name=\"description\" content=\"The cycling cap, that minimalist colourful piece of cotton that adorned the head of all the champions that made the history of cycling, has been recently\" \/>\n<meta name=\"robots\" content=\"index, follow, max-snippet:-1, max-image-preview:large, max-video-preview:-1\" \/>\n<link rel=\"canonical\" href=\"https:\/\/www.welovecycling.com\/wide\/2021\/06\/04\/the-history-of-cycling-caps-and-some-of-the-coolest-out-there\/\" \/>\n<meta property=\"og:locale\" content=\"en_US\" \/>\n<meta property=\"og:type\" content=\"article\" \/>\n<meta property=\"og:title\" content=\"The History of Cycling Caps and Some of the Coolest Out There\" \/>\n<meta property=\"og:description\" content=\"The cycling cap, that minimalist colourful piece of cotton.\" \/>\n<meta property=\"og:url\" content=\"https:\/\/www.welovecycling.com\/wide\/2021\/06\/04\/the-history-of-cycling-caps-and-some-of-the-coolest-out-there\/\" \/>\n<meta property=\"og:site_name\" content=\"\u0160koda We Love Cycling\" \/>\n<meta property=\"article:published_time\" content=\"2021-06-04T10:10:28+00:00\" \/>\n<meta property=\"article:modified_time\" content=\"2021-11-25T14:28:52+00:00\" \/>\n<meta property=\"og:image\" content=\"https:\/\/d2p6e6u75xmxt8.cloudfront.net\/2\/2021\/06\/11.webp\" \/>\n\t<meta property=\"og:image:width\" content=\"1200\" \/>\n\t<meta property=\"og:image:height\" content=\"628\" \/>\n\t<meta property=\"og:image:type\" content=\"image\/webp\" \/>\n<meta name=\"author\" content=\"tereza\" \/>\n<meta name=\"twitter:card\" content=\"summary_large_image\" \/>\n<meta name=\"twitter:label1\" content=\"Written by\" \/>\n\t<meta name=\"twitter:data1\" content=\"Filippo Mari\" \/>\n\t<meta name=\"twitter:label2\" content=\"Est. reading time\" \/>\n\t<meta name=\"twitter:data2\" content=\"6\" \/>\n<script type=\"application\/ld+json\" class=\"yoast-schema-graph\">{\"@context\":\"https:\/\/schema.org\",\"@graph\":[{\"@type\":\"WebPage\",\"@id\":\"https:\/\/www.welovecycling.com\/wide\/2021\/06\/04\/the-history-of-cycling-caps-and-some-of-the-coolest-out-there\/\",\"url\":\"https:\/\/www.welovecycling.com\/wide\/2021\/06\/04\/the-history-of-cycling-caps-and-some-of-the-coolest-out-there\/\",\"name\":\"The History of Cycling Caps and Some of the Coolest Out There\",\"isPartOf\":{\"@id\":\"https:\/\/www.welovecycling.com\/wide\/#website\"},\"primaryImageOfPage\":{\"@id\":\"https:\/\/www.welovecycling.com\/wide\/2021\/06\/04\/the-history-of-cycling-caps-and-some-of-the-coolest-out-there\/#primaryimage\"},\"image\":{\"@id\":\"https:\/\/www.welovecycling.com\/wide\/2021\/06\/04\/the-history-of-cycling-caps-and-some-of-the-coolest-out-there\/#primaryimage\"},\"thumbnailUrl\":\"https:\/\/d2p6e6u75xmxt8.cloudfront.net\/2\/2021\/06\/Eddy-Merckx-Cap-profimedia-0454157644-CVR.webp\",\"datePublished\":\"2021-06-04T10:10:28+00:00\",\"dateModified\":\"2021-11-25T14:28:52+00:00\",\"author\":{\"@id\":\"https:\/\/www.welovecycling.com\/wide\/#\/schema\/person\/50f01ecd18718d2333cf72e823c4f926\"},\"description\":\"The cycling cap, that minimalist colourful piece of cotton that adorned the head of all the champions that made the history of cycling, has been recently\",\"breadcrumb\":{\"@id\":\"https:\/\/www.welovecycling.com\/wide\/2021\/06\/04\/the-history-of-cycling-caps-and-some-of-the-coolest-out-there\/#breadcrumb\"},\"inLanguage\":\"en-US\",\"potentialAction\":[{\"@type\":\"ReadAction\",\"target\":[\"https:\/\/www.welovecycling.com\/wide\/2021\/06\/04\/the-history-of-cycling-caps-and-some-of-the-coolest-out-there\/\"]}]},{\"@type\":\"ImageObject\",\"inLanguage\":\"en-US\",\"@id\":\"https:\/\/www.welovecycling.com\/wide\/2021\/06\/04\/the-history-of-cycling-caps-and-some-of-the-coolest-out-there\/#primaryimage\",\"url\":\"https:\/\/d2p6e6u75xmxt8.cloudfront.net\/2\/2021\/06\/Eddy-Merckx-Cap-profimedia-0454157644-CVR.webp\",\"contentUrl\":\"https:\/\/d2p6e6u75xmxt8.cloudfront.net\/2\/2021\/06\/Eddy-Merckx-Cap-profimedia-0454157644-CVR.webp\",\"width\":900,\"height\":600,\"caption\":\"Eddy Merckx Cap\"},{\"@type\":\"BreadcrumbList\",\"@id\":\"https:\/\/www.welovecycling.com\/wide\/2021\/06\/04\/the-history-of-cycling-caps-and-some-of-the-coolest-out-there\/#breadcrumb\",\"itemListElement\":[{\"@type\":\"ListItem\",\"position\":1,\"name\":\"Home\",\"item\":\"https:\/\/www.welovecycling.com\/wide\/\"},{\"@type\":\"ListItem\",\"position\":2,\"name\":\"The History of Cycling Caps and Some of the Coolest Out There\"}]},{\"@type\":\"WebSite\",\"@id\":\"https:\/\/www.welovecycling.com\/wide\/#website\",\"url\":\"https:\/\/www.welovecycling.com\/wide\/\",\"name\":\"\u0160koda We Love Cycling\",\"description\":\"\u0160koda We Love Cycling magazine\",\"alternateName\":\"\u0160koda WLC\",\"potentialAction\":[{\"@type\":\"SearchAction\",\"target\":{\"@type\":\"EntryPoint\",\"urlTemplate\":\"https:\/\/www.welovecycling.com\/wide\/?s={search_term_string}\"},\"query-input\":{\"@type\":\"PropertyValueSpecification\",\"valueRequired\":true,\"valueName\":\"search_term_string\"}}],\"inLanguage\":\"en-US\"},{\"@type\":\"Person\",\"@id\":\"https:\/\/www.welovecycling.com\/wide\/#\/schema\/person\/50f01ecd18718d2333cf72e823c4f926\",\"name\":\"tereza\",\"image\":{\"@type\":\"ImageObject\",\"inLanguage\":\"en-US\",\"@id\":\"https:\/\/www.welovecycling.com\/wide\/#\/schema\/person\/image\/\",\"url\":\"https:\/\/secure.gravatar.com\/avatar\/1f9eb71be33845f0afabce3791bc1c58ecdb0a25c62964987e5dbcf7a20d2ec7?s=96&d=mm&r=g\",\"contentUrl\":\"https:\/\/secure.gravatar.com\/avatar\/1f9eb71be33845f0afabce3791bc1c58ecdb0a25c62964987e5dbcf7a20d2ec7?s=96&d=mm&r=g\",\"caption\":\"tereza\"},\"url\":\"https:\/\/www.welovecycling.com\/wide\/author\/tereza\/\"}]}<\/script>\n<!-- \/ Yoast SEO Premium plugin. -->","yoast_head_json":{"title":"The History of Cycling Caps and Some of the Coolest Out There","description":"The cycling cap, that minimalist colourful piece of cotton that adorned the head of all the champions that made the history of cycling, has been recently","robots":{"index":"index","follow":"follow","max-snippet":"max-snippet:-1","max-image-preview":"max-image-preview:large","max-video-preview":"max-video-preview:-1"},"canonical":"https:\/\/www.welovecycling.com\/wide\/2021\/06\/04\/the-history-of-cycling-caps-and-some-of-the-coolest-out-there\/","og_locale":"en_US","og_type":"article","og_title":"The History of Cycling Caps and Some of the Coolest Out There","og_description":"The cycling cap, that minimalist colourful piece of cotton.","og_url":"https:\/\/www.welovecycling.com\/wide\/2021\/06\/04\/the-history-of-cycling-caps-and-some-of-the-coolest-out-there\/","og_site_name":"\u0160koda We Love Cycling","article_published_time":"2021-06-04T10:10:28+00:00","article_modified_time":"2021-11-25T14:28:52+00:00","og_image":[{"width":1200,"height":628,"url":"https:\/\/d2p6e6u75xmxt8.cloudfront.net\/2\/2021\/06\/11.webp","type":"image\/webp"}],"author":"tereza","twitter_card":"summary_large_image","twitter_misc":{"Written by":"Filippo Mari","Est. reading time":"6"},"schema":{"@context":"https:\/\/schema.org","@graph":[{"@type":"WebPage","@id":"https:\/\/www.welovecycling.com\/wide\/2021\/06\/04\/the-history-of-cycling-caps-and-some-of-the-coolest-out-there\/","url":"https:\/\/www.welovecycling.com\/wide\/2021\/06\/04\/the-history-of-cycling-caps-and-some-of-the-coolest-out-there\/","name":"The History of Cycling Caps and Some of the Coolest Out There","isPartOf":{"@id":"https:\/\/www.welovecycling.com\/wide\/#website"},"primaryImageOfPage":{"@id":"https:\/\/www.welovecycling.com\/wide\/2021\/06\/04\/the-history-of-cycling-caps-and-some-of-the-coolest-out-there\/#primaryimage"},"image":{"@id":"https:\/\/www.welovecycling.com\/wide\/2021\/06\/04\/the-history-of-cycling-caps-and-some-of-the-coolest-out-there\/#primaryimage"},"thumbnailUrl":"https:\/\/d2p6e6u75xmxt8.cloudfront.net\/2\/2021\/06\/Eddy-Merckx-Cap-profimedia-0454157644-CVR.webp","datePublished":"2021-06-04T10:10:28+00:00","dateModified":"2021-11-25T14:28:52+00:00","author":{"@id":"https:\/\/www.welovecycling.com\/wide\/#\/schema\/person\/50f01ecd18718d2333cf72e823c4f926"},"description":"The cycling cap, that minimalist colourful piece of cotton that adorned the head of all the champions that made the history of cycling, has been recently","breadcrumb":{"@id":"https:\/\/www.welovecycling.com\/wide\/2021\/06\/04\/the-history-of-cycling-caps-and-some-of-the-coolest-out-there\/#breadcrumb"},"inLanguage":"en-US","potentialAction":[{"@type":"ReadAction","target":["https:\/\/www.welovecycling.com\/wide\/2021\/06\/04\/the-history-of-cycling-caps-and-some-of-the-coolest-out-there\/"]}]},{"@type":"ImageObject","inLanguage":"en-US","@id":"https:\/\/www.welovecycling.com\/wide\/2021\/06\/04\/the-history-of-cycling-caps-and-some-of-the-coolest-out-there\/#primaryimage","url":"https:\/\/d2p6e6u75xmxt8.cloudfront.net\/2\/2021\/06\/Eddy-Merckx-Cap-profimedia-0454157644-CVR.webp","contentUrl":"https:\/\/d2p6e6u75xmxt8.cloudfront.net\/2\/2021\/06\/Eddy-Merckx-Cap-profimedia-0454157644-CVR.webp","width":900,"height":600,"caption":"Eddy Merckx Cap"},{"@type":"BreadcrumbList","@id":"https:\/\/www.welovecycling.com\/wide\/2021\/06\/04\/the-history-of-cycling-caps-and-some-of-the-coolest-out-there\/#breadcrumb","itemListElement":[{"@type":"ListItem","position":1,"name":"Home","item":"https:\/\/www.welovecycling.com\/wide\/"},{"@type":"ListItem","position":2,"name":"The History of Cycling Caps and Some of the Coolest Out There"}]},{"@type":"WebSite","@id":"https:\/\/www.welovecycling.com\/wide\/#website","url":"https:\/\/www.welovecycling.com\/wide\/","name":"\u0160koda We Love Cycling","description":"\u0160koda We Love Cycling magazine","alternateName":"\u0160koda WLC","potentialAction":[{"@type":"SearchAction","target":{"@type":"EntryPoint","urlTemplate":"https:\/\/www.welovecycling.com\/wide\/?s={search_term_string}"},"query-input":{"@type":"PropertyValueSpecification","valueRequired":true,"valueName":"search_term_string"}}],"inLanguage":"en-US"},{"@type":"Person","@id":"https:\/\/www.welovecycling.com\/wide\/#\/schema\/person\/50f01ecd18718d2333cf72e823c4f926","name":"tereza","image":{"@type":"ImageObject","inLanguage":"en-US","@id":"https:\/\/www.welovecycling.com\/wide\/#\/schema\/person\/image\/","url":"https:\/\/secure.gravatar.com\/avatar\/1f9eb71be33845f0afabce3791bc1c58ecdb0a25c62964987e5dbcf7a20d2ec7?s=96&d=mm&r=g","contentUrl":"https:\/\/secure.gravatar.com\/avatar\/1f9eb71be33845f0afabce3791bc1c58ecdb0a25c62964987e5dbcf7a20d2ec7?s=96&d=mm&r=g","caption":"tereza"},"url":"https:\/\/www.welovecycling.com\/wide\/author\/tereza\/"}]}},"_links":{"self":[{"href":"https:\/\/www.welovecycling.com\/wide\/wp-json\/wp\/v2\/posts\/183859","targetHints":{"allow":["GET"]}}],"collection":[{"href":"https:\/\/www.welovecycling.com\/wide\/wp-json\/wp\/v2\/posts"}],"about":[{"href":"https:\/\/www.welovecycling.com\/wide\/wp-json\/wp\/v2\/types\/post"}],"author":[{"embeddable":true,"href":"https:\/\/www.welovecycling.com\/wide\/wp-json\/wp\/v2\/users\/99"}],"replies":[{"embeddable":true,"href":"https:\/\/www.welovecycling.com\/wide\/wp-json\/wp\/v2\/comments?post=183859"}],"version-history":[{"count":2,"href":"https:\/\/www.welovecycling.com\/wide\/wp-json\/wp\/v2\/posts\/183859\/revisions"}],"predecessor-version":[{"id":187570,"href":"https:\/\/www.welovecycling.com\/wide\/wp-json\/wp\/v2\/posts\/183859\/revisions\/187570"}],"wp:featuredmedia":[{"embeddable":true,"href":"https:\/\/www.welovecycling.com\/wide\/wp-json\/wp\/v2\/media\/183867"}],"wp:attachment":[{"href":"https:\/\/www.welovecycling.com\/wide\/wp-json\/wp\/v2\/media?parent=183859"}],"wp:term":[{"taxonomy":"category","embeddable":true,"href":"https:\/\/www.welovecycling.com\/wide\/wp-json\/wp\/v2\/categories?post=183859"},{"taxonomy":"post_tag","embeddable":true,"href":"https:\/\/www.welovecycling.com\/wide\/wp-json\/wp\/v2\/tags?post=183859"},{"taxonomy":"global-categories","embeddable":true,"href":"https:\/\/www.welovecycling.com\/wide\/wp-json\/wp\/v2\/global-categories?post=183859"}],"curies":[{"name":"wp","href":"https:\/\/api.w.org\/{rel}","templated":true}]}}