{"id":183789,"date":"2021-05-31T11:41:00","date_gmt":"2021-05-31T11:41:00","guid":{"rendered":"https:\/\/www.welovecycling.com\/wide\/?p=183789"},"modified":"2021-05-31T11:41:00","modified_gmt":"2021-05-31T11:41:00","slug":"ridding-professional-cycling-of-racism","status":"publish","type":"post","link":"https:\/\/www.welovecycling.com\/wide\/2021\/05\/31\/ridding-professional-cycling-of-racism\/","title":{"rendered":"Ridding Professional Cycling of Racism"},"content":{"rendered":"<p><strong>For a number of reasons, there are very few minority cyclists in professional racing. It is a problem which has to be resolved over time \u2013 and is, in fact, in the process of being resolved, as more and more minority cyclists become interested and invested in the sport and the sport itself undertakes measures to make it easier for them.<\/strong><\/p>\n<p><!--more--><\/p>\n<p>The other problem, and one which may be more difficult to tackle, is that the few Black cyclists currently in the sport continue to suffer from open racism on the part of other cyclists who often escape with a slap on the wrist.<\/p>\n<p>Just ask Kevin Reza of the French team B&amp;B Hotels p\/b KTM who races with the second-division UCI ProTeams and was invited to last year\u2019s Tour de France. This made Reza the only Black rider at the Tour and one of only five Black riders in the entire WorldTour peloton. Those who watched the final stage of that Tour de France will know that, at the start of that stage, Reza rode at the head of the peloton in the company of all the jersey winners \u2013 including yellow jersey winner Tadej Poga\u010dar. And all the riders left in the race wore face masks\u00a0imprinted with the slogan <em>#NoToRacism<\/em>.<\/p>\n<figure id=\"attachment_183792\" aria-describedby=\"caption-attachment-183792\" style=\"width: 1024px\" class=\"wp-caption alignnone\"><a href=\"https:\/\/d2p6e6u75xmxt8.cloudfront.net\/2\/2021\/05\/Kevin-Reza-profimedia-0555522690.jpg\"><img loading=\"lazy\" decoding=\"async\" class=\"size-large wp-image-183792\" src=\"https:\/\/d2p6e6u75xmxt8.cloudfront.net\/2\/2021\/05\/Kevin-Reza-profimedia-0555522690-1024x684.jpg\" alt=\"Kevin Reza\" width=\"1024\" height=\"684\" \/><\/a><figcaption id=\"caption-attachment-183792\" class=\"wp-caption-text\">Reza at the 2020 Tour. \u00a9 Profimedia<\/figcaption><\/figure>\n<p>Reza told\u00a0<a href=\"https:\/\/www.skysports.com\/transfer\/news\/15264\/12269181\/kevin-reza-2020-tour-de-frances-only-black-rider-on-racism-and-being-a-voice-for-diversity-in-cyclings-peloton\">Sky<\/a><em>\u00a0<\/em><a href=\"https:\/\/www.skysports.com\/transfer\/news\/15264\/12269181\/kevin-reza-2020-tour-de-frances-only-black-rider-on-racism-and-being-a-voice-for-diversity-in-cyclings-peloton\">Sports<\/a> that this gesture was <a href=\"https:\/\/www.skysports.com\/more-sports\/cycling\/news\/15264\/12269181\/kevin-reza-2020-tour-de-frances-only-black-rider-on-racism-and-being-a-voice-for-diversity-in-cyclings-peloton\">\u201ca kind of a release and opening\u201d<\/a> for him. &#8220;It&#8217;s just something that makes me want to be able to share and interact with people, those who may or may not be racist, but at least we can have a proper exchange and I can share my ideas and thoughts,\u201d he said. &#8220;And that&#8217;s something that I enjoy since it&#8217;s a subject that remains taboo and that we aren&#8217;t used to talking about openly. I&#8217;ve been able to do that since the <a href=\"https:\/\/www.welovecycling.com\/wide\/2020\/09\/22\/5-things-we-learned-from-the-2020-tour-de-france\/\">2020 Tour de France.\u201d<\/a><\/p>\n<p>In 2017, Reza was racially abused at the Tour de Romandie by Italian rider Gianni Moscon, then of Team Sky and now with Ineos Grenadiers, who was suspended for six weeks and sent on a diversity training course. Reza believes that the punishment was not harsh enough and that the UCI must punish racism more severely. \u201cAs a minimum, you would expect to see a racist get punished like a doper,\u201d he said, which would involve lengthy bans. \u201cIt would show they&#8217;re taking a strong stance in terms of supporting action against the various forms of discrimination within the sport.&#8221;<\/p>\n<figure id=\"attachment_183791\" aria-describedby=\"caption-attachment-183791\" style=\"width: 1024px\" class=\"wp-caption alignnone\"><a href=\"https:\/\/d2p6e6u75xmxt8.cloudfront.net\/2\/2021\/05\/Reza-profimedia-0589092723.jpg\"><img loading=\"lazy\" decoding=\"async\" class=\"wp-image-183791 size-large\" src=\"https:\/\/d2p6e6u75xmxt8.cloudfront.net\/2\/2021\/05\/Reza-profimedia-0589092723-1024x840.jpg\" alt=\"Kevin Reza\" width=\"1024\" height=\"840\" \/><\/a><figcaption id=\"caption-attachment-183791\" class=\"wp-caption-text\">There&#8217;s a lot of to be resolved when it comes to diversity in cycling. \u00a9 Profimedia<\/figcaption><\/figure>\n<p>Fortunately, Reza is not alone in attempting to change cycling\u2019s diversity problem. Last year\u2019s Giro d&#8217;Italia winner, Tao Geoghegan Hart of Britain, declared in February that he will\u00a0<a href=\"https:\/\/www.skysports.com\/more-sports\/cycling\/news\/15264\/12222010\/tao-geoghegan-hart-to-sponsor-young-rider-in-bid-to-tackle-cycling-diversity-problem\">sponsor a young minority rider<\/a>\u00a0in partnership with his former development team<em>\u00a0<\/em><em>Hagens Berman Axeon.<\/em> In a lengthy Instagram post, the Ineos Grenadiers rider said that it was a fact that &#8220;cycling has a problem with diversity and inclusivity.\u201d He went on to declare that this problem was not unique to sports and it must be \u201cfaced head-on.\u201d<\/p>\n<p>\u201cCycling has not done enough [to resolve the issue] during this past year,\u201d <a href=\"https:\/\/www.skysports.com\/more-sports\/cycling\/news\/15264\/12222010\/tao-geoghegan-hart-to-sponsor-young-rider-in-bid-to-tackle-cycling-diversity-problem\">Geoghegan Hart said<\/a>. \u201cFurthermore, I have not done enough. But what good are words without action?\u201d In addition, British Cycling <a href=\"https:\/\/www.skysports.com\/more-sports\/cycling\/news\/15264\/12117846\/british-cycling-launches-diversity-project\">has announced plans<\/a> for a long-term project to deal with the diversity gap in British cycling. The initiative will focus on increasing Black and minority ethnic representation in the racing community, recreation programs and the organization&#8217;s own workforce.<\/p>\n<p>There remains a lot to be done to drive racism out of professional cycling and make the sport more inclusive and diverse but it appears that the first steps are being taken.<\/p>\n","protected":false},"excerpt":{"rendered":"<p>For a number of reasons, there are very few minority cyclists in professional racing. It is a problem which has [&hellip;]<\/p>\n","protected":false},"author":99,"featured_media":183790,"comment_status":"open","ping_status":"open","sticky":false,"template":"","format":"standard","meta":{"footnotes":""},"categories":[329],"tags":[5316,4232,2375,1170,5315,4515],"global-categories":[3366],"class_list":["post-183789","post","type-post","status-publish","format-standard","has-post-thumbnail","hentry","category-road-cycling","tag-notoracism","tag-diversity-in-cycling","tag-hagens-berman-axeon","tag-kevin-reza","tag-racism-in-cycling","tag-tao-geoghegan-hart","global-categories-cycling"],"yoast_head":"<!-- This site is optimized with the Yoast SEO Premium plugin v25.3 (Yoast SEO v25.9) - https:\/\/yoast.com\/wordpress\/plugins\/seo\/ -->\n<title>Ridding Professional Cycling of Racism - \u0160koda We Love Cycling<\/title>\n<meta name=\"description\" content=\"For a number of reasons, there are very few minority cyclists in professional racing. It is a problem which has to be resolved over time \u2013 and is, in\" \/>\n<meta name=\"robots\" content=\"index, follow, max-snippet:-1, max-image-preview:large, max-video-preview:-1\" \/>\n<link rel=\"canonical\" href=\"https:\/\/www.welovecycling.com\/wide\/2021\/05\/31\/ridding-professional-cycling-of-racism\/\" \/>\n<meta property=\"og:locale\" content=\"en_US\" \/>\n<meta property=\"og:type\" content=\"article\" \/>\n<meta property=\"og:title\" content=\"Ridding Professional Cycling of Racism\" \/>\n<meta property=\"og:description\" content=\"For a number of reasons, there are very few minority cyclists in professional racing. It is a problem which has to be resolved over time \u2013 and is, in\" \/>\n<meta property=\"og:url\" content=\"https:\/\/www.welovecycling.com\/wide\/2021\/05\/31\/ridding-professional-cycling-of-racism\/\" \/>\n<meta property=\"og:site_name\" content=\"\u0160koda We Love Cycling\" \/>\n<meta property=\"article:published_time\" content=\"2021-05-31T11:41:00+00:00\" \/>\n<meta property=\"og:image\" content=\"https:\/\/d2p6e6u75xmxt8.cloudfront.net\/2\/2021\/05\/Kevin-Reza-profimedia-0558912146-CVR.webp\" \/>\n\t<meta property=\"og:image:width\" content=\"900\" \/>\n\t<meta property=\"og:image:height\" content=\"600\" \/>\n\t<meta property=\"og:image:type\" content=\"image\/webp\" \/>\n<meta name=\"author\" content=\"tereza\" \/>\n<meta name=\"twitter:card\" content=\"summary_large_image\" \/>\n<meta name=\"twitter:label1\" content=\"Written by\" \/>\n\t<meta name=\"twitter:data1\" content=\"Siegfried Mortkowitz\" \/>\n\t<meta name=\"twitter:label2\" content=\"Est. reading time\" \/>\n\t<meta name=\"twitter:data2\" content=\"5\" \/>\n<script type=\"application\/ld+json\" class=\"yoast-schema-graph\">{\"@context\":\"https:\/\/schema.org\",\"@graph\":[{\"@type\":\"WebPage\",\"@id\":\"https:\/\/www.welovecycling.com\/wide\/2021\/05\/31\/ridding-professional-cycling-of-racism\/\",\"url\":\"https:\/\/www.welovecycling.com\/wide\/2021\/05\/31\/ridding-professional-cycling-of-racism\/\",\"name\":\"Ridding Professional Cycling of Racism - \u0160koda We Love Cycling\",\"isPartOf\":{\"@id\":\"https:\/\/www.welovecycling.com\/wide\/#website\"},\"primaryImageOfPage\":{\"@id\":\"https:\/\/www.welovecycling.com\/wide\/2021\/05\/31\/ridding-professional-cycling-of-racism\/#primaryimage\"},\"image\":{\"@id\":\"https:\/\/www.welovecycling.com\/wide\/2021\/05\/31\/ridding-professional-cycling-of-racism\/#primaryimage\"},\"thumbnailUrl\":\"https:\/\/d2p6e6u75xmxt8.cloudfront.net\/2\/2021\/05\/Kevin-Reza-profimedia-0558912146-CVR.webp\",\"datePublished\":\"2021-05-31T11:41:00+00:00\",\"author\":{\"@id\":\"https:\/\/www.welovecycling.com\/wide\/#\/schema\/person\/50f01ecd18718d2333cf72e823c4f926\"},\"description\":\"For a number of reasons, there are very few minority cyclists in professional racing. It is a problem which has to be resolved over time \u2013 and is, in\",\"breadcrumb\":{\"@id\":\"https:\/\/www.welovecycling.com\/wide\/2021\/05\/31\/ridding-professional-cycling-of-racism\/#breadcrumb\"},\"inLanguage\":\"en-US\",\"potentialAction\":[{\"@type\":\"ReadAction\",\"target\":[\"https:\/\/www.welovecycling.com\/wide\/2021\/05\/31\/ridding-professional-cycling-of-racism\/\"]}]},{\"@type\":\"ImageObject\",\"inLanguage\":\"en-US\",\"@id\":\"https:\/\/www.welovecycling.com\/wide\/2021\/05\/31\/ridding-professional-cycling-of-racism\/#primaryimage\",\"url\":\"https:\/\/d2p6e6u75xmxt8.cloudfront.net\/2\/2021\/05\/Kevin-Reza-profimedia-0558912146-CVR.webp\",\"contentUrl\":\"https:\/\/d2p6e6u75xmxt8.cloudfront.net\/2\/2021\/05\/Kevin-Reza-profimedia-0558912146-CVR.webp\",\"width\":900,\"height\":600,\"caption\":\"Kevin Reza\"},{\"@type\":\"BreadcrumbList\",\"@id\":\"https:\/\/www.welovecycling.com\/wide\/2021\/05\/31\/ridding-professional-cycling-of-racism\/#breadcrumb\",\"itemListElement\":[{\"@type\":\"ListItem\",\"position\":1,\"name\":\"Home\",\"item\":\"https:\/\/www.welovecycling.com\/wide\/\"},{\"@type\":\"ListItem\",\"position\":2,\"name\":\"Ridding Professional Cycling of Racism\"}]},{\"@type\":\"WebSite\",\"@id\":\"https:\/\/www.welovecycling.com\/wide\/#website\",\"url\":\"https:\/\/www.welovecycling.com\/wide\/\",\"name\":\"\u0160koda We Love Cycling\",\"description\":\"\u0160koda We Love Cycling magazine\",\"alternateName\":\"\u0160koda WLC\",\"potentialAction\":[{\"@type\":\"SearchAction\",\"target\":{\"@type\":\"EntryPoint\",\"urlTemplate\":\"https:\/\/www.welovecycling.com\/wide\/?s={search_term_string}\"},\"query-input\":{\"@type\":\"PropertyValueSpecification\",\"valueRequired\":true,\"valueName\":\"search_term_string\"}}],\"inLanguage\":\"en-US\"},{\"@type\":\"Person\",\"@id\":\"https:\/\/www.welovecycling.com\/wide\/#\/schema\/person\/50f01ecd18718d2333cf72e823c4f926\",\"name\":\"tereza\",\"image\":{\"@type\":\"ImageObject\",\"inLanguage\":\"en-US\",\"@id\":\"https:\/\/www.welovecycling.com\/wide\/#\/schema\/person\/image\/\",\"url\":\"https:\/\/secure.gravatar.com\/avatar\/1f9eb71be33845f0afabce3791bc1c58ecdb0a25c62964987e5dbcf7a20d2ec7?s=96&d=mm&r=g\",\"contentUrl\":\"https:\/\/secure.gravatar.com\/avatar\/1f9eb71be33845f0afabce3791bc1c58ecdb0a25c62964987e5dbcf7a20d2ec7?s=96&d=mm&r=g\",\"caption\":\"tereza\"},\"url\":\"https:\/\/www.welovecycling.com\/wide\/author\/tereza\/\"}]}<\/script>\n<!-- \/ Yoast SEO Premium plugin. -->","yoast_head_json":{"title":"Ridding Professional Cycling of Racism - \u0160koda We Love Cycling","description":"For a number of reasons, there are very few minority cyclists in professional racing. It is a problem which has to be resolved over time \u2013 and is, in","robots":{"index":"index","follow":"follow","max-snippet":"max-snippet:-1","max-image-preview":"max-image-preview:large","max-video-preview":"max-video-preview:-1"},"canonical":"https:\/\/www.welovecycling.com\/wide\/2021\/05\/31\/ridding-professional-cycling-of-racism\/","og_locale":"en_US","og_type":"article","og_title":"Ridding Professional Cycling of Racism","og_description":"For a number of reasons, there are very few minority cyclists in professional racing. It is a problem which has to be resolved over time \u2013 and is, in","og_url":"https:\/\/www.welovecycling.com\/wide\/2021\/05\/31\/ridding-professional-cycling-of-racism\/","og_site_name":"\u0160koda We Love Cycling","article_published_time":"2021-05-31T11:41:00+00:00","og_image":[{"width":900,"height":600,"url":"https:\/\/d2p6e6u75xmxt8.cloudfront.net\/2\/2021\/05\/Kevin-Reza-profimedia-0558912146-CVR.webp","type":"image\/webp"}],"author":"tereza","twitter_card":"summary_large_image","twitter_misc":{"Written by":"Siegfried Mortkowitz","Est. reading time":"5"},"schema":{"@context":"https:\/\/schema.org","@graph":[{"@type":"WebPage","@id":"https:\/\/www.welovecycling.com\/wide\/2021\/05\/31\/ridding-professional-cycling-of-racism\/","url":"https:\/\/www.welovecycling.com\/wide\/2021\/05\/31\/ridding-professional-cycling-of-racism\/","name":"Ridding Professional Cycling of Racism - \u0160koda We Love Cycling","isPartOf":{"@id":"https:\/\/www.welovecycling.com\/wide\/#website"},"primaryImageOfPage":{"@id":"https:\/\/www.welovecycling.com\/wide\/2021\/05\/31\/ridding-professional-cycling-of-racism\/#primaryimage"},"image":{"@id":"https:\/\/www.welovecycling.com\/wide\/2021\/05\/31\/ridding-professional-cycling-of-racism\/#primaryimage"},"thumbnailUrl":"https:\/\/d2p6e6u75xmxt8.cloudfront.net\/2\/2021\/05\/Kevin-Reza-profimedia-0558912146-CVR.webp","datePublished":"2021-05-31T11:41:00+00:00","author":{"@id":"https:\/\/www.welovecycling.com\/wide\/#\/schema\/person\/50f01ecd18718d2333cf72e823c4f926"},"description":"For a number of reasons, there are very few minority cyclists in professional racing. It is a problem which has to be resolved over time \u2013 and is, in","breadcrumb":{"@id":"https:\/\/www.welovecycling.com\/wide\/2021\/05\/31\/ridding-professional-cycling-of-racism\/#breadcrumb"},"inLanguage":"en-US","potentialAction":[{"@type":"ReadAction","target":["https:\/\/www.welovecycling.com\/wide\/2021\/05\/31\/ridding-professional-cycling-of-racism\/"]}]},{"@type":"ImageObject","inLanguage":"en-US","@id":"https:\/\/www.welovecycling.com\/wide\/2021\/05\/31\/ridding-professional-cycling-of-racism\/#primaryimage","url":"https:\/\/d2p6e6u75xmxt8.cloudfront.net\/2\/2021\/05\/Kevin-Reza-profimedia-0558912146-CVR.webp","contentUrl":"https:\/\/d2p6e6u75xmxt8.cloudfront.net\/2\/2021\/05\/Kevin-Reza-profimedia-0558912146-CVR.webp","width":900,"height":600,"caption":"Kevin Reza"},{"@type":"BreadcrumbList","@id":"https:\/\/www.welovecycling.com\/wide\/2021\/05\/31\/ridding-professional-cycling-of-racism\/#breadcrumb","itemListElement":[{"@type":"ListItem","position":1,"name":"Home","item":"https:\/\/www.welovecycling.com\/wide\/"},{"@type":"ListItem","position":2,"name":"Ridding Professional Cycling of Racism"}]},{"@type":"WebSite","@id":"https:\/\/www.welovecycling.com\/wide\/#website","url":"https:\/\/www.welovecycling.com\/wide\/","name":"\u0160koda We Love Cycling","description":"\u0160koda We Love Cycling magazine","alternateName":"\u0160koda WLC","potentialAction":[{"@type":"SearchAction","target":{"@type":"EntryPoint","urlTemplate":"https:\/\/www.welovecycling.com\/wide\/?s={search_term_string}"},"query-input":{"@type":"PropertyValueSpecification","valueRequired":true,"valueName":"search_term_string"}}],"inLanguage":"en-US"},{"@type":"Person","@id":"https:\/\/www.welovecycling.com\/wide\/#\/schema\/person\/50f01ecd18718d2333cf72e823c4f926","name":"tereza","image":{"@type":"ImageObject","inLanguage":"en-US","@id":"https:\/\/www.welovecycling.com\/wide\/#\/schema\/person\/image\/","url":"https:\/\/secure.gravatar.com\/avatar\/1f9eb71be33845f0afabce3791bc1c58ecdb0a25c62964987e5dbcf7a20d2ec7?s=96&d=mm&r=g","contentUrl":"https:\/\/secure.gravatar.com\/avatar\/1f9eb71be33845f0afabce3791bc1c58ecdb0a25c62964987e5dbcf7a20d2ec7?s=96&d=mm&r=g","caption":"tereza"},"url":"https:\/\/www.welovecycling.com\/wide\/author\/tereza\/"}]}},"_links":{"self":[{"href":"https:\/\/www.welovecycling.com\/wide\/wp-json\/wp\/v2\/posts\/183789","targetHints":{"allow":["GET"]}}],"collection":[{"href":"https:\/\/www.welovecycling.com\/wide\/wp-json\/wp\/v2\/posts"}],"about":[{"href":"https:\/\/www.welovecycling.com\/wide\/wp-json\/wp\/v2\/types\/post"}],"author":[{"embeddable":true,"href":"https:\/\/www.welovecycling.com\/wide\/wp-json\/wp\/v2\/users\/99"}],"replies":[{"embeddable":true,"href":"https:\/\/www.welovecycling.com\/wide\/wp-json\/wp\/v2\/comments?post=183789"}],"version-history":[{"count":2,"href":"https:\/\/www.welovecycling.com\/wide\/wp-json\/wp\/v2\/posts\/183789\/revisions"}],"predecessor-version":[{"id":183794,"href":"https:\/\/www.welovecycling.com\/wide\/wp-json\/wp\/v2\/posts\/183789\/revisions\/183794"}],"wp:featuredmedia":[{"embeddable":true,"href":"https:\/\/www.welovecycling.com\/wide\/wp-json\/wp\/v2\/media\/183790"}],"wp:attachment":[{"href":"https:\/\/www.welovecycling.com\/wide\/wp-json\/wp\/v2\/media?parent=183789"}],"wp:term":[{"taxonomy":"category","embeddable":true,"href":"https:\/\/www.welovecycling.com\/wide\/wp-json\/wp\/v2\/categories?post=183789"},{"taxonomy":"post_tag","embeddable":true,"href":"https:\/\/www.welovecycling.com\/wide\/wp-json\/wp\/v2\/tags?post=183789"},{"taxonomy":"global-categories","embeddable":true,"href":"https:\/\/www.welovecycling.com\/wide\/wp-json\/wp\/v2\/global-categories?post=183789"}],"curies":[{"name":"wp","href":"https:\/\/api.w.org\/{rel}","templated":true}]}}