{"id":183626,"date":"2021-05-20T10:06:28","date_gmt":"2021-05-20T10:06:28","guid":{"rendered":"https:\/\/www.welovecycling.com\/wide\/?p=183626"},"modified":"2021-05-24T06:17:24","modified_gmt":"2021-05-24T06:17:24","slug":"kasia-niewiadoma-i-focus-on-the-present-trust-timing-and-enjoy-the-moment","status":"publish","type":"post","link":"https:\/\/www.welovecycling.com\/wide\/2021\/05\/20\/kasia-niewiadoma-i-focus-on-the-present-trust-timing-and-enjoy-the-moment\/","title":{"rendered":"Kasia Niewiadoma: \u201cI Focus on the Present, Trust Timing, and Enjoy the Moment.\u201d"},"content":{"rendered":"<p><strong>From growing up in a rural Poland to rising to the upper echelons of professional cycling \u2014 a bike has proven to be exactly what Kasia Niewiadoma hoped it would \u2014 her ticket to see the world. Now at the top of her game, she has just committed to another four years with Canyon\u2013SRAM and currently has her sights set on an Olympic medal.\u00a0<\/strong><\/p>\n<p><!--more--><\/p>\n<p>As this darling of the cycling world continues to come into her own and captivate fans with her fierce racing and contagious enthusiasm, we talked to her about how much <a href=\"https:\/\/www.welovecycling.com\/wide\/2021\/03\/26\/pro-cycling-are-women-being-treated-equally-yet\/\">women\u2019s cycling has changed<\/a> since she started out, what it is like to grow up alongside a team, and the role that positive <a href=\"https:\/\/www.welovecycling.com\/wide\/2020\/03\/13\/you-are-not-alone-usas-cycling-new-well-being-programme-looks-to-shed-more-light-on-mental-heath\/\">mental health<\/a> will play in her goals going forward.<\/p>\n<figure id=\"attachment_183633\" aria-describedby=\"caption-attachment-183633\" style=\"width: 1024px\" class=\"wp-caption alignnone\"><a href=\"https:\/\/d2p6e6u75xmxt8.cloudfront.net\/2\/2021\/05\/Kasia-Niewiadoma-profimedia-0447507311.jpg\"><img loading=\"lazy\" decoding=\"async\" class=\"size-large wp-image-183633\" src=\"https:\/\/d2p6e6u75xmxt8.cloudfront.net\/2\/2021\/05\/Kasia-Niewiadoma-profimedia-0447507311-1024x681.jpg\" alt=\"Kasia Niewiadoma\" width=\"1024\" height=\"681\" \/><\/a><figcaption id=\"caption-attachment-183633\" class=\"wp-caption-text\">Kasia in action. \u00a9 Profimedia<\/figcaption><\/figure>\n<p><strong>First off, I\u2019d like to get your reaction to the recent announcement that there will be a Women\u2019s Tour de France from 2022?<\/strong><\/p>\n<p>It is very exciting news that we\u2019ve all been waiting for! I\u2019ve heard so many stories about things that took place when the <a href=\"https:\/\/www.welovecycling.com\/wide\/2021\/05\/12\/the-womens-tour-de-france-to-make-its-comeback-in-2022\/\">women\u2019s Tour de France<\/a> happened in the past, and I\u2019m now thrilled by the opportunity to take part in this iconic race.\u00a0Everyone has heard of the Tour de France, so it brings women\u2019s cycling that much closer to being on a level playing field with men.<\/p>\n<p><strong>In general, it really feels that women\u2019s cycling is at a critical stage in its development as a sport. After years of fighting for minimum wages and television coverage, the sport is really breaking through. What do you feel have been the most significant milestones that you\u2019ve witnessed over your career?<\/strong><\/p>\n<p>Well, this is definitely one of them. Basically, it has been the ongoing realization of the women\u2019s editions of the Classics. When I started racing in 2014, I was always dreaming about participating in one of the quintessential routes that the men got to race.\u00a0So, a women\u2019s <a href=\"https:\/\/www.welovecycling.com\/wide\/2020\/08\/03\/wout-van-aert-and-annemiek-van-vleuten-win-the-strade-bianche-and-other-cool-news-from-the-world-of-cycling\/\">Strade Bianche<\/a> and Ardennes were both really significant moments. This played a huge role in boosting exposure and media coverage.<\/p>\n<p>It has also been exciting to see several high-profile men\u2019s teams start a women\u2019s program. It shows that there is money and support for <a href=\"https:\/\/www.welovecycling.com\/wide\/2021\/01\/07\/get-ready-for-womens-cycling-in-2021\/\">women\u2019s racing.<\/a> We are at such a critical point right now, every year big steps are being taken and I\u2019m sure that in a couple of years, women\u2019s cycling will look completely different.\u00a0Already, you can feel the change in the peloton. The level is much higher, and the competition is more intense. Now that there\u2019s a minimum wage and you can make a living while fully committing to the sport\u2014there are more women just going for it.<\/p>\n<div class=\"embed-controller-wrapper\">\n<blockquote class=\"twitter-tweet\" data-width=\"500\" data-dnt=\"true\">\n<p lang=\"en\" dir=\"ltr\">We can&#39;t wait for <a href=\"https:\/\/twitter.com\/VueltaBurgos?ref_src=twsrc%5Etfw\">@VueltaBurgos<\/a> to start tomorrow!<\/p>\n<p>Good luck to our team Alice, Hannah, Elise, Mikayla, Kasia and Omer.<\/p>\n<p>Live broadcasts daily at 15:00CEST on Teledeporte, Castilla y Le\u00f3n Televisi\u00f3n, TV3, Eurosport, FloSports, GCN, NOS &amp;\u00a0Zello App.\u00a0<a href=\"https:\/\/twitter.com\/hashtag\/BurgosFem?src=hash&amp;ref_src=twsrc%5Etfw\">#BurgosFem<\/a> <a href=\"https:\/\/twitter.com\/hashtag\/UCIWWT?src=hash&amp;ref_src=twsrc%5Etfw\">#UCIWWT<\/a> <a href=\"https:\/\/t.co\/uLKAHQrVxW\">pic.twitter.com\/uLKAHQrVxW<\/a><\/p>\n<p>&mdash; CANYON\/\/SRAM Racing &amp; CANYON\/\/SRAM Generation (@WMNcycling) <a href=\"https:\/\/twitter.com\/WMNcycling\/status\/1394964763726262272?ref_src=twsrc%5Etfw\">May 19, 2021<\/a><\/p><\/blockquote>\n<p><script async data-src=\"https:\/\/platform.twitter.com\/widgets.js\" charset=\"utf-8\"><\/script><\/div>\n<p><strong>Were professional sports something you followed as a girl? Did you dream of going pro?<\/strong><\/p>\n<p>No, growing up I certainly didn\u2019t dream of becoming a professional cyclist. I\u2019ve always loved sports and competition, but for me\u2014cycling was a way to explore the world, a tool I could use to take a different route in life. I wanted to travel, learn languages, and have experiences that wouldn\u2019t be available if I had chosen to follow a more traditional path. I always loved the freedom of cycling and it felt like a way I could live the life I dreamed of.<\/p>\n<p><strong>When did you realize you wanted to commit seriously to racing?<\/strong><\/p>\n<p>It wasn\u2019t until I went to Italy for the Europeans Juniors that I really fell in love with racing. It was then that I was able to see it from a different perspective, not just from a Polish perspective. From witnessing the ferocity of the pro teams and feeling the intense energy, it was suddenly worthwhile. From then on, I wanted to see how far I could push my body. I could see I was capable of suffering more than others, so I gave it a go. This was the moment I realized I had found my passion and wanted to pursue it with everything that I had.<\/p>\n<p><strong>What happened next?<\/strong><\/p>\n<p>Honestly, everything flowed so naturally. I\u2019ve been so lucky to be surrounded by an incredible network of support and have people by my side to provide good advice and keep pushing me to be my best. I just stayed committed and kept working hard.<\/p>\n<figure id=\"attachment_183631\" aria-describedby=\"caption-attachment-183631\" style=\"width: 1024px\" class=\"wp-caption alignnone\"><a href=\"https:\/\/d2p6e6u75xmxt8.cloudfront.net\/2\/2021\/05\/Kasia-Niewiadoma-profimedia-0447866964.jpg\"><img loading=\"lazy\" decoding=\"async\" class=\"size-large wp-image-183631\" src=\"https:\/\/d2p6e6u75xmxt8.cloudfront.net\/2\/2021\/05\/Kasia-Niewiadoma-profimedia-0447866964-1024x683.jpg\" alt=\"Kasia Niewiadoma and Coryn Rivera\" width=\"1024\" height=\"683\" \/><\/a><figcaption id=\"caption-attachment-183631\" class=\"wp-caption-text\">At the 2019 OVO Energy Women&#8217;s Tour of Britain with Coryn Rivera. \u00a9 Profimedia<\/figcaption><\/figure>\n<p><strong>Now you\u2019ve of course become a huge inspiration to many young women and cyclists. How do you feel in this role, what would you want to say to your younger self?<\/strong><\/p>\n<p>I mean, it has always been my dream to be in a position where I can share my knowledge and experience with younger riders. I still feel that I\u2019m figuring things out and learning from more experienced riders. As an athlete, it can be really difficult to find balance, and I look up to riders who have achieved that. I would want to remind younger riders that it is important that you have fun and are enjoying what you\u2019re doing. Of course, a lot of hard work goes in, but if you can\u2019t find a balance that makes you happy\u2014then it is time to switch things up.<\/p>\n<p><strong>You extended your contract with Canyon\u2013SRAM recently, was this an easy decision?<\/strong><\/p>\n<p>When my contract was expiring, it was the first time I really had the opportunity to start considering my options. I will admit that I was curious, but pretty much right away I started to notice that talking to other teams just didn\u2019t feel right. I felt like I was cheating or something. I realized that I needed to listen to my gut. I had to indulge my curiosity a bit, but ultimately realized it is not worth it.<\/p>\n<p>I love my team and they know me so well now. They give me the space to be myself and understand my unique quirks. I can be really outgoing, but I also need a lot of alone time. My team gets this, and I feel at peace amongst them.<\/p>\n<p><strong>You\u2019ve been with them through a pretty transitional period of life. What role do your teammates play in your life?<\/strong><\/p>\n<p>When you first leave home to join a team\u2014you are so young and still just growing up. Suddenly you are taken away from your family and friends and are spending all of your time with complete strangers. It is a really crazy thing to be thrown together with people from different cultures and backgrounds and expected to just get along. It definitely is not always easy! You do form close bonds quickly, though.<\/p>\n<div class=\"embed-controller-wrapper\">\n<blockquote class=\"twitter-tweet\" data-width=\"500\" data-dnt=\"true\">\n<p lang=\"en\" dir=\"ltr\">Ready to go racing! <\/p>\n<p>Good luck <a href=\"https:\/\/twitter.com\/BarnesAlice?ref_src=twsrc%5Etfw\">@BarnesAlice<\/a> <a href=\"https:\/\/twitter.com\/bannahharnes?ref_src=twsrc%5Etfw\">@bannahharnes<\/a> <a href=\"https:\/\/twitter.com\/tiffanycromwell?ref_src=twsrc%5Etfw\">@tiffanycromwell<\/a> <a href=\"https:\/\/twitter.com\/Macaharvey?ref_src=twsrc%5Etfw\">@Macaharvey<\/a> Ella Harris &amp; Omer Shapira <a href=\"https:\/\/twitter.com\/CCEibarres?ref_src=twsrc%5Etfw\">@CCEibarres<\/a> <br \/>Coverage on: <a href=\"https:\/\/t.co\/F9kQzNcR8x\">https:\/\/t.co\/F9kQzNcR8x<\/a> <a href=\"https:\/\/t.co\/ML8mguqBk4\">pic.twitter.com\/ML8mguqBk4<\/a><\/p>\n<p>&mdash; CANYON\/\/SRAM Racing &amp; CANYON\/\/SRAM Generation (@WMNcycling) <a href=\"https:\/\/twitter.com\/WMNcycling\/status\/1393833888393408514?ref_src=twsrc%5Etfw\">May 16, 2021<\/a><\/p><\/blockquote>\n<p><script async data-src=\"https:\/\/platform.twitter.com\/widgets.js\" charset=\"utf-8\"><\/script><\/div>\n<p>These days, I have learned to embrace our differences. I try to offer as much support and encouragement as possible. I also urge everyone to be open about how they are feeling and speak up if something is bothering them. In a team setting, miscommunications can quickly boil over if people don\u2019t express themselves. This can he hard on morale and everyone\u2019s overall wellbeing.<\/p>\n<p><strong>Wellbeing and mental health are things we\u2019ve been hearing a lot about over the last year. Did the pandemic change how you think about cycling or your relationship to competition?<\/strong><\/p>\n<p>This last year, and especially the lockdown and quarantine, was actually really helpful in teaching me how to slow down and become conscious of what is going on around me. When you\u2019re always on the go and not getting enough rest, your mind can play tricks on you that contribute to stress and anxiety.<\/p>\n<p>Being at home with my boyfriend allowed me to recentre and focus on what really matters. I enjoyed just being in the present moment, trusting that things will work out in time, and feeling grateful for everything that I have.<\/p>\n<p><strong>Sorry to take you out of the present for a second then, but what are you most looking forward to right now?<\/strong><\/p>\n<p>Right now, I\u2019ve been enjoying the fact that the stress of the Classics is over and I have lots of time to focus on my next goal\u2014the Olympic Games. I\u2019m satisfied with my season so far and am ready to slowly get back into training hard. It has been nice to have the time I need to rest and take proper care of my body. I\u2019ve had the chance to recalibrate and look forward to what is ahead.<\/p>\n<p>The Tokyo course suits me. I like it\u2014it is very challenging, and anything can happen. Every athlete dreams of an Olympic medal. And I am one of those people. Well, to get an Olympic medal and a win at World Championship. Those are my big goals. Once I\u2019ve accomplished those, I think it might be time to move on to something else. I don\u2019t see the point in repeating successes. Life has so much to offer, and I want to experience it all.<\/p>\n","protected":false},"excerpt":{"rendered":"<p>From growing up in a rural Poland to rising to the upper echelons of professional cycling \u2014 a bike has [&hellip;]<\/p>\n","protected":false},"author":99,"featured_media":183651,"comment_status":"open","ping_status":"open","sticky":false,"template":"","format":"standard","meta":{"footnotes":""},"categories":[329],"tags":[2311,2043,1771,433,538,4290],"global-categories":[3366],"class_list":["post-183626","post","type-post","status-publish","format-standard","has-post-thumbnail","hentry","category-road-cycling","tag-canyon-sram","tag-kasia-niewiadoma","tag-strade-bianche","tag-tour-de-france","tag-women-cycling","tag-womens-tour-de-france","global-categories-cycling"],"yoast_head":"<!-- This site is optimized with the Yoast SEO Premium plugin v25.3 (Yoast SEO v25.9) - https:\/\/yoast.com\/wordpress\/plugins\/seo\/ -->\n<title>Kasia Niewiadoma Interview: &quot;You can feel the change in the peloton&quot;<\/title>\n<meta name=\"description\" content=\"At the top of her game, Kasia Niewiadoma has just committed to another four years with Canyon\u2013SRAM.\" \/>\n<meta name=\"robots\" content=\"index, follow, max-snippet:-1, max-image-preview:large, max-video-preview:-1\" \/>\n<link rel=\"canonical\" href=\"https:\/\/www.welovecycling.com\/wide\/2021\/05\/20\/kasia-niewiadoma-i-focus-on-the-present-trust-timing-and-enjoy-the-moment\/\" \/>\n<meta property=\"og:locale\" content=\"en_US\" \/>\n<meta property=\"og:type\" content=\"article\" \/>\n<meta property=\"og:title\" content=\"Kasia Niewiadoma: \u201cI Focus on the Present, Trust Timing, and Enjoy the Moment.\u201d\" \/>\n<meta property=\"og:description\" content=\"At the top of her game, Kasia Niewiadoma has just committed to another four years with Canyon\u2013SRAM.\" \/>\n<meta property=\"og:url\" content=\"https:\/\/www.welovecycling.com\/wide\/2021\/05\/20\/kasia-niewiadoma-i-focus-on-the-present-trust-timing-and-enjoy-the-moment\/\" \/>\n<meta property=\"og:site_name\" content=\"\u0160koda We Love Cycling\" \/>\n<meta property=\"article:published_time\" content=\"2021-05-20T10:06:28+00:00\" \/>\n<meta property=\"article:modified_time\" content=\"2021-05-24T06:17:24+00:00\" \/>\n<meta property=\"og:image\" content=\"https:\/\/d2p6e6u75xmxt8.cloudfront.net\/2\/2021\/05\/Kasia-Niewiadoma-profimedia-0445356194-CVR.webp\" \/>\n\t<meta property=\"og:image:width\" content=\"900\" \/>\n\t<meta property=\"og:image:height\" content=\"600\" \/>\n\t<meta property=\"og:image:type\" content=\"image\/webp\" \/>\n<meta name=\"author\" content=\"tereza\" \/>\n<meta name=\"twitter:card\" content=\"summary_large_image\" \/>\n<meta name=\"twitter:label1\" content=\"Written by\" \/>\n\t<meta name=\"twitter:data1\" content=\"Megan Flottorp\" \/>\n\t<meta name=\"twitter:label2\" content=\"Est. reading time\" \/>\n\t<meta name=\"twitter:data2\" content=\"6\" \/>\n<script type=\"application\/ld+json\" class=\"yoast-schema-graph\">{\"@context\":\"https:\/\/schema.org\",\"@graph\":[{\"@type\":\"WebPage\",\"@id\":\"https:\/\/www.welovecycling.com\/wide\/2021\/05\/20\/kasia-niewiadoma-i-focus-on-the-present-trust-timing-and-enjoy-the-moment\/\",\"url\":\"https:\/\/www.welovecycling.com\/wide\/2021\/05\/20\/kasia-niewiadoma-i-focus-on-the-present-trust-timing-and-enjoy-the-moment\/\",\"name\":\"Kasia Niewiadoma Interview: \\\"You can feel the change in the peloton\\\"\",\"isPartOf\":{\"@id\":\"https:\/\/www.welovecycling.com\/wide\/#website\"},\"primaryImageOfPage\":{\"@id\":\"https:\/\/www.welovecycling.com\/wide\/2021\/05\/20\/kasia-niewiadoma-i-focus-on-the-present-trust-timing-and-enjoy-the-moment\/#primaryimage\"},\"image\":{\"@id\":\"https:\/\/www.welovecycling.com\/wide\/2021\/05\/20\/kasia-niewiadoma-i-focus-on-the-present-trust-timing-and-enjoy-the-moment\/#primaryimage\"},\"thumbnailUrl\":\"https:\/\/d2p6e6u75xmxt8.cloudfront.net\/2\/2021\/05\/Kasia-Niewiadoma-profimedia-0445356194-CVR.webp\",\"datePublished\":\"2021-05-20T10:06:28+00:00\",\"dateModified\":\"2021-05-24T06:17:24+00:00\",\"author\":{\"@id\":\"https:\/\/www.welovecycling.com\/wide\/#\/schema\/person\/50f01ecd18718d2333cf72e823c4f926\"},\"description\":\"At the top of her game, Kasia Niewiadoma has just committed to another four years with Canyon\u2013SRAM.\",\"breadcrumb\":{\"@id\":\"https:\/\/www.welovecycling.com\/wide\/2021\/05\/20\/kasia-niewiadoma-i-focus-on-the-present-trust-timing-and-enjoy-the-moment\/#breadcrumb\"},\"inLanguage\":\"en-US\",\"potentialAction\":[{\"@type\":\"ReadAction\",\"target\":[\"https:\/\/www.welovecycling.com\/wide\/2021\/05\/20\/kasia-niewiadoma-i-focus-on-the-present-trust-timing-and-enjoy-the-moment\/\"]}]},{\"@type\":\"ImageObject\",\"inLanguage\":\"en-US\",\"@id\":\"https:\/\/www.welovecycling.com\/wide\/2021\/05\/20\/kasia-niewiadoma-i-focus-on-the-present-trust-timing-and-enjoy-the-moment\/#primaryimage\",\"url\":\"https:\/\/d2p6e6u75xmxt8.cloudfront.net\/2\/2021\/05\/Kasia-Niewiadoma-profimedia-0445356194-CVR.webp\",\"contentUrl\":\"https:\/\/d2p6e6u75xmxt8.cloudfront.net\/2\/2021\/05\/Kasia-Niewiadoma-profimedia-0445356194-CVR.webp\",\"width\":900,\"height\":600,\"caption\":\"Kasia Niewiadoma\"},{\"@type\":\"BreadcrumbList\",\"@id\":\"https:\/\/www.welovecycling.com\/wide\/2021\/05\/20\/kasia-niewiadoma-i-focus-on-the-present-trust-timing-and-enjoy-the-moment\/#breadcrumb\",\"itemListElement\":[{\"@type\":\"ListItem\",\"position\":1,\"name\":\"Home\",\"item\":\"https:\/\/www.welovecycling.com\/wide\/\"},{\"@type\":\"ListItem\",\"position\":2,\"name\":\"Kasia Niewiadoma: \u201cI Focus on the Present, Trust Timing, and Enjoy the Moment.\u201d\"}]},{\"@type\":\"WebSite\",\"@id\":\"https:\/\/www.welovecycling.com\/wide\/#website\",\"url\":\"https:\/\/www.welovecycling.com\/wide\/\",\"name\":\"\u0160koda We Love Cycling\",\"description\":\"\u0160koda We Love Cycling magazine\",\"alternateName\":\"\u0160koda WLC\",\"potentialAction\":[{\"@type\":\"SearchAction\",\"target\":{\"@type\":\"EntryPoint\",\"urlTemplate\":\"https:\/\/www.welovecycling.com\/wide\/?s={search_term_string}\"},\"query-input\":{\"@type\":\"PropertyValueSpecification\",\"valueRequired\":true,\"valueName\":\"search_term_string\"}}],\"inLanguage\":\"en-US\"},{\"@type\":\"Person\",\"@id\":\"https:\/\/www.welovecycling.com\/wide\/#\/schema\/person\/50f01ecd18718d2333cf72e823c4f926\",\"name\":\"tereza\",\"image\":{\"@type\":\"ImageObject\",\"inLanguage\":\"en-US\",\"@id\":\"https:\/\/www.welovecycling.com\/wide\/#\/schema\/person\/image\/\",\"url\":\"https:\/\/secure.gravatar.com\/avatar\/1f9eb71be33845f0afabce3791bc1c58ecdb0a25c62964987e5dbcf7a20d2ec7?s=96&d=mm&r=g\",\"contentUrl\":\"https:\/\/secure.gravatar.com\/avatar\/1f9eb71be33845f0afabce3791bc1c58ecdb0a25c62964987e5dbcf7a20d2ec7?s=96&d=mm&r=g\",\"caption\":\"tereza\"},\"url\":\"https:\/\/www.welovecycling.com\/wide\/author\/tereza\/\"}]}<\/script>\n<!-- \/ Yoast SEO Premium plugin. -->","yoast_head_json":{"title":"Kasia Niewiadoma Interview: \"You can feel the change in the peloton\"","description":"At the top of her game, Kasia Niewiadoma has just committed to another four years with Canyon\u2013SRAM.","robots":{"index":"index","follow":"follow","max-snippet":"max-snippet:-1","max-image-preview":"max-image-preview:large","max-video-preview":"max-video-preview:-1"},"canonical":"https:\/\/www.welovecycling.com\/wide\/2021\/05\/20\/kasia-niewiadoma-i-focus-on-the-present-trust-timing-and-enjoy-the-moment\/","og_locale":"en_US","og_type":"article","og_title":"Kasia Niewiadoma: \u201cI Focus on the Present, Trust Timing, and Enjoy the Moment.\u201d","og_description":"At the top of her game, Kasia Niewiadoma has just committed to another four years with Canyon\u2013SRAM.","og_url":"https:\/\/www.welovecycling.com\/wide\/2021\/05\/20\/kasia-niewiadoma-i-focus-on-the-present-trust-timing-and-enjoy-the-moment\/","og_site_name":"\u0160koda We Love Cycling","article_published_time":"2021-05-20T10:06:28+00:00","article_modified_time":"2021-05-24T06:17:24+00:00","og_image":[{"width":900,"height":600,"url":"https:\/\/d2p6e6u75xmxt8.cloudfront.net\/2\/2021\/05\/Kasia-Niewiadoma-profimedia-0445356194-CVR.webp","type":"image\/webp"}],"author":"tereza","twitter_card":"summary_large_image","twitter_misc":{"Written by":"Megan Flottorp","Est. reading time":"6"},"schema":{"@context":"https:\/\/schema.org","@graph":[{"@type":"WebPage","@id":"https:\/\/www.welovecycling.com\/wide\/2021\/05\/20\/kasia-niewiadoma-i-focus-on-the-present-trust-timing-and-enjoy-the-moment\/","url":"https:\/\/www.welovecycling.com\/wide\/2021\/05\/20\/kasia-niewiadoma-i-focus-on-the-present-trust-timing-and-enjoy-the-moment\/","name":"Kasia Niewiadoma Interview: \"You can feel the change in the peloton\"","isPartOf":{"@id":"https:\/\/www.welovecycling.com\/wide\/#website"},"primaryImageOfPage":{"@id":"https:\/\/www.welovecycling.com\/wide\/2021\/05\/20\/kasia-niewiadoma-i-focus-on-the-present-trust-timing-and-enjoy-the-moment\/#primaryimage"},"image":{"@id":"https:\/\/www.welovecycling.com\/wide\/2021\/05\/20\/kasia-niewiadoma-i-focus-on-the-present-trust-timing-and-enjoy-the-moment\/#primaryimage"},"thumbnailUrl":"https:\/\/d2p6e6u75xmxt8.cloudfront.net\/2\/2021\/05\/Kasia-Niewiadoma-profimedia-0445356194-CVR.webp","datePublished":"2021-05-20T10:06:28+00:00","dateModified":"2021-05-24T06:17:24+00:00","author":{"@id":"https:\/\/www.welovecycling.com\/wide\/#\/schema\/person\/50f01ecd18718d2333cf72e823c4f926"},"description":"At the top of her game, Kasia Niewiadoma has just committed to another four years with Canyon\u2013SRAM.","breadcrumb":{"@id":"https:\/\/www.welovecycling.com\/wide\/2021\/05\/20\/kasia-niewiadoma-i-focus-on-the-present-trust-timing-and-enjoy-the-moment\/#breadcrumb"},"inLanguage":"en-US","potentialAction":[{"@type":"ReadAction","target":["https:\/\/www.welovecycling.com\/wide\/2021\/05\/20\/kasia-niewiadoma-i-focus-on-the-present-trust-timing-and-enjoy-the-moment\/"]}]},{"@type":"ImageObject","inLanguage":"en-US","@id":"https:\/\/www.welovecycling.com\/wide\/2021\/05\/20\/kasia-niewiadoma-i-focus-on-the-present-trust-timing-and-enjoy-the-moment\/#primaryimage","url":"https:\/\/d2p6e6u75xmxt8.cloudfront.net\/2\/2021\/05\/Kasia-Niewiadoma-profimedia-0445356194-CVR.webp","contentUrl":"https:\/\/d2p6e6u75xmxt8.cloudfront.net\/2\/2021\/05\/Kasia-Niewiadoma-profimedia-0445356194-CVR.webp","width":900,"height":600,"caption":"Kasia Niewiadoma"},{"@type":"BreadcrumbList","@id":"https:\/\/www.welovecycling.com\/wide\/2021\/05\/20\/kasia-niewiadoma-i-focus-on-the-present-trust-timing-and-enjoy-the-moment\/#breadcrumb","itemListElement":[{"@type":"ListItem","position":1,"name":"Home","item":"https:\/\/www.welovecycling.com\/wide\/"},{"@type":"ListItem","position":2,"name":"Kasia Niewiadoma: \u201cI Focus on the Present, Trust Timing, and Enjoy the Moment.\u201d"}]},{"@type":"WebSite","@id":"https:\/\/www.welovecycling.com\/wide\/#website","url":"https:\/\/www.welovecycling.com\/wide\/","name":"\u0160koda We Love Cycling","description":"\u0160koda We Love Cycling magazine","alternateName":"\u0160koda WLC","potentialAction":[{"@type":"SearchAction","target":{"@type":"EntryPoint","urlTemplate":"https:\/\/www.welovecycling.com\/wide\/?s={search_term_string}"},"query-input":{"@type":"PropertyValueSpecification","valueRequired":true,"valueName":"search_term_string"}}],"inLanguage":"en-US"},{"@type":"Person","@id":"https:\/\/www.welovecycling.com\/wide\/#\/schema\/person\/50f01ecd18718d2333cf72e823c4f926","name":"tereza","image":{"@type":"ImageObject","inLanguage":"en-US","@id":"https:\/\/www.welovecycling.com\/wide\/#\/schema\/person\/image\/","url":"https:\/\/secure.gravatar.com\/avatar\/1f9eb71be33845f0afabce3791bc1c58ecdb0a25c62964987e5dbcf7a20d2ec7?s=96&d=mm&r=g","contentUrl":"https:\/\/secure.gravatar.com\/avatar\/1f9eb71be33845f0afabce3791bc1c58ecdb0a25c62964987e5dbcf7a20d2ec7?s=96&d=mm&r=g","caption":"tereza"},"url":"https:\/\/www.welovecycling.com\/wide\/author\/tereza\/"}]}},"_links":{"self":[{"href":"https:\/\/www.welovecycling.com\/wide\/wp-json\/wp\/v2\/posts\/183626","targetHints":{"allow":["GET"]}}],"collection":[{"href":"https:\/\/www.welovecycling.com\/wide\/wp-json\/wp\/v2\/posts"}],"about":[{"href":"https:\/\/www.welovecycling.com\/wide\/wp-json\/wp\/v2\/types\/post"}],"author":[{"embeddable":true,"href":"https:\/\/www.welovecycling.com\/wide\/wp-json\/wp\/v2\/users\/99"}],"replies":[{"embeddable":true,"href":"https:\/\/www.welovecycling.com\/wide\/wp-json\/wp\/v2\/comments?post=183626"}],"version-history":[{"count":2,"href":"https:\/\/www.welovecycling.com\/wide\/wp-json\/wp\/v2\/posts\/183626\/revisions"}],"predecessor-version":[{"id":183652,"href":"https:\/\/www.welovecycling.com\/wide\/wp-json\/wp\/v2\/posts\/183626\/revisions\/183652"}],"wp:featuredmedia":[{"embeddable":true,"href":"https:\/\/www.welovecycling.com\/wide\/wp-json\/wp\/v2\/media\/183651"}],"wp:attachment":[{"href":"https:\/\/www.welovecycling.com\/wide\/wp-json\/wp\/v2\/media?parent=183626"}],"wp:term":[{"taxonomy":"category","embeddable":true,"href":"https:\/\/www.welovecycling.com\/wide\/wp-json\/wp\/v2\/categories?post=183626"},{"taxonomy":"post_tag","embeddable":true,"href":"https:\/\/www.welovecycling.com\/wide\/wp-json\/wp\/v2\/tags?post=183626"},{"taxonomy":"global-categories","embeddable":true,"href":"https:\/\/www.welovecycling.com\/wide\/wp-json\/wp\/v2\/global-categories?post=183626"}],"curies":[{"name":"wp","href":"https:\/\/api.w.org\/{rel}","templated":true}]}}