{"id":183573,"date":"2021-05-17T11:29:53","date_gmt":"2021-05-17T11:29:53","guid":{"rendered":"https:\/\/www.welovecycling.com\/wide\/?p=183573"},"modified":"2021-05-17T11:30:49","modified_gmt":"2021-05-17T11:30:49","slug":"egan-bernal-back-in-the-pink-jersey-and-other-cool-news-from-the-world-of-cycling","status":"publish","type":"post","link":"https:\/\/www.welovecycling.com\/wide\/2021\/05\/17\/egan-bernal-back-in-the-pink-jersey-and-other-cool-news-from-the-world-of-cycling\/","title":{"rendered":"Egan Bernal Back in the Pink Jersey, and Other Cool News from the World of Cycling"},"content":{"rendered":"<p><strong>Another Monday is here, and so is our news from the world of cycling. So, what did you miss?<\/strong><\/p>\n<p><!--more--><\/p>\n<h2><strong>Bernal wins it<\/strong><\/h2>\n<p>Stage nine marked the first-ever <a href=\"https:\/\/www.welovecycling.com\/wide\/2020\/10\/29\/what-does-a-day-at-the-grand-tour-look-like-for-the-pros\/\">Grand Tour<\/a> stage win for Egan Bernal. Hard to believe those words, isn\u2019t it? But yesterday he was a class above the other GC contenders. And had the unpaved gravel section at the top of the day\u2019s final climb been longer, surely he would have made up even more time. However, the real test will come with all those hard climbs in the final week of the race. But with the strong Ineos Grenadiers team to back him, it will be hard for anyone to take the pink jersey away from Bernal.<\/p>\n<p>\u201cI cannot believe what just happened, I just won my first stage in a Grand Tour,&#8221; Bernal said after the finish. &#8220;I made a lot of sacrifices to get where I am now. I was thinking I would do well today, but I was not sure whether I could win the stage.&#8221;<\/p>\n<p>https:\/\/www.instagram.com\/p\/CO8YtHPpXP6\/?utm_source=ig_web_copy_link<\/p>\n<h4><strong>2021 Giro d\u2019Italia \u2013 Stage 9 results<\/strong><\/h4>\n<ol>\n<li>Egan Bernal (Ineos Grenadiers) \u2013 4:08:23<\/li>\n<li>Giulio Ciccone (Trek-Segafredo) + 7s<\/li>\n<li>Aleksandr Vlasov (Astana-Premier Tech)<\/li>\n<li>Remco Evenepoel (Deceuninck &#8211; Quick-Step) + 10s<\/li>\n<li>Dan Martin (Israel Start-Up Nation)<\/li>\n<li>Damiano Caruso (Bahrain Victorious) + 12s<\/li>\n<li>Romain Bardet (Team DSM)<\/li>\n<li>Marc Soler (Movistar)<\/li>\n<li>Daniel Mart\u00ednez (Ineos Grenadiers)<\/li>\n<li>Jo\u00e3o Almeida (Deceuninck \u2013 Quick-Step)<\/li>\n<\/ol>\n<h4><strong>General classification<\/strong><\/h4>\n<ol>\n<li>Egan Bernal (Ineos Grenadiers) \u2013 35:19:22<\/li>\n<li>Remco Evenepoel (Deceuninck \u2013 Quick-Step) + 15s<\/li>\n<li>Aleksandr Vlasov (Astana-Premier Tech) + 21s<\/li>\n<li>Giulio Ciccone (Trek-Segafredo) + 36s<\/li>\n<li>Attila Valter (Groupama-FDJ) + 43s<\/li>\n<li>Hugh Carthy (EF Education-Nippo) + 44s<\/li>\n<li>Damiano Caruso (Bahrain Victorious) + 51s<\/li>\n<li>Dan Martin (Israel Start-Up Nation)<\/li>\n<li>Simon Yates (Team BikeExchange) + 55s<\/li>\n<li>Davide Formolo (UAE Team Emirates) + 1:01<\/li>\n<\/ol>\n<h2><strong>Who\u2019s a good dog?<\/strong><\/h2>\n<p>https:\/\/twitter.com\/alexeyvermeulen\/status\/1391884033722916864<\/p>\n<h2><strong>Out-of-this-world performance<\/strong><\/h2>\n<div class=\"embed-controller-wrapper\">\n<blockquote class=\"twitter-tweet\" data-width=\"500\" data-dnt=\"true\">\n<p lang=\"en\" dir=\"ltr\">When you are in the middle of a time trial but your crush is in the audience.<a href=\"https:\/\/t.co\/Ux8bNt9L31\">pic.twitter.com\/Ux8bNt9L31<\/a><\/p>\n<p>&mdash; Cycling out of context (@OutOfCycling) <a href=\"https:\/\/twitter.com\/OutOfCycling\/status\/1391104349544329220?ref_src=twsrc%5Etfw\">May 8, 2021<\/a><\/p><\/blockquote>\n<p><script async data-src=\"https:\/\/platform.twitter.com\/widgets.js\" charset=\"utf-8\"><\/script><\/div>\n<h2><strong>Captain Obvious to the rescue<\/strong><\/h2>\n<div class=\"embed-controller-wrapper\">\n<blockquote class=\"twitter-tweet\" data-width=\"500\" data-dnt=\"true\">\n<p lang=\"en\" dir=\"ltr\">Watching the Giro with <a href=\"https:\/\/twitter.com\/Sammmy_Be?ref_src=twsrc%5Etfw\">@Sammmy_Be<\/a> <\/p>\n<p>Me: what are your predictions for the stage? <br \/>Sam: everyone gets wet. <\/p>\n<p>\ud83d\ude11<\/p>\n<p>&mdash; Tara Bennett (@Tee4Tara) <a href=\"https:\/\/twitter.com\/Tee4Tara\/status\/1392105262555729920?ref_src=twsrc%5Etfw\">May 11, 2021<\/a><\/p><\/blockquote>\n<p><script async data-src=\"https:\/\/platform.twitter.com\/widgets.js\" charset=\"utf-8\"><\/script><\/div>\n<h2><strong>What happened here?<\/strong><\/h2>\n<p>https:\/\/www.instagram.com\/p\/CO5xdn_ggYA\/<\/p>\n<h2><strong>Ouch<\/strong><\/h2>\n<div class=\"embed-controller-wrapper\">\n<blockquote class=\"twitter-tweet\" data-width=\"500\" data-dnt=\"true\">\n<p lang=\"en\" dir=\"ltr\">Is there still a link to the giro timelimit calculator. Asking for a friend <a href=\"https:\/\/twitter.com\/rogerkluge?ref_src=twsrc%5Etfw\">@rogerkluge<\/a><\/p>\n<p>&mdash; Thomas De Gendt (@DeGendtThomas) <a href=\"https:\/\/twitter.com\/DeGendtThomas\/status\/1392762450882203649?ref_src=twsrc%5Etfw\">May 13, 2021<\/a><\/p><\/blockquote>\n<p><script async data-src=\"https:\/\/platform.twitter.com\/widgets.js\" charset=\"utf-8\"><\/script><\/div>\n","protected":false},"excerpt":{"rendered":"<p>Another Monday is here, and so is our news from the world of cycling. So, what did you miss?<\/p>\n","protected":false},"author":99,"featured_media":183582,"comment_status":"open","ping_status":"open","sticky":false,"template":"","format":"standard","meta":{"footnotes":""},"categories":[329],"tags":[5177,4619,2621,402,4367],"global-categories":[3366],"class_list":["post-183573","post","type-post","status-publish","format-standard","has-post-thumbnail","hentry","category-road-cycling","tag-2021-giro","tag-cycling-news","tag-egan-bernal","tag-giro-ditalia","tag-ineos-grenadiers","global-categories-cycling"],"yoast_head":"<!-- This site is optimized with the Yoast SEO Premium plugin v25.3 (Yoast SEO v25.9) - https:\/\/yoast.com\/wordpress\/plugins\/seo\/ -->\n<title>Egan Bernal Back in the Pink Jersey, and Other Cool News from the World of Cycling<\/title>\n<meta name=\"description\" content=\"Another Monday is here, and so is our news from the world of cycling. So, what did you miss? Bernal wins it Stage nine marked the first-ever Grand Tour\" \/>\n<meta name=\"robots\" content=\"index, follow, max-snippet:-1, max-image-preview:large, max-video-preview:-1\" \/>\n<link rel=\"canonical\" href=\"https:\/\/www.welovecycling.com\/wide\/2021\/05\/17\/egan-bernal-back-in-the-pink-jersey-and-other-cool-news-from-the-world-of-cycling\/\" \/>\n<meta property=\"og:locale\" content=\"en_US\" \/>\n<meta property=\"og:type\" content=\"article\" \/>\n<meta property=\"og:title\" content=\"Egan Bernal Back in the Pink Jersey, and Other Cool News from the World of Cycling\" \/>\n<meta property=\"og:description\" content=\"Another Monday is here, and so is our news from the world of cycling. So, what did you miss? Bernal wins it Stage nine marked the first-ever Grand Tour\" \/>\n<meta property=\"og:url\" content=\"https:\/\/www.welovecycling.com\/wide\/2021\/05\/17\/egan-bernal-back-in-the-pink-jersey-and-other-cool-news-from-the-world-of-cycling\/\" \/>\n<meta property=\"og:site_name\" content=\"\u0160koda We Love Cycling\" \/>\n<meta property=\"article:published_time\" content=\"2021-05-17T11:29:53+00:00\" \/>\n<meta property=\"article:modified_time\" content=\"2021-05-17T11:30:49+00:00\" \/>\n<meta property=\"og:image\" content=\"https:\/\/d2p6e6u75xmxt8.cloudfront.net\/2\/2021\/05\/Egan-Bernal-Giro-2021-profimedia-0611022851-CVR.webp\" \/>\n\t<meta property=\"og:image:width\" content=\"900\" \/>\n\t<meta property=\"og:image:height\" content=\"600\" \/>\n\t<meta property=\"og:image:type\" content=\"image\/webp\" \/>\n<meta name=\"author\" content=\"tereza\" \/>\n<meta name=\"twitter:card\" content=\"summary_large_image\" \/>\n<meta name=\"twitter:label1\" content=\"Written by\" \/>\n\t<meta name=\"twitter:data1\" content=\"Monica Buck\" \/>\n\t<meta name=\"twitter:label2\" content=\"Est. reading time\" \/>\n\t<meta name=\"twitter:data2\" content=\"4\" \/>\n<script type=\"application\/ld+json\" class=\"yoast-schema-graph\">{\"@context\":\"https:\/\/schema.org\",\"@graph\":[{\"@type\":\"WebPage\",\"@id\":\"https:\/\/www.welovecycling.com\/wide\/2021\/05\/17\/egan-bernal-back-in-the-pink-jersey-and-other-cool-news-from-the-world-of-cycling\/\",\"url\":\"https:\/\/www.welovecycling.com\/wide\/2021\/05\/17\/egan-bernal-back-in-the-pink-jersey-and-other-cool-news-from-the-world-of-cycling\/\",\"name\":\"Egan Bernal Back in the Pink Jersey, and Other Cool News from the World of Cycling\",\"isPartOf\":{\"@id\":\"https:\/\/www.welovecycling.com\/wide\/#website\"},\"primaryImageOfPage\":{\"@id\":\"https:\/\/www.welovecycling.com\/wide\/2021\/05\/17\/egan-bernal-back-in-the-pink-jersey-and-other-cool-news-from-the-world-of-cycling\/#primaryimage\"},\"image\":{\"@id\":\"https:\/\/www.welovecycling.com\/wide\/2021\/05\/17\/egan-bernal-back-in-the-pink-jersey-and-other-cool-news-from-the-world-of-cycling\/#primaryimage\"},\"thumbnailUrl\":\"https:\/\/d2p6e6u75xmxt8.cloudfront.net\/2\/2021\/05\/Egan-Bernal-Giro-2021-profimedia-0611022851-CVR.webp\",\"datePublished\":\"2021-05-17T11:29:53+00:00\",\"dateModified\":\"2021-05-17T11:30:49+00:00\",\"author\":{\"@id\":\"https:\/\/www.welovecycling.com\/wide\/#\/schema\/person\/50f01ecd18718d2333cf72e823c4f926\"},\"description\":\"Another Monday is here, and so is our news from the world of cycling. So, what did you miss? Bernal wins it Stage nine marked the first-ever Grand Tour\",\"breadcrumb\":{\"@id\":\"https:\/\/www.welovecycling.com\/wide\/2021\/05\/17\/egan-bernal-back-in-the-pink-jersey-and-other-cool-news-from-the-world-of-cycling\/#breadcrumb\"},\"inLanguage\":\"en-US\",\"potentialAction\":[{\"@type\":\"ReadAction\",\"target\":[\"https:\/\/www.welovecycling.com\/wide\/2021\/05\/17\/egan-bernal-back-in-the-pink-jersey-and-other-cool-news-from-the-world-of-cycling\/\"]}]},{\"@type\":\"ImageObject\",\"inLanguage\":\"en-US\",\"@id\":\"https:\/\/www.welovecycling.com\/wide\/2021\/05\/17\/egan-bernal-back-in-the-pink-jersey-and-other-cool-news-from-the-world-of-cycling\/#primaryimage\",\"url\":\"https:\/\/d2p6e6u75xmxt8.cloudfront.net\/2\/2021\/05\/Egan-Bernal-Giro-2021-profimedia-0611022851-CVR.webp\",\"contentUrl\":\"https:\/\/d2p6e6u75xmxt8.cloudfront.net\/2\/2021\/05\/Egan-Bernal-Giro-2021-profimedia-0611022851-CVR.webp\",\"width\":900,\"height\":600,\"caption\":\"Egan Bernal at the Giro\"},{\"@type\":\"BreadcrumbList\",\"@id\":\"https:\/\/www.welovecycling.com\/wide\/2021\/05\/17\/egan-bernal-back-in-the-pink-jersey-and-other-cool-news-from-the-world-of-cycling\/#breadcrumb\",\"itemListElement\":[{\"@type\":\"ListItem\",\"position\":1,\"name\":\"Home\",\"item\":\"https:\/\/www.welovecycling.com\/wide\/\"},{\"@type\":\"ListItem\",\"position\":2,\"name\":\"Egan Bernal Back in the Pink Jersey, and Other Cool News from the World of Cycling\"}]},{\"@type\":\"WebSite\",\"@id\":\"https:\/\/www.welovecycling.com\/wide\/#website\",\"url\":\"https:\/\/www.welovecycling.com\/wide\/\",\"name\":\"\u0160koda We Love Cycling\",\"description\":\"\u0160koda We Love Cycling magazine\",\"alternateName\":\"\u0160koda WLC\",\"potentialAction\":[{\"@type\":\"SearchAction\",\"target\":{\"@type\":\"EntryPoint\",\"urlTemplate\":\"https:\/\/www.welovecycling.com\/wide\/?s={search_term_string}\"},\"query-input\":{\"@type\":\"PropertyValueSpecification\",\"valueRequired\":true,\"valueName\":\"search_term_string\"}}],\"inLanguage\":\"en-US\"},{\"@type\":\"Person\",\"@id\":\"https:\/\/www.welovecycling.com\/wide\/#\/schema\/person\/50f01ecd18718d2333cf72e823c4f926\",\"name\":\"tereza\",\"image\":{\"@type\":\"ImageObject\",\"inLanguage\":\"en-US\",\"@id\":\"https:\/\/www.welovecycling.com\/wide\/#\/schema\/person\/image\/\",\"url\":\"https:\/\/secure.gravatar.com\/avatar\/1f9eb71be33845f0afabce3791bc1c58ecdb0a25c62964987e5dbcf7a20d2ec7?s=96&d=mm&r=g\",\"contentUrl\":\"https:\/\/secure.gravatar.com\/avatar\/1f9eb71be33845f0afabce3791bc1c58ecdb0a25c62964987e5dbcf7a20d2ec7?s=96&d=mm&r=g\",\"caption\":\"tereza\"},\"url\":\"https:\/\/www.welovecycling.com\/wide\/author\/tereza\/\"}]}<\/script>\n<!-- \/ Yoast SEO Premium plugin. -->","yoast_head_json":{"title":"Egan Bernal Back in the Pink Jersey, and Other Cool News from the World of Cycling","description":"Another Monday is here, and so is our news from the world of cycling. So, what did you miss? Bernal wins it Stage nine marked the first-ever Grand Tour","robots":{"index":"index","follow":"follow","max-snippet":"max-snippet:-1","max-image-preview":"max-image-preview:large","max-video-preview":"max-video-preview:-1"},"canonical":"https:\/\/www.welovecycling.com\/wide\/2021\/05\/17\/egan-bernal-back-in-the-pink-jersey-and-other-cool-news-from-the-world-of-cycling\/","og_locale":"en_US","og_type":"article","og_title":"Egan Bernal Back in the Pink Jersey, and Other Cool News from the World of Cycling","og_description":"Another Monday is here, and so is our news from the world of cycling. So, what did you miss? Bernal wins it Stage nine marked the first-ever Grand Tour","og_url":"https:\/\/www.welovecycling.com\/wide\/2021\/05\/17\/egan-bernal-back-in-the-pink-jersey-and-other-cool-news-from-the-world-of-cycling\/","og_site_name":"\u0160koda We Love Cycling","article_published_time":"2021-05-17T11:29:53+00:00","article_modified_time":"2021-05-17T11:30:49+00:00","og_image":[{"width":900,"height":600,"url":"https:\/\/d2p6e6u75xmxt8.cloudfront.net\/2\/2021\/05\/Egan-Bernal-Giro-2021-profimedia-0611022851-CVR.webp","type":"image\/webp"}],"author":"tereza","twitter_card":"summary_large_image","twitter_misc":{"Written by":"Monica Buck","Est. reading time":"4"},"schema":{"@context":"https:\/\/schema.org","@graph":[{"@type":"WebPage","@id":"https:\/\/www.welovecycling.com\/wide\/2021\/05\/17\/egan-bernal-back-in-the-pink-jersey-and-other-cool-news-from-the-world-of-cycling\/","url":"https:\/\/www.welovecycling.com\/wide\/2021\/05\/17\/egan-bernal-back-in-the-pink-jersey-and-other-cool-news-from-the-world-of-cycling\/","name":"Egan Bernal Back in the Pink Jersey, and Other Cool News from the World of Cycling","isPartOf":{"@id":"https:\/\/www.welovecycling.com\/wide\/#website"},"primaryImageOfPage":{"@id":"https:\/\/www.welovecycling.com\/wide\/2021\/05\/17\/egan-bernal-back-in-the-pink-jersey-and-other-cool-news-from-the-world-of-cycling\/#primaryimage"},"image":{"@id":"https:\/\/www.welovecycling.com\/wide\/2021\/05\/17\/egan-bernal-back-in-the-pink-jersey-and-other-cool-news-from-the-world-of-cycling\/#primaryimage"},"thumbnailUrl":"https:\/\/d2p6e6u75xmxt8.cloudfront.net\/2\/2021\/05\/Egan-Bernal-Giro-2021-profimedia-0611022851-CVR.webp","datePublished":"2021-05-17T11:29:53+00:00","dateModified":"2021-05-17T11:30:49+00:00","author":{"@id":"https:\/\/www.welovecycling.com\/wide\/#\/schema\/person\/50f01ecd18718d2333cf72e823c4f926"},"description":"Another Monday is here, and so is our news from the world of cycling. So, what did you miss? Bernal wins it Stage nine marked the first-ever Grand Tour","breadcrumb":{"@id":"https:\/\/www.welovecycling.com\/wide\/2021\/05\/17\/egan-bernal-back-in-the-pink-jersey-and-other-cool-news-from-the-world-of-cycling\/#breadcrumb"},"inLanguage":"en-US","potentialAction":[{"@type":"ReadAction","target":["https:\/\/www.welovecycling.com\/wide\/2021\/05\/17\/egan-bernal-back-in-the-pink-jersey-and-other-cool-news-from-the-world-of-cycling\/"]}]},{"@type":"ImageObject","inLanguage":"en-US","@id":"https:\/\/www.welovecycling.com\/wide\/2021\/05\/17\/egan-bernal-back-in-the-pink-jersey-and-other-cool-news-from-the-world-of-cycling\/#primaryimage","url":"https:\/\/d2p6e6u75xmxt8.cloudfront.net\/2\/2021\/05\/Egan-Bernal-Giro-2021-profimedia-0611022851-CVR.webp","contentUrl":"https:\/\/d2p6e6u75xmxt8.cloudfront.net\/2\/2021\/05\/Egan-Bernal-Giro-2021-profimedia-0611022851-CVR.webp","width":900,"height":600,"caption":"Egan Bernal at the Giro"},{"@type":"BreadcrumbList","@id":"https:\/\/www.welovecycling.com\/wide\/2021\/05\/17\/egan-bernal-back-in-the-pink-jersey-and-other-cool-news-from-the-world-of-cycling\/#breadcrumb","itemListElement":[{"@type":"ListItem","position":1,"name":"Home","item":"https:\/\/www.welovecycling.com\/wide\/"},{"@type":"ListItem","position":2,"name":"Egan Bernal Back in the Pink Jersey, and Other Cool News from the World of Cycling"}]},{"@type":"WebSite","@id":"https:\/\/www.welovecycling.com\/wide\/#website","url":"https:\/\/www.welovecycling.com\/wide\/","name":"\u0160koda We Love Cycling","description":"\u0160koda We Love Cycling magazine","alternateName":"\u0160koda WLC","potentialAction":[{"@type":"SearchAction","target":{"@type":"EntryPoint","urlTemplate":"https:\/\/www.welovecycling.com\/wide\/?s={search_term_string}"},"query-input":{"@type":"PropertyValueSpecification","valueRequired":true,"valueName":"search_term_string"}}],"inLanguage":"en-US"},{"@type":"Person","@id":"https:\/\/www.welovecycling.com\/wide\/#\/schema\/person\/50f01ecd18718d2333cf72e823c4f926","name":"tereza","image":{"@type":"ImageObject","inLanguage":"en-US","@id":"https:\/\/www.welovecycling.com\/wide\/#\/schema\/person\/image\/","url":"https:\/\/secure.gravatar.com\/avatar\/1f9eb71be33845f0afabce3791bc1c58ecdb0a25c62964987e5dbcf7a20d2ec7?s=96&d=mm&r=g","contentUrl":"https:\/\/secure.gravatar.com\/avatar\/1f9eb71be33845f0afabce3791bc1c58ecdb0a25c62964987e5dbcf7a20d2ec7?s=96&d=mm&r=g","caption":"tereza"},"url":"https:\/\/www.welovecycling.com\/wide\/author\/tereza\/"}]}},"_links":{"self":[{"href":"https:\/\/www.welovecycling.com\/wide\/wp-json\/wp\/v2\/posts\/183573","targetHints":{"allow":["GET"]}}],"collection":[{"href":"https:\/\/www.welovecycling.com\/wide\/wp-json\/wp\/v2\/posts"}],"about":[{"href":"https:\/\/www.welovecycling.com\/wide\/wp-json\/wp\/v2\/types\/post"}],"author":[{"embeddable":true,"href":"https:\/\/www.welovecycling.com\/wide\/wp-json\/wp\/v2\/users\/99"}],"replies":[{"embeddable":true,"href":"https:\/\/www.welovecycling.com\/wide\/wp-json\/wp\/v2\/comments?post=183573"}],"version-history":[{"count":2,"href":"https:\/\/www.welovecycling.com\/wide\/wp-json\/wp\/v2\/posts\/183573\/revisions"}],"predecessor-version":[{"id":183586,"href":"https:\/\/www.welovecycling.com\/wide\/wp-json\/wp\/v2\/posts\/183573\/revisions\/183586"}],"wp:featuredmedia":[{"embeddable":true,"href":"https:\/\/www.welovecycling.com\/wide\/wp-json\/wp\/v2\/media\/183582"}],"wp:attachment":[{"href":"https:\/\/www.welovecycling.com\/wide\/wp-json\/wp\/v2\/media?parent=183573"}],"wp:term":[{"taxonomy":"category","embeddable":true,"href":"https:\/\/www.welovecycling.com\/wide\/wp-json\/wp\/v2\/categories?post=183573"},{"taxonomy":"post_tag","embeddable":true,"href":"https:\/\/www.welovecycling.com\/wide\/wp-json\/wp\/v2\/tags?post=183573"},{"taxonomy":"global-categories","embeddable":true,"href":"https:\/\/www.welovecycling.com\/wide\/wp-json\/wp\/v2\/global-categories?post=183573"}],"curies":[{"name":"wp","href":"https:\/\/api.w.org\/{rel}","templated":true}]}}