{"id":183491,"date":"2021-05-12T09:16:11","date_gmt":"2021-05-12T09:16:11","guid":{"rendered":"https:\/\/www.welovecycling.com\/wide\/?p=183491"},"modified":"2021-05-12T09:16:11","modified_gmt":"2021-05-12T09:16:11","slug":"alessandro-de-marchi-is-the-new-leader-of-the-2021-giro-ditalia","status":"publish","type":"post","link":"https:\/\/www.welovecycling.com\/wide\/2021\/05\/12\/alessandro-de-marchi-is-the-new-leader-of-the-2021-giro-ditalia\/","title":{"rendered":"Alessandro De Marchi Is the New Leader of the 2021 Giro d\u2018Italia"},"content":{"rendered":"<p><strong>Joe Dombrowski won his first-ever Grand Tour stage from a breakaway in the brutal wet conditions on stage four. However, Alessandro De Marchi came just a few seconds behind and thus became the new race leader.<\/strong><\/p>\n<p><!--more--><\/p>\n<p>The stage took place in very challenging weather. A huge breakaway of 25 riders got away after 45 km but in the final 75km it was more or less three riders. Rein Taaram\u00e4e, Quinten Hermans (both Intermarch\u00e9), and Chris Juul-Jensen (BikeExchange) rode hard but were caught by Dombrowski and De Marchi in the closing 4km. Then the American made his move to claim his maiden Grand Tour stage victory and De Marchi took the lead.<\/p>\n<figure id=\"attachment_183494\" aria-describedby=\"caption-attachment-183494\" style=\"width: 1024px\" class=\"wp-caption alignnone\"><a href=\"https:\/\/d2p6e6u75xmxt8.cloudfront.net\/2\/2021\/05\/2021-Giro-profimedia-0610338937.jpg\"><img loading=\"lazy\" decoding=\"async\" class=\"wp-image-183494 size-large\" src=\"https:\/\/d2p6e6u75xmxt8.cloudfront.net\/2\/2021\/05\/2021-Giro-profimedia-0610338937-1024x682.jpg\" alt=\"A pack of riders at the 2021 GIro\" width=\"1024\" height=\"682\" \/><\/a><figcaption id=\"caption-attachment-183494\" class=\"wp-caption-text\">The weather made it no easier for the riders. \u00a9 Profimedia<\/figcaption><\/figure>\n<p>\u201cI started thinking about taking the maglia rosa two days ago but I didn&#8217;t tell anybody,\u201c the <a href=\"https:\/\/www.theguardian.com\/sport\/2021\/may\/11\/giro-ditalia-de-marchi-in-the-pink-as-dombrowski-takes-stage-four#:~:text=%E2%80%9CThe%20goal%20was%20the%20maglia,I'm%20without%20words.%E2%80%9D\">34-year-old Italian said.<\/a> \u201cToday it was about finding the right move. I knew it would be tricky at the start. A bit of luck helped and here we are. I&#8217;m lost for words. The maglia rosa is the childhood dream of every cyclist, especially for an Italian.\u201d<\/p>\n<p>Some of the favourites managed to make a move in the end as well. Giulio Ciccone (Trek-Segafredo) went first, followed by Mikel Landa (Bahrain-Victorious), Egan Bernal (Ineos Grenadiers), Hugh Carthy (EF-Nippo), and Aleksandr Vlasov (Astana-Premier Tech). They finished 11 seconds ahead of Simon Yates (BikeExchange), Dan Martin (Israel Start-Up Nation), and Remco Evenepoel (Deceuninck-Quick-Step). Jo\u00e3o Almeida (Deceuninck \u2013 Quick-Step) on the other hand lost around six minutes and his GC hopes are probably over.<\/p>\n<figure id=\"attachment_183495\" aria-describedby=\"caption-attachment-183495\" style=\"width: 1024px\" class=\"wp-caption alignnone\"><a href=\"https:\/\/d2p6e6u75xmxt8.cloudfront.net\/2\/2021\/05\/Joao-Almeida-profimedia-0610261239.jpg\"><img loading=\"lazy\" decoding=\"async\" class=\"size-large wp-image-183495\" src=\"https:\/\/d2p6e6u75xmxt8.cloudfront.net\/2\/2021\/05\/Joao-Almeida-profimedia-0610261239-1024x682.jpg\" alt=\"Jo\u00e3o Almeida\" width=\"1024\" height=\"682\" \/><\/a><figcaption id=\"caption-attachment-183495\" class=\"wp-caption-text\">Almeida waves from the presentation podium prior to take the start of the fourth stage of the Giro. \u00a9 Profimedia<\/figcaption><\/figure>\n<h4><strong>Stage 4 results<\/strong><\/h4>\n<ol>\n<li>Joe Dombrowski (UAE Team Emirates) \u2013 4:58:38<\/li>\n<li>Alessandro De Marchi (Israel Start-Up Nation) + 13 seconds<\/li>\n<li>Filippo Fiorelli (Bardiani-CSF-Faizan\u00e8) + 27s<\/li>\n<li>Louis Vervaeke (Alpecin-Fenix) + 29s<\/li>\n<li>Jan Tratnik (Bahrain Victorious)<\/li>\n<li>Attila Valter (Groupama-FDJ) + 44s<\/li>\n<li>Nicolas Edet (Cofidis) + 49s<\/li>\n<li>Nelson Oliveira (Movistar) + 57s<\/li>\n<li>Rein Taaram\u00e4e (Intermarch\u00e9-Wanty-Gobert Mat\u00e9riaux) + 1:33<\/li>\n<li>Chris Juul-Jensen (Team BikeExchange) + 1:36<\/li>\n<\/ol>\n<h4><strong>General classification<\/strong><\/h4>\n<ol>\n<li>Alessandro De Marchi (Israel Start-Up Nation) \u2013 13:50:44<\/li>\n<li>Joe Dombrowski (UAE Team Emirates) + 22s<\/li>\n<li>Louis Vervaeke (Alpecin-Fenix) + 42s<\/li>\n<li>Nelson Oliveira (Movistar Team) + 48s<\/li>\n<li>Attila Valter (Groupama-FDJ) + 1:00<\/li>\n<li>Nicolas Edet (Cofidis) + 1:15<\/li>\n<li>Aleksandr Vlasov (Astana-Premier Tech) + 1:24<\/li>\n<li>Remco Evenepoel (Deceuninck \u2013 Quick-Step) + 1:28<\/li>\n<li>Alberto Bettiol (EF Education-Nippo) + 1:37<\/li>\n<li>Hugh Carthy (Ineos Grenadiers) + 1:39<\/li>\n<\/ol>\n","protected":false},"excerpt":{"rendered":"<p>Joe Dombrowski won his first-ever Grand Tour stage from a breakaway in the brutal wet conditions on stage four. However, [&hellip;]<\/p>\n","protected":false},"author":99,"featured_media":183493,"comment_status":"open","ping_status":"open","sticky":false,"template":"","format":"standard","meta":{"footnotes":""},"categories":[329],"tags":[5177,4598,5228,5231,4619,2621,402,3939,4479,5230,5229,3544],"global-categories":[3366],"class_list":["post-183491","post","type-post","status-publish","format-standard","has-post-thumbnail","hentry","category-road-cycling","tag-2021-giro","tag-aleksandr-vlasov","tag-alessandro-de-marchi","tag-chris-juul-jensen","tag-cycling-news","tag-egan-bernal","tag-giro-ditalia","tag-giulio-ciccone","tag-joao-almeida","tag-quinten-hermans","tag-rein-taaramae","tag-remco-evenepoel","global-categories-cycling"],"yoast_head":"<!-- This site is optimized with the Yoast SEO Premium plugin v25.3 (Yoast SEO v25.9) - https:\/\/yoast.com\/wordpress\/plugins\/seo\/ -->\n<title>Alessandro De Marchi Is the New Leader of the 2021 Giro d\u2018Italia - \u0160koda We Love Cycling<\/title>\n<meta name=\"description\" content=\"Joe Dombrowski won his first-ever Grand Tour stage from a breakaway in the brutal wet conditions on stage four. However, Alessandro De Marchi came just a\" \/>\n<meta name=\"robots\" content=\"index, follow, max-snippet:-1, max-image-preview:large, max-video-preview:-1\" \/>\n<link rel=\"canonical\" href=\"https:\/\/www.welovecycling.com\/wide\/2021\/05\/12\/alessandro-de-marchi-is-the-new-leader-of-the-2021-giro-ditalia\/\" \/>\n<meta property=\"og:locale\" content=\"en_US\" \/>\n<meta property=\"og:type\" content=\"article\" \/>\n<meta property=\"og:title\" content=\"Alessandro De Marchi Is the New Leader of the 2021 Giro d\u2018Italia\" \/>\n<meta property=\"og:description\" content=\"Joe Dombrowski won his first-ever Grand Tour stage from a breakaway in the brutal wet conditions on stage four. However, Alessandro De Marchi came just a\" \/>\n<meta property=\"og:url\" content=\"https:\/\/www.welovecycling.com\/wide\/2021\/05\/12\/alessandro-de-marchi-is-the-new-leader-of-the-2021-giro-ditalia\/\" \/>\n<meta property=\"og:site_name\" content=\"\u0160koda We Love Cycling\" \/>\n<meta property=\"article:published_time\" content=\"2021-05-12T09:16:11+00:00\" \/>\n<meta property=\"og:image\" content=\"https:\/\/d2p6e6u75xmxt8.cloudfront.net\/2\/2021\/05\/Alessandro-De-Marchi-profimedia-0610349197-CVR.webp\" \/>\n\t<meta property=\"og:image:width\" content=\"900\" \/>\n\t<meta property=\"og:image:height\" content=\"600\" \/>\n\t<meta property=\"og:image:type\" content=\"image\/webp\" \/>\n<meta name=\"author\" content=\"tereza\" \/>\n<meta name=\"twitter:card\" content=\"summary_large_image\" \/>\n<meta name=\"twitter:label1\" content=\"Written by\" \/>\n\t<meta name=\"twitter:data1\" content=\"Monica Buck\" \/>\n\t<meta name=\"twitter:label2\" content=\"Est. reading time\" \/>\n\t<meta name=\"twitter:data2\" content=\"4\" \/>\n<script type=\"application\/ld+json\" class=\"yoast-schema-graph\">{\"@context\":\"https:\/\/schema.org\",\"@graph\":[{\"@type\":\"WebPage\",\"@id\":\"https:\/\/www.welovecycling.com\/wide\/2021\/05\/12\/alessandro-de-marchi-is-the-new-leader-of-the-2021-giro-ditalia\/\",\"url\":\"https:\/\/www.welovecycling.com\/wide\/2021\/05\/12\/alessandro-de-marchi-is-the-new-leader-of-the-2021-giro-ditalia\/\",\"name\":\"Alessandro De Marchi Is the New Leader of the 2021 Giro d\u2018Italia - \u0160koda We Love Cycling\",\"isPartOf\":{\"@id\":\"https:\/\/www.welovecycling.com\/wide\/#website\"},\"primaryImageOfPage\":{\"@id\":\"https:\/\/www.welovecycling.com\/wide\/2021\/05\/12\/alessandro-de-marchi-is-the-new-leader-of-the-2021-giro-ditalia\/#primaryimage\"},\"image\":{\"@id\":\"https:\/\/www.welovecycling.com\/wide\/2021\/05\/12\/alessandro-de-marchi-is-the-new-leader-of-the-2021-giro-ditalia\/#primaryimage\"},\"thumbnailUrl\":\"https:\/\/d2p6e6u75xmxt8.cloudfront.net\/2\/2021\/05\/Alessandro-De-Marchi-profimedia-0610349197-CVR.webp\",\"datePublished\":\"2021-05-12T09:16:11+00:00\",\"author\":{\"@id\":\"https:\/\/www.welovecycling.com\/wide\/#\/schema\/person\/50f01ecd18718d2333cf72e823c4f926\"},\"description\":\"Joe Dombrowski won his first-ever Grand Tour stage from a breakaway in the brutal wet conditions on stage four. However, Alessandro De Marchi came just a\",\"breadcrumb\":{\"@id\":\"https:\/\/www.welovecycling.com\/wide\/2021\/05\/12\/alessandro-de-marchi-is-the-new-leader-of-the-2021-giro-ditalia\/#breadcrumb\"},\"inLanguage\":\"en-US\",\"potentialAction\":[{\"@type\":\"ReadAction\",\"target\":[\"https:\/\/www.welovecycling.com\/wide\/2021\/05\/12\/alessandro-de-marchi-is-the-new-leader-of-the-2021-giro-ditalia\/\"]}]},{\"@type\":\"ImageObject\",\"inLanguage\":\"en-US\",\"@id\":\"https:\/\/www.welovecycling.com\/wide\/2021\/05\/12\/alessandro-de-marchi-is-the-new-leader-of-the-2021-giro-ditalia\/#primaryimage\",\"url\":\"https:\/\/d2p6e6u75xmxt8.cloudfront.net\/2\/2021\/05\/Alessandro-De-Marchi-profimedia-0610349197-CVR.webp\",\"contentUrl\":\"https:\/\/d2p6e6u75xmxt8.cloudfront.net\/2\/2021\/05\/Alessandro-De-Marchi-profimedia-0610349197-CVR.webp\",\"width\":900,\"height\":600,\"caption\":\"Alessandro De Marchi\"},{\"@type\":\"BreadcrumbList\",\"@id\":\"https:\/\/www.welovecycling.com\/wide\/2021\/05\/12\/alessandro-de-marchi-is-the-new-leader-of-the-2021-giro-ditalia\/#breadcrumb\",\"itemListElement\":[{\"@type\":\"ListItem\",\"position\":1,\"name\":\"Home\",\"item\":\"https:\/\/www.welovecycling.com\/wide\/\"},{\"@type\":\"ListItem\",\"position\":2,\"name\":\"Alessandro De Marchi Is the New Leader of the 2021 Giro d\u2018Italia\"}]},{\"@type\":\"WebSite\",\"@id\":\"https:\/\/www.welovecycling.com\/wide\/#website\",\"url\":\"https:\/\/www.welovecycling.com\/wide\/\",\"name\":\"\u0160koda We Love Cycling\",\"description\":\"\u0160koda We Love Cycling magazine\",\"alternateName\":\"\u0160koda WLC\",\"potentialAction\":[{\"@type\":\"SearchAction\",\"target\":{\"@type\":\"EntryPoint\",\"urlTemplate\":\"https:\/\/www.welovecycling.com\/wide\/?s={search_term_string}\"},\"query-input\":{\"@type\":\"PropertyValueSpecification\",\"valueRequired\":true,\"valueName\":\"search_term_string\"}}],\"inLanguage\":\"en-US\"},{\"@type\":\"Person\",\"@id\":\"https:\/\/www.welovecycling.com\/wide\/#\/schema\/person\/50f01ecd18718d2333cf72e823c4f926\",\"name\":\"tereza\",\"image\":{\"@type\":\"ImageObject\",\"inLanguage\":\"en-US\",\"@id\":\"https:\/\/www.welovecycling.com\/wide\/#\/schema\/person\/image\/\",\"url\":\"https:\/\/secure.gravatar.com\/avatar\/1f9eb71be33845f0afabce3791bc1c58ecdb0a25c62964987e5dbcf7a20d2ec7?s=96&d=mm&r=g\",\"contentUrl\":\"https:\/\/secure.gravatar.com\/avatar\/1f9eb71be33845f0afabce3791bc1c58ecdb0a25c62964987e5dbcf7a20d2ec7?s=96&d=mm&r=g\",\"caption\":\"tereza\"},\"url\":\"https:\/\/www.welovecycling.com\/wide\/author\/tereza\/\"}]}<\/script>\n<!-- \/ Yoast SEO Premium plugin. -->","yoast_head_json":{"title":"Alessandro De Marchi Is the New Leader of the 2021 Giro d\u2018Italia - \u0160koda We Love Cycling","description":"Joe Dombrowski won his first-ever Grand Tour stage from a breakaway in the brutal wet conditions on stage four. However, Alessandro De Marchi came just a","robots":{"index":"index","follow":"follow","max-snippet":"max-snippet:-1","max-image-preview":"max-image-preview:large","max-video-preview":"max-video-preview:-1"},"canonical":"https:\/\/www.welovecycling.com\/wide\/2021\/05\/12\/alessandro-de-marchi-is-the-new-leader-of-the-2021-giro-ditalia\/","og_locale":"en_US","og_type":"article","og_title":"Alessandro De Marchi Is the New Leader of the 2021 Giro d\u2018Italia","og_description":"Joe Dombrowski won his first-ever Grand Tour stage from a breakaway in the brutal wet conditions on stage four. However, Alessandro De Marchi came just a","og_url":"https:\/\/www.welovecycling.com\/wide\/2021\/05\/12\/alessandro-de-marchi-is-the-new-leader-of-the-2021-giro-ditalia\/","og_site_name":"\u0160koda We Love Cycling","article_published_time":"2021-05-12T09:16:11+00:00","og_image":[{"width":900,"height":600,"url":"https:\/\/d2p6e6u75xmxt8.cloudfront.net\/2\/2021\/05\/Alessandro-De-Marchi-profimedia-0610349197-CVR.webp","type":"image\/webp"}],"author":"tereza","twitter_card":"summary_large_image","twitter_misc":{"Written by":"Monica Buck","Est. reading time":"4"},"schema":{"@context":"https:\/\/schema.org","@graph":[{"@type":"WebPage","@id":"https:\/\/www.welovecycling.com\/wide\/2021\/05\/12\/alessandro-de-marchi-is-the-new-leader-of-the-2021-giro-ditalia\/","url":"https:\/\/www.welovecycling.com\/wide\/2021\/05\/12\/alessandro-de-marchi-is-the-new-leader-of-the-2021-giro-ditalia\/","name":"Alessandro De Marchi Is the New Leader of the 2021 Giro d\u2018Italia - \u0160koda We Love Cycling","isPartOf":{"@id":"https:\/\/www.welovecycling.com\/wide\/#website"},"primaryImageOfPage":{"@id":"https:\/\/www.welovecycling.com\/wide\/2021\/05\/12\/alessandro-de-marchi-is-the-new-leader-of-the-2021-giro-ditalia\/#primaryimage"},"image":{"@id":"https:\/\/www.welovecycling.com\/wide\/2021\/05\/12\/alessandro-de-marchi-is-the-new-leader-of-the-2021-giro-ditalia\/#primaryimage"},"thumbnailUrl":"https:\/\/d2p6e6u75xmxt8.cloudfront.net\/2\/2021\/05\/Alessandro-De-Marchi-profimedia-0610349197-CVR.webp","datePublished":"2021-05-12T09:16:11+00:00","author":{"@id":"https:\/\/www.welovecycling.com\/wide\/#\/schema\/person\/50f01ecd18718d2333cf72e823c4f926"},"description":"Joe Dombrowski won his first-ever Grand Tour stage from a breakaway in the brutal wet conditions on stage four. However, Alessandro De Marchi came just a","breadcrumb":{"@id":"https:\/\/www.welovecycling.com\/wide\/2021\/05\/12\/alessandro-de-marchi-is-the-new-leader-of-the-2021-giro-ditalia\/#breadcrumb"},"inLanguage":"en-US","potentialAction":[{"@type":"ReadAction","target":["https:\/\/www.welovecycling.com\/wide\/2021\/05\/12\/alessandro-de-marchi-is-the-new-leader-of-the-2021-giro-ditalia\/"]}]},{"@type":"ImageObject","inLanguage":"en-US","@id":"https:\/\/www.welovecycling.com\/wide\/2021\/05\/12\/alessandro-de-marchi-is-the-new-leader-of-the-2021-giro-ditalia\/#primaryimage","url":"https:\/\/d2p6e6u75xmxt8.cloudfront.net\/2\/2021\/05\/Alessandro-De-Marchi-profimedia-0610349197-CVR.webp","contentUrl":"https:\/\/d2p6e6u75xmxt8.cloudfront.net\/2\/2021\/05\/Alessandro-De-Marchi-profimedia-0610349197-CVR.webp","width":900,"height":600,"caption":"Alessandro De Marchi"},{"@type":"BreadcrumbList","@id":"https:\/\/www.welovecycling.com\/wide\/2021\/05\/12\/alessandro-de-marchi-is-the-new-leader-of-the-2021-giro-ditalia\/#breadcrumb","itemListElement":[{"@type":"ListItem","position":1,"name":"Home","item":"https:\/\/www.welovecycling.com\/wide\/"},{"@type":"ListItem","position":2,"name":"Alessandro De Marchi Is the New Leader of the 2021 Giro d\u2018Italia"}]},{"@type":"WebSite","@id":"https:\/\/www.welovecycling.com\/wide\/#website","url":"https:\/\/www.welovecycling.com\/wide\/","name":"\u0160koda We Love Cycling","description":"\u0160koda We Love Cycling magazine","alternateName":"\u0160koda WLC","potentialAction":[{"@type":"SearchAction","target":{"@type":"EntryPoint","urlTemplate":"https:\/\/www.welovecycling.com\/wide\/?s={search_term_string}"},"query-input":{"@type":"PropertyValueSpecification","valueRequired":true,"valueName":"search_term_string"}}],"inLanguage":"en-US"},{"@type":"Person","@id":"https:\/\/www.welovecycling.com\/wide\/#\/schema\/person\/50f01ecd18718d2333cf72e823c4f926","name":"tereza","image":{"@type":"ImageObject","inLanguage":"en-US","@id":"https:\/\/www.welovecycling.com\/wide\/#\/schema\/person\/image\/","url":"https:\/\/secure.gravatar.com\/avatar\/1f9eb71be33845f0afabce3791bc1c58ecdb0a25c62964987e5dbcf7a20d2ec7?s=96&d=mm&r=g","contentUrl":"https:\/\/secure.gravatar.com\/avatar\/1f9eb71be33845f0afabce3791bc1c58ecdb0a25c62964987e5dbcf7a20d2ec7?s=96&d=mm&r=g","caption":"tereza"},"url":"https:\/\/www.welovecycling.com\/wide\/author\/tereza\/"}]}},"_links":{"self":[{"href":"https:\/\/www.welovecycling.com\/wide\/wp-json\/wp\/v2\/posts\/183491","targetHints":{"allow":["GET"]}}],"collection":[{"href":"https:\/\/www.welovecycling.com\/wide\/wp-json\/wp\/v2\/posts"}],"about":[{"href":"https:\/\/www.welovecycling.com\/wide\/wp-json\/wp\/v2\/types\/post"}],"author":[{"embeddable":true,"href":"https:\/\/www.welovecycling.com\/wide\/wp-json\/wp\/v2\/users\/99"}],"replies":[{"embeddable":true,"href":"https:\/\/www.welovecycling.com\/wide\/wp-json\/wp\/v2\/comments?post=183491"}],"version-history":[{"count":2,"href":"https:\/\/www.welovecycling.com\/wide\/wp-json\/wp\/v2\/posts\/183491\/revisions"}],"predecessor-version":[{"id":183497,"href":"https:\/\/www.welovecycling.com\/wide\/wp-json\/wp\/v2\/posts\/183491\/revisions\/183497"}],"wp:featuredmedia":[{"embeddable":true,"href":"https:\/\/www.welovecycling.com\/wide\/wp-json\/wp\/v2\/media\/183493"}],"wp:attachment":[{"href":"https:\/\/www.welovecycling.com\/wide\/wp-json\/wp\/v2\/media?parent=183491"}],"wp:term":[{"taxonomy":"category","embeddable":true,"href":"https:\/\/www.welovecycling.com\/wide\/wp-json\/wp\/v2\/categories?post=183491"},{"taxonomy":"post_tag","embeddable":true,"href":"https:\/\/www.welovecycling.com\/wide\/wp-json\/wp\/v2\/tags?post=183491"},{"taxonomy":"global-categories","embeddable":true,"href":"https:\/\/www.welovecycling.com\/wide\/wp-json\/wp\/v2\/global-categories?post=183491"}],"curies":[{"name":"wp","href":"https:\/\/api.w.org\/{rel}","templated":true}]}}